{"id":69501,"date":"2022-08-12T18:21:10","date_gmt":"2022-08-13T00:21:10","guid":{"rendered":"https:\/\/canal7slp.tv\/2022\/?p=69501"},"modified":"2022-08-12T18:21:10","modified_gmt":"2022-08-13T00:21:10","slug":"aposto-por-lo-comodo-y-facil-al-integrarse-al-partido-en-el-que-milita-el-gobernador-pronuncio-el-dirigente-estatal-de-morena-ante-la-afiliacion-de-erika-briones-al-pvem","status":"publish","type":"post","link":"https:\/\/canal7slp.tv\/2022\/aposto-por-lo-comodo-y-facil-al-integrarse-al-partido-en-el-que-milita-el-gobernador-pronuncio-el-dirigente-estatal-de-morena-ante-la-afiliacion-de-erika-briones-al-pvem\/","title":{"rendered":"\u00abApost\u00f3 por lo c\u00f3modo y f\u00e1cil al integrarse al partido en el que milita el gobernador\u00bb, pronunci\u00f3 el dirigente estatal de MORENA, ante la afiliaci\u00f3n de \u00c9rika Briones al PVEM."},"content":{"rendered":"<p style=\"text-align: justify;\">SLP.- El todav\u00eda dirigente estatal del Partido del Movimiento de Regeneraci\u00f3n Nacional Sergio Serrano Soriano calific\u00f3 de lamentable, el regreso al Partido Verde Ecologista de la presidenta municipal de Villa de Reyes, \u00c9rika Briones P\u00e9rez.<\/p>\n<p style=\"text-align: justify;\">Coment\u00f3 que la postura de la edil villareyense es apostar por la v\u00eda c\u00f3moda y f\u00e1cil al regresar a un partido pol\u00edtico en el que milita el gobernador del estado, y con todo lo que ello implica.<\/p>\n<p style=\"text-align: justify;\">El dirigente morenista dijo que tambi\u00e9n es lamentable que en San Luis Potos\u00ed se siga incurriendo en la pr\u00e1ctica del chapulineo como\u00a0 una forma de hacer pol\u00edtica pero sobre todo, para beneficiarse en lo personal.<\/p>\n<p style=\"text-align: justify;\">En este contexto, Serrano Soriano afirm\u00f3 que en su partido, del que dijo que en en ning\u00fan momento ha pensando en renunciar, no dar\u00e1n cabida a militantes de otros partidos, sea cual sea.<\/p>\n<p>Por: Claudio Ibarra<\/p>\n","protected":false},"excerpt":{"rendered":"<p>SLP.- El todav\u00eda dirigente estatal del Partido del Movimiento de Regeneraci\u00f3n Nacional Sergio Serrano Soriano calific\u00f3 de lamentable, el regreso al Partido Verde Ecologista de la presidenta municipal de Villa de Reyes, \u00c9rika Briones P\u00e9rez. Coment\u00f3 que la postura de la edil villareyense es apostar por la v\u00eda c\u00f3moda y f\u00e1cil al regresar a un partido pol\u00edtico en el que milita el gobernador del estado, y con todo lo que ello implica. El dirigente morenista dijo que tambi\u00e9n es lamentable que en San Luis Potos\u00ed se siga incurriendo en la pr\u00e1ctica del chapulineo como\u00a0 una forma de hacer pol\u00edtica pero [&hellip;]<\/p>\n","protected":false},"author":2,"featured_media":69518,"comment_status":"closed","ping_status":"closed","sticky":false,"template":"","format":"video","meta":{"footnotes":""},"categories":[5,45],"tags":[],"class_list":["post-69501","post","type-post","status-publish","format-video","has-post-thumbnail","hentry","category-destacadas","category-localesyregionales","post_format-post-format-video","post--single"],"yoast_head":"<!-- This site is optimized with the Yoast SEO plugin v27.4 - https:\/\/yoast.com\/product\/yoast-seo-wordpress\/ -->\n<title>&quot;Apost\u00f3 por lo c\u00f3modo y f\u00e1cil al integrarse al partido en el que milita el gobernador&quot;, pronunci\u00f3 el dirigente estatal de MORENA, ante la afiliaci\u00f3n de \u00c9rika Briones al PVEM. - Canal 7 SLP - 2022<\/title>\n<meta name=\"robots\" content=\"index, follow, max-snippet:-1, max-image-preview:large, max-video-preview:-1\" \/>\n<link rel=\"canonical\" href=\"https:\/\/canal7slp.tv\/2022\/aposto-por-lo-comodo-y-facil-al-integrarse-al-partido-en-el-que-milita-el-gobernador-pronuncio-el-dirigente-estatal-de-morena-ante-la-afiliacion-de-erika-briones-al-pvem\/\" \/>\n<meta property=\"og:locale\" content=\"es_ES\" \/>\n<meta property=\"og:type\" content=\"article\" \/>\n<meta property=\"og:title\" content=\"&quot;Apost\u00f3 por lo c\u00f3modo y f\u00e1cil al integrarse al partido en el que milita el gobernador&quot;, pronunci\u00f3 el dirigente estatal de MORENA, ante la afiliaci\u00f3n de \u00c9rika Briones al PVEM. - Canal 7 SLP - 2022\" \/>\n<meta property=\"og:description\" content=\"SLP.- El todav\u00eda dirigente estatal del Partido del Movimiento de Regeneraci\u00f3n Nacional Sergio Serrano Soriano calific\u00f3 de lamentable, el regreso al Partido Verde Ecologista de la presidenta municipal de Villa de Reyes, \u00c9rika Briones P\u00e9rez. Coment\u00f3 que la postura de la edil villareyense es apostar por la v\u00eda c\u00f3moda y f\u00e1cil al regresar a un partido pol\u00edtico en el que milita el gobernador del estado, y con todo lo que ello implica. El dirigente morenista dijo que tambi\u00e9n es lamentable que en San Luis Potos\u00ed se siga incurriendo en la pr\u00e1ctica del chapulineo como\u00a0 una forma de hacer pol\u00edtica pero [&hellip;]\" \/>\n<meta property=\"og:url\" content=\"https:\/\/canal7slp.tv\/2022\/aposto-por-lo-comodo-y-facil-al-integrarse-al-partido-en-el-que-milita-el-gobernador-pronuncio-el-dirigente-estatal-de-morena-ante-la-afiliacion-de-erika-briones-al-pvem\/\" \/>\n<meta property=\"og:site_name\" content=\"Canal 7 SLP - 2022\" \/>\n<meta property=\"article:publisher\" content=\"https:\/\/www.facebook.com\/noticieroscanalsiete\" \/>\n<meta property=\"article:published_time\" content=\"2022-08-13T00:21:10+00:00\" \/>\n<meta property=\"og:image\" content=\"https:\/\/canal7slp.tv\/2022\/wp-content\/uploads\/2022\/08\/Claudio03Reaccion.jpg\" \/>\n\t<meta property=\"og:image:width\" content=\"888\" \/>\n\t<meta property=\"og:image:height\" content=\"500\" \/>\n\t<meta property=\"og:image:type\" content=\"image\/jpeg\" \/>\n<meta name=\"author\" content=\"Edici\u00f3n Web\" \/>\n<meta name=\"twitter:card\" content=\"summary_large_image\" \/>\n<meta name=\"twitter:creator\" content=\"@NOTICIEROS7\" \/>\n<meta name=\"twitter:site\" content=\"@NOTICIEROS7\" \/>\n<meta name=\"twitter:label1\" content=\"Escrito por\" \/>\n\t<meta name=\"twitter:data1\" content=\"Edici\u00f3n Web\" \/>\n\t<meta name=\"twitter:label2\" content=\"Tiempo de lectura\" \/>\n\t<meta name=\"twitter:data2\" content=\"1 minuto\" \/>\n<script type=\"application\/ld+json\" class=\"yoast-schema-graph\">{\"@context\":\"https:\\\/\\\/schema.org\",\"@graph\":[{\"@type\":\"Article\",\"@id\":\"https:\\\/\\\/canal7slp.tv\\\/2022\\\/aposto-por-lo-comodo-y-facil-al-integrarse-al-partido-en-el-que-milita-el-gobernador-pronuncio-el-dirigente-estatal-de-morena-ante-la-afiliacion-de-erika-briones-al-pvem\\\/#article\",\"isPartOf\":{\"@id\":\"https:\\\/\\\/canal7slp.tv\\\/2022\\\/aposto-por-lo-comodo-y-facil-al-integrarse-al-partido-en-el-que-milita-el-gobernador-pronuncio-el-dirigente-estatal-de-morena-ante-la-afiliacion-de-erika-briones-al-pvem\\\/\"},\"author\":{\"name\":\"Edici\u00f3n Web\",\"@id\":\"https:\\\/\\\/canal7slp.tv\\\/2022\\\/#\\\/schema\\\/person\\\/429704152a21f5f856ce29aa69a238da\"},\"headline\":\"\u00abApost\u00f3 por lo c\u00f3modo y f\u00e1cil al integrarse al partido en el que milita el gobernador\u00bb, pronunci\u00f3 el dirigente estatal de MORENA, ante la afiliaci\u00f3n de \u00c9rika Briones al PVEM.\",\"datePublished\":\"2022-08-13T00:21:10+00:00\",\"mainEntityOfPage\":{\"@id\":\"https:\\\/\\\/canal7slp.tv\\\/2022\\\/aposto-por-lo-comodo-y-facil-al-integrarse-al-partido-en-el-que-milita-el-gobernador-pronuncio-el-dirigente-estatal-de-morena-ante-la-afiliacion-de-erika-briones-al-pvem\\\/\"},\"wordCount\":189,\"publisher\":{\"@id\":\"https:\\\/\\\/canal7slp.tv\\\/2022\\\/#organization\"},\"image\":{\"@id\":\"https:\\\/\\\/canal7slp.tv\\\/2022\\\/aposto-por-lo-comodo-y-facil-al-integrarse-al-partido-en-el-que-milita-el-gobernador-pronuncio-el-dirigente-estatal-de-morena-ante-la-afiliacion-de-erika-briones-al-pvem\\\/#primaryimage\"},\"thumbnailUrl\":\"https:\\\/\\\/canal7slp.tv\\\/2022\\\/wp-content\\\/uploads\\\/2022\\\/08\\\/Claudio03Reaccion.jpg\",\"articleSection\":[\"DESTACADAS\",\"LOCALES Y REGIONALES\"],\"inLanguage\":\"es\"},{\"@type\":\"WebPage\",\"@id\":\"https:\\\/\\\/canal7slp.tv\\\/2022\\\/aposto-por-lo-comodo-y-facil-al-integrarse-al-partido-en-el-que-milita-el-gobernador-pronuncio-el-dirigente-estatal-de-morena-ante-la-afiliacion-de-erika-briones-al-pvem\\\/\",\"url\":\"https:\\\/\\\/canal7slp.tv\\\/2022\\\/aposto-por-lo-comodo-y-facil-al-integrarse-al-partido-en-el-que-milita-el-gobernador-pronuncio-el-dirigente-estatal-de-morena-ante-la-afiliacion-de-erika-briones-al-pvem\\\/\",\"name\":\"\\\"Apost\u00f3 por lo c\u00f3modo y f\u00e1cil al integrarse al partido en el que milita el gobernador\\\", pronunci\u00f3 el dirigente estatal de MORENA, ante la afiliaci\u00f3n de \u00c9rika Briones al PVEM. - Canal 7 SLP - 2022\",\"isPartOf\":{\"@id\":\"https:\\\/\\\/canal7slp.tv\\\/2022\\\/#website\"},\"primaryImageOfPage\":{\"@id\":\"https:\\\/\\\/canal7slp.tv\\\/2022\\\/aposto-por-lo-comodo-y-facil-al-integrarse-al-partido-en-el-que-milita-el-gobernador-pronuncio-el-dirigente-estatal-de-morena-ante-la-afiliacion-de-erika-briones-al-pvem\\\/#primaryimage\"},\"image\":{\"@id\":\"https:\\\/\\\/canal7slp.tv\\\/2022\\\/aposto-por-lo-comodo-y-facil-al-integrarse-al-partido-en-el-que-milita-el-gobernador-pronuncio-el-dirigente-estatal-de-morena-ante-la-afiliacion-de-erika-briones-al-pvem\\\/#primaryimage\"},\"thumbnailUrl\":\"https:\\\/\\\/canal7slp.tv\\\/2022\\\/wp-content\\\/uploads\\\/2022\\\/08\\\/Claudio03Reaccion.jpg\",\"datePublished\":\"2022-08-13T00:21:10+00:00\",\"breadcrumb\":{\"@id\":\"https:\\\/\\\/canal7slp.tv\\\/2022\\\/aposto-por-lo-comodo-y-facil-al-integrarse-al-partido-en-el-que-milita-el-gobernador-pronuncio-el-dirigente-estatal-de-morena-ante-la-afiliacion-de-erika-briones-al-pvem\\\/#breadcrumb\"},\"inLanguage\":\"es\",\"potentialAction\":[{\"@type\":\"ReadAction\",\"target\":[\"https:\\\/\\\/canal7slp.tv\\\/2022\\\/aposto-por-lo-comodo-y-facil-al-integrarse-al-partido-en-el-que-milita-el-gobernador-pronuncio-el-dirigente-estatal-de-morena-ante-la-afiliacion-de-erika-briones-al-pvem\\\/\"]}]},{\"@type\":\"ImageObject\",\"inLanguage\":\"es\",\"@id\":\"https:\\\/\\\/canal7slp.tv\\\/2022\\\/aposto-por-lo-comodo-y-facil-al-integrarse-al-partido-en-el-que-milita-el-gobernador-pronuncio-el-dirigente-estatal-de-morena-ante-la-afiliacion-de-erika-briones-al-pvem\\\/#primaryimage\",\"url\":\"https:\\\/\\\/canal7slp.tv\\\/2022\\\/wp-content\\\/uploads\\\/2022\\\/08\\\/Claudio03Reaccion.jpg\",\"contentUrl\":\"https:\\\/\\\/canal7slp.tv\\\/2022\\\/wp-content\\\/uploads\\\/2022\\\/08\\\/Claudio03Reaccion.jpg\",\"width\":888,\"height\":500},{\"@type\":\"BreadcrumbList\",\"@id\":\"https:\\\/\\\/canal7slp.tv\\\/2022\\\/aposto-por-lo-comodo-y-facil-al-integrarse-al-partido-en-el-que-milita-el-gobernador-pronuncio-el-dirigente-estatal-de-morena-ante-la-afiliacion-de-erika-briones-al-pvem\\\/#breadcrumb\",\"itemListElement\":[{\"@type\":\"ListItem\",\"position\":1,\"name\":\"Portada\",\"item\":\"https:\\\/\\\/canal7slp.tv\\\/2022\\\/\"},{\"@type\":\"ListItem\",\"position\":2,\"name\":\"&#8220;Apost\u00f3 por lo c\u00f3modo y f\u00e1cil al integrarse al partido en el que milita el gobernador&#8221;, pronunci\u00f3 el dirigente estatal de MORENA, ante la afiliaci\u00f3n de \u00c9rika Briones al PVEM.\"}]},{\"@type\":\"WebSite\",\"@id\":\"https:\\\/\\\/canal7slp.tv\\\/2022\\\/#website\",\"url\":\"https:\\\/\\\/canal7slp.tv\\\/2022\\\/\",\"name\":\"N7 - Noticieros Canal 7\",\"description\":\"Somos Televisi\u00f3n\",\"publisher\":{\"@id\":\"https:\\\/\\\/canal7slp.tv\\\/2022\\\/#organization\"},\"potentialAction\":[{\"@type\":\"SearchAction\",\"target\":{\"@type\":\"EntryPoint\",\"urlTemplate\":\"https:\\\/\\\/canal7slp.tv\\\/2022\\\/?s={search_term_string}\"},\"query-input\":{\"@type\":\"PropertyValueSpecification\",\"valueRequired\":true,\"valueName\":\"search_term_string\"}}],\"inLanguage\":\"es\"},{\"@type\":\"Organization\",\"@id\":\"https:\\\/\\\/canal7slp.tv\\\/2022\\\/#organization\",\"name\":\"Noticieros Canal 7\",\"url\":\"https:\\\/\\\/canal7slp.tv\\\/2022\\\/\",\"logo\":{\"@type\":\"ImageObject\",\"inLanguage\":\"es\",\"@id\":\"https:\\\/\\\/canal7slp.tv\\\/2022\\\/#\\\/schema\\\/logo\\\/image\\\/\",\"url\":\"https:\\\/\\\/canal7slp.tv\\\/2022\\\/wp-content\\\/uploads\\\/2021\\\/01\\\/logo-noticieros@2x.png\",\"contentUrl\":\"https:\\\/\\\/canal7slp.tv\\\/2022\\\/wp-content\\\/uploads\\\/2021\\\/01\\\/logo-noticieros@2x.png\",\"width\":1017,\"height\":268,\"caption\":\"Noticieros Canal 7\"},\"image\":{\"@id\":\"https:\\\/\\\/canal7slp.tv\\\/2022\\\/#\\\/schema\\\/logo\\\/image\\\/\"},\"sameAs\":[\"https:\\\/\\\/www.facebook.com\\\/noticieroscanalsiete\",\"https:\\\/\\\/x.com\\\/NOTICIEROS7\",\"https:\\\/\\\/www.instagram.com\\\/canal7_slp\",\"https:\\\/\\\/www.youtube.com\\\/channel\\\/UCliiYs-gP3JfJeqdPrNdd5A\"]},{\"@type\":\"Person\",\"@id\":\"https:\\\/\\\/canal7slp.tv\\\/2022\\\/#\\\/schema\\\/person\\\/429704152a21f5f856ce29aa69a238da\",\"name\":\"Edici\u00f3n Web\",\"image\":{\"@type\":\"ImageObject\",\"inLanguage\":\"es\",\"@id\":\"https:\\\/\\\/secure.gravatar.com\\\/avatar\\\/eee448fc3f7164808013b816ba91ac7e43bbe82a70bebac296f8bc6f0addaa1a?s=96&d=mm&r=g\",\"url\":\"https:\\\/\\\/secure.gravatar.com\\\/avatar\\\/eee448fc3f7164808013b816ba91ac7e43bbe82a70bebac296f8bc6f0addaa1a?s=96&d=mm&r=g\",\"contentUrl\":\"https:\\\/\\\/secure.gravatar.com\\\/avatar\\\/eee448fc3f7164808013b816ba91ac7e43bbe82a70bebac296f8bc6f0addaa1a?s=96&d=mm&r=g\",\"caption\":\"Edici\u00f3n Web\"},\"url\":\"https:\\\/\\\/canal7slp.tv\\\/2022\\\/author\\\/edicionweb\\\/\"}]}<\/script>\n<!-- \/ Yoast SEO plugin. -->","yoast_head_json":{"title":"\"Apost\u00f3 por lo c\u00f3modo y f\u00e1cil al integrarse al partido en el que milita el gobernador\", pronunci\u00f3 el dirigente estatal de MORENA, ante la afiliaci\u00f3n de \u00c9rika Briones al PVEM. - Canal 7 SLP - 2022","robots":{"index":"index","follow":"follow","max-snippet":"max-snippet:-1","max-image-preview":"max-image-preview:large","max-video-preview":"max-video-preview:-1"},"canonical":"https:\/\/canal7slp.tv\/2022\/aposto-por-lo-comodo-y-facil-al-integrarse-al-partido-en-el-que-milita-el-gobernador-pronuncio-el-dirigente-estatal-de-morena-ante-la-afiliacion-de-erika-briones-al-pvem\/","og_locale":"es_ES","og_type":"article","og_title":"\"Apost\u00f3 por lo c\u00f3modo y f\u00e1cil al integrarse al partido en el que milita el gobernador\", pronunci\u00f3 el dirigente estatal de MORENA, ante la afiliaci\u00f3n de \u00c9rika Briones al PVEM. - Canal 7 SLP - 2022","og_description":"SLP.- El todav\u00eda dirigente estatal del Partido del Movimiento de Regeneraci\u00f3n Nacional Sergio Serrano Soriano calific\u00f3 de lamentable, el regreso al Partido Verde Ecologista de la presidenta municipal de Villa de Reyes, \u00c9rika Briones P\u00e9rez. Coment\u00f3 que la postura de la edil villareyense es apostar por la v\u00eda c\u00f3moda y f\u00e1cil al regresar a un partido pol\u00edtico en el que milita el gobernador del estado, y con todo lo que ello implica. El dirigente morenista dijo que tambi\u00e9n es lamentable que en San Luis Potos\u00ed se siga incurriendo en la pr\u00e1ctica del chapulineo como\u00a0 una forma de hacer pol\u00edtica pero [&hellip;]","og_url":"https:\/\/canal7slp.tv\/2022\/aposto-por-lo-comodo-y-facil-al-integrarse-al-partido-en-el-que-milita-el-gobernador-pronuncio-el-dirigente-estatal-de-morena-ante-la-afiliacion-de-erika-briones-al-pvem\/","og_site_name":"Canal 7 SLP - 2022","article_publisher":"https:\/\/www.facebook.com\/noticieroscanalsiete","article_published_time":"2022-08-13T00:21:10+00:00","og_image":[{"width":888,"height":500,"url":"https:\/\/canal7slp.tv\/2022\/wp-content\/uploads\/2022\/08\/Claudio03Reaccion.jpg","type":"image\/jpeg"}],"author":"Edici\u00f3n Web","twitter_card":"summary_large_image","twitter_creator":"@NOTICIEROS7","twitter_site":"@NOTICIEROS7","twitter_misc":{"Escrito por":"Edici\u00f3n Web","Tiempo de lectura":"1 minuto"},"schema":{"@context":"https:\/\/schema.org","@graph":[{"@type":"Article","@id":"https:\/\/canal7slp.tv\/2022\/aposto-por-lo-comodo-y-facil-al-integrarse-al-partido-en-el-que-milita-el-gobernador-pronuncio-el-dirigente-estatal-de-morena-ante-la-afiliacion-de-erika-briones-al-pvem\/#article","isPartOf":{"@id":"https:\/\/canal7slp.tv\/2022\/aposto-por-lo-comodo-y-facil-al-integrarse-al-partido-en-el-que-milita-el-gobernador-pronuncio-el-dirigente-estatal-de-morena-ante-la-afiliacion-de-erika-briones-al-pvem\/"},"author":{"name":"Edici\u00f3n Web","@id":"https:\/\/canal7slp.tv\/2022\/#\/schema\/person\/429704152a21f5f856ce29aa69a238da"},"headline":"\u00abApost\u00f3 por lo c\u00f3modo y f\u00e1cil al integrarse al partido en el que milita el gobernador\u00bb, pronunci\u00f3 el dirigente estatal de MORENA, ante la afiliaci\u00f3n de \u00c9rika Briones al PVEM.","datePublished":"2022-08-13T00:21:10+00:00","mainEntityOfPage":{"@id":"https:\/\/canal7slp.tv\/2022\/aposto-por-lo-comodo-y-facil-al-integrarse-al-partido-en-el-que-milita-el-gobernador-pronuncio-el-dirigente-estatal-de-morena-ante-la-afiliacion-de-erika-briones-al-pvem\/"},"wordCount":189,"publisher":{"@id":"https:\/\/canal7slp.tv\/2022\/#organization"},"image":{"@id":"https:\/\/canal7slp.tv\/2022\/aposto-por-lo-comodo-y-facil-al-integrarse-al-partido-en-el-que-milita-el-gobernador-pronuncio-el-dirigente-estatal-de-morena-ante-la-afiliacion-de-erika-briones-al-pvem\/#primaryimage"},"thumbnailUrl":"https:\/\/canal7slp.tv\/2022\/wp-content\/uploads\/2022\/08\/Claudio03Reaccion.jpg","articleSection":["DESTACADAS","LOCALES Y REGIONALES"],"inLanguage":"es"},{"@type":"WebPage","@id":"https:\/\/canal7slp.tv\/2022\/aposto-por-lo-comodo-y-facil-al-integrarse-al-partido-en-el-que-milita-el-gobernador-pronuncio-el-dirigente-estatal-de-morena-ante-la-afiliacion-de-erika-briones-al-pvem\/","url":"https:\/\/canal7slp.tv\/2022\/aposto-por-lo-comodo-y-facil-al-integrarse-al-partido-en-el-que-milita-el-gobernador-pronuncio-el-dirigente-estatal-de-morena-ante-la-afiliacion-de-erika-briones-al-pvem\/","name":"\"Apost\u00f3 por lo c\u00f3modo y f\u00e1cil al integrarse al partido en el que milita el gobernador\", pronunci\u00f3 el dirigente estatal de MORENA, ante la afiliaci\u00f3n de \u00c9rika Briones al PVEM. - Canal 7 SLP - 2022","isPartOf":{"@id":"https:\/\/canal7slp.tv\/2022\/#website"},"primaryImageOfPage":{"@id":"https:\/\/canal7slp.tv\/2022\/aposto-por-lo-comodo-y-facil-al-integrarse-al-partido-en-el-que-milita-el-gobernador-pronuncio-el-dirigente-estatal-de-morena-ante-la-afiliacion-de-erika-briones-al-pvem\/#primaryimage"},"image":{"@id":"https:\/\/canal7slp.tv\/2022\/aposto-por-lo-comodo-y-facil-al-integrarse-al-partido-en-el-que-milita-el-gobernador-pronuncio-el-dirigente-estatal-de-morena-ante-la-afiliacion-de-erika-briones-al-pvem\/#primaryimage"},"thumbnailUrl":"https:\/\/canal7slp.tv\/2022\/wp-content\/uploads\/2022\/08\/Claudio03Reaccion.jpg","datePublished":"2022-08-13T00:21:10+00:00","breadcrumb":{"@id":"https:\/\/canal7slp.tv\/2022\/aposto-por-lo-comodo-y-facil-al-integrarse-al-partido-en-el-que-milita-el-gobernador-pronuncio-el-dirigente-estatal-de-morena-ante-la-afiliacion-de-erika-briones-al-pvem\/#breadcrumb"},"inLanguage":"es","potentialAction":[{"@type":"ReadAction","target":["https:\/\/canal7slp.tv\/2022\/aposto-por-lo-comodo-y-facil-al-integrarse-al-partido-en-el-que-milita-el-gobernador-pronuncio-el-dirigente-estatal-de-morena-ante-la-afiliacion-de-erika-briones-al-pvem\/"]}]},{"@type":"ImageObject","inLanguage":"es","@id":"https:\/\/canal7slp.tv\/2022\/aposto-por-lo-comodo-y-facil-al-integrarse-al-partido-en-el-que-milita-el-gobernador-pronuncio-el-dirigente-estatal-de-morena-ante-la-afiliacion-de-erika-briones-al-pvem\/#primaryimage","url":"https:\/\/canal7slp.tv\/2022\/wp-content\/uploads\/2022\/08\/Claudio03Reaccion.jpg","contentUrl":"https:\/\/canal7slp.tv\/2022\/wp-content\/uploads\/2022\/08\/Claudio03Reaccion.jpg","width":888,"height":500},{"@type":"BreadcrumbList","@id":"https:\/\/canal7slp.tv\/2022\/aposto-por-lo-comodo-y-facil-al-integrarse-al-partido-en-el-que-milita-el-gobernador-pronuncio-el-dirigente-estatal-de-morena-ante-la-afiliacion-de-erika-briones-al-pvem\/#breadcrumb","itemListElement":[{"@type":"ListItem","position":1,"name":"Portada","item":"https:\/\/canal7slp.tv\/2022\/"},{"@type":"ListItem","position":2,"name":"&#8220;Apost\u00f3 por lo c\u00f3modo y f\u00e1cil al integrarse al partido en el que milita el gobernador&#8221;, pronunci\u00f3 el dirigente estatal de MORENA, ante la afiliaci\u00f3n de \u00c9rika Briones al PVEM."}]},{"@type":"WebSite","@id":"https:\/\/canal7slp.tv\/2022\/#website","url":"https:\/\/canal7slp.tv\/2022\/","name":"N7 - Noticieros Canal 7","description":"Somos Televisi\u00f3n","publisher":{"@id":"https:\/\/canal7slp.tv\/2022\/#organization"},"potentialAction":[{"@type":"SearchAction","target":{"@type":"EntryPoint","urlTemplate":"https:\/\/canal7slp.tv\/2022\/?s={search_term_string}"},"query-input":{"@type":"PropertyValueSpecification","valueRequired":true,"valueName":"search_term_string"}}],"inLanguage":"es"},{"@type":"Organization","@id":"https:\/\/canal7slp.tv\/2022\/#organization","name":"Noticieros Canal 7","url":"https:\/\/canal7slp.tv\/2022\/","logo":{"@type":"ImageObject","inLanguage":"es","@id":"https:\/\/canal7slp.tv\/2022\/#\/schema\/logo\/image\/","url":"https:\/\/canal7slp.tv\/2022\/wp-content\/uploads\/2021\/01\/logo-noticieros@2x.png","contentUrl":"https:\/\/canal7slp.tv\/2022\/wp-content\/uploads\/2021\/01\/logo-noticieros@2x.png","width":1017,"height":268,"caption":"Noticieros Canal 7"},"image":{"@id":"https:\/\/canal7slp.tv\/2022\/#\/schema\/logo\/image\/"},"sameAs":["https:\/\/www.facebook.com\/noticieroscanalsiete","https:\/\/x.com\/NOTICIEROS7","https:\/\/www.instagram.com\/canal7_slp","https:\/\/www.youtube.com\/channel\/UCliiYs-gP3JfJeqdPrNdd5A"]},{"@type":"Person","@id":"https:\/\/canal7slp.tv\/2022\/#\/schema\/person\/429704152a21f5f856ce29aa69a238da","name":"Edici\u00f3n Web","image":{"@type":"ImageObject","inLanguage":"es","@id":"https:\/\/secure.gravatar.com\/avatar\/eee448fc3f7164808013b816ba91ac7e43bbe82a70bebac296f8bc6f0addaa1a?s=96&d=mm&r=g","url":"https:\/\/secure.gravatar.com\/avatar\/eee448fc3f7164808013b816ba91ac7e43bbe82a70bebac296f8bc6f0addaa1a?s=96&d=mm&r=g","contentUrl":"https:\/\/secure.gravatar.com\/avatar\/eee448fc3f7164808013b816ba91ac7e43bbe82a70bebac296f8bc6f0addaa1a?s=96&d=mm&r=g","caption":"Edici\u00f3n Web"},"url":"https:\/\/canal7slp.tv\/2022\/author\/edicionweb\/"}]}},"amp_enabled":true,"_links":{"self":[{"href":"https:\/\/canal7slp.tv\/2022\/wp-json\/wp\/v2\/posts\/69501","targetHints":{"allow":["GET"]}}],"collection":[{"href":"https:\/\/canal7slp.tv\/2022\/wp-json\/wp\/v2\/posts"}],"about":[{"href":"https:\/\/canal7slp.tv\/2022\/wp-json\/wp\/v2\/types\/post"}],"author":[{"embeddable":true,"href":"https:\/\/canal7slp.tv\/2022\/wp-json\/wp\/v2\/users\/2"}],"replies":[{"embeddable":true,"href":"https:\/\/canal7slp.tv\/2022\/wp-json\/wp\/v2\/comments?post=69501"}],"version-history":[{"count":2,"href":"https:\/\/canal7slp.tv\/2022\/wp-json\/wp\/v2\/posts\/69501\/revisions"}],"predecessor-version":[{"id":69519,"href":"https:\/\/canal7slp.tv\/2022\/wp-json\/wp\/v2\/posts\/69501\/revisions\/69519"}],"wp:featuredmedia":[{"embeddable":true,"href":"https:\/\/canal7slp.tv\/2022\/wp-json\/wp\/v2\/media\/69518"}],"wp:attachment":[{"href":"https:\/\/canal7slp.tv\/2022\/wp-json\/wp\/v2\/media?parent=69501"}],"wp:term":[{"taxonomy":"category","embeddable":true,"href":"https:\/\/canal7slp.tv\/2022\/wp-json\/wp\/v2\/categories?post=69501"},{"taxonomy":"post_tag","embeddable":true,"href":"https:\/\/canal7slp.tv\/2022\/wp-json\/wp\/v2\/tags?post=69501"}],"curies":[{"name":"wp","href":"https:\/\/api.w.org\/{rel}","templated":true}]}}