{"id":69272,"date":"2022-08-10T15:58:53","date_gmt":"2022-08-10T21:58:53","guid":{"rendered":"https:\/\/canal7slp.tv\/2022\/?p=69272"},"modified":"2022-08-10T17:53:32","modified_gmt":"2022-08-10T23:53:32","slug":"soledad-expone-artesanias-locales-en-pabellon-de-la-fenapo","status":"publish","type":"post","link":"https:\/\/canal7slp.tv\/2022\/soledad-expone-artesanias-locales-en-pabellon-de-la-fenapo\/","title":{"rendered":"Soledad expone artesan\u00edas locales en pabell\u00f3n de la FENAPO."},"content":{"rendered":"<p style=\"text-align: justify;\">SGS.- El cronista de Soledad de Graciano S\u00e1nchez Juan S\u00e1nchez Cabrera inform\u00f3 que las artesan\u00edas que se elaboran en este municipio, tendr\u00e1n su propio stand dentro de las instalaciones de la Feria Nacional Potosina.<\/p>\n<p style=\"text-align: justify;\">Al detallar que tipo de productos artesanales ser\u00e1n exhibidos y comercializados coment\u00f3 que son elaborados con diversos materiales, destacando entre ellos un reloj de sol que se puede ver tambi\u00e9n, en el templo principal de este municipio.<\/p>\n<p style=\"text-align: justify;\">El cronista de Soledad de Graciano S\u00e1nchez consider\u00f3 que en este municipio existe muy buena artesan\u00eda al decir que es reconocida incluso en otros estados de la Rep\u00fablica.<\/p>\n<p style=\"text-align: justify;\">Sin embargo, consider\u00f3 que hace falta dar un mayor impulso al trabajo de los artesanos soledenses al comentar que el stand que se ubica en las instalaciones de la FENAPO, permitir\u00e1 conocer a\u00fan m\u00e1s de los productos t\u00edpicos de este municipio.<\/p>\n<p>Por: Claudio Ibarra<\/p>\n","protected":false},"excerpt":{"rendered":"<p>SGS.- El cronista de Soledad de Graciano S\u00e1nchez Juan S\u00e1nchez Cabrera inform\u00f3 que las artesan\u00edas que se elaboran en este municipio, tendr\u00e1n su propio stand dentro de las instalaciones de la Feria Nacional Potosina. Al detallar que tipo de productos artesanales ser\u00e1n exhibidos y comercializados coment\u00f3 que son elaborados con diversos materiales, destacando entre ellos un reloj de sol que se puede ver tambi\u00e9n, en el templo principal de este municipio. El cronista de Soledad de Graciano S\u00e1nchez consider\u00f3 que en este municipio existe muy buena artesan\u00eda al decir que es reconocida incluso en otros estados de la Rep\u00fablica. Sin [&hellip;]<\/p>\n","protected":false},"author":2,"featured_media":69300,"comment_status":"closed","ping_status":"closed","sticky":false,"template":"","format":"video","meta":{"footnotes":""},"categories":[512,5,45],"tags":[],"class_list":["post-69272","post","type-post","status-publish","format-video","has-post-thumbnail","hentry","category-ayosgs","category-destacadas","category-localesyregionales","post_format-post-format-video","post--single"],"yoast_head":"<!-- This site is optimized with the Yoast SEO plugin v27.4 - https:\/\/yoast.com\/product\/yoast-seo-wordpress\/ -->\n<title>Soledad expone artesan\u00edas locales en pabell\u00f3n de la FENAPO. - Canal 7 SLP - 2022<\/title>\n<meta name=\"robots\" content=\"index, follow, max-snippet:-1, max-image-preview:large, max-video-preview:-1\" \/>\n<link rel=\"canonical\" href=\"https:\/\/canal7slp.tv\/2022\/soledad-expone-artesanias-locales-en-pabellon-de-la-fenapo\/\" \/>\n<meta property=\"og:locale\" content=\"es_ES\" \/>\n<meta property=\"og:type\" content=\"article\" \/>\n<meta property=\"og:title\" content=\"Soledad expone artesan\u00edas locales en pabell\u00f3n de la FENAPO. - Canal 7 SLP - 2022\" \/>\n<meta property=\"og:description\" content=\"SGS.- El cronista de Soledad de Graciano S\u00e1nchez Juan S\u00e1nchez Cabrera inform\u00f3 que las artesan\u00edas que se elaboran en este municipio, tendr\u00e1n su propio stand dentro de las instalaciones de la Feria Nacional Potosina. Al detallar que tipo de productos artesanales ser\u00e1n exhibidos y comercializados coment\u00f3 que son elaborados con diversos materiales, destacando entre ellos un reloj de sol que se puede ver tambi\u00e9n, en el templo principal de este municipio. El cronista de Soledad de Graciano S\u00e1nchez consider\u00f3 que en este municipio existe muy buena artesan\u00eda al decir que es reconocida incluso en otros estados de la Rep\u00fablica. Sin [&hellip;]\" \/>\n<meta property=\"og:url\" content=\"https:\/\/canal7slp.tv\/2022\/soledad-expone-artesanias-locales-en-pabellon-de-la-fenapo\/\" \/>\n<meta property=\"og:site_name\" content=\"Canal 7 SLP - 2022\" \/>\n<meta property=\"article:publisher\" content=\"https:\/\/www.facebook.com\/noticieroscanalsiete\" \/>\n<meta property=\"article:published_time\" content=\"2022-08-10T21:58:53+00:00\" \/>\n<meta property=\"article:modified_time\" content=\"2022-08-10T23:53:32+00:00\" \/>\n<meta property=\"og:image\" content=\"https:\/\/canal7slp.tv\/2022\/wp-content\/uploads\/2022\/08\/Claudio03Stand.jpg\" \/>\n\t<meta property=\"og:image:width\" content=\"888\" \/>\n\t<meta property=\"og:image:height\" content=\"500\" \/>\n\t<meta property=\"og:image:type\" content=\"image\/jpeg\" \/>\n<meta name=\"author\" content=\"Edici\u00f3n Web\" \/>\n<meta name=\"twitter:card\" content=\"summary_large_image\" \/>\n<meta name=\"twitter:creator\" content=\"@NOTICIEROS7\" \/>\n<meta name=\"twitter:site\" content=\"@NOTICIEROS7\" \/>\n<meta name=\"twitter:label1\" content=\"Escrito por\" \/>\n\t<meta name=\"twitter:data1\" content=\"Edici\u00f3n Web\" \/>\n\t<meta name=\"twitter:label2\" content=\"Tiempo de lectura\" \/>\n\t<meta name=\"twitter:data2\" content=\"1 minuto\" \/>\n<script type=\"application\/ld+json\" class=\"yoast-schema-graph\">{\"@context\":\"https:\\\/\\\/schema.org\",\"@graph\":[{\"@type\":\"Article\",\"@id\":\"https:\\\/\\\/canal7slp.tv\\\/2022\\\/soledad-expone-artesanias-locales-en-pabellon-de-la-fenapo\\\/#article\",\"isPartOf\":{\"@id\":\"https:\\\/\\\/canal7slp.tv\\\/2022\\\/soledad-expone-artesanias-locales-en-pabellon-de-la-fenapo\\\/\"},\"author\":{\"name\":\"Edici\u00f3n Web\",\"@id\":\"https:\\\/\\\/canal7slp.tv\\\/2022\\\/#\\\/schema\\\/person\\\/429704152a21f5f856ce29aa69a238da\"},\"headline\":\"Soledad expone artesan\u00edas locales en pabell\u00f3n de la FENAPO.\",\"datePublished\":\"2022-08-10T21:58:53+00:00\",\"dateModified\":\"2022-08-10T23:53:32+00:00\",\"mainEntityOfPage\":{\"@id\":\"https:\\\/\\\/canal7slp.tv\\\/2022\\\/soledad-expone-artesanias-locales-en-pabellon-de-la-fenapo\\\/\"},\"wordCount\":167,\"publisher\":{\"@id\":\"https:\\\/\\\/canal7slp.tv\\\/2022\\\/#organization\"},\"image\":{\"@id\":\"https:\\\/\\\/canal7slp.tv\\\/2022\\\/soledad-expone-artesanias-locales-en-pabellon-de-la-fenapo\\\/#primaryimage\"},\"thumbnailUrl\":\"https:\\\/\\\/canal7slp.tv\\\/2022\\\/wp-content\\\/uploads\\\/2022\\\/08\\\/Claudio03Stand.jpg\",\"articleSection\":[\"AYOSGS\",\"DESTACADAS\",\"LOCALES Y REGIONALES\"],\"inLanguage\":\"es\"},{\"@type\":\"WebPage\",\"@id\":\"https:\\\/\\\/canal7slp.tv\\\/2022\\\/soledad-expone-artesanias-locales-en-pabellon-de-la-fenapo\\\/\",\"url\":\"https:\\\/\\\/canal7slp.tv\\\/2022\\\/soledad-expone-artesanias-locales-en-pabellon-de-la-fenapo\\\/\",\"name\":\"Soledad expone artesan\u00edas locales en pabell\u00f3n de la FENAPO. - Canal 7 SLP - 2022\",\"isPartOf\":{\"@id\":\"https:\\\/\\\/canal7slp.tv\\\/2022\\\/#website\"},\"primaryImageOfPage\":{\"@id\":\"https:\\\/\\\/canal7slp.tv\\\/2022\\\/soledad-expone-artesanias-locales-en-pabellon-de-la-fenapo\\\/#primaryimage\"},\"image\":{\"@id\":\"https:\\\/\\\/canal7slp.tv\\\/2022\\\/soledad-expone-artesanias-locales-en-pabellon-de-la-fenapo\\\/#primaryimage\"},\"thumbnailUrl\":\"https:\\\/\\\/canal7slp.tv\\\/2022\\\/wp-content\\\/uploads\\\/2022\\\/08\\\/Claudio03Stand.jpg\",\"datePublished\":\"2022-08-10T21:58:53+00:00\",\"dateModified\":\"2022-08-10T23:53:32+00:00\",\"breadcrumb\":{\"@id\":\"https:\\\/\\\/canal7slp.tv\\\/2022\\\/soledad-expone-artesanias-locales-en-pabellon-de-la-fenapo\\\/#breadcrumb\"},\"inLanguage\":\"es\",\"potentialAction\":[{\"@type\":\"ReadAction\",\"target\":[\"https:\\\/\\\/canal7slp.tv\\\/2022\\\/soledad-expone-artesanias-locales-en-pabellon-de-la-fenapo\\\/\"]}]},{\"@type\":\"ImageObject\",\"inLanguage\":\"es\",\"@id\":\"https:\\\/\\\/canal7slp.tv\\\/2022\\\/soledad-expone-artesanias-locales-en-pabellon-de-la-fenapo\\\/#primaryimage\",\"url\":\"https:\\\/\\\/canal7slp.tv\\\/2022\\\/wp-content\\\/uploads\\\/2022\\\/08\\\/Claudio03Stand.jpg\",\"contentUrl\":\"https:\\\/\\\/canal7slp.tv\\\/2022\\\/wp-content\\\/uploads\\\/2022\\\/08\\\/Claudio03Stand.jpg\",\"width\":888,\"height\":500},{\"@type\":\"BreadcrumbList\",\"@id\":\"https:\\\/\\\/canal7slp.tv\\\/2022\\\/soledad-expone-artesanias-locales-en-pabellon-de-la-fenapo\\\/#breadcrumb\",\"itemListElement\":[{\"@type\":\"ListItem\",\"position\":1,\"name\":\"Portada\",\"item\":\"https:\\\/\\\/canal7slp.tv\\\/2022\\\/\"},{\"@type\":\"ListItem\",\"position\":2,\"name\":\"Soledad expone artesan\u00edas locales en pabell\u00f3n de la FENAPO.\"}]},{\"@type\":\"WebSite\",\"@id\":\"https:\\\/\\\/canal7slp.tv\\\/2022\\\/#website\",\"url\":\"https:\\\/\\\/canal7slp.tv\\\/2022\\\/\",\"name\":\"N7 - Noticieros Canal 7\",\"description\":\"Somos Televisi\u00f3n\",\"publisher\":{\"@id\":\"https:\\\/\\\/canal7slp.tv\\\/2022\\\/#organization\"},\"potentialAction\":[{\"@type\":\"SearchAction\",\"target\":{\"@type\":\"EntryPoint\",\"urlTemplate\":\"https:\\\/\\\/canal7slp.tv\\\/2022\\\/?s={search_term_string}\"},\"query-input\":{\"@type\":\"PropertyValueSpecification\",\"valueRequired\":true,\"valueName\":\"search_term_string\"}}],\"inLanguage\":\"es\"},{\"@type\":\"Organization\",\"@id\":\"https:\\\/\\\/canal7slp.tv\\\/2022\\\/#organization\",\"name\":\"Noticieros Canal 7\",\"url\":\"https:\\\/\\\/canal7slp.tv\\\/2022\\\/\",\"logo\":{\"@type\":\"ImageObject\",\"inLanguage\":\"es\",\"@id\":\"https:\\\/\\\/canal7slp.tv\\\/2022\\\/#\\\/schema\\\/logo\\\/image\\\/\",\"url\":\"https:\\\/\\\/canal7slp.tv\\\/2022\\\/wp-content\\\/uploads\\\/2021\\\/01\\\/logo-noticieros@2x.png\",\"contentUrl\":\"https:\\\/\\\/canal7slp.tv\\\/2022\\\/wp-content\\\/uploads\\\/2021\\\/01\\\/logo-noticieros@2x.png\",\"width\":1017,\"height\":268,\"caption\":\"Noticieros Canal 7\"},\"image\":{\"@id\":\"https:\\\/\\\/canal7slp.tv\\\/2022\\\/#\\\/schema\\\/logo\\\/image\\\/\"},\"sameAs\":[\"https:\\\/\\\/www.facebook.com\\\/noticieroscanalsiete\",\"https:\\\/\\\/x.com\\\/NOTICIEROS7\",\"https:\\\/\\\/www.instagram.com\\\/canal7_slp\",\"https:\\\/\\\/www.youtube.com\\\/channel\\\/UCliiYs-gP3JfJeqdPrNdd5A\"]},{\"@type\":\"Person\",\"@id\":\"https:\\\/\\\/canal7slp.tv\\\/2022\\\/#\\\/schema\\\/person\\\/429704152a21f5f856ce29aa69a238da\",\"name\":\"Edici\u00f3n Web\",\"image\":{\"@type\":\"ImageObject\",\"inLanguage\":\"es\",\"@id\":\"https:\\\/\\\/secure.gravatar.com\\\/avatar\\\/eee448fc3f7164808013b816ba91ac7e43bbe82a70bebac296f8bc6f0addaa1a?s=96&d=mm&r=g\",\"url\":\"https:\\\/\\\/secure.gravatar.com\\\/avatar\\\/eee448fc3f7164808013b816ba91ac7e43bbe82a70bebac296f8bc6f0addaa1a?s=96&d=mm&r=g\",\"contentUrl\":\"https:\\\/\\\/secure.gravatar.com\\\/avatar\\\/eee448fc3f7164808013b816ba91ac7e43bbe82a70bebac296f8bc6f0addaa1a?s=96&d=mm&r=g\",\"caption\":\"Edici\u00f3n Web\"},\"url\":\"https:\\\/\\\/canal7slp.tv\\\/2022\\\/author\\\/edicionweb\\\/\"}]}<\/script>\n<!-- \/ Yoast SEO plugin. -->","yoast_head_json":{"title":"Soledad expone artesan\u00edas locales en pabell\u00f3n de la FENAPO. - Canal 7 SLP - 2022","robots":{"index":"index","follow":"follow","max-snippet":"max-snippet:-1","max-image-preview":"max-image-preview:large","max-video-preview":"max-video-preview:-1"},"canonical":"https:\/\/canal7slp.tv\/2022\/soledad-expone-artesanias-locales-en-pabellon-de-la-fenapo\/","og_locale":"es_ES","og_type":"article","og_title":"Soledad expone artesan\u00edas locales en pabell\u00f3n de la FENAPO. - Canal 7 SLP - 2022","og_description":"SGS.- El cronista de Soledad de Graciano S\u00e1nchez Juan S\u00e1nchez Cabrera inform\u00f3 que las artesan\u00edas que se elaboran en este municipio, tendr\u00e1n su propio stand dentro de las instalaciones de la Feria Nacional Potosina. Al detallar que tipo de productos artesanales ser\u00e1n exhibidos y comercializados coment\u00f3 que son elaborados con diversos materiales, destacando entre ellos un reloj de sol que se puede ver tambi\u00e9n, en el templo principal de este municipio. El cronista de Soledad de Graciano S\u00e1nchez consider\u00f3 que en este municipio existe muy buena artesan\u00eda al decir que es reconocida incluso en otros estados de la Rep\u00fablica. Sin [&hellip;]","og_url":"https:\/\/canal7slp.tv\/2022\/soledad-expone-artesanias-locales-en-pabellon-de-la-fenapo\/","og_site_name":"Canal 7 SLP - 2022","article_publisher":"https:\/\/www.facebook.com\/noticieroscanalsiete","article_published_time":"2022-08-10T21:58:53+00:00","article_modified_time":"2022-08-10T23:53:32+00:00","og_image":[{"width":888,"height":500,"url":"https:\/\/canal7slp.tv\/2022\/wp-content\/uploads\/2022\/08\/Claudio03Stand.jpg","type":"image\/jpeg"}],"author":"Edici\u00f3n Web","twitter_card":"summary_large_image","twitter_creator":"@NOTICIEROS7","twitter_site":"@NOTICIEROS7","twitter_misc":{"Escrito por":"Edici\u00f3n Web","Tiempo de lectura":"1 minuto"},"schema":{"@context":"https:\/\/schema.org","@graph":[{"@type":"Article","@id":"https:\/\/canal7slp.tv\/2022\/soledad-expone-artesanias-locales-en-pabellon-de-la-fenapo\/#article","isPartOf":{"@id":"https:\/\/canal7slp.tv\/2022\/soledad-expone-artesanias-locales-en-pabellon-de-la-fenapo\/"},"author":{"name":"Edici\u00f3n Web","@id":"https:\/\/canal7slp.tv\/2022\/#\/schema\/person\/429704152a21f5f856ce29aa69a238da"},"headline":"Soledad expone artesan\u00edas locales en pabell\u00f3n de la FENAPO.","datePublished":"2022-08-10T21:58:53+00:00","dateModified":"2022-08-10T23:53:32+00:00","mainEntityOfPage":{"@id":"https:\/\/canal7slp.tv\/2022\/soledad-expone-artesanias-locales-en-pabellon-de-la-fenapo\/"},"wordCount":167,"publisher":{"@id":"https:\/\/canal7slp.tv\/2022\/#organization"},"image":{"@id":"https:\/\/canal7slp.tv\/2022\/soledad-expone-artesanias-locales-en-pabellon-de-la-fenapo\/#primaryimage"},"thumbnailUrl":"https:\/\/canal7slp.tv\/2022\/wp-content\/uploads\/2022\/08\/Claudio03Stand.jpg","articleSection":["AYOSGS","DESTACADAS","LOCALES Y REGIONALES"],"inLanguage":"es"},{"@type":"WebPage","@id":"https:\/\/canal7slp.tv\/2022\/soledad-expone-artesanias-locales-en-pabellon-de-la-fenapo\/","url":"https:\/\/canal7slp.tv\/2022\/soledad-expone-artesanias-locales-en-pabellon-de-la-fenapo\/","name":"Soledad expone artesan\u00edas locales en pabell\u00f3n de la FENAPO. - Canal 7 SLP - 2022","isPartOf":{"@id":"https:\/\/canal7slp.tv\/2022\/#website"},"primaryImageOfPage":{"@id":"https:\/\/canal7slp.tv\/2022\/soledad-expone-artesanias-locales-en-pabellon-de-la-fenapo\/#primaryimage"},"image":{"@id":"https:\/\/canal7slp.tv\/2022\/soledad-expone-artesanias-locales-en-pabellon-de-la-fenapo\/#primaryimage"},"thumbnailUrl":"https:\/\/canal7slp.tv\/2022\/wp-content\/uploads\/2022\/08\/Claudio03Stand.jpg","datePublished":"2022-08-10T21:58:53+00:00","dateModified":"2022-08-10T23:53:32+00:00","breadcrumb":{"@id":"https:\/\/canal7slp.tv\/2022\/soledad-expone-artesanias-locales-en-pabellon-de-la-fenapo\/#breadcrumb"},"inLanguage":"es","potentialAction":[{"@type":"ReadAction","target":["https:\/\/canal7slp.tv\/2022\/soledad-expone-artesanias-locales-en-pabellon-de-la-fenapo\/"]}]},{"@type":"ImageObject","inLanguage":"es","@id":"https:\/\/canal7slp.tv\/2022\/soledad-expone-artesanias-locales-en-pabellon-de-la-fenapo\/#primaryimage","url":"https:\/\/canal7slp.tv\/2022\/wp-content\/uploads\/2022\/08\/Claudio03Stand.jpg","contentUrl":"https:\/\/canal7slp.tv\/2022\/wp-content\/uploads\/2022\/08\/Claudio03Stand.jpg","width":888,"height":500},{"@type":"BreadcrumbList","@id":"https:\/\/canal7slp.tv\/2022\/soledad-expone-artesanias-locales-en-pabellon-de-la-fenapo\/#breadcrumb","itemListElement":[{"@type":"ListItem","position":1,"name":"Portada","item":"https:\/\/canal7slp.tv\/2022\/"},{"@type":"ListItem","position":2,"name":"Soledad expone artesan\u00edas locales en pabell\u00f3n de la FENAPO."}]},{"@type":"WebSite","@id":"https:\/\/canal7slp.tv\/2022\/#website","url":"https:\/\/canal7slp.tv\/2022\/","name":"N7 - Noticieros Canal 7","description":"Somos Televisi\u00f3n","publisher":{"@id":"https:\/\/canal7slp.tv\/2022\/#organization"},"potentialAction":[{"@type":"SearchAction","target":{"@type":"EntryPoint","urlTemplate":"https:\/\/canal7slp.tv\/2022\/?s={search_term_string}"},"query-input":{"@type":"PropertyValueSpecification","valueRequired":true,"valueName":"search_term_string"}}],"inLanguage":"es"},{"@type":"Organization","@id":"https:\/\/canal7slp.tv\/2022\/#organization","name":"Noticieros Canal 7","url":"https:\/\/canal7slp.tv\/2022\/","logo":{"@type":"ImageObject","inLanguage":"es","@id":"https:\/\/canal7slp.tv\/2022\/#\/schema\/logo\/image\/","url":"https:\/\/canal7slp.tv\/2022\/wp-content\/uploads\/2021\/01\/logo-noticieros@2x.png","contentUrl":"https:\/\/canal7slp.tv\/2022\/wp-content\/uploads\/2021\/01\/logo-noticieros@2x.png","width":1017,"height":268,"caption":"Noticieros Canal 7"},"image":{"@id":"https:\/\/canal7slp.tv\/2022\/#\/schema\/logo\/image\/"},"sameAs":["https:\/\/www.facebook.com\/noticieroscanalsiete","https:\/\/x.com\/NOTICIEROS7","https:\/\/www.instagram.com\/canal7_slp","https:\/\/www.youtube.com\/channel\/UCliiYs-gP3JfJeqdPrNdd5A"]},{"@type":"Person","@id":"https:\/\/canal7slp.tv\/2022\/#\/schema\/person\/429704152a21f5f856ce29aa69a238da","name":"Edici\u00f3n Web","image":{"@type":"ImageObject","inLanguage":"es","@id":"https:\/\/secure.gravatar.com\/avatar\/eee448fc3f7164808013b816ba91ac7e43bbe82a70bebac296f8bc6f0addaa1a?s=96&d=mm&r=g","url":"https:\/\/secure.gravatar.com\/avatar\/eee448fc3f7164808013b816ba91ac7e43bbe82a70bebac296f8bc6f0addaa1a?s=96&d=mm&r=g","contentUrl":"https:\/\/secure.gravatar.com\/avatar\/eee448fc3f7164808013b816ba91ac7e43bbe82a70bebac296f8bc6f0addaa1a?s=96&d=mm&r=g","caption":"Edici\u00f3n Web"},"url":"https:\/\/canal7slp.tv\/2022\/author\/edicionweb\/"}]}},"amp_enabled":true,"_links":{"self":[{"href":"https:\/\/canal7slp.tv\/2022\/wp-json\/wp\/v2\/posts\/69272","targetHints":{"allow":["GET"]}}],"collection":[{"href":"https:\/\/canal7slp.tv\/2022\/wp-json\/wp\/v2\/posts"}],"about":[{"href":"https:\/\/canal7slp.tv\/2022\/wp-json\/wp\/v2\/types\/post"}],"author":[{"embeddable":true,"href":"https:\/\/canal7slp.tv\/2022\/wp-json\/wp\/v2\/users\/2"}],"replies":[{"embeddable":true,"href":"https:\/\/canal7slp.tv\/2022\/wp-json\/wp\/v2\/comments?post=69272"}],"version-history":[{"count":3,"href":"https:\/\/canal7slp.tv\/2022\/wp-json\/wp\/v2\/posts\/69272\/revisions"}],"predecessor-version":[{"id":69301,"href":"https:\/\/canal7slp.tv\/2022\/wp-json\/wp\/v2\/posts\/69272\/revisions\/69301"}],"wp:featuredmedia":[{"embeddable":true,"href":"https:\/\/canal7slp.tv\/2022\/wp-json\/wp\/v2\/media\/69300"}],"wp:attachment":[{"href":"https:\/\/canal7slp.tv\/2022\/wp-json\/wp\/v2\/media?parent=69272"}],"wp:term":[{"taxonomy":"category","embeddable":true,"href":"https:\/\/canal7slp.tv\/2022\/wp-json\/wp\/v2\/categories?post=69272"},{"taxonomy":"post_tag","embeddable":true,"href":"https:\/\/canal7slp.tv\/2022\/wp-json\/wp\/v2\/tags?post=69272"}],"curies":[{"name":"wp","href":"https:\/\/api.w.org\/{rel}","templated":true}]}}