{"id":68840,"date":"2022-08-05T22:43:57","date_gmt":"2022-08-06T04:43:57","guid":{"rendered":"https:\/\/canal7slp.tv\/2022\/?p=68840"},"modified":"2022-08-06T09:50:53","modified_gmt":"2022-08-06T15:50:53","slug":"arranca-la-feria-nacional-potosina-con-la-presencia-de-diversas-autoridades-y-un-teatro-del-pueblo-a-reventar","status":"publish","type":"post","link":"https:\/\/canal7slp.tv\/2022\/arranca-la-feria-nacional-potosina-con-la-presencia-de-diversas-autoridades-y-un-teatro-del-pueblo-a-reventar\/","title":{"rendered":"Arranca la Feria Nacional Potosina, con la presencia de diversas autoridades y un Teatro del Pueblo a reventar."},"content":{"rendered":"<p style=\"text-align: justify;\">SLP.- Tras dos a\u00f1os de suspensi\u00f3n por la pandemia de covid-19 que caus\u00f3 prohibici\u00f3n de eventos masivos, autoridades estatales de San Luis Potos\u00ed inauguraron la edici\u00f3n n\u00famero 80 de la Feria Nacional Potosina (FENAPO).<\/p>\n<p style=\"text-align: justify;\">El corte de list\u00f3n estuvo presidido por el ejecutivo del estado, Jos\u00e9 Ricardo Gallardo Cardona, acompa\u00f1ado del presidente del Comit\u00e9 del Patronato de la Fenapo, Luis Antonio Zamudio, y de su gabinete de trabajo.<\/p>\n<p style=\"text-align: justify;\">\u00abHoy estamos festejando el 80 aniversario de la Feria Nacional Potosina, 80 a\u00f1os que no se dicen f\u00e1ciles, pero hoy estamos de fiesta los potosinos; fue en 1942 la primera edici\u00f3n de la feria y precisamente fue gratuita, ten\u00eda gratuidad en todo y hoy 80 a\u00f1os despu\u00e9s recuperamos la gratuidad, recuperamos la fiesta de los potosinos y hoy con orgullo les digo que estamos muy contentos de haber logrado el sue\u00f1o de miles de potosinos\u00bb, dijo al inicio de su discurso.<\/p>\n<p style=\"text-align: justify;\">De acuerdo con el mandatario estatal, la entidad potosina comenz\u00f3 a registrar numeros positivos en materia econ\u00f3mica que abonar\u00e1 a recuperar las p\u00e9rdidas que se registraron durante la contingencia sanitaria.<\/p>\n<p style=\"text-align: justify;\">\u00abSe empezaron a llenar los hoteles, los restaurantes, se empieza a ver el movimiento despu\u00e9s de 2 a\u00f1os no tener feria, despu\u00e9s de 2 a\u00f1os de encierro, despu\u00e9s de una crisis sanitaria mundial y econ\u00f3mica, regresamos a la nueva normalidad en este 80 aniversario, esta gran edici\u00f3n 2022 que sin duda alguna ser\u00e1 la mejor de toda la historia y se convertir\u00e1n en la feria m\u00e1s grande de todo el pa\u00eds\u00bb, sentenci\u00f3.<\/p>\n<p style=\"text-align: justify;\">Gallardo Cardona tambi\u00e9n habl\u00f3 sobre los trabajos de rehabilitaci\u00f3n que se hicieron en las inmediaciones y al interior de la feria desde meses antes.<\/p>\n<p style=\"text-align: justify;\">\u00abQuiero agradecer a todos los trabajadores que estuvieron en este recinto trabajando las 24 horas del d\u00eda, no descansaron en pegar ladrillos, en tirar cemento, en colocar todo lo que hoy ven a su alrededor, gracias a los trabajadores que hicieron posible este sue\u00f1o y que hoy comparten con nosotros esta gran feria\u00bb, agreg\u00f3.<\/p>\n<p style=\"text-align: justify;\">Por otra parte, record\u00f3 que habr\u00e1 dos d\u00edas en los que se ofrecer\u00e1 comida y bebida gratis auspiciados por los ayuntamientos de la capital potosina y Soledad de Graciano S\u00e1nchez.<\/p>\n<p style=\"text-align: justify;\">\u00abEl d\u00eda 25, el aniversario de nuestra ciudad capital y que gracias al alcalde potosino y al Gobierno del Estado tendremos comida gratuita el 25 de agosto para todas y todos los que nos acompa\u00f1an, comida y bebida y no s\u00e9 qu\u00e9 m\u00e1s se vayan a poner la del Puebla ah\u00ed; tambi\u00e9n el d\u00eda 20 de agosto que ser\u00e1 una feria pagada: comida y bebida, por parte del ayuntamiento de Soledad de Graciano S\u00e1nchez de nuestra presidenta municipal, por si alguien dec\u00eda que no era gratuito todo, esos dos d\u00edas ser\u00e1n totalmente gratuitos\u00bb, detall\u00f3.<\/p>\n<p style=\"text-align: justify;\">A su vez el presidente del Comit\u00e9 del Patronato de la Feria Nacional Potosina, Luis Antonio Zamudio, mencion\u00f3 de manera resumida las actividades que se desarrollar\u00e1n durante los pr\u00f3ximos 23 d\u00edas.<\/p>\n<p style=\"text-align: justify;\">\u00abLa Feria Nacional Potosina 2022 hoy es una realidad, una promesa m\u00e1s cumplida, recibimos con much\u00edsimo gusto a las y los potosinos y a los visitantes de M\u00e9xico y del extranjero, este es el arranque de un evento de primer nivel lleno de atracciones para todas las edades, para todos los chicos y grandes, m\u00fasica, conciertos, grandes artistas y la mejor gastronom\u00eda del estado, exposiciones color y alegr\u00eda\u00bb, expuso.<\/p>\n<p style=\"text-align: justify;\">Posterior a la inauguraci\u00f3n, se realiz\u00f3 un recorrido por parte de las autoridades presentes en los stants instalados por las dependencias de gobierno; despu\u00e9s se llev\u00f3 a cabo un show medieval que este a\u00f1o sustituye al de patinaje de hielo; ah\u00ed mismo, el mandatario lanz\u00f3 un mensaje a la ciudadan\u00eda.<\/p>\n<p style=\"text-align: justify;\">\u00abSaludos a toda la raza de Canal 7, los esperamos aqu\u00ed en la Feria Nacional Potosina, la mejor fer\u00eda del pa\u00eds, v\u00e9nganse a divertir, a disfrutar, a pasar un momento agradable con la familia; es momento de la reactivaci\u00f3n econ\u00f3mica, es momento de ustedes&#8230; Hay miles, ahorita en la noche, protecci\u00f3n civil nos pasar\u00e1 el reporte, pero van a superar f\u00e1cil las 100 mil personas\u00bb, aclar\u00f3<\/p>\n<p style=\"text-align: justify;\">La noche de inauguraci\u00f3n culmin\u00f3 y fue amenizada por el grupo Man\u00e1 y su repertorio de canciones reconocidas como El Reloj Cucu o Mariposa Traicionera, Oye Mi Amor y el Muelle de San Blas; en los pr\u00f3ximos d\u00edas se espera la visita de artistas nacionales e internacionales.<\/p>\n<p style=\"text-align: justify;\">Por: Jos\u00e9 Luis V\u00e1zquez<\/p>\n<p style=\"text-align: justify;\"><img loading=\"lazy\" decoding=\"async\" class=\"alignnone wp-image-68841 size-full\" src=\"https:\/\/canal7slp.tv\/2022\/wp-content\/uploads\/2022\/08\/FENAPOa.jpg\" alt=\"\" width=\"1280\" height=\"852\" srcset=\"https:\/\/canal7slp.tv\/2022\/wp-content\/uploads\/2022\/08\/FENAPOa.jpg 1280w, https:\/\/canal7slp.tv\/2022\/wp-content\/uploads\/2022\/08\/FENAPOa-300x200.jpg 300w, https:\/\/canal7slp.tv\/2022\/wp-content\/uploads\/2022\/08\/FENAPOa-1024x682.jpg 1024w, https:\/\/canal7slp.tv\/2022\/wp-content\/uploads\/2022\/08\/FENAPOa-768x511.jpg 768w, https:\/\/canal7slp.tv\/2022\/wp-content\/uploads\/2022\/08\/FENAPOa-800x533.jpg 800w\" sizes=\"auto, (max-width: 1280px) 100vw, 1280px\" \/> <img loading=\"lazy\" decoding=\"async\" class=\"alignnone wp-image-68842 size-full\" src=\"https:\/\/canal7slp.tv\/2022\/wp-content\/uploads\/2022\/08\/FENAPOb.jpg\" alt=\"\" width=\"1600\" height=\"900\" srcset=\"https:\/\/canal7slp.tv\/2022\/wp-content\/uploads\/2022\/08\/FENAPOb.jpg 1600w, https:\/\/canal7slp.tv\/2022\/wp-content\/uploads\/2022\/08\/FENAPOb-300x169.jpg 300w, https:\/\/canal7slp.tv\/2022\/wp-content\/uploads\/2022\/08\/FENAPOb-1024x576.jpg 1024w, https:\/\/canal7slp.tv\/2022\/wp-content\/uploads\/2022\/08\/FENAPOb-768x432.jpg 768w, https:\/\/canal7slp.tv\/2022\/wp-content\/uploads\/2022\/08\/FENAPOb-1536x864.jpg 1536w, https:\/\/canal7slp.tv\/2022\/wp-content\/uploads\/2022\/08\/FENAPOb-400x225.jpg 400w, https:\/\/canal7slp.tv\/2022\/wp-content\/uploads\/2022\/08\/FENAPOb-600x338.jpg 600w, https:\/\/canal7slp.tv\/2022\/wp-content\/uploads\/2022\/08\/FENAPOb-800x450.jpg 800w, https:\/\/canal7slp.tv\/2022\/wp-content\/uploads\/2022\/08\/FENAPOb-1200x675.jpg 1200w\" sizes=\"auto, (max-width: 1600px) 100vw, 1600px\" \/> <img loading=\"lazy\" decoding=\"async\" class=\"alignnone wp-image-68843 size-full\" src=\"https:\/\/canal7slp.tv\/2022\/wp-content\/uploads\/2022\/08\/FENAPOc.jpg\" alt=\"\" width=\"1280\" height=\"959\" srcset=\"https:\/\/canal7slp.tv\/2022\/wp-content\/uploads\/2022\/08\/FENAPOc.jpg 1280w, https:\/\/canal7slp.tv\/2022\/wp-content\/uploads\/2022\/08\/FENAPOc-300x225.jpg 300w, https:\/\/canal7slp.tv\/2022\/wp-content\/uploads\/2022\/08\/FENAPOc-1024x767.jpg 1024w, https:\/\/canal7slp.tv\/2022\/wp-content\/uploads\/2022\/08\/FENAPOc-768x575.jpg 768w, https:\/\/canal7slp.tv\/2022\/wp-content\/uploads\/2022\/08\/FENAPOc-180x135.jpg 180w, https:\/\/canal7slp.tv\/2022\/wp-content\/uploads\/2022\/08\/FENAPOc-400x300.jpg 400w, https:\/\/canal7slp.tv\/2022\/wp-content\/uploads\/2022\/08\/FENAPOc-600x450.jpg 600w, https:\/\/canal7slp.tv\/2022\/wp-content\/uploads\/2022\/08\/FENAPOc-800x599.jpg 800w, https:\/\/canal7slp.tv\/2022\/wp-content\/uploads\/2022\/08\/FENAPOc-1200x900.jpg 1200w\" sizes=\"auto, (max-width: 1280px) 100vw, 1280px\" \/><\/p>\n","protected":false},"excerpt":{"rendered":"<p>SLP.- Tras dos a\u00f1os de suspensi\u00f3n por la pandemia de covid-19 que caus\u00f3 prohibici\u00f3n de eventos masivos, autoridades estatales de San Luis Potos\u00ed inauguraron la edici\u00f3n n\u00famero 80 de la Feria Nacional Potosina (FENAPO). El corte de list\u00f3n estuvo presidido por el ejecutivo del estado, Jos\u00e9 Ricardo Gallardo Cardona, acompa\u00f1ado del presidente del Comit\u00e9 del Patronato de la Fenapo, Luis Antonio Zamudio, y de su gabinete de trabajo. \u00abHoy estamos festejando el 80 aniversario de la Feria Nacional Potosina, 80 a\u00f1os que no se dicen f\u00e1ciles, pero hoy estamos de fiesta los potosinos; fue en 1942 la primera edici\u00f3n de [&hellip;]<\/p>\n","protected":false},"author":2,"featured_media":68848,"comment_status":"closed","ping_status":"closed","sticky":false,"template":"","format":"standard","meta":{"footnotes":""},"categories":[5,45],"tags":[],"class_list":["post-68840","post","type-post","status-publish","format-standard","has-post-thumbnail","hentry","category-destacadas","category-localesyregionales","post--single"],"yoast_head":"<!-- This site is optimized with the Yoast SEO plugin v27.4 - https:\/\/yoast.com\/product\/yoast-seo-wordpress\/ -->\n<title>Arranca la Feria Nacional Potosina, con la presencia de diversas autoridades y un Teatro del Pueblo a reventar. - Canal 7 SLP - 2022<\/title>\n<meta name=\"robots\" content=\"index, follow, max-snippet:-1, max-image-preview:large, max-video-preview:-1\" \/>\n<link rel=\"canonical\" href=\"https:\/\/canal7slp.tv\/2022\/arranca-la-feria-nacional-potosina-con-la-presencia-de-diversas-autoridades-y-un-teatro-del-pueblo-a-reventar\/\" \/>\n<meta property=\"og:locale\" content=\"es_ES\" \/>\n<meta property=\"og:type\" content=\"article\" \/>\n<meta property=\"og:title\" content=\"Arranca la Feria Nacional Potosina, con la presencia de diversas autoridades y un Teatro del Pueblo a reventar. - Canal 7 SLP - 2022\" \/>\n<meta property=\"og:description\" content=\"SLP.- Tras dos a\u00f1os de suspensi\u00f3n por la pandemia de covid-19 que caus\u00f3 prohibici\u00f3n de eventos masivos, autoridades estatales de San Luis Potos\u00ed inauguraron la edici\u00f3n n\u00famero 80 de la Feria Nacional Potosina (FENAPO). El corte de list\u00f3n estuvo presidido por el ejecutivo del estado, Jos\u00e9 Ricardo Gallardo Cardona, acompa\u00f1ado del presidente del Comit\u00e9 del Patronato de la Fenapo, Luis Antonio Zamudio, y de su gabinete de trabajo. \u00abHoy estamos festejando el 80 aniversario de la Feria Nacional Potosina, 80 a\u00f1os que no se dicen f\u00e1ciles, pero hoy estamos de fiesta los potosinos; fue en 1942 la primera edici\u00f3n de [&hellip;]\" \/>\n<meta property=\"og:url\" content=\"https:\/\/canal7slp.tv\/2022\/arranca-la-feria-nacional-potosina-con-la-presencia-de-diversas-autoridades-y-un-teatro-del-pueblo-a-reventar\/\" \/>\n<meta property=\"og:site_name\" content=\"Canal 7 SLP - 2022\" \/>\n<meta property=\"article:publisher\" content=\"https:\/\/www.facebook.com\/noticieroscanalsiete\" \/>\n<meta property=\"article:published_time\" content=\"2022-08-06T04:43:57+00:00\" \/>\n<meta property=\"article:modified_time\" content=\"2022-08-06T15:50:53+00:00\" \/>\n<meta property=\"og:image\" content=\"https:\/\/canal7slp.tv\/2022\/wp-content\/uploads\/2022\/08\/Vazquez01FENAPO.jpg\" \/>\n\t<meta property=\"og:image:width\" content=\"888\" \/>\n\t<meta property=\"og:image:height\" content=\"500\" \/>\n\t<meta property=\"og:image:type\" content=\"image\/jpeg\" \/>\n<meta name=\"author\" content=\"Edici\u00f3n Web\" \/>\n<meta name=\"twitter:card\" content=\"summary_large_image\" \/>\n<meta name=\"twitter:creator\" content=\"@NOTICIEROS7\" \/>\n<meta name=\"twitter:site\" content=\"@NOTICIEROS7\" \/>\n<meta name=\"twitter:label1\" content=\"Escrito por\" \/>\n\t<meta name=\"twitter:data1\" content=\"Edici\u00f3n Web\" \/>\n\t<meta name=\"twitter:label2\" content=\"Tiempo de lectura\" \/>\n\t<meta name=\"twitter:data2\" content=\"4 minutos\" \/>\n<script type=\"application\/ld+json\" class=\"yoast-schema-graph\">{\"@context\":\"https:\\\/\\\/schema.org\",\"@graph\":[{\"@type\":\"Article\",\"@id\":\"https:\\\/\\\/canal7slp.tv\\\/2022\\\/arranca-la-feria-nacional-potosina-con-la-presencia-de-diversas-autoridades-y-un-teatro-del-pueblo-a-reventar\\\/#article\",\"isPartOf\":{\"@id\":\"https:\\\/\\\/canal7slp.tv\\\/2022\\\/arranca-la-feria-nacional-potosina-con-la-presencia-de-diversas-autoridades-y-un-teatro-del-pueblo-a-reventar\\\/\"},\"author\":{\"name\":\"Edici\u00f3n Web\",\"@id\":\"https:\\\/\\\/canal7slp.tv\\\/2022\\\/#\\\/schema\\\/person\\\/429704152a21f5f856ce29aa69a238da\"},\"headline\":\"Arranca la Feria Nacional Potosina, con la presencia de diversas autoridades y un Teatro del Pueblo a reventar.\",\"datePublished\":\"2022-08-06T04:43:57+00:00\",\"dateModified\":\"2022-08-06T15:50:53+00:00\",\"mainEntityOfPage\":{\"@id\":\"https:\\\/\\\/canal7slp.tv\\\/2022\\\/arranca-la-feria-nacional-potosina-con-la-presencia-de-diversas-autoridades-y-un-teatro-del-pueblo-a-reventar\\\/\"},\"wordCount\":787,\"publisher\":{\"@id\":\"https:\\\/\\\/canal7slp.tv\\\/2022\\\/#organization\"},\"image\":{\"@id\":\"https:\\\/\\\/canal7slp.tv\\\/2022\\\/arranca-la-feria-nacional-potosina-con-la-presencia-de-diversas-autoridades-y-un-teatro-del-pueblo-a-reventar\\\/#primaryimage\"},\"thumbnailUrl\":\"https:\\\/\\\/canal7slp.tv\\\/2022\\\/wp-content\\\/uploads\\\/2022\\\/08\\\/Vazquez01FENAPO.jpg\",\"articleSection\":[\"DESTACADAS\",\"LOCALES Y REGIONALES\"],\"inLanguage\":\"es\"},{\"@type\":\"WebPage\",\"@id\":\"https:\\\/\\\/canal7slp.tv\\\/2022\\\/arranca-la-feria-nacional-potosina-con-la-presencia-de-diversas-autoridades-y-un-teatro-del-pueblo-a-reventar\\\/\",\"url\":\"https:\\\/\\\/canal7slp.tv\\\/2022\\\/arranca-la-feria-nacional-potosina-con-la-presencia-de-diversas-autoridades-y-un-teatro-del-pueblo-a-reventar\\\/\",\"name\":\"Arranca la Feria Nacional Potosina, con la presencia de diversas autoridades y un Teatro del Pueblo a reventar. - Canal 7 SLP - 2022\",\"isPartOf\":{\"@id\":\"https:\\\/\\\/canal7slp.tv\\\/2022\\\/#website\"},\"primaryImageOfPage\":{\"@id\":\"https:\\\/\\\/canal7slp.tv\\\/2022\\\/arranca-la-feria-nacional-potosina-con-la-presencia-de-diversas-autoridades-y-un-teatro-del-pueblo-a-reventar\\\/#primaryimage\"},\"image\":{\"@id\":\"https:\\\/\\\/canal7slp.tv\\\/2022\\\/arranca-la-feria-nacional-potosina-con-la-presencia-de-diversas-autoridades-y-un-teatro-del-pueblo-a-reventar\\\/#primaryimage\"},\"thumbnailUrl\":\"https:\\\/\\\/canal7slp.tv\\\/2022\\\/wp-content\\\/uploads\\\/2022\\\/08\\\/Vazquez01FENAPO.jpg\",\"datePublished\":\"2022-08-06T04:43:57+00:00\",\"dateModified\":\"2022-08-06T15:50:53+00:00\",\"breadcrumb\":{\"@id\":\"https:\\\/\\\/canal7slp.tv\\\/2022\\\/arranca-la-feria-nacional-potosina-con-la-presencia-de-diversas-autoridades-y-un-teatro-del-pueblo-a-reventar\\\/#breadcrumb\"},\"inLanguage\":\"es\",\"potentialAction\":[{\"@type\":\"ReadAction\",\"target\":[\"https:\\\/\\\/canal7slp.tv\\\/2022\\\/arranca-la-feria-nacional-potosina-con-la-presencia-de-diversas-autoridades-y-un-teatro-del-pueblo-a-reventar\\\/\"]}]},{\"@type\":\"ImageObject\",\"inLanguage\":\"es\",\"@id\":\"https:\\\/\\\/canal7slp.tv\\\/2022\\\/arranca-la-feria-nacional-potosina-con-la-presencia-de-diversas-autoridades-y-un-teatro-del-pueblo-a-reventar\\\/#primaryimage\",\"url\":\"https:\\\/\\\/canal7slp.tv\\\/2022\\\/wp-content\\\/uploads\\\/2022\\\/08\\\/Vazquez01FENAPO.jpg\",\"contentUrl\":\"https:\\\/\\\/canal7slp.tv\\\/2022\\\/wp-content\\\/uploads\\\/2022\\\/08\\\/Vazquez01FENAPO.jpg\",\"width\":888,\"height\":500},{\"@type\":\"BreadcrumbList\",\"@id\":\"https:\\\/\\\/canal7slp.tv\\\/2022\\\/arranca-la-feria-nacional-potosina-con-la-presencia-de-diversas-autoridades-y-un-teatro-del-pueblo-a-reventar\\\/#breadcrumb\",\"itemListElement\":[{\"@type\":\"ListItem\",\"position\":1,\"name\":\"Portada\",\"item\":\"https:\\\/\\\/canal7slp.tv\\\/2022\\\/\"},{\"@type\":\"ListItem\",\"position\":2,\"name\":\"Arranca la Feria Nacional Potosina, con la presencia de diversas autoridades y un Teatro del Pueblo a reventar.\"}]},{\"@type\":\"WebSite\",\"@id\":\"https:\\\/\\\/canal7slp.tv\\\/2022\\\/#website\",\"url\":\"https:\\\/\\\/canal7slp.tv\\\/2022\\\/\",\"name\":\"N7 - Noticieros Canal 7\",\"description\":\"Somos Televisi\u00f3n\",\"publisher\":{\"@id\":\"https:\\\/\\\/canal7slp.tv\\\/2022\\\/#organization\"},\"potentialAction\":[{\"@type\":\"SearchAction\",\"target\":{\"@type\":\"EntryPoint\",\"urlTemplate\":\"https:\\\/\\\/canal7slp.tv\\\/2022\\\/?s={search_term_string}\"},\"query-input\":{\"@type\":\"PropertyValueSpecification\",\"valueRequired\":true,\"valueName\":\"search_term_string\"}}],\"inLanguage\":\"es\"},{\"@type\":\"Organization\",\"@id\":\"https:\\\/\\\/canal7slp.tv\\\/2022\\\/#organization\",\"name\":\"Noticieros Canal 7\",\"url\":\"https:\\\/\\\/canal7slp.tv\\\/2022\\\/\",\"logo\":{\"@type\":\"ImageObject\",\"inLanguage\":\"es\",\"@id\":\"https:\\\/\\\/canal7slp.tv\\\/2022\\\/#\\\/schema\\\/logo\\\/image\\\/\",\"url\":\"https:\\\/\\\/canal7slp.tv\\\/2022\\\/wp-content\\\/uploads\\\/2021\\\/01\\\/logo-noticieros@2x.png\",\"contentUrl\":\"https:\\\/\\\/canal7slp.tv\\\/2022\\\/wp-content\\\/uploads\\\/2021\\\/01\\\/logo-noticieros@2x.png\",\"width\":1017,\"height\":268,\"caption\":\"Noticieros Canal 7\"},\"image\":{\"@id\":\"https:\\\/\\\/canal7slp.tv\\\/2022\\\/#\\\/schema\\\/logo\\\/image\\\/\"},\"sameAs\":[\"https:\\\/\\\/www.facebook.com\\\/noticieroscanalsiete\",\"https:\\\/\\\/x.com\\\/NOTICIEROS7\",\"https:\\\/\\\/www.instagram.com\\\/canal7_slp\",\"https:\\\/\\\/www.youtube.com\\\/channel\\\/UCliiYs-gP3JfJeqdPrNdd5A\"]},{\"@type\":\"Person\",\"@id\":\"https:\\\/\\\/canal7slp.tv\\\/2022\\\/#\\\/schema\\\/person\\\/429704152a21f5f856ce29aa69a238da\",\"name\":\"Edici\u00f3n Web\",\"image\":{\"@type\":\"ImageObject\",\"inLanguage\":\"es\",\"@id\":\"https:\\\/\\\/secure.gravatar.com\\\/avatar\\\/eee448fc3f7164808013b816ba91ac7e43bbe82a70bebac296f8bc6f0addaa1a?s=96&d=mm&r=g\",\"url\":\"https:\\\/\\\/secure.gravatar.com\\\/avatar\\\/eee448fc3f7164808013b816ba91ac7e43bbe82a70bebac296f8bc6f0addaa1a?s=96&d=mm&r=g\",\"contentUrl\":\"https:\\\/\\\/secure.gravatar.com\\\/avatar\\\/eee448fc3f7164808013b816ba91ac7e43bbe82a70bebac296f8bc6f0addaa1a?s=96&d=mm&r=g\",\"caption\":\"Edici\u00f3n Web\"},\"url\":\"https:\\\/\\\/canal7slp.tv\\\/2022\\\/author\\\/edicionweb\\\/\"}]}<\/script>\n<!-- \/ Yoast SEO plugin. -->","yoast_head_json":{"title":"Arranca la Feria Nacional Potosina, con la presencia de diversas autoridades y un Teatro del Pueblo a reventar. - Canal 7 SLP - 2022","robots":{"index":"index","follow":"follow","max-snippet":"max-snippet:-1","max-image-preview":"max-image-preview:large","max-video-preview":"max-video-preview:-1"},"canonical":"https:\/\/canal7slp.tv\/2022\/arranca-la-feria-nacional-potosina-con-la-presencia-de-diversas-autoridades-y-un-teatro-del-pueblo-a-reventar\/","og_locale":"es_ES","og_type":"article","og_title":"Arranca la Feria Nacional Potosina, con la presencia de diversas autoridades y un Teatro del Pueblo a reventar. - Canal 7 SLP - 2022","og_description":"SLP.- Tras dos a\u00f1os de suspensi\u00f3n por la pandemia de covid-19 que caus\u00f3 prohibici\u00f3n de eventos masivos, autoridades estatales de San Luis Potos\u00ed inauguraron la edici\u00f3n n\u00famero 80 de la Feria Nacional Potosina (FENAPO). El corte de list\u00f3n estuvo presidido por el ejecutivo del estado, Jos\u00e9 Ricardo Gallardo Cardona, acompa\u00f1ado del presidente del Comit\u00e9 del Patronato de la Fenapo, Luis Antonio Zamudio, y de su gabinete de trabajo. \u00abHoy estamos festejando el 80 aniversario de la Feria Nacional Potosina, 80 a\u00f1os que no se dicen f\u00e1ciles, pero hoy estamos de fiesta los potosinos; fue en 1942 la primera edici\u00f3n de [&hellip;]","og_url":"https:\/\/canal7slp.tv\/2022\/arranca-la-feria-nacional-potosina-con-la-presencia-de-diversas-autoridades-y-un-teatro-del-pueblo-a-reventar\/","og_site_name":"Canal 7 SLP - 2022","article_publisher":"https:\/\/www.facebook.com\/noticieroscanalsiete","article_published_time":"2022-08-06T04:43:57+00:00","article_modified_time":"2022-08-06T15:50:53+00:00","og_image":[{"width":888,"height":500,"url":"https:\/\/canal7slp.tv\/2022\/wp-content\/uploads\/2022\/08\/Vazquez01FENAPO.jpg","type":"image\/jpeg"}],"author":"Edici\u00f3n Web","twitter_card":"summary_large_image","twitter_creator":"@NOTICIEROS7","twitter_site":"@NOTICIEROS7","twitter_misc":{"Escrito por":"Edici\u00f3n Web","Tiempo de lectura":"4 minutos"},"schema":{"@context":"https:\/\/schema.org","@graph":[{"@type":"Article","@id":"https:\/\/canal7slp.tv\/2022\/arranca-la-feria-nacional-potosina-con-la-presencia-de-diversas-autoridades-y-un-teatro-del-pueblo-a-reventar\/#article","isPartOf":{"@id":"https:\/\/canal7slp.tv\/2022\/arranca-la-feria-nacional-potosina-con-la-presencia-de-diversas-autoridades-y-un-teatro-del-pueblo-a-reventar\/"},"author":{"name":"Edici\u00f3n Web","@id":"https:\/\/canal7slp.tv\/2022\/#\/schema\/person\/429704152a21f5f856ce29aa69a238da"},"headline":"Arranca la Feria Nacional Potosina, con la presencia de diversas autoridades y un Teatro del Pueblo a reventar.","datePublished":"2022-08-06T04:43:57+00:00","dateModified":"2022-08-06T15:50:53+00:00","mainEntityOfPage":{"@id":"https:\/\/canal7slp.tv\/2022\/arranca-la-feria-nacional-potosina-con-la-presencia-de-diversas-autoridades-y-un-teatro-del-pueblo-a-reventar\/"},"wordCount":787,"publisher":{"@id":"https:\/\/canal7slp.tv\/2022\/#organization"},"image":{"@id":"https:\/\/canal7slp.tv\/2022\/arranca-la-feria-nacional-potosina-con-la-presencia-de-diversas-autoridades-y-un-teatro-del-pueblo-a-reventar\/#primaryimage"},"thumbnailUrl":"https:\/\/canal7slp.tv\/2022\/wp-content\/uploads\/2022\/08\/Vazquez01FENAPO.jpg","articleSection":["DESTACADAS","LOCALES Y REGIONALES"],"inLanguage":"es"},{"@type":"WebPage","@id":"https:\/\/canal7slp.tv\/2022\/arranca-la-feria-nacional-potosina-con-la-presencia-de-diversas-autoridades-y-un-teatro-del-pueblo-a-reventar\/","url":"https:\/\/canal7slp.tv\/2022\/arranca-la-feria-nacional-potosina-con-la-presencia-de-diversas-autoridades-y-un-teatro-del-pueblo-a-reventar\/","name":"Arranca la Feria Nacional Potosina, con la presencia de diversas autoridades y un Teatro del Pueblo a reventar. - Canal 7 SLP - 2022","isPartOf":{"@id":"https:\/\/canal7slp.tv\/2022\/#website"},"primaryImageOfPage":{"@id":"https:\/\/canal7slp.tv\/2022\/arranca-la-feria-nacional-potosina-con-la-presencia-de-diversas-autoridades-y-un-teatro-del-pueblo-a-reventar\/#primaryimage"},"image":{"@id":"https:\/\/canal7slp.tv\/2022\/arranca-la-feria-nacional-potosina-con-la-presencia-de-diversas-autoridades-y-un-teatro-del-pueblo-a-reventar\/#primaryimage"},"thumbnailUrl":"https:\/\/canal7slp.tv\/2022\/wp-content\/uploads\/2022\/08\/Vazquez01FENAPO.jpg","datePublished":"2022-08-06T04:43:57+00:00","dateModified":"2022-08-06T15:50:53+00:00","breadcrumb":{"@id":"https:\/\/canal7slp.tv\/2022\/arranca-la-feria-nacional-potosina-con-la-presencia-de-diversas-autoridades-y-un-teatro-del-pueblo-a-reventar\/#breadcrumb"},"inLanguage":"es","potentialAction":[{"@type":"ReadAction","target":["https:\/\/canal7slp.tv\/2022\/arranca-la-feria-nacional-potosina-con-la-presencia-de-diversas-autoridades-y-un-teatro-del-pueblo-a-reventar\/"]}]},{"@type":"ImageObject","inLanguage":"es","@id":"https:\/\/canal7slp.tv\/2022\/arranca-la-feria-nacional-potosina-con-la-presencia-de-diversas-autoridades-y-un-teatro-del-pueblo-a-reventar\/#primaryimage","url":"https:\/\/canal7slp.tv\/2022\/wp-content\/uploads\/2022\/08\/Vazquez01FENAPO.jpg","contentUrl":"https:\/\/canal7slp.tv\/2022\/wp-content\/uploads\/2022\/08\/Vazquez01FENAPO.jpg","width":888,"height":500},{"@type":"BreadcrumbList","@id":"https:\/\/canal7slp.tv\/2022\/arranca-la-feria-nacional-potosina-con-la-presencia-de-diversas-autoridades-y-un-teatro-del-pueblo-a-reventar\/#breadcrumb","itemListElement":[{"@type":"ListItem","position":1,"name":"Portada","item":"https:\/\/canal7slp.tv\/2022\/"},{"@type":"ListItem","position":2,"name":"Arranca la Feria Nacional Potosina, con la presencia de diversas autoridades y un Teatro del Pueblo a reventar."}]},{"@type":"WebSite","@id":"https:\/\/canal7slp.tv\/2022\/#website","url":"https:\/\/canal7slp.tv\/2022\/","name":"N7 - Noticieros Canal 7","description":"Somos Televisi\u00f3n","publisher":{"@id":"https:\/\/canal7slp.tv\/2022\/#organization"},"potentialAction":[{"@type":"SearchAction","target":{"@type":"EntryPoint","urlTemplate":"https:\/\/canal7slp.tv\/2022\/?s={search_term_string}"},"query-input":{"@type":"PropertyValueSpecification","valueRequired":true,"valueName":"search_term_string"}}],"inLanguage":"es"},{"@type":"Organization","@id":"https:\/\/canal7slp.tv\/2022\/#organization","name":"Noticieros Canal 7","url":"https:\/\/canal7slp.tv\/2022\/","logo":{"@type":"ImageObject","inLanguage":"es","@id":"https:\/\/canal7slp.tv\/2022\/#\/schema\/logo\/image\/","url":"https:\/\/canal7slp.tv\/2022\/wp-content\/uploads\/2021\/01\/logo-noticieros@2x.png","contentUrl":"https:\/\/canal7slp.tv\/2022\/wp-content\/uploads\/2021\/01\/logo-noticieros@2x.png","width":1017,"height":268,"caption":"Noticieros Canal 7"},"image":{"@id":"https:\/\/canal7slp.tv\/2022\/#\/schema\/logo\/image\/"},"sameAs":["https:\/\/www.facebook.com\/noticieroscanalsiete","https:\/\/x.com\/NOTICIEROS7","https:\/\/www.instagram.com\/canal7_slp","https:\/\/www.youtube.com\/channel\/UCliiYs-gP3JfJeqdPrNdd5A"]},{"@type":"Person","@id":"https:\/\/canal7slp.tv\/2022\/#\/schema\/person\/429704152a21f5f856ce29aa69a238da","name":"Edici\u00f3n Web","image":{"@type":"ImageObject","inLanguage":"es","@id":"https:\/\/secure.gravatar.com\/avatar\/eee448fc3f7164808013b816ba91ac7e43bbe82a70bebac296f8bc6f0addaa1a?s=96&d=mm&r=g","url":"https:\/\/secure.gravatar.com\/avatar\/eee448fc3f7164808013b816ba91ac7e43bbe82a70bebac296f8bc6f0addaa1a?s=96&d=mm&r=g","contentUrl":"https:\/\/secure.gravatar.com\/avatar\/eee448fc3f7164808013b816ba91ac7e43bbe82a70bebac296f8bc6f0addaa1a?s=96&d=mm&r=g","caption":"Edici\u00f3n Web"},"url":"https:\/\/canal7slp.tv\/2022\/author\/edicionweb\/"}]}},"amp_enabled":true,"_links":{"self":[{"href":"https:\/\/canal7slp.tv\/2022\/wp-json\/wp\/v2\/posts\/68840","targetHints":{"allow":["GET"]}}],"collection":[{"href":"https:\/\/canal7slp.tv\/2022\/wp-json\/wp\/v2\/posts"}],"about":[{"href":"https:\/\/canal7slp.tv\/2022\/wp-json\/wp\/v2\/types\/post"}],"author":[{"embeddable":true,"href":"https:\/\/canal7slp.tv\/2022\/wp-json\/wp\/v2\/users\/2"}],"replies":[{"embeddable":true,"href":"https:\/\/canal7slp.tv\/2022\/wp-json\/wp\/v2\/comments?post=68840"}],"version-history":[{"count":3,"href":"https:\/\/canal7slp.tv\/2022\/wp-json\/wp\/v2\/posts\/68840\/revisions"}],"predecessor-version":[{"id":68847,"href":"https:\/\/canal7slp.tv\/2022\/wp-json\/wp\/v2\/posts\/68840\/revisions\/68847"}],"wp:featuredmedia":[{"embeddable":true,"href":"https:\/\/canal7slp.tv\/2022\/wp-json\/wp\/v2\/media\/68848"}],"wp:attachment":[{"href":"https:\/\/canal7slp.tv\/2022\/wp-json\/wp\/v2\/media?parent=68840"}],"wp:term":[{"taxonomy":"category","embeddable":true,"href":"https:\/\/canal7slp.tv\/2022\/wp-json\/wp\/v2\/categories?post=68840"},{"taxonomy":"post_tag","embeddable":true,"href":"https:\/\/canal7slp.tv\/2022\/wp-json\/wp\/v2\/tags?post=68840"}],"curies":[{"name":"wp","href":"https:\/\/api.w.org\/{rel}","templated":true}]}}