{"id":68033,"date":"2022-07-29T14:57:20","date_gmt":"2022-07-29T20:57:20","guid":{"rendered":"https:\/\/canal7slp.tv\/2022\/?p=68033"},"modified":"2022-07-29T14:57:20","modified_gmt":"2022-07-29T20:57:20","slug":"brasil-reporta-su-primera-muerte-por-viruela-del-mono","status":"publish","type":"post","link":"https:\/\/canal7slp.tv\/2022\/brasil-reporta-su-primera-muerte-por-viruela-del-mono\/","title":{"rendered":"Brasil reporta su primera muerte por Viruela del Mono"},"content":{"rendered":"<p style=\"text-align: justify;\">Belo Horizonte.- Autoridades sanitarias de Brasil, confirmaron este 29 de julio la primera muerte por Viruela del Mono en el pa\u00eds, mientas que los casos positivos ascienden a 978, la mayor\u00eda de estos en Sau Paulo y R\u00edo de Janeiro.<\/p>\n<p style=\"text-align: justify;\">La defunci\u00f3n corresponde a un hombre de 41 a\u00f1os con graves problemas inmunitarios, el cual fue ingresado en el Hospital Eduardo de Menezes, en Belo Horizonte.<\/p>\n<p style=\"text-align: justify;\">Cabe se\u00f1alar que la enfermedad comienza con fiebre, dolor de cabeza, dolores musculares, agotamiento e inflamaci\u00f3n de los ganglios linf\u00e1ticos.<\/p>\n<p style=\"text-align: justify;\">Pese a que la misma puede llegar a ser mortal, suele ser m\u00e1s leve que la viruela.<\/p>\n","protected":false},"excerpt":{"rendered":"<p>Belo Horizonte.- Autoridades sanitarias de Brasil, confirmaron este 29 de julio la primera muerte por Viruela del Mono en el pa\u00eds, mientas que los casos positivos ascienden a 978, la mayor\u00eda de estos en Sau Paulo y R\u00edo de Janeiro. La defunci\u00f3n corresponde a un hombre de 41 a\u00f1os con graves problemas inmunitarios, el cual fue ingresado en el Hospital Eduardo de Menezes, en Belo Horizonte. Cabe se\u00f1alar que la enfermedad comienza con fiebre, dolor de cabeza, dolores musculares, agotamiento e inflamaci\u00f3n de los ganglios linf\u00e1ticos. Pese a que la misma puede llegar a ser mortal, suele ser m\u00e1s leve [&hellip;]<\/p>\n","protected":false},"author":2,"featured_media":68039,"comment_status":"closed","ping_status":"closed","sticky":false,"template":"","format":"standard","meta":{"footnotes":""},"categories":[44],"tags":[],"class_list":["post-68033","post","type-post","status-publish","format-standard","has-post-thumbnail","hentry","category-internacional","post--single"],"yoast_head":"<!-- This site is optimized with the Yoast SEO plugin v27.5 - https:\/\/yoast.com\/product\/yoast-seo-wordpress\/ -->\n<title>Brasil reporta su primera muerte por Viruela del Mono - Canal 7 SLP - 2022<\/title>\n<meta name=\"robots\" content=\"index, follow, max-snippet:-1, max-image-preview:large, max-video-preview:-1\" \/>\n<link rel=\"canonical\" href=\"https:\/\/canal7slp.tv\/2022\/brasil-reporta-su-primera-muerte-por-viruela-del-mono\/\" \/>\n<meta property=\"og:locale\" content=\"es_ES\" \/>\n<meta property=\"og:type\" content=\"article\" \/>\n<meta property=\"og:title\" content=\"Brasil reporta su primera muerte por Viruela del Mono - Canal 7 SLP - 2022\" \/>\n<meta property=\"og:description\" content=\"Belo Horizonte.- Autoridades sanitarias de Brasil, confirmaron este 29 de julio la primera muerte por Viruela del Mono en el pa\u00eds, mientas que los casos positivos ascienden a 978, la mayor\u00eda de estos en Sau Paulo y R\u00edo de Janeiro. La defunci\u00f3n corresponde a un hombre de 41 a\u00f1os con graves problemas inmunitarios, el cual fue ingresado en el Hospital Eduardo de Menezes, en Belo Horizonte. Cabe se\u00f1alar que la enfermedad comienza con fiebre, dolor de cabeza, dolores musculares, agotamiento e inflamaci\u00f3n de los ganglios linf\u00e1ticos. Pese a que la misma puede llegar a ser mortal, suele ser m\u00e1s leve [&hellip;]\" \/>\n<meta property=\"og:url\" content=\"https:\/\/canal7slp.tv\/2022\/brasil-reporta-su-primera-muerte-por-viruela-del-mono\/\" \/>\n<meta property=\"og:site_name\" content=\"Canal 7 SLP - 2022\" \/>\n<meta property=\"article:publisher\" content=\"https:\/\/www.facebook.com\/noticieroscanalsiete\" \/>\n<meta property=\"article:published_time\" content=\"2022-07-29T20:57:20+00:00\" \/>\n<meta property=\"og:image\" content=\"https:\/\/canal7slp.tv\/2022\/wp-content\/uploads\/2022\/07\/05-20.jpg\" \/>\n\t<meta property=\"og:image:width\" content=\"1920\" \/>\n\t<meta property=\"og:image:height\" content=\"1080\" \/>\n\t<meta property=\"og:image:type\" content=\"image\/jpeg\" \/>\n<meta name=\"author\" content=\"Edici\u00f3n Web\" \/>\n<meta name=\"twitter:card\" content=\"summary_large_image\" \/>\n<meta name=\"twitter:creator\" content=\"@NOTICIEROS7\" \/>\n<meta name=\"twitter:site\" content=\"@NOTICIEROS7\" \/>\n<meta name=\"twitter:label1\" content=\"Escrito por\" \/>\n\t<meta name=\"twitter:data1\" content=\"Edici\u00f3n Web\" \/>\n\t<meta name=\"twitter:label2\" content=\"Tiempo de lectura\" \/>\n\t<meta name=\"twitter:data2\" content=\"1 minuto\" \/>\n<script type=\"application\/ld+json\" class=\"yoast-schema-graph\">{\"@context\":\"https:\\\/\\\/schema.org\",\"@graph\":[{\"@type\":\"Article\",\"@id\":\"https:\\\/\\\/canal7slp.tv\\\/2022\\\/brasil-reporta-su-primera-muerte-por-viruela-del-mono\\\/#article\",\"isPartOf\":{\"@id\":\"https:\\\/\\\/canal7slp.tv\\\/2022\\\/brasil-reporta-su-primera-muerte-por-viruela-del-mono\\\/\"},\"author\":{\"name\":\"Edici\u00f3n Web\",\"@id\":\"https:\\\/\\\/canal7slp.tv\\\/2022\\\/#\\\/schema\\\/person\\\/429704152a21f5f856ce29aa69a238da\"},\"headline\":\"Brasil reporta su primera muerte por Viruela del Mono\",\"datePublished\":\"2022-07-29T20:57:20+00:00\",\"mainEntityOfPage\":{\"@id\":\"https:\\\/\\\/canal7slp.tv\\\/2022\\\/brasil-reporta-su-primera-muerte-por-viruela-del-mono\\\/\"},\"wordCount\":119,\"publisher\":{\"@id\":\"https:\\\/\\\/canal7slp.tv\\\/2022\\\/#organization\"},\"image\":{\"@id\":\"https:\\\/\\\/canal7slp.tv\\\/2022\\\/brasil-reporta-su-primera-muerte-por-viruela-del-mono\\\/#primaryimage\"},\"thumbnailUrl\":\"https:\\\/\\\/canal7slp.tv\\\/2022\\\/wp-content\\\/uploads\\\/2022\\\/07\\\/05-20.jpg\",\"articleSection\":[\"INTERNACIONALES\"],\"inLanguage\":\"es\"},{\"@type\":\"WebPage\",\"@id\":\"https:\\\/\\\/canal7slp.tv\\\/2022\\\/brasil-reporta-su-primera-muerte-por-viruela-del-mono\\\/\",\"url\":\"https:\\\/\\\/canal7slp.tv\\\/2022\\\/brasil-reporta-su-primera-muerte-por-viruela-del-mono\\\/\",\"name\":\"Brasil reporta su primera muerte por Viruela del Mono - Canal 7 SLP - 2022\",\"isPartOf\":{\"@id\":\"https:\\\/\\\/canal7slp.tv\\\/2022\\\/#website\"},\"primaryImageOfPage\":{\"@id\":\"https:\\\/\\\/canal7slp.tv\\\/2022\\\/brasil-reporta-su-primera-muerte-por-viruela-del-mono\\\/#primaryimage\"},\"image\":{\"@id\":\"https:\\\/\\\/canal7slp.tv\\\/2022\\\/brasil-reporta-su-primera-muerte-por-viruela-del-mono\\\/#primaryimage\"},\"thumbnailUrl\":\"https:\\\/\\\/canal7slp.tv\\\/2022\\\/wp-content\\\/uploads\\\/2022\\\/07\\\/05-20.jpg\",\"datePublished\":\"2022-07-29T20:57:20+00:00\",\"breadcrumb\":{\"@id\":\"https:\\\/\\\/canal7slp.tv\\\/2022\\\/brasil-reporta-su-primera-muerte-por-viruela-del-mono\\\/#breadcrumb\"},\"inLanguage\":\"es\",\"potentialAction\":[{\"@type\":\"ReadAction\",\"target\":[\"https:\\\/\\\/canal7slp.tv\\\/2022\\\/brasil-reporta-su-primera-muerte-por-viruela-del-mono\\\/\"]}]},{\"@type\":\"ImageObject\",\"inLanguage\":\"es\",\"@id\":\"https:\\\/\\\/canal7slp.tv\\\/2022\\\/brasil-reporta-su-primera-muerte-por-viruela-del-mono\\\/#primaryimage\",\"url\":\"https:\\\/\\\/canal7slp.tv\\\/2022\\\/wp-content\\\/uploads\\\/2022\\\/07\\\/05-20.jpg\",\"contentUrl\":\"https:\\\/\\\/canal7slp.tv\\\/2022\\\/wp-content\\\/uploads\\\/2022\\\/07\\\/05-20.jpg\",\"width\":1920,\"height\":1080},{\"@type\":\"BreadcrumbList\",\"@id\":\"https:\\\/\\\/canal7slp.tv\\\/2022\\\/brasil-reporta-su-primera-muerte-por-viruela-del-mono\\\/#breadcrumb\",\"itemListElement\":[{\"@type\":\"ListItem\",\"position\":1,\"name\":\"Portada\",\"item\":\"https:\\\/\\\/canal7slp.tv\\\/2022\\\/\"},{\"@type\":\"ListItem\",\"position\":2,\"name\":\"Brasil reporta su primera muerte por Viruela del Mono\"}]},{\"@type\":\"WebSite\",\"@id\":\"https:\\\/\\\/canal7slp.tv\\\/2022\\\/#website\",\"url\":\"https:\\\/\\\/canal7slp.tv\\\/2022\\\/\",\"name\":\"N7 - Noticieros Canal 7\",\"description\":\"Somos Televisi\u00f3n\",\"publisher\":{\"@id\":\"https:\\\/\\\/canal7slp.tv\\\/2022\\\/#organization\"},\"potentialAction\":[{\"@type\":\"SearchAction\",\"target\":{\"@type\":\"EntryPoint\",\"urlTemplate\":\"https:\\\/\\\/canal7slp.tv\\\/2022\\\/?s={search_term_string}\"},\"query-input\":{\"@type\":\"PropertyValueSpecification\",\"valueRequired\":true,\"valueName\":\"search_term_string\"}}],\"inLanguage\":\"es\"},{\"@type\":\"Organization\",\"@id\":\"https:\\\/\\\/canal7slp.tv\\\/2022\\\/#organization\",\"name\":\"Noticieros Canal 7\",\"url\":\"https:\\\/\\\/canal7slp.tv\\\/2022\\\/\",\"logo\":{\"@type\":\"ImageObject\",\"inLanguage\":\"es\",\"@id\":\"https:\\\/\\\/canal7slp.tv\\\/2022\\\/#\\\/schema\\\/logo\\\/image\\\/\",\"url\":\"https:\\\/\\\/canal7slp.tv\\\/2022\\\/wp-content\\\/uploads\\\/2021\\\/01\\\/logo-noticieros@2x.png\",\"contentUrl\":\"https:\\\/\\\/canal7slp.tv\\\/2022\\\/wp-content\\\/uploads\\\/2021\\\/01\\\/logo-noticieros@2x.png\",\"width\":1017,\"height\":268,\"caption\":\"Noticieros Canal 7\"},\"image\":{\"@id\":\"https:\\\/\\\/canal7slp.tv\\\/2022\\\/#\\\/schema\\\/logo\\\/image\\\/\"},\"sameAs\":[\"https:\\\/\\\/www.facebook.com\\\/noticieroscanalsiete\",\"https:\\\/\\\/x.com\\\/NOTICIEROS7\",\"https:\\\/\\\/www.instagram.com\\\/canal7_slp\",\"https:\\\/\\\/www.youtube.com\\\/channel\\\/UCliiYs-gP3JfJeqdPrNdd5A\"]},{\"@type\":\"Person\",\"@id\":\"https:\\\/\\\/canal7slp.tv\\\/2022\\\/#\\\/schema\\\/person\\\/429704152a21f5f856ce29aa69a238da\",\"name\":\"Edici\u00f3n Web\",\"image\":{\"@type\":\"ImageObject\",\"inLanguage\":\"es\",\"@id\":\"https:\\\/\\\/secure.gravatar.com\\\/avatar\\\/eee448fc3f7164808013b816ba91ac7e43bbe82a70bebac296f8bc6f0addaa1a?s=96&d=mm&r=g\",\"url\":\"https:\\\/\\\/secure.gravatar.com\\\/avatar\\\/eee448fc3f7164808013b816ba91ac7e43bbe82a70bebac296f8bc6f0addaa1a?s=96&d=mm&r=g\",\"contentUrl\":\"https:\\\/\\\/secure.gravatar.com\\\/avatar\\\/eee448fc3f7164808013b816ba91ac7e43bbe82a70bebac296f8bc6f0addaa1a?s=96&d=mm&r=g\",\"caption\":\"Edici\u00f3n Web\"},\"url\":\"https:\\\/\\\/canal7slp.tv\\\/2022\\\/author\\\/edicionweb\\\/\"}]}<\/script>\n<!-- \/ Yoast SEO plugin. -->","yoast_head_json":{"title":"Brasil reporta su primera muerte por Viruela del Mono - Canal 7 SLP - 2022","robots":{"index":"index","follow":"follow","max-snippet":"max-snippet:-1","max-image-preview":"max-image-preview:large","max-video-preview":"max-video-preview:-1"},"canonical":"https:\/\/canal7slp.tv\/2022\/brasil-reporta-su-primera-muerte-por-viruela-del-mono\/","og_locale":"es_ES","og_type":"article","og_title":"Brasil reporta su primera muerte por Viruela del Mono - Canal 7 SLP - 2022","og_description":"Belo Horizonte.- Autoridades sanitarias de Brasil, confirmaron este 29 de julio la primera muerte por Viruela del Mono en el pa\u00eds, mientas que los casos positivos ascienden a 978, la mayor\u00eda de estos en Sau Paulo y R\u00edo de Janeiro. La defunci\u00f3n corresponde a un hombre de 41 a\u00f1os con graves problemas inmunitarios, el cual fue ingresado en el Hospital Eduardo de Menezes, en Belo Horizonte. Cabe se\u00f1alar que la enfermedad comienza con fiebre, dolor de cabeza, dolores musculares, agotamiento e inflamaci\u00f3n de los ganglios linf\u00e1ticos. Pese a que la misma puede llegar a ser mortal, suele ser m\u00e1s leve [&hellip;]","og_url":"https:\/\/canal7slp.tv\/2022\/brasil-reporta-su-primera-muerte-por-viruela-del-mono\/","og_site_name":"Canal 7 SLP - 2022","article_publisher":"https:\/\/www.facebook.com\/noticieroscanalsiete","article_published_time":"2022-07-29T20:57:20+00:00","og_image":[{"width":1920,"height":1080,"url":"https:\/\/canal7slp.tv\/2022\/wp-content\/uploads\/2022\/07\/05-20.jpg","type":"image\/jpeg"}],"author":"Edici\u00f3n Web","twitter_card":"summary_large_image","twitter_creator":"@NOTICIEROS7","twitter_site":"@NOTICIEROS7","twitter_misc":{"Escrito por":"Edici\u00f3n Web","Tiempo de lectura":"1 minuto"},"schema":{"@context":"https:\/\/schema.org","@graph":[{"@type":"Article","@id":"https:\/\/canal7slp.tv\/2022\/brasil-reporta-su-primera-muerte-por-viruela-del-mono\/#article","isPartOf":{"@id":"https:\/\/canal7slp.tv\/2022\/brasil-reporta-su-primera-muerte-por-viruela-del-mono\/"},"author":{"name":"Edici\u00f3n Web","@id":"https:\/\/canal7slp.tv\/2022\/#\/schema\/person\/429704152a21f5f856ce29aa69a238da"},"headline":"Brasil reporta su primera muerte por Viruela del Mono","datePublished":"2022-07-29T20:57:20+00:00","mainEntityOfPage":{"@id":"https:\/\/canal7slp.tv\/2022\/brasil-reporta-su-primera-muerte-por-viruela-del-mono\/"},"wordCount":119,"publisher":{"@id":"https:\/\/canal7slp.tv\/2022\/#organization"},"image":{"@id":"https:\/\/canal7slp.tv\/2022\/brasil-reporta-su-primera-muerte-por-viruela-del-mono\/#primaryimage"},"thumbnailUrl":"https:\/\/canal7slp.tv\/2022\/wp-content\/uploads\/2022\/07\/05-20.jpg","articleSection":["INTERNACIONALES"],"inLanguage":"es"},{"@type":"WebPage","@id":"https:\/\/canal7slp.tv\/2022\/brasil-reporta-su-primera-muerte-por-viruela-del-mono\/","url":"https:\/\/canal7slp.tv\/2022\/brasil-reporta-su-primera-muerte-por-viruela-del-mono\/","name":"Brasil reporta su primera muerte por Viruela del Mono - Canal 7 SLP - 2022","isPartOf":{"@id":"https:\/\/canal7slp.tv\/2022\/#website"},"primaryImageOfPage":{"@id":"https:\/\/canal7slp.tv\/2022\/brasil-reporta-su-primera-muerte-por-viruela-del-mono\/#primaryimage"},"image":{"@id":"https:\/\/canal7slp.tv\/2022\/brasil-reporta-su-primera-muerte-por-viruela-del-mono\/#primaryimage"},"thumbnailUrl":"https:\/\/canal7slp.tv\/2022\/wp-content\/uploads\/2022\/07\/05-20.jpg","datePublished":"2022-07-29T20:57:20+00:00","breadcrumb":{"@id":"https:\/\/canal7slp.tv\/2022\/brasil-reporta-su-primera-muerte-por-viruela-del-mono\/#breadcrumb"},"inLanguage":"es","potentialAction":[{"@type":"ReadAction","target":["https:\/\/canal7slp.tv\/2022\/brasil-reporta-su-primera-muerte-por-viruela-del-mono\/"]}]},{"@type":"ImageObject","inLanguage":"es","@id":"https:\/\/canal7slp.tv\/2022\/brasil-reporta-su-primera-muerte-por-viruela-del-mono\/#primaryimage","url":"https:\/\/canal7slp.tv\/2022\/wp-content\/uploads\/2022\/07\/05-20.jpg","contentUrl":"https:\/\/canal7slp.tv\/2022\/wp-content\/uploads\/2022\/07\/05-20.jpg","width":1920,"height":1080},{"@type":"BreadcrumbList","@id":"https:\/\/canal7slp.tv\/2022\/brasil-reporta-su-primera-muerte-por-viruela-del-mono\/#breadcrumb","itemListElement":[{"@type":"ListItem","position":1,"name":"Portada","item":"https:\/\/canal7slp.tv\/2022\/"},{"@type":"ListItem","position":2,"name":"Brasil reporta su primera muerte por Viruela del Mono"}]},{"@type":"WebSite","@id":"https:\/\/canal7slp.tv\/2022\/#website","url":"https:\/\/canal7slp.tv\/2022\/","name":"N7 - Noticieros Canal 7","description":"Somos Televisi\u00f3n","publisher":{"@id":"https:\/\/canal7slp.tv\/2022\/#organization"},"potentialAction":[{"@type":"SearchAction","target":{"@type":"EntryPoint","urlTemplate":"https:\/\/canal7slp.tv\/2022\/?s={search_term_string}"},"query-input":{"@type":"PropertyValueSpecification","valueRequired":true,"valueName":"search_term_string"}}],"inLanguage":"es"},{"@type":"Organization","@id":"https:\/\/canal7slp.tv\/2022\/#organization","name":"Noticieros Canal 7","url":"https:\/\/canal7slp.tv\/2022\/","logo":{"@type":"ImageObject","inLanguage":"es","@id":"https:\/\/canal7slp.tv\/2022\/#\/schema\/logo\/image\/","url":"https:\/\/canal7slp.tv\/2022\/wp-content\/uploads\/2021\/01\/logo-noticieros@2x.png","contentUrl":"https:\/\/canal7slp.tv\/2022\/wp-content\/uploads\/2021\/01\/logo-noticieros@2x.png","width":1017,"height":268,"caption":"Noticieros Canal 7"},"image":{"@id":"https:\/\/canal7slp.tv\/2022\/#\/schema\/logo\/image\/"},"sameAs":["https:\/\/www.facebook.com\/noticieroscanalsiete","https:\/\/x.com\/NOTICIEROS7","https:\/\/www.instagram.com\/canal7_slp","https:\/\/www.youtube.com\/channel\/UCliiYs-gP3JfJeqdPrNdd5A"]},{"@type":"Person","@id":"https:\/\/canal7slp.tv\/2022\/#\/schema\/person\/429704152a21f5f856ce29aa69a238da","name":"Edici\u00f3n Web","image":{"@type":"ImageObject","inLanguage":"es","@id":"https:\/\/secure.gravatar.com\/avatar\/eee448fc3f7164808013b816ba91ac7e43bbe82a70bebac296f8bc6f0addaa1a?s=96&d=mm&r=g","url":"https:\/\/secure.gravatar.com\/avatar\/eee448fc3f7164808013b816ba91ac7e43bbe82a70bebac296f8bc6f0addaa1a?s=96&d=mm&r=g","contentUrl":"https:\/\/secure.gravatar.com\/avatar\/eee448fc3f7164808013b816ba91ac7e43bbe82a70bebac296f8bc6f0addaa1a?s=96&d=mm&r=g","caption":"Edici\u00f3n Web"},"url":"https:\/\/canal7slp.tv\/2022\/author\/edicionweb\/"}]}},"amp_enabled":true,"_links":{"self":[{"href":"https:\/\/canal7slp.tv\/2022\/wp-json\/wp\/v2\/posts\/68033","targetHints":{"allow":["GET"]}}],"collection":[{"href":"https:\/\/canal7slp.tv\/2022\/wp-json\/wp\/v2\/posts"}],"about":[{"href":"https:\/\/canal7slp.tv\/2022\/wp-json\/wp\/v2\/types\/post"}],"author":[{"embeddable":true,"href":"https:\/\/canal7slp.tv\/2022\/wp-json\/wp\/v2\/users\/2"}],"replies":[{"embeddable":true,"href":"https:\/\/canal7slp.tv\/2022\/wp-json\/wp\/v2\/comments?post=68033"}],"version-history":[{"count":2,"href":"https:\/\/canal7slp.tv\/2022\/wp-json\/wp\/v2\/posts\/68033\/revisions"}],"predecessor-version":[{"id":68042,"href":"https:\/\/canal7slp.tv\/2022\/wp-json\/wp\/v2\/posts\/68033\/revisions\/68042"}],"wp:featuredmedia":[{"embeddable":true,"href":"https:\/\/canal7slp.tv\/2022\/wp-json\/wp\/v2\/media\/68039"}],"wp:attachment":[{"href":"https:\/\/canal7slp.tv\/2022\/wp-json\/wp\/v2\/media?parent=68033"}],"wp:term":[{"taxonomy":"category","embeddable":true,"href":"https:\/\/canal7slp.tv\/2022\/wp-json\/wp\/v2\/categories?post=68033"},{"taxonomy":"post_tag","embeddable":true,"href":"https:\/\/canal7slp.tv\/2022\/wp-json\/wp\/v2\/tags?post=68033"}],"curies":[{"name":"wp","href":"https:\/\/api.w.org\/{rel}","templated":true}]}}