{"id":68009,"date":"2022-07-29T13:07:09","date_gmt":"2022-07-29T19:07:09","guid":{"rendered":"https:\/\/canal7slp.tv\/2022\/?p=68009"},"modified":"2022-07-29T13:07:09","modified_gmt":"2022-07-29T19:07:09","slug":"la-boquilla-a-todo-color-se-llevara-a-cabo-en-rioverde-este-30-y-31-de-julio","status":"publish","type":"post","link":"https:\/\/canal7slp.tv\/2022\/la-boquilla-a-todo-color-se-llevara-a-cabo-en-rioverde-este-30-y-31-de-julio\/","title":{"rendered":"\u201cLa Boquilla A todo color\u201d se llevar\u00e1 a cabo en Rioverde este 30 y 31 de julio."},"content":{"rendered":"<p style=\"text-align: justify;\">SLP.- Se llevara a cabo el festival cultural y deportivo \u201cLa Boquilla a todo color\u201d en la comunidad de Ildefonso Turrubiartes Rioverde SLP. , la cual se realizara el pr\u00f3ximo 30 y 31 de julio del presente a\u00f1o, frente al casco de la ex Hacienda de La Boquilla.<\/p>\n<p style=\"text-align: justify;\">El festival ser\u00e1 de dos d\u00edas iniciando el s\u00e1bado 30 de julio desde las seis de la tarde, con una ruta de senderismo de dos kil\u00f3metros: \u00abRuta del Nahual\u00bb.<\/p>\n<p style=\"text-align: justify;\">El domingo 31 de se llevara a cabo la \u201cCompetencia de Cross Country de Ciclismo de MTB (ciclismo de monta\u00f1a)\u201d que iniciar\u00e1 a partir de las ocho y media de la ma\u00f1ana y recorrer\u00e1 un circuito de seis kil\u00f3metros, contando con diferentes categor\u00edas.<\/p>\n","protected":false},"excerpt":{"rendered":"<p>SLP.- Se llevara a cabo el festival cultural y deportivo \u201cLa Boquilla a todo color\u201d en la comunidad de Ildefonso Turrubiartes Rioverde SLP. , la cual se realizara el pr\u00f3ximo 30 y 31 de julio del presente a\u00f1o, frente al casco de la ex Hacienda de La Boquilla. El festival ser\u00e1 de dos d\u00edas iniciando el s\u00e1bado 30 de julio desde las seis de la tarde, con una ruta de senderismo de dos kil\u00f3metros: \u00abRuta del Nahual\u00bb. El domingo 31 de se llevara a cabo la \u201cCompetencia de Cross Country de Ciclismo de MTB (ciclismo de monta\u00f1a)\u201d que iniciar\u00e1 a [&hellip;]<\/p>\n","protected":false},"author":2,"featured_media":68018,"comment_status":"closed","ping_status":"closed","sticky":false,"template":"","format":"video","meta":{"footnotes":""},"categories":[7,5],"tags":[],"class_list":["post-68009","post","type-post","status-publish","format-video","has-post-thumbnail","hentry","category-deportes","category-destacadas","post_format-post-format-video","post--single"],"yoast_head":"<!-- This site is optimized with the Yoast SEO plugin v27.5 - https:\/\/yoast.com\/product\/yoast-seo-wordpress\/ -->\n<title>\u201cLa Boquilla A todo color\u201d se llevar\u00e1 a cabo en Rioverde este 30 y 31 de julio. - Canal 7 SLP - 2022<\/title>\n<meta name=\"robots\" content=\"index, follow, max-snippet:-1, max-image-preview:large, max-video-preview:-1\" \/>\n<link rel=\"canonical\" href=\"https:\/\/canal7slp.tv\/2022\/la-boquilla-a-todo-color-se-llevara-a-cabo-en-rioverde-este-30-y-31-de-julio\/\" \/>\n<meta property=\"og:locale\" content=\"es_ES\" \/>\n<meta property=\"og:type\" content=\"article\" \/>\n<meta property=\"og:title\" content=\"\u201cLa Boquilla A todo color\u201d se llevar\u00e1 a cabo en Rioverde este 30 y 31 de julio. - Canal 7 SLP - 2022\" \/>\n<meta property=\"og:description\" content=\"SLP.- Se llevara a cabo el festival cultural y deportivo \u201cLa Boquilla a todo color\u201d en la comunidad de Ildefonso Turrubiartes Rioverde SLP. , la cual se realizara el pr\u00f3ximo 30 y 31 de julio del presente a\u00f1o, frente al casco de la ex Hacienda de La Boquilla. El festival ser\u00e1 de dos d\u00edas iniciando el s\u00e1bado 30 de julio desde las seis de la tarde, con una ruta de senderismo de dos kil\u00f3metros: \u00abRuta del Nahual\u00bb. El domingo 31 de se llevara a cabo la \u201cCompetencia de Cross Country de Ciclismo de MTB (ciclismo de monta\u00f1a)\u201d que iniciar\u00e1 a [&hellip;]\" \/>\n<meta property=\"og:url\" content=\"https:\/\/canal7slp.tv\/2022\/la-boquilla-a-todo-color-se-llevara-a-cabo-en-rioverde-este-30-y-31-de-julio\/\" \/>\n<meta property=\"og:site_name\" content=\"Canal 7 SLP - 2022\" \/>\n<meta property=\"article:publisher\" content=\"https:\/\/www.facebook.com\/noticieroscanalsiete\" \/>\n<meta property=\"article:published_time\" content=\"2022-07-29T19:07:09+00:00\" \/>\n<meta property=\"og:image\" content=\"https:\/\/canal7slp.tv\/2022\/wp-content\/uploads\/2022\/07\/Froi03Boquilla.jpg\" \/>\n\t<meta property=\"og:image:width\" content=\"888\" \/>\n\t<meta property=\"og:image:height\" content=\"500\" \/>\n\t<meta property=\"og:image:type\" content=\"image\/jpeg\" \/>\n<meta name=\"author\" content=\"Edici\u00f3n Web\" \/>\n<meta name=\"twitter:card\" content=\"summary_large_image\" \/>\n<meta name=\"twitter:creator\" content=\"@NOTICIEROS7\" \/>\n<meta name=\"twitter:site\" content=\"@NOTICIEROS7\" \/>\n<meta name=\"twitter:label1\" content=\"Escrito por\" \/>\n\t<meta name=\"twitter:data1\" content=\"Edici\u00f3n Web\" \/>\n\t<meta name=\"twitter:label2\" content=\"Tiempo de lectura\" \/>\n\t<meta name=\"twitter:data2\" content=\"1 minuto\" \/>\n<script type=\"application\/ld+json\" class=\"yoast-schema-graph\">{\"@context\":\"https:\\\/\\\/schema.org\",\"@graph\":[{\"@type\":\"Article\",\"@id\":\"https:\\\/\\\/canal7slp.tv\\\/2022\\\/la-boquilla-a-todo-color-se-llevara-a-cabo-en-rioverde-este-30-y-31-de-julio\\\/#article\",\"isPartOf\":{\"@id\":\"https:\\\/\\\/canal7slp.tv\\\/2022\\\/la-boquilla-a-todo-color-se-llevara-a-cabo-en-rioverde-este-30-y-31-de-julio\\\/\"},\"author\":{\"name\":\"Edici\u00f3n Web\",\"@id\":\"https:\\\/\\\/canal7slp.tv\\\/2022\\\/#\\\/schema\\\/person\\\/429704152a21f5f856ce29aa69a238da\"},\"headline\":\"\u201cLa Boquilla A todo color\u201d se llevar\u00e1 a cabo en Rioverde este 30 y 31 de julio.\",\"datePublished\":\"2022-07-29T19:07:09+00:00\",\"mainEntityOfPage\":{\"@id\":\"https:\\\/\\\/canal7slp.tv\\\/2022\\\/la-boquilla-a-todo-color-se-llevara-a-cabo-en-rioverde-este-30-y-31-de-julio\\\/\"},\"wordCount\":140,\"publisher\":{\"@id\":\"https:\\\/\\\/canal7slp.tv\\\/2022\\\/#organization\"},\"image\":{\"@id\":\"https:\\\/\\\/canal7slp.tv\\\/2022\\\/la-boquilla-a-todo-color-se-llevara-a-cabo-en-rioverde-este-30-y-31-de-julio\\\/#primaryimage\"},\"thumbnailUrl\":\"https:\\\/\\\/canal7slp.tv\\\/2022\\\/wp-content\\\/uploads\\\/2022\\\/07\\\/Froi03Boquilla.jpg\",\"articleSection\":[\"DEPORTES\",\"DESTACADAS\"],\"inLanguage\":\"es\"},{\"@type\":\"WebPage\",\"@id\":\"https:\\\/\\\/canal7slp.tv\\\/2022\\\/la-boquilla-a-todo-color-se-llevara-a-cabo-en-rioverde-este-30-y-31-de-julio\\\/\",\"url\":\"https:\\\/\\\/canal7slp.tv\\\/2022\\\/la-boquilla-a-todo-color-se-llevara-a-cabo-en-rioverde-este-30-y-31-de-julio\\\/\",\"name\":\"\u201cLa Boquilla A todo color\u201d se llevar\u00e1 a cabo en Rioverde este 30 y 31 de julio. - Canal 7 SLP - 2022\",\"isPartOf\":{\"@id\":\"https:\\\/\\\/canal7slp.tv\\\/2022\\\/#website\"},\"primaryImageOfPage\":{\"@id\":\"https:\\\/\\\/canal7slp.tv\\\/2022\\\/la-boquilla-a-todo-color-se-llevara-a-cabo-en-rioverde-este-30-y-31-de-julio\\\/#primaryimage\"},\"image\":{\"@id\":\"https:\\\/\\\/canal7slp.tv\\\/2022\\\/la-boquilla-a-todo-color-se-llevara-a-cabo-en-rioverde-este-30-y-31-de-julio\\\/#primaryimage\"},\"thumbnailUrl\":\"https:\\\/\\\/canal7slp.tv\\\/2022\\\/wp-content\\\/uploads\\\/2022\\\/07\\\/Froi03Boquilla.jpg\",\"datePublished\":\"2022-07-29T19:07:09+00:00\",\"breadcrumb\":{\"@id\":\"https:\\\/\\\/canal7slp.tv\\\/2022\\\/la-boquilla-a-todo-color-se-llevara-a-cabo-en-rioverde-este-30-y-31-de-julio\\\/#breadcrumb\"},\"inLanguage\":\"es\",\"potentialAction\":[{\"@type\":\"ReadAction\",\"target\":[\"https:\\\/\\\/canal7slp.tv\\\/2022\\\/la-boquilla-a-todo-color-se-llevara-a-cabo-en-rioverde-este-30-y-31-de-julio\\\/\"]}]},{\"@type\":\"ImageObject\",\"inLanguage\":\"es\",\"@id\":\"https:\\\/\\\/canal7slp.tv\\\/2022\\\/la-boquilla-a-todo-color-se-llevara-a-cabo-en-rioverde-este-30-y-31-de-julio\\\/#primaryimage\",\"url\":\"https:\\\/\\\/canal7slp.tv\\\/2022\\\/wp-content\\\/uploads\\\/2022\\\/07\\\/Froi03Boquilla.jpg\",\"contentUrl\":\"https:\\\/\\\/canal7slp.tv\\\/2022\\\/wp-content\\\/uploads\\\/2022\\\/07\\\/Froi03Boquilla.jpg\",\"width\":888,\"height\":500},{\"@type\":\"BreadcrumbList\",\"@id\":\"https:\\\/\\\/canal7slp.tv\\\/2022\\\/la-boquilla-a-todo-color-se-llevara-a-cabo-en-rioverde-este-30-y-31-de-julio\\\/#breadcrumb\",\"itemListElement\":[{\"@type\":\"ListItem\",\"position\":1,\"name\":\"Portada\",\"item\":\"https:\\\/\\\/canal7slp.tv\\\/2022\\\/\"},{\"@type\":\"ListItem\",\"position\":2,\"name\":\"\u201cLa Boquilla A todo color\u201d se llevar\u00e1 a cabo en Rioverde este 30 y 31 de julio.\"}]},{\"@type\":\"WebSite\",\"@id\":\"https:\\\/\\\/canal7slp.tv\\\/2022\\\/#website\",\"url\":\"https:\\\/\\\/canal7slp.tv\\\/2022\\\/\",\"name\":\"N7 - Noticieros Canal 7\",\"description\":\"Somos Televisi\u00f3n\",\"publisher\":{\"@id\":\"https:\\\/\\\/canal7slp.tv\\\/2022\\\/#organization\"},\"potentialAction\":[{\"@type\":\"SearchAction\",\"target\":{\"@type\":\"EntryPoint\",\"urlTemplate\":\"https:\\\/\\\/canal7slp.tv\\\/2022\\\/?s={search_term_string}\"},\"query-input\":{\"@type\":\"PropertyValueSpecification\",\"valueRequired\":true,\"valueName\":\"search_term_string\"}}],\"inLanguage\":\"es\"},{\"@type\":\"Organization\",\"@id\":\"https:\\\/\\\/canal7slp.tv\\\/2022\\\/#organization\",\"name\":\"Noticieros Canal 7\",\"url\":\"https:\\\/\\\/canal7slp.tv\\\/2022\\\/\",\"logo\":{\"@type\":\"ImageObject\",\"inLanguage\":\"es\",\"@id\":\"https:\\\/\\\/canal7slp.tv\\\/2022\\\/#\\\/schema\\\/logo\\\/image\\\/\",\"url\":\"https:\\\/\\\/canal7slp.tv\\\/2022\\\/wp-content\\\/uploads\\\/2021\\\/01\\\/logo-noticieros@2x.png\",\"contentUrl\":\"https:\\\/\\\/canal7slp.tv\\\/2022\\\/wp-content\\\/uploads\\\/2021\\\/01\\\/logo-noticieros@2x.png\",\"width\":1017,\"height\":268,\"caption\":\"Noticieros Canal 7\"},\"image\":{\"@id\":\"https:\\\/\\\/canal7slp.tv\\\/2022\\\/#\\\/schema\\\/logo\\\/image\\\/\"},\"sameAs\":[\"https:\\\/\\\/www.facebook.com\\\/noticieroscanalsiete\",\"https:\\\/\\\/x.com\\\/NOTICIEROS7\",\"https:\\\/\\\/www.instagram.com\\\/canal7_slp\",\"https:\\\/\\\/www.youtube.com\\\/channel\\\/UCliiYs-gP3JfJeqdPrNdd5A\"]},{\"@type\":\"Person\",\"@id\":\"https:\\\/\\\/canal7slp.tv\\\/2022\\\/#\\\/schema\\\/person\\\/429704152a21f5f856ce29aa69a238da\",\"name\":\"Edici\u00f3n Web\",\"image\":{\"@type\":\"ImageObject\",\"inLanguage\":\"es\",\"@id\":\"https:\\\/\\\/secure.gravatar.com\\\/avatar\\\/eee448fc3f7164808013b816ba91ac7e43bbe82a70bebac296f8bc6f0addaa1a?s=96&d=mm&r=g\",\"url\":\"https:\\\/\\\/secure.gravatar.com\\\/avatar\\\/eee448fc3f7164808013b816ba91ac7e43bbe82a70bebac296f8bc6f0addaa1a?s=96&d=mm&r=g\",\"contentUrl\":\"https:\\\/\\\/secure.gravatar.com\\\/avatar\\\/eee448fc3f7164808013b816ba91ac7e43bbe82a70bebac296f8bc6f0addaa1a?s=96&d=mm&r=g\",\"caption\":\"Edici\u00f3n Web\"},\"url\":\"https:\\\/\\\/canal7slp.tv\\\/2022\\\/author\\\/edicionweb\\\/\"}]}<\/script>\n<!-- \/ Yoast SEO plugin. -->","yoast_head_json":{"title":"\u201cLa Boquilla A todo color\u201d se llevar\u00e1 a cabo en Rioverde este 30 y 31 de julio. - Canal 7 SLP - 2022","robots":{"index":"index","follow":"follow","max-snippet":"max-snippet:-1","max-image-preview":"max-image-preview:large","max-video-preview":"max-video-preview:-1"},"canonical":"https:\/\/canal7slp.tv\/2022\/la-boquilla-a-todo-color-se-llevara-a-cabo-en-rioverde-este-30-y-31-de-julio\/","og_locale":"es_ES","og_type":"article","og_title":"\u201cLa Boquilla A todo color\u201d se llevar\u00e1 a cabo en Rioverde este 30 y 31 de julio. - Canal 7 SLP - 2022","og_description":"SLP.- Se llevara a cabo el festival cultural y deportivo \u201cLa Boquilla a todo color\u201d en la comunidad de Ildefonso Turrubiartes Rioverde SLP. , la cual se realizara el pr\u00f3ximo 30 y 31 de julio del presente a\u00f1o, frente al casco de la ex Hacienda de La Boquilla. El festival ser\u00e1 de dos d\u00edas iniciando el s\u00e1bado 30 de julio desde las seis de la tarde, con una ruta de senderismo de dos kil\u00f3metros: \u00abRuta del Nahual\u00bb. El domingo 31 de se llevara a cabo la \u201cCompetencia de Cross Country de Ciclismo de MTB (ciclismo de monta\u00f1a)\u201d que iniciar\u00e1 a [&hellip;]","og_url":"https:\/\/canal7slp.tv\/2022\/la-boquilla-a-todo-color-se-llevara-a-cabo-en-rioverde-este-30-y-31-de-julio\/","og_site_name":"Canal 7 SLP - 2022","article_publisher":"https:\/\/www.facebook.com\/noticieroscanalsiete","article_published_time":"2022-07-29T19:07:09+00:00","og_image":[{"width":888,"height":500,"url":"https:\/\/canal7slp.tv\/2022\/wp-content\/uploads\/2022\/07\/Froi03Boquilla.jpg","type":"image\/jpeg"}],"author":"Edici\u00f3n Web","twitter_card":"summary_large_image","twitter_creator":"@NOTICIEROS7","twitter_site":"@NOTICIEROS7","twitter_misc":{"Escrito por":"Edici\u00f3n Web","Tiempo de lectura":"1 minuto"},"schema":{"@context":"https:\/\/schema.org","@graph":[{"@type":"Article","@id":"https:\/\/canal7slp.tv\/2022\/la-boquilla-a-todo-color-se-llevara-a-cabo-en-rioverde-este-30-y-31-de-julio\/#article","isPartOf":{"@id":"https:\/\/canal7slp.tv\/2022\/la-boquilla-a-todo-color-se-llevara-a-cabo-en-rioverde-este-30-y-31-de-julio\/"},"author":{"name":"Edici\u00f3n Web","@id":"https:\/\/canal7slp.tv\/2022\/#\/schema\/person\/429704152a21f5f856ce29aa69a238da"},"headline":"\u201cLa Boquilla A todo color\u201d se llevar\u00e1 a cabo en Rioverde este 30 y 31 de julio.","datePublished":"2022-07-29T19:07:09+00:00","mainEntityOfPage":{"@id":"https:\/\/canal7slp.tv\/2022\/la-boquilla-a-todo-color-se-llevara-a-cabo-en-rioverde-este-30-y-31-de-julio\/"},"wordCount":140,"publisher":{"@id":"https:\/\/canal7slp.tv\/2022\/#organization"},"image":{"@id":"https:\/\/canal7slp.tv\/2022\/la-boquilla-a-todo-color-se-llevara-a-cabo-en-rioverde-este-30-y-31-de-julio\/#primaryimage"},"thumbnailUrl":"https:\/\/canal7slp.tv\/2022\/wp-content\/uploads\/2022\/07\/Froi03Boquilla.jpg","articleSection":["DEPORTES","DESTACADAS"],"inLanguage":"es"},{"@type":"WebPage","@id":"https:\/\/canal7slp.tv\/2022\/la-boquilla-a-todo-color-se-llevara-a-cabo-en-rioverde-este-30-y-31-de-julio\/","url":"https:\/\/canal7slp.tv\/2022\/la-boquilla-a-todo-color-se-llevara-a-cabo-en-rioverde-este-30-y-31-de-julio\/","name":"\u201cLa Boquilla A todo color\u201d se llevar\u00e1 a cabo en Rioverde este 30 y 31 de julio. - Canal 7 SLP - 2022","isPartOf":{"@id":"https:\/\/canal7slp.tv\/2022\/#website"},"primaryImageOfPage":{"@id":"https:\/\/canal7slp.tv\/2022\/la-boquilla-a-todo-color-se-llevara-a-cabo-en-rioverde-este-30-y-31-de-julio\/#primaryimage"},"image":{"@id":"https:\/\/canal7slp.tv\/2022\/la-boquilla-a-todo-color-se-llevara-a-cabo-en-rioverde-este-30-y-31-de-julio\/#primaryimage"},"thumbnailUrl":"https:\/\/canal7slp.tv\/2022\/wp-content\/uploads\/2022\/07\/Froi03Boquilla.jpg","datePublished":"2022-07-29T19:07:09+00:00","breadcrumb":{"@id":"https:\/\/canal7slp.tv\/2022\/la-boquilla-a-todo-color-se-llevara-a-cabo-en-rioverde-este-30-y-31-de-julio\/#breadcrumb"},"inLanguage":"es","potentialAction":[{"@type":"ReadAction","target":["https:\/\/canal7slp.tv\/2022\/la-boquilla-a-todo-color-se-llevara-a-cabo-en-rioverde-este-30-y-31-de-julio\/"]}]},{"@type":"ImageObject","inLanguage":"es","@id":"https:\/\/canal7slp.tv\/2022\/la-boquilla-a-todo-color-se-llevara-a-cabo-en-rioverde-este-30-y-31-de-julio\/#primaryimage","url":"https:\/\/canal7slp.tv\/2022\/wp-content\/uploads\/2022\/07\/Froi03Boquilla.jpg","contentUrl":"https:\/\/canal7slp.tv\/2022\/wp-content\/uploads\/2022\/07\/Froi03Boquilla.jpg","width":888,"height":500},{"@type":"BreadcrumbList","@id":"https:\/\/canal7slp.tv\/2022\/la-boquilla-a-todo-color-se-llevara-a-cabo-en-rioverde-este-30-y-31-de-julio\/#breadcrumb","itemListElement":[{"@type":"ListItem","position":1,"name":"Portada","item":"https:\/\/canal7slp.tv\/2022\/"},{"@type":"ListItem","position":2,"name":"\u201cLa Boquilla A todo color\u201d se llevar\u00e1 a cabo en Rioverde este 30 y 31 de julio."}]},{"@type":"WebSite","@id":"https:\/\/canal7slp.tv\/2022\/#website","url":"https:\/\/canal7slp.tv\/2022\/","name":"N7 - Noticieros Canal 7","description":"Somos Televisi\u00f3n","publisher":{"@id":"https:\/\/canal7slp.tv\/2022\/#organization"},"potentialAction":[{"@type":"SearchAction","target":{"@type":"EntryPoint","urlTemplate":"https:\/\/canal7slp.tv\/2022\/?s={search_term_string}"},"query-input":{"@type":"PropertyValueSpecification","valueRequired":true,"valueName":"search_term_string"}}],"inLanguage":"es"},{"@type":"Organization","@id":"https:\/\/canal7slp.tv\/2022\/#organization","name":"Noticieros Canal 7","url":"https:\/\/canal7slp.tv\/2022\/","logo":{"@type":"ImageObject","inLanguage":"es","@id":"https:\/\/canal7slp.tv\/2022\/#\/schema\/logo\/image\/","url":"https:\/\/canal7slp.tv\/2022\/wp-content\/uploads\/2021\/01\/logo-noticieros@2x.png","contentUrl":"https:\/\/canal7slp.tv\/2022\/wp-content\/uploads\/2021\/01\/logo-noticieros@2x.png","width":1017,"height":268,"caption":"Noticieros Canal 7"},"image":{"@id":"https:\/\/canal7slp.tv\/2022\/#\/schema\/logo\/image\/"},"sameAs":["https:\/\/www.facebook.com\/noticieroscanalsiete","https:\/\/x.com\/NOTICIEROS7","https:\/\/www.instagram.com\/canal7_slp","https:\/\/www.youtube.com\/channel\/UCliiYs-gP3JfJeqdPrNdd5A"]},{"@type":"Person","@id":"https:\/\/canal7slp.tv\/2022\/#\/schema\/person\/429704152a21f5f856ce29aa69a238da","name":"Edici\u00f3n Web","image":{"@type":"ImageObject","inLanguage":"es","@id":"https:\/\/secure.gravatar.com\/avatar\/eee448fc3f7164808013b816ba91ac7e43bbe82a70bebac296f8bc6f0addaa1a?s=96&d=mm&r=g","url":"https:\/\/secure.gravatar.com\/avatar\/eee448fc3f7164808013b816ba91ac7e43bbe82a70bebac296f8bc6f0addaa1a?s=96&d=mm&r=g","contentUrl":"https:\/\/secure.gravatar.com\/avatar\/eee448fc3f7164808013b816ba91ac7e43bbe82a70bebac296f8bc6f0addaa1a?s=96&d=mm&r=g","caption":"Edici\u00f3n Web"},"url":"https:\/\/canal7slp.tv\/2022\/author\/edicionweb\/"}]}},"amp_enabled":true,"_links":{"self":[{"href":"https:\/\/canal7slp.tv\/2022\/wp-json\/wp\/v2\/posts\/68009","targetHints":{"allow":["GET"]}}],"collection":[{"href":"https:\/\/canal7slp.tv\/2022\/wp-json\/wp\/v2\/posts"}],"about":[{"href":"https:\/\/canal7slp.tv\/2022\/wp-json\/wp\/v2\/types\/post"}],"author":[{"embeddable":true,"href":"https:\/\/canal7slp.tv\/2022\/wp-json\/wp\/v2\/users\/2"}],"replies":[{"embeddable":true,"href":"https:\/\/canal7slp.tv\/2022\/wp-json\/wp\/v2\/comments?post=68009"}],"version-history":[{"count":2,"href":"https:\/\/canal7slp.tv\/2022\/wp-json\/wp\/v2\/posts\/68009\/revisions"}],"predecessor-version":[{"id":68019,"href":"https:\/\/canal7slp.tv\/2022\/wp-json\/wp\/v2\/posts\/68009\/revisions\/68019"}],"wp:featuredmedia":[{"embeddable":true,"href":"https:\/\/canal7slp.tv\/2022\/wp-json\/wp\/v2\/media\/68018"}],"wp:attachment":[{"href":"https:\/\/canal7slp.tv\/2022\/wp-json\/wp\/v2\/media?parent=68009"}],"wp:term":[{"taxonomy":"category","embeddable":true,"href":"https:\/\/canal7slp.tv\/2022\/wp-json\/wp\/v2\/categories?post=68009"},{"taxonomy":"post_tag","embeddable":true,"href":"https:\/\/canal7slp.tv\/2022\/wp-json\/wp\/v2\/tags?post=68009"}],"curies":[{"name":"wp","href":"https:\/\/api.w.org\/{rel}","templated":true}]}}