{"id":65729,"date":"2022-07-06T09:47:13","date_gmt":"2022-07-06T15:47:13","guid":{"rendered":"https:\/\/canal7slp.tv\/2022\/?p=65729"},"modified":"2022-07-06T09:47:13","modified_gmt":"2022-07-06T15:47:13","slug":"gobernador-ricardo-gallardo-da-positivo-a-covid-19","status":"publish","type":"post","link":"https:\/\/canal7slp.tv\/2022\/gobernador-ricardo-gallardo-da-positivo-a-covid-19\/","title":{"rendered":"Gobernador Ricardo Gallardo da positivo a COVID-19"},"content":{"rendered":"<p style=\"text-align: justify;\">SLP.- El gobernador del estado de San Luis Potos\u00ed, Jos\u00e9 Ricardo Gallardo Cardona, inform\u00f3 por medio de sus redes sociales haber dado positivo al virus de la covid-19.<\/p>\n<p style=\"text-align: justify;\">Seg\u00fan se refiere, el mandatario presenta s\u00edntomas leves y ya se encuentra aislado para continuar con su trabajo desde casa y al mismo tiempo evitar la propagaci\u00f3n de la enfermedad.<\/p>\n<p style=\"text-align: justify;\">De acuerdo con su publicaci\u00f3n, es la primera vez que el funcionario se contagia por esta enfermedad, por lo que se estar\u00e1 monitoreando su estado de salud.<\/p>\n<p style=\"text-align: justify;\">Gallardo Cardona public\u00f3 una foto de los resultados de su prueba de detecci\u00f3n previo a las actividades que ya se ten\u00edan agendadas para el d\u00eda de hoy, entre ellas, la inauguraci\u00f3n de una tortiller\u00eda en la colonia Las Julias.<\/p>\n","protected":false},"excerpt":{"rendered":"<p>SLP.- El gobernador del estado de San Luis Potos\u00ed, Jos\u00e9 Ricardo Gallardo Cardona, inform\u00f3 por medio de sus redes sociales haber dado positivo al virus de la covid-19. Seg\u00fan se refiere, el mandatario presenta s\u00edntomas leves y ya se encuentra aislado para continuar con su trabajo desde casa y al mismo tiempo evitar la propagaci\u00f3n de la enfermedad. De acuerdo con su publicaci\u00f3n, es la primera vez que el funcionario se contagia por esta enfermedad, por lo que se estar\u00e1 monitoreando su estado de salud. Gallardo Cardona public\u00f3 una foto de los resultados de su prueba de detecci\u00f3n previo a [&hellip;]<\/p>\n","protected":false},"author":2,"featured_media":65732,"comment_status":"closed","ping_status":"closed","sticky":false,"template":"","format":"standard","meta":{"footnotes":""},"categories":[45],"tags":[],"class_list":["post-65729","post","type-post","status-publish","format-standard","has-post-thumbnail","hentry","category-localesyregionales","post--single"],"yoast_head":"<!-- This site is optimized with the Yoast SEO plugin v27.5 - https:\/\/yoast.com\/product\/yoast-seo-wordpress\/ -->\n<title>Gobernador Ricardo Gallardo da positivo a COVID-19 - Canal 7 SLP - 2022<\/title>\n<meta name=\"robots\" content=\"index, follow, max-snippet:-1, max-image-preview:large, max-video-preview:-1\" \/>\n<link rel=\"canonical\" href=\"https:\/\/canal7slp.tv\/2022\/gobernador-ricardo-gallardo-da-positivo-a-covid-19\/\" \/>\n<meta property=\"og:locale\" content=\"es_ES\" \/>\n<meta property=\"og:type\" content=\"article\" \/>\n<meta property=\"og:title\" content=\"Gobernador Ricardo Gallardo da positivo a COVID-19 - Canal 7 SLP - 2022\" \/>\n<meta property=\"og:description\" content=\"SLP.- El gobernador del estado de San Luis Potos\u00ed, Jos\u00e9 Ricardo Gallardo Cardona, inform\u00f3 por medio de sus redes sociales haber dado positivo al virus de la covid-19. Seg\u00fan se refiere, el mandatario presenta s\u00edntomas leves y ya se encuentra aislado para continuar con su trabajo desde casa y al mismo tiempo evitar la propagaci\u00f3n de la enfermedad. De acuerdo con su publicaci\u00f3n, es la primera vez que el funcionario se contagia por esta enfermedad, por lo que se estar\u00e1 monitoreando su estado de salud. Gallardo Cardona public\u00f3 una foto de los resultados de su prueba de detecci\u00f3n previo a [&hellip;]\" \/>\n<meta property=\"og:url\" content=\"https:\/\/canal7slp.tv\/2022\/gobernador-ricardo-gallardo-da-positivo-a-covid-19\/\" \/>\n<meta property=\"og:site_name\" content=\"Canal 7 SLP - 2022\" \/>\n<meta property=\"article:publisher\" content=\"https:\/\/www.facebook.com\/noticieroscanalsiete\" \/>\n<meta property=\"article:published_time\" content=\"2022-07-06T15:47:13+00:00\" \/>\n<meta property=\"og:image\" content=\"https:\/\/canal7slp.tv\/2022\/wp-content\/uploads\/2022\/07\/RGCovidB.png\" \/>\n\t<meta property=\"og:image:width\" content=\"1798\" \/>\n\t<meta property=\"og:image:height\" content=\"1250\" \/>\n\t<meta property=\"og:image:type\" content=\"image\/png\" \/>\n<meta name=\"author\" content=\"Edici\u00f3n Web\" \/>\n<meta name=\"twitter:card\" content=\"summary_large_image\" \/>\n<meta name=\"twitter:creator\" content=\"@NOTICIEROS7\" \/>\n<meta name=\"twitter:site\" content=\"@NOTICIEROS7\" \/>\n<meta name=\"twitter:label1\" content=\"Escrito por\" \/>\n\t<meta name=\"twitter:data1\" content=\"Edici\u00f3n Web\" \/>\n\t<meta name=\"twitter:label2\" content=\"Tiempo de lectura\" \/>\n\t<meta name=\"twitter:data2\" content=\"1 minuto\" \/>\n<script type=\"application\/ld+json\" class=\"yoast-schema-graph\">{\"@context\":\"https:\\\/\\\/schema.org\",\"@graph\":[{\"@type\":\"Article\",\"@id\":\"https:\\\/\\\/canal7slp.tv\\\/2022\\\/gobernador-ricardo-gallardo-da-positivo-a-covid-19\\\/#article\",\"isPartOf\":{\"@id\":\"https:\\\/\\\/canal7slp.tv\\\/2022\\\/gobernador-ricardo-gallardo-da-positivo-a-covid-19\\\/\"},\"author\":{\"name\":\"Edici\u00f3n Web\",\"@id\":\"https:\\\/\\\/canal7slp.tv\\\/2022\\\/#\\\/schema\\\/person\\\/429704152a21f5f856ce29aa69a238da\"},\"headline\":\"Gobernador Ricardo Gallardo da positivo a COVID-19\",\"datePublished\":\"2022-07-06T15:47:13+00:00\",\"mainEntityOfPage\":{\"@id\":\"https:\\\/\\\/canal7slp.tv\\\/2022\\\/gobernador-ricardo-gallardo-da-positivo-a-covid-19\\\/\"},\"wordCount\":141,\"publisher\":{\"@id\":\"https:\\\/\\\/canal7slp.tv\\\/2022\\\/#organization\"},\"image\":{\"@id\":\"https:\\\/\\\/canal7slp.tv\\\/2022\\\/gobernador-ricardo-gallardo-da-positivo-a-covid-19\\\/#primaryimage\"},\"thumbnailUrl\":\"https:\\\/\\\/canal7slp.tv\\\/2022\\\/wp-content\\\/uploads\\\/2022\\\/07\\\/RGCovidB.png\",\"articleSection\":[\"LOCALES Y REGIONALES\"],\"inLanguage\":\"es\"},{\"@type\":\"WebPage\",\"@id\":\"https:\\\/\\\/canal7slp.tv\\\/2022\\\/gobernador-ricardo-gallardo-da-positivo-a-covid-19\\\/\",\"url\":\"https:\\\/\\\/canal7slp.tv\\\/2022\\\/gobernador-ricardo-gallardo-da-positivo-a-covid-19\\\/\",\"name\":\"Gobernador Ricardo Gallardo da positivo a COVID-19 - Canal 7 SLP - 2022\",\"isPartOf\":{\"@id\":\"https:\\\/\\\/canal7slp.tv\\\/2022\\\/#website\"},\"primaryImageOfPage\":{\"@id\":\"https:\\\/\\\/canal7slp.tv\\\/2022\\\/gobernador-ricardo-gallardo-da-positivo-a-covid-19\\\/#primaryimage\"},\"image\":{\"@id\":\"https:\\\/\\\/canal7slp.tv\\\/2022\\\/gobernador-ricardo-gallardo-da-positivo-a-covid-19\\\/#primaryimage\"},\"thumbnailUrl\":\"https:\\\/\\\/canal7slp.tv\\\/2022\\\/wp-content\\\/uploads\\\/2022\\\/07\\\/RGCovidB.png\",\"datePublished\":\"2022-07-06T15:47:13+00:00\",\"breadcrumb\":{\"@id\":\"https:\\\/\\\/canal7slp.tv\\\/2022\\\/gobernador-ricardo-gallardo-da-positivo-a-covid-19\\\/#breadcrumb\"},\"inLanguage\":\"es\",\"potentialAction\":[{\"@type\":\"ReadAction\",\"target\":[\"https:\\\/\\\/canal7slp.tv\\\/2022\\\/gobernador-ricardo-gallardo-da-positivo-a-covid-19\\\/\"]}]},{\"@type\":\"ImageObject\",\"inLanguage\":\"es\",\"@id\":\"https:\\\/\\\/canal7slp.tv\\\/2022\\\/gobernador-ricardo-gallardo-da-positivo-a-covid-19\\\/#primaryimage\",\"url\":\"https:\\\/\\\/canal7slp.tv\\\/2022\\\/wp-content\\\/uploads\\\/2022\\\/07\\\/RGCovidB.png\",\"contentUrl\":\"https:\\\/\\\/canal7slp.tv\\\/2022\\\/wp-content\\\/uploads\\\/2022\\\/07\\\/RGCovidB.png\",\"width\":1798,\"height\":1250},{\"@type\":\"BreadcrumbList\",\"@id\":\"https:\\\/\\\/canal7slp.tv\\\/2022\\\/gobernador-ricardo-gallardo-da-positivo-a-covid-19\\\/#breadcrumb\",\"itemListElement\":[{\"@type\":\"ListItem\",\"position\":1,\"name\":\"Portada\",\"item\":\"https:\\\/\\\/canal7slp.tv\\\/2022\\\/\"},{\"@type\":\"ListItem\",\"position\":2,\"name\":\"Gobernador Ricardo Gallardo da positivo a COVID-19\"}]},{\"@type\":\"WebSite\",\"@id\":\"https:\\\/\\\/canal7slp.tv\\\/2022\\\/#website\",\"url\":\"https:\\\/\\\/canal7slp.tv\\\/2022\\\/\",\"name\":\"N7 - Noticieros Canal 7\",\"description\":\"Somos Televisi\u00f3n\",\"publisher\":{\"@id\":\"https:\\\/\\\/canal7slp.tv\\\/2022\\\/#organization\"},\"potentialAction\":[{\"@type\":\"SearchAction\",\"target\":{\"@type\":\"EntryPoint\",\"urlTemplate\":\"https:\\\/\\\/canal7slp.tv\\\/2022\\\/?s={search_term_string}\"},\"query-input\":{\"@type\":\"PropertyValueSpecification\",\"valueRequired\":true,\"valueName\":\"search_term_string\"}}],\"inLanguage\":\"es\"},{\"@type\":\"Organization\",\"@id\":\"https:\\\/\\\/canal7slp.tv\\\/2022\\\/#organization\",\"name\":\"Noticieros Canal 7\",\"url\":\"https:\\\/\\\/canal7slp.tv\\\/2022\\\/\",\"logo\":{\"@type\":\"ImageObject\",\"inLanguage\":\"es\",\"@id\":\"https:\\\/\\\/canal7slp.tv\\\/2022\\\/#\\\/schema\\\/logo\\\/image\\\/\",\"url\":\"https:\\\/\\\/canal7slp.tv\\\/2022\\\/wp-content\\\/uploads\\\/2021\\\/01\\\/logo-noticieros@2x.png\",\"contentUrl\":\"https:\\\/\\\/canal7slp.tv\\\/2022\\\/wp-content\\\/uploads\\\/2021\\\/01\\\/logo-noticieros@2x.png\",\"width\":1017,\"height\":268,\"caption\":\"Noticieros Canal 7\"},\"image\":{\"@id\":\"https:\\\/\\\/canal7slp.tv\\\/2022\\\/#\\\/schema\\\/logo\\\/image\\\/\"},\"sameAs\":[\"https:\\\/\\\/www.facebook.com\\\/noticieroscanalsiete\",\"https:\\\/\\\/x.com\\\/NOTICIEROS7\",\"https:\\\/\\\/www.instagram.com\\\/canal7_slp\",\"https:\\\/\\\/www.youtube.com\\\/channel\\\/UCliiYs-gP3JfJeqdPrNdd5A\"]},{\"@type\":\"Person\",\"@id\":\"https:\\\/\\\/canal7slp.tv\\\/2022\\\/#\\\/schema\\\/person\\\/429704152a21f5f856ce29aa69a238da\",\"name\":\"Edici\u00f3n Web\",\"image\":{\"@type\":\"ImageObject\",\"inLanguage\":\"es\",\"@id\":\"https:\\\/\\\/secure.gravatar.com\\\/avatar\\\/eee448fc3f7164808013b816ba91ac7e43bbe82a70bebac296f8bc6f0addaa1a?s=96&d=mm&r=g\",\"url\":\"https:\\\/\\\/secure.gravatar.com\\\/avatar\\\/eee448fc3f7164808013b816ba91ac7e43bbe82a70bebac296f8bc6f0addaa1a?s=96&d=mm&r=g\",\"contentUrl\":\"https:\\\/\\\/secure.gravatar.com\\\/avatar\\\/eee448fc3f7164808013b816ba91ac7e43bbe82a70bebac296f8bc6f0addaa1a?s=96&d=mm&r=g\",\"caption\":\"Edici\u00f3n Web\"},\"url\":\"https:\\\/\\\/canal7slp.tv\\\/2022\\\/author\\\/edicionweb\\\/\"}]}<\/script>\n<!-- \/ Yoast SEO plugin. -->","yoast_head_json":{"title":"Gobernador Ricardo Gallardo da positivo a COVID-19 - Canal 7 SLP - 2022","robots":{"index":"index","follow":"follow","max-snippet":"max-snippet:-1","max-image-preview":"max-image-preview:large","max-video-preview":"max-video-preview:-1"},"canonical":"https:\/\/canal7slp.tv\/2022\/gobernador-ricardo-gallardo-da-positivo-a-covid-19\/","og_locale":"es_ES","og_type":"article","og_title":"Gobernador Ricardo Gallardo da positivo a COVID-19 - Canal 7 SLP - 2022","og_description":"SLP.- El gobernador del estado de San Luis Potos\u00ed, Jos\u00e9 Ricardo Gallardo Cardona, inform\u00f3 por medio de sus redes sociales haber dado positivo al virus de la covid-19. Seg\u00fan se refiere, el mandatario presenta s\u00edntomas leves y ya se encuentra aislado para continuar con su trabajo desde casa y al mismo tiempo evitar la propagaci\u00f3n de la enfermedad. De acuerdo con su publicaci\u00f3n, es la primera vez que el funcionario se contagia por esta enfermedad, por lo que se estar\u00e1 monitoreando su estado de salud. Gallardo Cardona public\u00f3 una foto de los resultados de su prueba de detecci\u00f3n previo a [&hellip;]","og_url":"https:\/\/canal7slp.tv\/2022\/gobernador-ricardo-gallardo-da-positivo-a-covid-19\/","og_site_name":"Canal 7 SLP - 2022","article_publisher":"https:\/\/www.facebook.com\/noticieroscanalsiete","article_published_time":"2022-07-06T15:47:13+00:00","og_image":[{"width":1798,"height":1250,"url":"https:\/\/canal7slp.tv\/2022\/wp-content\/uploads\/2022\/07\/RGCovidB.png","type":"image\/png"}],"author":"Edici\u00f3n Web","twitter_card":"summary_large_image","twitter_creator":"@NOTICIEROS7","twitter_site":"@NOTICIEROS7","twitter_misc":{"Escrito por":"Edici\u00f3n Web","Tiempo de lectura":"1 minuto"},"schema":{"@context":"https:\/\/schema.org","@graph":[{"@type":"Article","@id":"https:\/\/canal7slp.tv\/2022\/gobernador-ricardo-gallardo-da-positivo-a-covid-19\/#article","isPartOf":{"@id":"https:\/\/canal7slp.tv\/2022\/gobernador-ricardo-gallardo-da-positivo-a-covid-19\/"},"author":{"name":"Edici\u00f3n Web","@id":"https:\/\/canal7slp.tv\/2022\/#\/schema\/person\/429704152a21f5f856ce29aa69a238da"},"headline":"Gobernador Ricardo Gallardo da positivo a COVID-19","datePublished":"2022-07-06T15:47:13+00:00","mainEntityOfPage":{"@id":"https:\/\/canal7slp.tv\/2022\/gobernador-ricardo-gallardo-da-positivo-a-covid-19\/"},"wordCount":141,"publisher":{"@id":"https:\/\/canal7slp.tv\/2022\/#organization"},"image":{"@id":"https:\/\/canal7slp.tv\/2022\/gobernador-ricardo-gallardo-da-positivo-a-covid-19\/#primaryimage"},"thumbnailUrl":"https:\/\/canal7slp.tv\/2022\/wp-content\/uploads\/2022\/07\/RGCovidB.png","articleSection":["LOCALES Y REGIONALES"],"inLanguage":"es"},{"@type":"WebPage","@id":"https:\/\/canal7slp.tv\/2022\/gobernador-ricardo-gallardo-da-positivo-a-covid-19\/","url":"https:\/\/canal7slp.tv\/2022\/gobernador-ricardo-gallardo-da-positivo-a-covid-19\/","name":"Gobernador Ricardo Gallardo da positivo a COVID-19 - Canal 7 SLP - 2022","isPartOf":{"@id":"https:\/\/canal7slp.tv\/2022\/#website"},"primaryImageOfPage":{"@id":"https:\/\/canal7slp.tv\/2022\/gobernador-ricardo-gallardo-da-positivo-a-covid-19\/#primaryimage"},"image":{"@id":"https:\/\/canal7slp.tv\/2022\/gobernador-ricardo-gallardo-da-positivo-a-covid-19\/#primaryimage"},"thumbnailUrl":"https:\/\/canal7slp.tv\/2022\/wp-content\/uploads\/2022\/07\/RGCovidB.png","datePublished":"2022-07-06T15:47:13+00:00","breadcrumb":{"@id":"https:\/\/canal7slp.tv\/2022\/gobernador-ricardo-gallardo-da-positivo-a-covid-19\/#breadcrumb"},"inLanguage":"es","potentialAction":[{"@type":"ReadAction","target":["https:\/\/canal7slp.tv\/2022\/gobernador-ricardo-gallardo-da-positivo-a-covid-19\/"]}]},{"@type":"ImageObject","inLanguage":"es","@id":"https:\/\/canal7slp.tv\/2022\/gobernador-ricardo-gallardo-da-positivo-a-covid-19\/#primaryimage","url":"https:\/\/canal7slp.tv\/2022\/wp-content\/uploads\/2022\/07\/RGCovidB.png","contentUrl":"https:\/\/canal7slp.tv\/2022\/wp-content\/uploads\/2022\/07\/RGCovidB.png","width":1798,"height":1250},{"@type":"BreadcrumbList","@id":"https:\/\/canal7slp.tv\/2022\/gobernador-ricardo-gallardo-da-positivo-a-covid-19\/#breadcrumb","itemListElement":[{"@type":"ListItem","position":1,"name":"Portada","item":"https:\/\/canal7slp.tv\/2022\/"},{"@type":"ListItem","position":2,"name":"Gobernador Ricardo Gallardo da positivo a COVID-19"}]},{"@type":"WebSite","@id":"https:\/\/canal7slp.tv\/2022\/#website","url":"https:\/\/canal7slp.tv\/2022\/","name":"N7 - Noticieros Canal 7","description":"Somos Televisi\u00f3n","publisher":{"@id":"https:\/\/canal7slp.tv\/2022\/#organization"},"potentialAction":[{"@type":"SearchAction","target":{"@type":"EntryPoint","urlTemplate":"https:\/\/canal7slp.tv\/2022\/?s={search_term_string}"},"query-input":{"@type":"PropertyValueSpecification","valueRequired":true,"valueName":"search_term_string"}}],"inLanguage":"es"},{"@type":"Organization","@id":"https:\/\/canal7slp.tv\/2022\/#organization","name":"Noticieros Canal 7","url":"https:\/\/canal7slp.tv\/2022\/","logo":{"@type":"ImageObject","inLanguage":"es","@id":"https:\/\/canal7slp.tv\/2022\/#\/schema\/logo\/image\/","url":"https:\/\/canal7slp.tv\/2022\/wp-content\/uploads\/2021\/01\/logo-noticieros@2x.png","contentUrl":"https:\/\/canal7slp.tv\/2022\/wp-content\/uploads\/2021\/01\/logo-noticieros@2x.png","width":1017,"height":268,"caption":"Noticieros Canal 7"},"image":{"@id":"https:\/\/canal7slp.tv\/2022\/#\/schema\/logo\/image\/"},"sameAs":["https:\/\/www.facebook.com\/noticieroscanalsiete","https:\/\/x.com\/NOTICIEROS7","https:\/\/www.instagram.com\/canal7_slp","https:\/\/www.youtube.com\/channel\/UCliiYs-gP3JfJeqdPrNdd5A"]},{"@type":"Person","@id":"https:\/\/canal7slp.tv\/2022\/#\/schema\/person\/429704152a21f5f856ce29aa69a238da","name":"Edici\u00f3n Web","image":{"@type":"ImageObject","inLanguage":"es","@id":"https:\/\/secure.gravatar.com\/avatar\/eee448fc3f7164808013b816ba91ac7e43bbe82a70bebac296f8bc6f0addaa1a?s=96&d=mm&r=g","url":"https:\/\/secure.gravatar.com\/avatar\/eee448fc3f7164808013b816ba91ac7e43bbe82a70bebac296f8bc6f0addaa1a?s=96&d=mm&r=g","contentUrl":"https:\/\/secure.gravatar.com\/avatar\/eee448fc3f7164808013b816ba91ac7e43bbe82a70bebac296f8bc6f0addaa1a?s=96&d=mm&r=g","caption":"Edici\u00f3n Web"},"url":"https:\/\/canal7slp.tv\/2022\/author\/edicionweb\/"}]}},"amp_enabled":true,"_links":{"self":[{"href":"https:\/\/canal7slp.tv\/2022\/wp-json\/wp\/v2\/posts\/65729","targetHints":{"allow":["GET"]}}],"collection":[{"href":"https:\/\/canal7slp.tv\/2022\/wp-json\/wp\/v2\/posts"}],"about":[{"href":"https:\/\/canal7slp.tv\/2022\/wp-json\/wp\/v2\/types\/post"}],"author":[{"embeddable":true,"href":"https:\/\/canal7slp.tv\/2022\/wp-json\/wp\/v2\/users\/2"}],"replies":[{"embeddable":true,"href":"https:\/\/canal7slp.tv\/2022\/wp-json\/wp\/v2\/comments?post=65729"}],"version-history":[{"count":1,"href":"https:\/\/canal7slp.tv\/2022\/wp-json\/wp\/v2\/posts\/65729\/revisions"}],"predecessor-version":[{"id":65730,"href":"https:\/\/canal7slp.tv\/2022\/wp-json\/wp\/v2\/posts\/65729\/revisions\/65730"}],"wp:featuredmedia":[{"embeddable":true,"href":"https:\/\/canal7slp.tv\/2022\/wp-json\/wp\/v2\/media\/65732"}],"wp:attachment":[{"href":"https:\/\/canal7slp.tv\/2022\/wp-json\/wp\/v2\/media?parent=65729"}],"wp:term":[{"taxonomy":"category","embeddable":true,"href":"https:\/\/canal7slp.tv\/2022\/wp-json\/wp\/v2\/categories?post=65729"},{"taxonomy":"post_tag","embeddable":true,"href":"https:\/\/canal7slp.tv\/2022\/wp-json\/wp\/v2\/tags?post=65729"}],"curies":[{"name":"wp","href":"https:\/\/api.w.org\/{rel}","templated":true}]}}