{"id":65690,"date":"2022-07-05T17:08:10","date_gmt":"2022-07-05T23:08:10","guid":{"rendered":"https:\/\/canal7slp.tv\/2022\/?p=65690"},"modified":"2022-07-05T22:08:11","modified_gmt":"2022-07-06T04:08:11","slug":"por-violacion-agravada-captura-fiscalia-a-directivos-de-plantel-privado-de-la-colonia-industrial-aviacion","status":"publish","type":"post","link":"https:\/\/canal7slp.tv\/2022\/por-violacion-agravada-captura-fiscalia-a-directivos-de-plantel-privado-de-la-colonia-industrial-aviacion\/","title":{"rendered":"Por violaci\u00f3n agravada, captura Fiscal\u00eda a directivos de plantel privado de la colonia Industrial Aviaci\u00f3n."},"content":{"rendered":"<p style=\"text-align: justify;\">SLP.-\u00a0La Fiscal\u00eda General del Estado (FGE) llev\u00f3 a cabo la captura de una mujer y un hombre, tras ser se\u00f1alados de violaci\u00f3n agravada.<\/p>\n<p style=\"text-align: justify;\">La Polic\u00eda de Investigaci\u00f3n (PDI) les cumpliment\u00f3 una orden de aprehensi\u00f3n en San Luis Potos\u00ed.<\/p>\n<p style=\"text-align: justify;\">En la audiencia inicial, las litigadoras de la Fiscal\u00eda de la Mujer, la Familia y Delitos Sexuales obtuvieron del Juez de Control la vinculaci\u00f3n a proceso de la y el imputado, quedando en prisi\u00f3n preventiva en el centro de reinserci\u00f3n social de La Pila.<\/p>\n<p style=\"text-align: justify;\">Los hechos se habr\u00edan presentado en septiembre de 2021, cuando la se\u00f1alada presuntamente llev\u00f3 a una adolescente a los ba\u00f1os de mujeres de un plantel educativo privado de la colonia Industrial Aviaci\u00f3n, y el indiciado presuntamente la agravi\u00f3.<\/p>\n<p style=\"text-align: justify;\">Este hecho fue de conocimiento de la FGE, instancia que indag\u00f3 a trav\u00e9s de la PDI, y al encontrar varios indicios, el agente del Ministerio P\u00fablico especializado solicit\u00f3 a la autoridad judicial el mandato.<\/p>\n<p style=\"text-align: justify;\">Las personas imputadas responden a los nombres de Irma \u201cN\u201d de 52 a\u00f1os de edad y Sigurd \u201cN\u201d de 39 a\u00f1os de edad, quienes se desempe\u00f1aban como directivos de esa escuela.<\/p>\n<p style=\"text-align: justify;\">El Juez de Control otorg\u00f3 para las partes tres meses para que se efect\u00faen las investigaciones complementarias.<\/p>\n<p>Por: Paulina Rodr\u00edguez<\/p>\n","protected":false},"excerpt":{"rendered":"<p>SLP.-\u00a0La Fiscal\u00eda General del Estado (FGE) llev\u00f3 a cabo la captura de una mujer y un hombre, tras ser se\u00f1alados de violaci\u00f3n agravada. La Polic\u00eda de Investigaci\u00f3n (PDI) les cumpliment\u00f3 una orden de aprehensi\u00f3n en San Luis Potos\u00ed. En la audiencia inicial, las litigadoras de la Fiscal\u00eda de la Mujer, la Familia y Delitos Sexuales obtuvieron del Juez de Control la vinculaci\u00f3n a proceso de la y el imputado, quedando en prisi\u00f3n preventiva en el centro de reinserci\u00f3n social de La Pila. Los hechos se habr\u00edan presentado en septiembre de 2021, cuando la se\u00f1alada presuntamente llev\u00f3 a una adolescente a [&hellip;]<\/p>\n","protected":false},"author":2,"featured_media":65709,"comment_status":"closed","ping_status":"closed","sticky":false,"template":"","format":"standard","meta":{"footnotes":""},"categories":[5,45],"tags":[],"class_list":["post-65690","post","type-post","status-publish","format-standard","has-post-thumbnail","hentry","category-destacadas","category-localesyregionales","post--single"],"yoast_head":"<!-- This site is optimized with the Yoast SEO plugin v27.4 - https:\/\/yoast.com\/product\/yoast-seo-wordpress\/ -->\n<title>Por violaci\u00f3n agravada, captura Fiscal\u00eda a directivos de plantel privado de la colonia Industrial Aviaci\u00f3n. - Canal 7 SLP - 2022<\/title>\n<meta name=\"robots\" content=\"index, follow, max-snippet:-1, max-image-preview:large, max-video-preview:-1\" \/>\n<link rel=\"canonical\" href=\"https:\/\/canal7slp.tv\/2022\/por-violacion-agravada-captura-fiscalia-a-directivos-de-plantel-privado-de-la-colonia-industrial-aviacion\/\" \/>\n<meta property=\"og:locale\" content=\"es_ES\" \/>\n<meta property=\"og:type\" content=\"article\" \/>\n<meta property=\"og:title\" content=\"Por violaci\u00f3n agravada, captura Fiscal\u00eda a directivos de plantel privado de la colonia Industrial Aviaci\u00f3n. - Canal 7 SLP - 2022\" \/>\n<meta property=\"og:description\" content=\"SLP.-\u00a0La Fiscal\u00eda General del Estado (FGE) llev\u00f3 a cabo la captura de una mujer y un hombre, tras ser se\u00f1alados de violaci\u00f3n agravada. La Polic\u00eda de Investigaci\u00f3n (PDI) les cumpliment\u00f3 una orden de aprehensi\u00f3n en San Luis Potos\u00ed. En la audiencia inicial, las litigadoras de la Fiscal\u00eda de la Mujer, la Familia y Delitos Sexuales obtuvieron del Juez de Control la vinculaci\u00f3n a proceso de la y el imputado, quedando en prisi\u00f3n preventiva en el centro de reinserci\u00f3n social de La Pila. Los hechos se habr\u00edan presentado en septiembre de 2021, cuando la se\u00f1alada presuntamente llev\u00f3 a una adolescente a [&hellip;]\" \/>\n<meta property=\"og:url\" content=\"https:\/\/canal7slp.tv\/2022\/por-violacion-agravada-captura-fiscalia-a-directivos-de-plantel-privado-de-la-colonia-industrial-aviacion\/\" \/>\n<meta property=\"og:site_name\" content=\"Canal 7 SLP - 2022\" \/>\n<meta property=\"article:publisher\" content=\"https:\/\/www.facebook.com\/noticieroscanalsiete\" \/>\n<meta property=\"article:published_time\" content=\"2022-07-05T23:08:10+00:00\" \/>\n<meta property=\"article:modified_time\" content=\"2022-07-06T04:08:11+00:00\" \/>\n<meta property=\"og:image\" content=\"https:\/\/canal7slp.tv\/2022\/wp-content\/uploads\/2022\/07\/Pau0Fiscalia.jpg\" \/>\n\t<meta property=\"og:image:width\" content=\"888\" \/>\n\t<meta property=\"og:image:height\" content=\"500\" \/>\n\t<meta property=\"og:image:type\" content=\"image\/jpeg\" \/>\n<meta name=\"author\" content=\"Edici\u00f3n Web\" \/>\n<meta name=\"twitter:card\" content=\"summary_large_image\" \/>\n<meta name=\"twitter:creator\" content=\"@NOTICIEROS7\" \/>\n<meta name=\"twitter:site\" content=\"@NOTICIEROS7\" \/>\n<meta name=\"twitter:label1\" content=\"Escrito por\" \/>\n\t<meta name=\"twitter:data1\" content=\"Edici\u00f3n Web\" \/>\n\t<meta name=\"twitter:label2\" content=\"Tiempo de lectura\" \/>\n\t<meta name=\"twitter:data2\" content=\"1 minuto\" \/>\n<script type=\"application\/ld+json\" class=\"yoast-schema-graph\">{\"@context\":\"https:\\\/\\\/schema.org\",\"@graph\":[{\"@type\":\"Article\",\"@id\":\"https:\\\/\\\/canal7slp.tv\\\/2022\\\/por-violacion-agravada-captura-fiscalia-a-directivos-de-plantel-privado-de-la-colonia-industrial-aviacion\\\/#article\",\"isPartOf\":{\"@id\":\"https:\\\/\\\/canal7slp.tv\\\/2022\\\/por-violacion-agravada-captura-fiscalia-a-directivos-de-plantel-privado-de-la-colonia-industrial-aviacion\\\/\"},\"author\":{\"name\":\"Edici\u00f3n Web\",\"@id\":\"https:\\\/\\\/canal7slp.tv\\\/2022\\\/#\\\/schema\\\/person\\\/429704152a21f5f856ce29aa69a238da\"},\"headline\":\"Por violaci\u00f3n agravada, captura Fiscal\u00eda a directivos de plantel privado de la colonia Industrial Aviaci\u00f3n.\",\"datePublished\":\"2022-07-05T23:08:10+00:00\",\"dateModified\":\"2022-07-06T04:08:11+00:00\",\"mainEntityOfPage\":{\"@id\":\"https:\\\/\\\/canal7slp.tv\\\/2022\\\/por-violacion-agravada-captura-fiscalia-a-directivos-de-plantel-privado-de-la-colonia-industrial-aviacion\\\/\"},\"wordCount\":243,\"publisher\":{\"@id\":\"https:\\\/\\\/canal7slp.tv\\\/2022\\\/#organization\"},\"image\":{\"@id\":\"https:\\\/\\\/canal7slp.tv\\\/2022\\\/por-violacion-agravada-captura-fiscalia-a-directivos-de-plantel-privado-de-la-colonia-industrial-aviacion\\\/#primaryimage\"},\"thumbnailUrl\":\"https:\\\/\\\/canal7slp.tv\\\/2022\\\/wp-content\\\/uploads\\\/2022\\\/07\\\/Pau0Fiscalia.jpg\",\"articleSection\":[\"DESTACADAS\",\"LOCALES Y REGIONALES\"],\"inLanguage\":\"es\"},{\"@type\":\"WebPage\",\"@id\":\"https:\\\/\\\/canal7slp.tv\\\/2022\\\/por-violacion-agravada-captura-fiscalia-a-directivos-de-plantel-privado-de-la-colonia-industrial-aviacion\\\/\",\"url\":\"https:\\\/\\\/canal7slp.tv\\\/2022\\\/por-violacion-agravada-captura-fiscalia-a-directivos-de-plantel-privado-de-la-colonia-industrial-aviacion\\\/\",\"name\":\"Por violaci\u00f3n agravada, captura Fiscal\u00eda a directivos de plantel privado de la colonia Industrial Aviaci\u00f3n. - Canal 7 SLP - 2022\",\"isPartOf\":{\"@id\":\"https:\\\/\\\/canal7slp.tv\\\/2022\\\/#website\"},\"primaryImageOfPage\":{\"@id\":\"https:\\\/\\\/canal7slp.tv\\\/2022\\\/por-violacion-agravada-captura-fiscalia-a-directivos-de-plantel-privado-de-la-colonia-industrial-aviacion\\\/#primaryimage\"},\"image\":{\"@id\":\"https:\\\/\\\/canal7slp.tv\\\/2022\\\/por-violacion-agravada-captura-fiscalia-a-directivos-de-plantel-privado-de-la-colonia-industrial-aviacion\\\/#primaryimage\"},\"thumbnailUrl\":\"https:\\\/\\\/canal7slp.tv\\\/2022\\\/wp-content\\\/uploads\\\/2022\\\/07\\\/Pau0Fiscalia.jpg\",\"datePublished\":\"2022-07-05T23:08:10+00:00\",\"dateModified\":\"2022-07-06T04:08:11+00:00\",\"breadcrumb\":{\"@id\":\"https:\\\/\\\/canal7slp.tv\\\/2022\\\/por-violacion-agravada-captura-fiscalia-a-directivos-de-plantel-privado-de-la-colonia-industrial-aviacion\\\/#breadcrumb\"},\"inLanguage\":\"es\",\"potentialAction\":[{\"@type\":\"ReadAction\",\"target\":[\"https:\\\/\\\/canal7slp.tv\\\/2022\\\/por-violacion-agravada-captura-fiscalia-a-directivos-de-plantel-privado-de-la-colonia-industrial-aviacion\\\/\"]}]},{\"@type\":\"ImageObject\",\"inLanguage\":\"es\",\"@id\":\"https:\\\/\\\/canal7slp.tv\\\/2022\\\/por-violacion-agravada-captura-fiscalia-a-directivos-de-plantel-privado-de-la-colonia-industrial-aviacion\\\/#primaryimage\",\"url\":\"https:\\\/\\\/canal7slp.tv\\\/2022\\\/wp-content\\\/uploads\\\/2022\\\/07\\\/Pau0Fiscalia.jpg\",\"contentUrl\":\"https:\\\/\\\/canal7slp.tv\\\/2022\\\/wp-content\\\/uploads\\\/2022\\\/07\\\/Pau0Fiscalia.jpg\",\"width\":888,\"height\":500},{\"@type\":\"BreadcrumbList\",\"@id\":\"https:\\\/\\\/canal7slp.tv\\\/2022\\\/por-violacion-agravada-captura-fiscalia-a-directivos-de-plantel-privado-de-la-colonia-industrial-aviacion\\\/#breadcrumb\",\"itemListElement\":[{\"@type\":\"ListItem\",\"position\":1,\"name\":\"Portada\",\"item\":\"https:\\\/\\\/canal7slp.tv\\\/2022\\\/\"},{\"@type\":\"ListItem\",\"position\":2,\"name\":\"Por violaci\u00f3n agravada, captura Fiscal\u00eda a directivos de plantel privado de la colonia Industrial Aviaci\u00f3n.\"}]},{\"@type\":\"WebSite\",\"@id\":\"https:\\\/\\\/canal7slp.tv\\\/2022\\\/#website\",\"url\":\"https:\\\/\\\/canal7slp.tv\\\/2022\\\/\",\"name\":\"N7 - Noticieros Canal 7\",\"description\":\"Somos Televisi\u00f3n\",\"publisher\":{\"@id\":\"https:\\\/\\\/canal7slp.tv\\\/2022\\\/#organization\"},\"potentialAction\":[{\"@type\":\"SearchAction\",\"target\":{\"@type\":\"EntryPoint\",\"urlTemplate\":\"https:\\\/\\\/canal7slp.tv\\\/2022\\\/?s={search_term_string}\"},\"query-input\":{\"@type\":\"PropertyValueSpecification\",\"valueRequired\":true,\"valueName\":\"search_term_string\"}}],\"inLanguage\":\"es\"},{\"@type\":\"Organization\",\"@id\":\"https:\\\/\\\/canal7slp.tv\\\/2022\\\/#organization\",\"name\":\"Noticieros Canal 7\",\"url\":\"https:\\\/\\\/canal7slp.tv\\\/2022\\\/\",\"logo\":{\"@type\":\"ImageObject\",\"inLanguage\":\"es\",\"@id\":\"https:\\\/\\\/canal7slp.tv\\\/2022\\\/#\\\/schema\\\/logo\\\/image\\\/\",\"url\":\"https:\\\/\\\/canal7slp.tv\\\/2022\\\/wp-content\\\/uploads\\\/2021\\\/01\\\/logo-noticieros@2x.png\",\"contentUrl\":\"https:\\\/\\\/canal7slp.tv\\\/2022\\\/wp-content\\\/uploads\\\/2021\\\/01\\\/logo-noticieros@2x.png\",\"width\":1017,\"height\":268,\"caption\":\"Noticieros Canal 7\"},\"image\":{\"@id\":\"https:\\\/\\\/canal7slp.tv\\\/2022\\\/#\\\/schema\\\/logo\\\/image\\\/\"},\"sameAs\":[\"https:\\\/\\\/www.facebook.com\\\/noticieroscanalsiete\",\"https:\\\/\\\/x.com\\\/NOTICIEROS7\",\"https:\\\/\\\/www.instagram.com\\\/canal7_slp\",\"https:\\\/\\\/www.youtube.com\\\/channel\\\/UCliiYs-gP3JfJeqdPrNdd5A\"]},{\"@type\":\"Person\",\"@id\":\"https:\\\/\\\/canal7slp.tv\\\/2022\\\/#\\\/schema\\\/person\\\/429704152a21f5f856ce29aa69a238da\",\"name\":\"Edici\u00f3n Web\",\"image\":{\"@type\":\"ImageObject\",\"inLanguage\":\"es\",\"@id\":\"https:\\\/\\\/secure.gravatar.com\\\/avatar\\\/eee448fc3f7164808013b816ba91ac7e43bbe82a70bebac296f8bc6f0addaa1a?s=96&d=mm&r=g\",\"url\":\"https:\\\/\\\/secure.gravatar.com\\\/avatar\\\/eee448fc3f7164808013b816ba91ac7e43bbe82a70bebac296f8bc6f0addaa1a?s=96&d=mm&r=g\",\"contentUrl\":\"https:\\\/\\\/secure.gravatar.com\\\/avatar\\\/eee448fc3f7164808013b816ba91ac7e43bbe82a70bebac296f8bc6f0addaa1a?s=96&d=mm&r=g\",\"caption\":\"Edici\u00f3n Web\"},\"url\":\"https:\\\/\\\/canal7slp.tv\\\/2022\\\/author\\\/edicionweb\\\/\"}]}<\/script>\n<!-- \/ Yoast SEO plugin. -->","yoast_head_json":{"title":"Por violaci\u00f3n agravada, captura Fiscal\u00eda a directivos de plantel privado de la colonia Industrial Aviaci\u00f3n. - Canal 7 SLP - 2022","robots":{"index":"index","follow":"follow","max-snippet":"max-snippet:-1","max-image-preview":"max-image-preview:large","max-video-preview":"max-video-preview:-1"},"canonical":"https:\/\/canal7slp.tv\/2022\/por-violacion-agravada-captura-fiscalia-a-directivos-de-plantel-privado-de-la-colonia-industrial-aviacion\/","og_locale":"es_ES","og_type":"article","og_title":"Por violaci\u00f3n agravada, captura Fiscal\u00eda a directivos de plantel privado de la colonia Industrial Aviaci\u00f3n. - Canal 7 SLP - 2022","og_description":"SLP.-\u00a0La Fiscal\u00eda General del Estado (FGE) llev\u00f3 a cabo la captura de una mujer y un hombre, tras ser se\u00f1alados de violaci\u00f3n agravada. La Polic\u00eda de Investigaci\u00f3n (PDI) les cumpliment\u00f3 una orden de aprehensi\u00f3n en San Luis Potos\u00ed. En la audiencia inicial, las litigadoras de la Fiscal\u00eda de la Mujer, la Familia y Delitos Sexuales obtuvieron del Juez de Control la vinculaci\u00f3n a proceso de la y el imputado, quedando en prisi\u00f3n preventiva en el centro de reinserci\u00f3n social de La Pila. Los hechos se habr\u00edan presentado en septiembre de 2021, cuando la se\u00f1alada presuntamente llev\u00f3 a una adolescente a [&hellip;]","og_url":"https:\/\/canal7slp.tv\/2022\/por-violacion-agravada-captura-fiscalia-a-directivos-de-plantel-privado-de-la-colonia-industrial-aviacion\/","og_site_name":"Canal 7 SLP - 2022","article_publisher":"https:\/\/www.facebook.com\/noticieroscanalsiete","article_published_time":"2022-07-05T23:08:10+00:00","article_modified_time":"2022-07-06T04:08:11+00:00","og_image":[{"width":888,"height":500,"url":"https:\/\/canal7slp.tv\/2022\/wp-content\/uploads\/2022\/07\/Pau0Fiscalia.jpg","type":"image\/jpeg"}],"author":"Edici\u00f3n Web","twitter_card":"summary_large_image","twitter_creator":"@NOTICIEROS7","twitter_site":"@NOTICIEROS7","twitter_misc":{"Escrito por":"Edici\u00f3n Web","Tiempo de lectura":"1 minuto"},"schema":{"@context":"https:\/\/schema.org","@graph":[{"@type":"Article","@id":"https:\/\/canal7slp.tv\/2022\/por-violacion-agravada-captura-fiscalia-a-directivos-de-plantel-privado-de-la-colonia-industrial-aviacion\/#article","isPartOf":{"@id":"https:\/\/canal7slp.tv\/2022\/por-violacion-agravada-captura-fiscalia-a-directivos-de-plantel-privado-de-la-colonia-industrial-aviacion\/"},"author":{"name":"Edici\u00f3n Web","@id":"https:\/\/canal7slp.tv\/2022\/#\/schema\/person\/429704152a21f5f856ce29aa69a238da"},"headline":"Por violaci\u00f3n agravada, captura Fiscal\u00eda a directivos de plantel privado de la colonia Industrial Aviaci\u00f3n.","datePublished":"2022-07-05T23:08:10+00:00","dateModified":"2022-07-06T04:08:11+00:00","mainEntityOfPage":{"@id":"https:\/\/canal7slp.tv\/2022\/por-violacion-agravada-captura-fiscalia-a-directivos-de-plantel-privado-de-la-colonia-industrial-aviacion\/"},"wordCount":243,"publisher":{"@id":"https:\/\/canal7slp.tv\/2022\/#organization"},"image":{"@id":"https:\/\/canal7slp.tv\/2022\/por-violacion-agravada-captura-fiscalia-a-directivos-de-plantel-privado-de-la-colonia-industrial-aviacion\/#primaryimage"},"thumbnailUrl":"https:\/\/canal7slp.tv\/2022\/wp-content\/uploads\/2022\/07\/Pau0Fiscalia.jpg","articleSection":["DESTACADAS","LOCALES Y REGIONALES"],"inLanguage":"es"},{"@type":"WebPage","@id":"https:\/\/canal7slp.tv\/2022\/por-violacion-agravada-captura-fiscalia-a-directivos-de-plantel-privado-de-la-colonia-industrial-aviacion\/","url":"https:\/\/canal7slp.tv\/2022\/por-violacion-agravada-captura-fiscalia-a-directivos-de-plantel-privado-de-la-colonia-industrial-aviacion\/","name":"Por violaci\u00f3n agravada, captura Fiscal\u00eda a directivos de plantel privado de la colonia Industrial Aviaci\u00f3n. - Canal 7 SLP - 2022","isPartOf":{"@id":"https:\/\/canal7slp.tv\/2022\/#website"},"primaryImageOfPage":{"@id":"https:\/\/canal7slp.tv\/2022\/por-violacion-agravada-captura-fiscalia-a-directivos-de-plantel-privado-de-la-colonia-industrial-aviacion\/#primaryimage"},"image":{"@id":"https:\/\/canal7slp.tv\/2022\/por-violacion-agravada-captura-fiscalia-a-directivos-de-plantel-privado-de-la-colonia-industrial-aviacion\/#primaryimage"},"thumbnailUrl":"https:\/\/canal7slp.tv\/2022\/wp-content\/uploads\/2022\/07\/Pau0Fiscalia.jpg","datePublished":"2022-07-05T23:08:10+00:00","dateModified":"2022-07-06T04:08:11+00:00","breadcrumb":{"@id":"https:\/\/canal7slp.tv\/2022\/por-violacion-agravada-captura-fiscalia-a-directivos-de-plantel-privado-de-la-colonia-industrial-aviacion\/#breadcrumb"},"inLanguage":"es","potentialAction":[{"@type":"ReadAction","target":["https:\/\/canal7slp.tv\/2022\/por-violacion-agravada-captura-fiscalia-a-directivos-de-plantel-privado-de-la-colonia-industrial-aviacion\/"]}]},{"@type":"ImageObject","inLanguage":"es","@id":"https:\/\/canal7slp.tv\/2022\/por-violacion-agravada-captura-fiscalia-a-directivos-de-plantel-privado-de-la-colonia-industrial-aviacion\/#primaryimage","url":"https:\/\/canal7slp.tv\/2022\/wp-content\/uploads\/2022\/07\/Pau0Fiscalia.jpg","contentUrl":"https:\/\/canal7slp.tv\/2022\/wp-content\/uploads\/2022\/07\/Pau0Fiscalia.jpg","width":888,"height":500},{"@type":"BreadcrumbList","@id":"https:\/\/canal7slp.tv\/2022\/por-violacion-agravada-captura-fiscalia-a-directivos-de-plantel-privado-de-la-colonia-industrial-aviacion\/#breadcrumb","itemListElement":[{"@type":"ListItem","position":1,"name":"Portada","item":"https:\/\/canal7slp.tv\/2022\/"},{"@type":"ListItem","position":2,"name":"Por violaci\u00f3n agravada, captura Fiscal\u00eda a directivos de plantel privado de la colonia Industrial Aviaci\u00f3n."}]},{"@type":"WebSite","@id":"https:\/\/canal7slp.tv\/2022\/#website","url":"https:\/\/canal7slp.tv\/2022\/","name":"N7 - Noticieros Canal 7","description":"Somos Televisi\u00f3n","publisher":{"@id":"https:\/\/canal7slp.tv\/2022\/#organization"},"potentialAction":[{"@type":"SearchAction","target":{"@type":"EntryPoint","urlTemplate":"https:\/\/canal7slp.tv\/2022\/?s={search_term_string}"},"query-input":{"@type":"PropertyValueSpecification","valueRequired":true,"valueName":"search_term_string"}}],"inLanguage":"es"},{"@type":"Organization","@id":"https:\/\/canal7slp.tv\/2022\/#organization","name":"Noticieros Canal 7","url":"https:\/\/canal7slp.tv\/2022\/","logo":{"@type":"ImageObject","inLanguage":"es","@id":"https:\/\/canal7slp.tv\/2022\/#\/schema\/logo\/image\/","url":"https:\/\/canal7slp.tv\/2022\/wp-content\/uploads\/2021\/01\/logo-noticieros@2x.png","contentUrl":"https:\/\/canal7slp.tv\/2022\/wp-content\/uploads\/2021\/01\/logo-noticieros@2x.png","width":1017,"height":268,"caption":"Noticieros Canal 7"},"image":{"@id":"https:\/\/canal7slp.tv\/2022\/#\/schema\/logo\/image\/"},"sameAs":["https:\/\/www.facebook.com\/noticieroscanalsiete","https:\/\/x.com\/NOTICIEROS7","https:\/\/www.instagram.com\/canal7_slp","https:\/\/www.youtube.com\/channel\/UCliiYs-gP3JfJeqdPrNdd5A"]},{"@type":"Person","@id":"https:\/\/canal7slp.tv\/2022\/#\/schema\/person\/429704152a21f5f856ce29aa69a238da","name":"Edici\u00f3n Web","image":{"@type":"ImageObject","inLanguage":"es","@id":"https:\/\/secure.gravatar.com\/avatar\/eee448fc3f7164808013b816ba91ac7e43bbe82a70bebac296f8bc6f0addaa1a?s=96&d=mm&r=g","url":"https:\/\/secure.gravatar.com\/avatar\/eee448fc3f7164808013b816ba91ac7e43bbe82a70bebac296f8bc6f0addaa1a?s=96&d=mm&r=g","contentUrl":"https:\/\/secure.gravatar.com\/avatar\/eee448fc3f7164808013b816ba91ac7e43bbe82a70bebac296f8bc6f0addaa1a?s=96&d=mm&r=g","caption":"Edici\u00f3n Web"},"url":"https:\/\/canal7slp.tv\/2022\/author\/edicionweb\/"}]}},"amp_enabled":true,"_links":{"self":[{"href":"https:\/\/canal7slp.tv\/2022\/wp-json\/wp\/v2\/posts\/65690","targetHints":{"allow":["GET"]}}],"collection":[{"href":"https:\/\/canal7slp.tv\/2022\/wp-json\/wp\/v2\/posts"}],"about":[{"href":"https:\/\/canal7slp.tv\/2022\/wp-json\/wp\/v2\/types\/post"}],"author":[{"embeddable":true,"href":"https:\/\/canal7slp.tv\/2022\/wp-json\/wp\/v2\/users\/2"}],"replies":[{"embeddable":true,"href":"https:\/\/canal7slp.tv\/2022\/wp-json\/wp\/v2\/comments?post=65690"}],"version-history":[{"count":3,"href":"https:\/\/canal7slp.tv\/2022\/wp-json\/wp\/v2\/posts\/65690\/revisions"}],"predecessor-version":[{"id":65708,"href":"https:\/\/canal7slp.tv\/2022\/wp-json\/wp\/v2\/posts\/65690\/revisions\/65708"}],"wp:featuredmedia":[{"embeddable":true,"href":"https:\/\/canal7slp.tv\/2022\/wp-json\/wp\/v2\/media\/65709"}],"wp:attachment":[{"href":"https:\/\/canal7slp.tv\/2022\/wp-json\/wp\/v2\/media?parent=65690"}],"wp:term":[{"taxonomy":"category","embeddable":true,"href":"https:\/\/canal7slp.tv\/2022\/wp-json\/wp\/v2\/categories?post=65690"},{"taxonomy":"post_tag","embeddable":true,"href":"https:\/\/canal7slp.tv\/2022\/wp-json\/wp\/v2\/tags?post=65690"}],"curies":[{"name":"wp","href":"https:\/\/api.w.org\/{rel}","templated":true}]}}