{"id":65671,"date":"2022-07-06T08:53:10","date_gmt":"2022-07-06T14:53:10","guid":{"rendered":"https:\/\/canal7slp.tv\/2022\/?p=65671"},"modified":"2022-07-06T08:53:10","modified_gmt":"2022-07-06T14:53:10","slug":"investigacion-contra-alito-es-persecucion-politica-sentencia-regidora-del-pri","status":"publish","type":"post","link":"https:\/\/canal7slp.tv\/2022\/investigacion-contra-alito-es-persecucion-politica-sentencia-regidora-del-pri\/","title":{"rendered":"Investigaci\u00f3n contra \u00abAlito\u00bb es persecuci\u00f3n pol\u00edtica, sentencia regidora del PRI."},"content":{"rendered":"<p style=\"text-align: justify;\">SLP.- Al considerar que las alianzas partidistas son necesarias la regidora de mayor\u00eda relativa por Partido Revolucionario Institucional Martha Orta Rodr\u00edguez, dijo sin embargo, que en su partido se trabaja por la unidad de la militancia y sus candidatos y que \u00e9stas son solo una opci\u00f3n.<\/p>\n<p style=\"text-align: justify;\">En este orden de ideas la regidora del PRI dijo respetar la opini\u00f3n del exgobernador panista Marcelo de los Santos Fraga en el sentido de que el tricolor est\u00e1 acabado, y sin ninguna posibilidad de recuperar votos del electorado.<\/p>\n<p style=\"text-align: justify;\">Asimismo, la regidora del PRI se refiri\u00f3 a las investigaciones que se le siguen al dirigente nacional de este partido Alejandro Moreno C\u00e1rdenas \u201cAlito\u201d, por presunto enriquecimiento il\u00edcito.<\/p>\n<p style=\"text-align: justify;\">Afirm\u00f3 que claramente se trata de una persecuci\u00f3n pol\u00edtica en contra del l\u00edder del tricolor porque este partido vot\u00f3 en contra de la Reforma El\u00e9ctrica, propuesta por el gobierno del presidente Andr\u00e9s Manuel L\u00f3pez Obrador.<\/p>\n<p>Por: Claudio Ibarra<\/p>\n","protected":false},"excerpt":{"rendered":"<p>SLP.- Al considerar que las alianzas partidistas son necesarias la regidora de mayor\u00eda relativa por Partido Revolucionario Institucional Martha Orta Rodr\u00edguez, dijo sin embargo, que en su partido se trabaja por la unidad de la militancia y sus candidatos y que \u00e9stas son solo una opci\u00f3n. En este orden de ideas la regidora del PRI dijo respetar la opini\u00f3n del exgobernador panista Marcelo de los Santos Fraga en el sentido de que el tricolor est\u00e1 acabado, y sin ninguna posibilidad de recuperar votos del electorado. Asimismo, la regidora del PRI se refiri\u00f3 a las investigaciones que se le siguen al [&hellip;]<\/p>\n","protected":false},"author":2,"featured_media":65720,"comment_status":"closed","ping_status":"closed","sticky":false,"template":"","format":"video","meta":{"footnotes":""},"categories":[5,45],"tags":[],"class_list":["post-65671","post","type-post","status-publish","format-video","has-post-thumbnail","hentry","category-destacadas","category-localesyregionales","post_format-post-format-video","post--single"],"yoast_head":"<!-- This site is optimized with the Yoast SEO plugin v27.4 - https:\/\/yoast.com\/product\/yoast-seo-wordpress\/ -->\n<title>Investigaci\u00f3n contra &quot;Alito&quot; es persecuci\u00f3n pol\u00edtica, sentencia regidora del PRI. - Canal 7 SLP - 2022<\/title>\n<meta name=\"robots\" content=\"index, follow, max-snippet:-1, max-image-preview:large, max-video-preview:-1\" \/>\n<link rel=\"canonical\" href=\"https:\/\/canal7slp.tv\/2022\/investigacion-contra-alito-es-persecucion-politica-sentencia-regidora-del-pri\/\" \/>\n<meta property=\"og:locale\" content=\"es_ES\" \/>\n<meta property=\"og:type\" content=\"article\" \/>\n<meta property=\"og:title\" content=\"Investigaci\u00f3n contra &quot;Alito&quot; es persecuci\u00f3n pol\u00edtica, sentencia regidora del PRI. - Canal 7 SLP - 2022\" \/>\n<meta property=\"og:description\" content=\"SLP.- Al considerar que las alianzas partidistas son necesarias la regidora de mayor\u00eda relativa por Partido Revolucionario Institucional Martha Orta Rodr\u00edguez, dijo sin embargo, que en su partido se trabaja por la unidad de la militancia y sus candidatos y que \u00e9stas son solo una opci\u00f3n. En este orden de ideas la regidora del PRI dijo respetar la opini\u00f3n del exgobernador panista Marcelo de los Santos Fraga en el sentido de que el tricolor est\u00e1 acabado, y sin ninguna posibilidad de recuperar votos del electorado. Asimismo, la regidora del PRI se refiri\u00f3 a las investigaciones que se le siguen al [&hellip;]\" \/>\n<meta property=\"og:url\" content=\"https:\/\/canal7slp.tv\/2022\/investigacion-contra-alito-es-persecucion-politica-sentencia-regidora-del-pri\/\" \/>\n<meta property=\"og:site_name\" content=\"Canal 7 SLP - 2022\" \/>\n<meta property=\"article:publisher\" content=\"https:\/\/www.facebook.com\/noticieroscanalsiete\" \/>\n<meta property=\"article:published_time\" content=\"2022-07-06T14:53:10+00:00\" \/>\n<meta property=\"og:image\" content=\"https:\/\/canal7slp.tv\/2022\/wp-content\/uploads\/2022\/07\/Claudio04ORta.jpg\" \/>\n\t<meta property=\"og:image:width\" content=\"888\" \/>\n\t<meta property=\"og:image:height\" content=\"500\" \/>\n\t<meta property=\"og:image:type\" content=\"image\/jpeg\" \/>\n<meta name=\"author\" content=\"Edici\u00f3n Web\" \/>\n<meta name=\"twitter:card\" content=\"summary_large_image\" \/>\n<meta name=\"twitter:creator\" content=\"@NOTICIEROS7\" \/>\n<meta name=\"twitter:site\" content=\"@NOTICIEROS7\" \/>\n<meta name=\"twitter:label1\" content=\"Escrito por\" \/>\n\t<meta name=\"twitter:data1\" content=\"Edici\u00f3n Web\" \/>\n\t<meta name=\"twitter:label2\" content=\"Tiempo de lectura\" \/>\n\t<meta name=\"twitter:data2\" content=\"1 minuto\" \/>\n<script type=\"application\/ld+json\" class=\"yoast-schema-graph\">{\"@context\":\"https:\\\/\\\/schema.org\",\"@graph\":[{\"@type\":\"Article\",\"@id\":\"https:\\\/\\\/canal7slp.tv\\\/2022\\\/investigacion-contra-alito-es-persecucion-politica-sentencia-regidora-del-pri\\\/#article\",\"isPartOf\":{\"@id\":\"https:\\\/\\\/canal7slp.tv\\\/2022\\\/investigacion-contra-alito-es-persecucion-politica-sentencia-regidora-del-pri\\\/\"},\"author\":{\"name\":\"Edici\u00f3n Web\",\"@id\":\"https:\\\/\\\/canal7slp.tv\\\/2022\\\/#\\\/schema\\\/person\\\/429704152a21f5f856ce29aa69a238da\"},\"headline\":\"Investigaci\u00f3n contra \u00abAlito\u00bb es persecuci\u00f3n pol\u00edtica, sentencia regidora del PRI.\",\"datePublished\":\"2022-07-06T14:53:10+00:00\",\"mainEntityOfPage\":{\"@id\":\"https:\\\/\\\/canal7slp.tv\\\/2022\\\/investigacion-contra-alito-es-persecucion-politica-sentencia-regidora-del-pri\\\/\"},\"wordCount\":177,\"publisher\":{\"@id\":\"https:\\\/\\\/canal7slp.tv\\\/2022\\\/#organization\"},\"image\":{\"@id\":\"https:\\\/\\\/canal7slp.tv\\\/2022\\\/investigacion-contra-alito-es-persecucion-politica-sentencia-regidora-del-pri\\\/#primaryimage\"},\"thumbnailUrl\":\"https:\\\/\\\/canal7slp.tv\\\/2022\\\/wp-content\\\/uploads\\\/2022\\\/07\\\/Claudio04ORta.jpg\",\"articleSection\":[\"DESTACADAS\",\"LOCALES Y REGIONALES\"],\"inLanguage\":\"es\"},{\"@type\":\"WebPage\",\"@id\":\"https:\\\/\\\/canal7slp.tv\\\/2022\\\/investigacion-contra-alito-es-persecucion-politica-sentencia-regidora-del-pri\\\/\",\"url\":\"https:\\\/\\\/canal7slp.tv\\\/2022\\\/investigacion-contra-alito-es-persecucion-politica-sentencia-regidora-del-pri\\\/\",\"name\":\"Investigaci\u00f3n contra \\\"Alito\\\" es persecuci\u00f3n pol\u00edtica, sentencia regidora del PRI. - Canal 7 SLP - 2022\",\"isPartOf\":{\"@id\":\"https:\\\/\\\/canal7slp.tv\\\/2022\\\/#website\"},\"primaryImageOfPage\":{\"@id\":\"https:\\\/\\\/canal7slp.tv\\\/2022\\\/investigacion-contra-alito-es-persecucion-politica-sentencia-regidora-del-pri\\\/#primaryimage\"},\"image\":{\"@id\":\"https:\\\/\\\/canal7slp.tv\\\/2022\\\/investigacion-contra-alito-es-persecucion-politica-sentencia-regidora-del-pri\\\/#primaryimage\"},\"thumbnailUrl\":\"https:\\\/\\\/canal7slp.tv\\\/2022\\\/wp-content\\\/uploads\\\/2022\\\/07\\\/Claudio04ORta.jpg\",\"datePublished\":\"2022-07-06T14:53:10+00:00\",\"breadcrumb\":{\"@id\":\"https:\\\/\\\/canal7slp.tv\\\/2022\\\/investigacion-contra-alito-es-persecucion-politica-sentencia-regidora-del-pri\\\/#breadcrumb\"},\"inLanguage\":\"es\",\"potentialAction\":[{\"@type\":\"ReadAction\",\"target\":[\"https:\\\/\\\/canal7slp.tv\\\/2022\\\/investigacion-contra-alito-es-persecucion-politica-sentencia-regidora-del-pri\\\/\"]}]},{\"@type\":\"ImageObject\",\"inLanguage\":\"es\",\"@id\":\"https:\\\/\\\/canal7slp.tv\\\/2022\\\/investigacion-contra-alito-es-persecucion-politica-sentencia-regidora-del-pri\\\/#primaryimage\",\"url\":\"https:\\\/\\\/canal7slp.tv\\\/2022\\\/wp-content\\\/uploads\\\/2022\\\/07\\\/Claudio04ORta.jpg\",\"contentUrl\":\"https:\\\/\\\/canal7slp.tv\\\/2022\\\/wp-content\\\/uploads\\\/2022\\\/07\\\/Claudio04ORta.jpg\",\"width\":888,\"height\":500},{\"@type\":\"BreadcrumbList\",\"@id\":\"https:\\\/\\\/canal7slp.tv\\\/2022\\\/investigacion-contra-alito-es-persecucion-politica-sentencia-regidora-del-pri\\\/#breadcrumb\",\"itemListElement\":[{\"@type\":\"ListItem\",\"position\":1,\"name\":\"Portada\",\"item\":\"https:\\\/\\\/canal7slp.tv\\\/2022\\\/\"},{\"@type\":\"ListItem\",\"position\":2,\"name\":\"Investigaci\u00f3n contra &#8220;Alito&#8221; es persecuci\u00f3n pol\u00edtica, sentencia regidora del PRI.\"}]},{\"@type\":\"WebSite\",\"@id\":\"https:\\\/\\\/canal7slp.tv\\\/2022\\\/#website\",\"url\":\"https:\\\/\\\/canal7slp.tv\\\/2022\\\/\",\"name\":\"N7 - Noticieros Canal 7\",\"description\":\"Somos Televisi\u00f3n\",\"publisher\":{\"@id\":\"https:\\\/\\\/canal7slp.tv\\\/2022\\\/#organization\"},\"potentialAction\":[{\"@type\":\"SearchAction\",\"target\":{\"@type\":\"EntryPoint\",\"urlTemplate\":\"https:\\\/\\\/canal7slp.tv\\\/2022\\\/?s={search_term_string}\"},\"query-input\":{\"@type\":\"PropertyValueSpecification\",\"valueRequired\":true,\"valueName\":\"search_term_string\"}}],\"inLanguage\":\"es\"},{\"@type\":\"Organization\",\"@id\":\"https:\\\/\\\/canal7slp.tv\\\/2022\\\/#organization\",\"name\":\"Noticieros Canal 7\",\"url\":\"https:\\\/\\\/canal7slp.tv\\\/2022\\\/\",\"logo\":{\"@type\":\"ImageObject\",\"inLanguage\":\"es\",\"@id\":\"https:\\\/\\\/canal7slp.tv\\\/2022\\\/#\\\/schema\\\/logo\\\/image\\\/\",\"url\":\"https:\\\/\\\/canal7slp.tv\\\/2022\\\/wp-content\\\/uploads\\\/2021\\\/01\\\/logo-noticieros@2x.png\",\"contentUrl\":\"https:\\\/\\\/canal7slp.tv\\\/2022\\\/wp-content\\\/uploads\\\/2021\\\/01\\\/logo-noticieros@2x.png\",\"width\":1017,\"height\":268,\"caption\":\"Noticieros Canal 7\"},\"image\":{\"@id\":\"https:\\\/\\\/canal7slp.tv\\\/2022\\\/#\\\/schema\\\/logo\\\/image\\\/\"},\"sameAs\":[\"https:\\\/\\\/www.facebook.com\\\/noticieroscanalsiete\",\"https:\\\/\\\/x.com\\\/NOTICIEROS7\",\"https:\\\/\\\/www.instagram.com\\\/canal7_slp\",\"https:\\\/\\\/www.youtube.com\\\/channel\\\/UCliiYs-gP3JfJeqdPrNdd5A\"]},{\"@type\":\"Person\",\"@id\":\"https:\\\/\\\/canal7slp.tv\\\/2022\\\/#\\\/schema\\\/person\\\/429704152a21f5f856ce29aa69a238da\",\"name\":\"Edici\u00f3n Web\",\"image\":{\"@type\":\"ImageObject\",\"inLanguage\":\"es\",\"@id\":\"https:\\\/\\\/secure.gravatar.com\\\/avatar\\\/eee448fc3f7164808013b816ba91ac7e43bbe82a70bebac296f8bc6f0addaa1a?s=96&d=mm&r=g\",\"url\":\"https:\\\/\\\/secure.gravatar.com\\\/avatar\\\/eee448fc3f7164808013b816ba91ac7e43bbe82a70bebac296f8bc6f0addaa1a?s=96&d=mm&r=g\",\"contentUrl\":\"https:\\\/\\\/secure.gravatar.com\\\/avatar\\\/eee448fc3f7164808013b816ba91ac7e43bbe82a70bebac296f8bc6f0addaa1a?s=96&d=mm&r=g\",\"caption\":\"Edici\u00f3n Web\"},\"url\":\"https:\\\/\\\/canal7slp.tv\\\/2022\\\/author\\\/edicionweb\\\/\"}]}<\/script>\n<!-- \/ Yoast SEO plugin. -->","yoast_head_json":{"title":"Investigaci\u00f3n contra \"Alito\" es persecuci\u00f3n pol\u00edtica, sentencia regidora del PRI. - Canal 7 SLP - 2022","robots":{"index":"index","follow":"follow","max-snippet":"max-snippet:-1","max-image-preview":"max-image-preview:large","max-video-preview":"max-video-preview:-1"},"canonical":"https:\/\/canal7slp.tv\/2022\/investigacion-contra-alito-es-persecucion-politica-sentencia-regidora-del-pri\/","og_locale":"es_ES","og_type":"article","og_title":"Investigaci\u00f3n contra \"Alito\" es persecuci\u00f3n pol\u00edtica, sentencia regidora del PRI. - Canal 7 SLP - 2022","og_description":"SLP.- Al considerar que las alianzas partidistas son necesarias la regidora de mayor\u00eda relativa por Partido Revolucionario Institucional Martha Orta Rodr\u00edguez, dijo sin embargo, que en su partido se trabaja por la unidad de la militancia y sus candidatos y que \u00e9stas son solo una opci\u00f3n. En este orden de ideas la regidora del PRI dijo respetar la opini\u00f3n del exgobernador panista Marcelo de los Santos Fraga en el sentido de que el tricolor est\u00e1 acabado, y sin ninguna posibilidad de recuperar votos del electorado. Asimismo, la regidora del PRI se refiri\u00f3 a las investigaciones que se le siguen al [&hellip;]","og_url":"https:\/\/canal7slp.tv\/2022\/investigacion-contra-alito-es-persecucion-politica-sentencia-regidora-del-pri\/","og_site_name":"Canal 7 SLP - 2022","article_publisher":"https:\/\/www.facebook.com\/noticieroscanalsiete","article_published_time":"2022-07-06T14:53:10+00:00","og_image":[{"width":888,"height":500,"url":"https:\/\/canal7slp.tv\/2022\/wp-content\/uploads\/2022\/07\/Claudio04ORta.jpg","type":"image\/jpeg"}],"author":"Edici\u00f3n Web","twitter_card":"summary_large_image","twitter_creator":"@NOTICIEROS7","twitter_site":"@NOTICIEROS7","twitter_misc":{"Escrito por":"Edici\u00f3n Web","Tiempo de lectura":"1 minuto"},"schema":{"@context":"https:\/\/schema.org","@graph":[{"@type":"Article","@id":"https:\/\/canal7slp.tv\/2022\/investigacion-contra-alito-es-persecucion-politica-sentencia-regidora-del-pri\/#article","isPartOf":{"@id":"https:\/\/canal7slp.tv\/2022\/investigacion-contra-alito-es-persecucion-politica-sentencia-regidora-del-pri\/"},"author":{"name":"Edici\u00f3n Web","@id":"https:\/\/canal7slp.tv\/2022\/#\/schema\/person\/429704152a21f5f856ce29aa69a238da"},"headline":"Investigaci\u00f3n contra \u00abAlito\u00bb es persecuci\u00f3n pol\u00edtica, sentencia regidora del PRI.","datePublished":"2022-07-06T14:53:10+00:00","mainEntityOfPage":{"@id":"https:\/\/canal7slp.tv\/2022\/investigacion-contra-alito-es-persecucion-politica-sentencia-regidora-del-pri\/"},"wordCount":177,"publisher":{"@id":"https:\/\/canal7slp.tv\/2022\/#organization"},"image":{"@id":"https:\/\/canal7slp.tv\/2022\/investigacion-contra-alito-es-persecucion-politica-sentencia-regidora-del-pri\/#primaryimage"},"thumbnailUrl":"https:\/\/canal7slp.tv\/2022\/wp-content\/uploads\/2022\/07\/Claudio04ORta.jpg","articleSection":["DESTACADAS","LOCALES Y REGIONALES"],"inLanguage":"es"},{"@type":"WebPage","@id":"https:\/\/canal7slp.tv\/2022\/investigacion-contra-alito-es-persecucion-politica-sentencia-regidora-del-pri\/","url":"https:\/\/canal7slp.tv\/2022\/investigacion-contra-alito-es-persecucion-politica-sentencia-regidora-del-pri\/","name":"Investigaci\u00f3n contra \"Alito\" es persecuci\u00f3n pol\u00edtica, sentencia regidora del PRI. - Canal 7 SLP - 2022","isPartOf":{"@id":"https:\/\/canal7slp.tv\/2022\/#website"},"primaryImageOfPage":{"@id":"https:\/\/canal7slp.tv\/2022\/investigacion-contra-alito-es-persecucion-politica-sentencia-regidora-del-pri\/#primaryimage"},"image":{"@id":"https:\/\/canal7slp.tv\/2022\/investigacion-contra-alito-es-persecucion-politica-sentencia-regidora-del-pri\/#primaryimage"},"thumbnailUrl":"https:\/\/canal7slp.tv\/2022\/wp-content\/uploads\/2022\/07\/Claudio04ORta.jpg","datePublished":"2022-07-06T14:53:10+00:00","breadcrumb":{"@id":"https:\/\/canal7slp.tv\/2022\/investigacion-contra-alito-es-persecucion-politica-sentencia-regidora-del-pri\/#breadcrumb"},"inLanguage":"es","potentialAction":[{"@type":"ReadAction","target":["https:\/\/canal7slp.tv\/2022\/investigacion-contra-alito-es-persecucion-politica-sentencia-regidora-del-pri\/"]}]},{"@type":"ImageObject","inLanguage":"es","@id":"https:\/\/canal7slp.tv\/2022\/investigacion-contra-alito-es-persecucion-politica-sentencia-regidora-del-pri\/#primaryimage","url":"https:\/\/canal7slp.tv\/2022\/wp-content\/uploads\/2022\/07\/Claudio04ORta.jpg","contentUrl":"https:\/\/canal7slp.tv\/2022\/wp-content\/uploads\/2022\/07\/Claudio04ORta.jpg","width":888,"height":500},{"@type":"BreadcrumbList","@id":"https:\/\/canal7slp.tv\/2022\/investigacion-contra-alito-es-persecucion-politica-sentencia-regidora-del-pri\/#breadcrumb","itemListElement":[{"@type":"ListItem","position":1,"name":"Portada","item":"https:\/\/canal7slp.tv\/2022\/"},{"@type":"ListItem","position":2,"name":"Investigaci\u00f3n contra &#8220;Alito&#8221; es persecuci\u00f3n pol\u00edtica, sentencia regidora del PRI."}]},{"@type":"WebSite","@id":"https:\/\/canal7slp.tv\/2022\/#website","url":"https:\/\/canal7slp.tv\/2022\/","name":"N7 - Noticieros Canal 7","description":"Somos Televisi\u00f3n","publisher":{"@id":"https:\/\/canal7slp.tv\/2022\/#organization"},"potentialAction":[{"@type":"SearchAction","target":{"@type":"EntryPoint","urlTemplate":"https:\/\/canal7slp.tv\/2022\/?s={search_term_string}"},"query-input":{"@type":"PropertyValueSpecification","valueRequired":true,"valueName":"search_term_string"}}],"inLanguage":"es"},{"@type":"Organization","@id":"https:\/\/canal7slp.tv\/2022\/#organization","name":"Noticieros Canal 7","url":"https:\/\/canal7slp.tv\/2022\/","logo":{"@type":"ImageObject","inLanguage":"es","@id":"https:\/\/canal7slp.tv\/2022\/#\/schema\/logo\/image\/","url":"https:\/\/canal7slp.tv\/2022\/wp-content\/uploads\/2021\/01\/logo-noticieros@2x.png","contentUrl":"https:\/\/canal7slp.tv\/2022\/wp-content\/uploads\/2021\/01\/logo-noticieros@2x.png","width":1017,"height":268,"caption":"Noticieros Canal 7"},"image":{"@id":"https:\/\/canal7slp.tv\/2022\/#\/schema\/logo\/image\/"},"sameAs":["https:\/\/www.facebook.com\/noticieroscanalsiete","https:\/\/x.com\/NOTICIEROS7","https:\/\/www.instagram.com\/canal7_slp","https:\/\/www.youtube.com\/channel\/UCliiYs-gP3JfJeqdPrNdd5A"]},{"@type":"Person","@id":"https:\/\/canal7slp.tv\/2022\/#\/schema\/person\/429704152a21f5f856ce29aa69a238da","name":"Edici\u00f3n Web","image":{"@type":"ImageObject","inLanguage":"es","@id":"https:\/\/secure.gravatar.com\/avatar\/eee448fc3f7164808013b816ba91ac7e43bbe82a70bebac296f8bc6f0addaa1a?s=96&d=mm&r=g","url":"https:\/\/secure.gravatar.com\/avatar\/eee448fc3f7164808013b816ba91ac7e43bbe82a70bebac296f8bc6f0addaa1a?s=96&d=mm&r=g","contentUrl":"https:\/\/secure.gravatar.com\/avatar\/eee448fc3f7164808013b816ba91ac7e43bbe82a70bebac296f8bc6f0addaa1a?s=96&d=mm&r=g","caption":"Edici\u00f3n Web"},"url":"https:\/\/canal7slp.tv\/2022\/author\/edicionweb\/"}]}},"amp_enabled":true,"_links":{"self":[{"href":"https:\/\/canal7slp.tv\/2022\/wp-json\/wp\/v2\/posts\/65671","targetHints":{"allow":["GET"]}}],"collection":[{"href":"https:\/\/canal7slp.tv\/2022\/wp-json\/wp\/v2\/posts"}],"about":[{"href":"https:\/\/canal7slp.tv\/2022\/wp-json\/wp\/v2\/types\/post"}],"author":[{"embeddable":true,"href":"https:\/\/canal7slp.tv\/2022\/wp-json\/wp\/v2\/users\/2"}],"replies":[{"embeddable":true,"href":"https:\/\/canal7slp.tv\/2022\/wp-json\/wp\/v2\/comments?post=65671"}],"version-history":[{"count":3,"href":"https:\/\/canal7slp.tv\/2022\/wp-json\/wp\/v2\/posts\/65671\/revisions"}],"predecessor-version":[{"id":65721,"href":"https:\/\/canal7slp.tv\/2022\/wp-json\/wp\/v2\/posts\/65671\/revisions\/65721"}],"wp:featuredmedia":[{"embeddable":true,"href":"https:\/\/canal7slp.tv\/2022\/wp-json\/wp\/v2\/media\/65720"}],"wp:attachment":[{"href":"https:\/\/canal7slp.tv\/2022\/wp-json\/wp\/v2\/media?parent=65671"}],"wp:term":[{"taxonomy":"category","embeddable":true,"href":"https:\/\/canal7slp.tv\/2022\/wp-json\/wp\/v2\/categories?post=65671"},{"taxonomy":"post_tag","embeddable":true,"href":"https:\/\/canal7slp.tv\/2022\/wp-json\/wp\/v2\/tags?post=65671"}],"curies":[{"name":"wp","href":"https:\/\/api.w.org\/{rel}","templated":true}]}}