{"id":65670,"date":"2022-07-06T08:42:23","date_gmt":"2022-07-06T14:42:23","guid":{"rendered":"https:\/\/canal7slp.tv\/2022\/?p=65670"},"modified":"2022-07-06T08:42:23","modified_gmt":"2022-07-06T14:42:23","slug":"niega-francisca-resendiz-tesorera-del-sittge-que-exista-orden-de-aprehension-en-su-contra","status":"publish","type":"post","link":"https:\/\/canal7slp.tv\/2022\/niega-francisca-resendiz-tesorera-del-sittge-que-exista-orden-de-aprehension-en-su-contra\/","title":{"rendered":"Niega Francisca Res\u00e9ndiz, tesorera del SITTGE que exista orden de aprehensi\u00f3n en su contra."},"content":{"rendered":"<p style=\"text-align: justify;\">SLP.- La tesorera y anteriormente secretaria general del Sindicato Independiente de Trabajadores y Trabajadoras del Gobierno del Estado Francisca Res\u00e9ndiz Lara, neg\u00f3 las versiones en el sentido de que existe una orden de aprehensi\u00f3n en su contra.<\/p>\n<p style=\"text-align: justify;\">Afirm\u00f3 que la actual administraci\u00f3n estatal criminaliza su libre derecho de manifestarse y expresarse contra lo que llam\u00f3, abuso de las autoridades hacia los ciudadanos que se ven afectados en sus intereses, y a lo que calific\u00f3 de violencia institucional.<\/p>\n<p style=\"text-align: justify;\">La tesorera del SITTGE afirm\u00f3 que si la buscan estar\u00e1 siempre a la vista de todos y que acudir\u00e1 a las instancias a donde la tengan que llamar con la frente en alto, siempre en la defensa de los intereses de sus agremiados.<\/p>\n<p style=\"text-align: justify;\">Cabe recordar que en d\u00edas pasados cuando el arzobispo Jorge Alberto Cavazos Arizpe lleg\u00f3 a San Luis Potos\u00ed a tomar posesi\u00f3n de la Arquidi\u00f3cesis Potosina, la caravana que encabezaba tuvo que ser desviada cuando se dirig\u00eda a la Plaza de Armas, porque integrantes de este sindicato bloqueaban la calle por donde pasar\u00eda la comitiva del arzobispo.<\/p>\n<p style=\"text-align: justify;\">Cuestionada al respecto y sobre las quejas de la ciudadan\u00eda por este suceso esto fue lo que dijo la tesorera de este sindicato.<\/p>\n<p>Por: Claudio Ibarra<\/p>\n","protected":false},"excerpt":{"rendered":"<p>SLP.- La tesorera y anteriormente secretaria general del Sindicato Independiente de Trabajadores y Trabajadoras del Gobierno del Estado Francisca Res\u00e9ndiz Lara, neg\u00f3 las versiones en el sentido de que existe una orden de aprehensi\u00f3n en su contra. Afirm\u00f3 que la actual administraci\u00f3n estatal criminaliza su libre derecho de manifestarse y expresarse contra lo que llam\u00f3, abuso de las autoridades hacia los ciudadanos que se ven afectados en sus intereses, y a lo que calific\u00f3 de violencia institucional. La tesorera del SITTGE afirm\u00f3 que si la buscan estar\u00e1 siempre a la vista de todos y que acudir\u00e1 a las instancias a [&hellip;]<\/p>\n","protected":false},"author":2,"featured_media":65718,"comment_status":"closed","ping_status":"closed","sticky":false,"template":"","format":"video","meta":{"footnotes":""},"categories":[5,45],"tags":[],"class_list":["post-65670","post","type-post","status-publish","format-video","has-post-thumbnail","hentry","category-destacadas","category-localesyregionales","post_format-post-format-video","post--single"],"yoast_head":"<!-- This site is optimized with the Yoast SEO plugin v27.4 - https:\/\/yoast.com\/product\/yoast-seo-wordpress\/ -->\n<title>Niega Francisca Res\u00e9ndiz, tesorera del SITTGE que exista orden de aprehensi\u00f3n en su contra. - Canal 7 SLP - 2022<\/title>\n<meta name=\"robots\" content=\"index, follow, max-snippet:-1, max-image-preview:large, max-video-preview:-1\" \/>\n<link rel=\"canonical\" href=\"https:\/\/canal7slp.tv\/2022\/niega-francisca-resendiz-tesorera-del-sittge-que-exista-orden-de-aprehension-en-su-contra\/\" \/>\n<meta property=\"og:locale\" content=\"es_ES\" \/>\n<meta property=\"og:type\" content=\"article\" \/>\n<meta property=\"og:title\" content=\"Niega Francisca Res\u00e9ndiz, tesorera del SITTGE que exista orden de aprehensi\u00f3n en su contra. - Canal 7 SLP - 2022\" \/>\n<meta property=\"og:description\" content=\"SLP.- La tesorera y anteriormente secretaria general del Sindicato Independiente de Trabajadores y Trabajadoras del Gobierno del Estado Francisca Res\u00e9ndiz Lara, neg\u00f3 las versiones en el sentido de que existe una orden de aprehensi\u00f3n en su contra. Afirm\u00f3 que la actual administraci\u00f3n estatal criminaliza su libre derecho de manifestarse y expresarse contra lo que llam\u00f3, abuso de las autoridades hacia los ciudadanos que se ven afectados en sus intereses, y a lo que calific\u00f3 de violencia institucional. La tesorera del SITTGE afirm\u00f3 que si la buscan estar\u00e1 siempre a la vista de todos y que acudir\u00e1 a las instancias a [&hellip;]\" \/>\n<meta property=\"og:url\" content=\"https:\/\/canal7slp.tv\/2022\/niega-francisca-resendiz-tesorera-del-sittge-que-exista-orden-de-aprehension-en-su-contra\/\" \/>\n<meta property=\"og:site_name\" content=\"Canal 7 SLP - 2022\" \/>\n<meta property=\"article:publisher\" content=\"https:\/\/www.facebook.com\/noticieroscanalsiete\" \/>\n<meta property=\"article:published_time\" content=\"2022-07-06T14:42:23+00:00\" \/>\n<meta property=\"og:image\" content=\"https:\/\/canal7slp.tv\/2022\/wp-content\/uploads\/2022\/07\/Claudio03Paca.jpg\" \/>\n\t<meta property=\"og:image:width\" content=\"888\" \/>\n\t<meta property=\"og:image:height\" content=\"500\" \/>\n\t<meta property=\"og:image:type\" content=\"image\/jpeg\" \/>\n<meta name=\"author\" content=\"Edici\u00f3n Web\" \/>\n<meta name=\"twitter:card\" content=\"summary_large_image\" \/>\n<meta name=\"twitter:creator\" content=\"@NOTICIEROS7\" \/>\n<meta name=\"twitter:site\" content=\"@NOTICIEROS7\" \/>\n<meta name=\"twitter:label1\" content=\"Escrito por\" \/>\n\t<meta name=\"twitter:data1\" content=\"Edici\u00f3n Web\" \/>\n\t<meta name=\"twitter:label2\" content=\"Tiempo de lectura\" \/>\n\t<meta name=\"twitter:data2\" content=\"1 minuto\" \/>\n<script type=\"application\/ld+json\" class=\"yoast-schema-graph\">{\"@context\":\"https:\\\/\\\/schema.org\",\"@graph\":[{\"@type\":\"Article\",\"@id\":\"https:\\\/\\\/canal7slp.tv\\\/2022\\\/niega-francisca-resendiz-tesorera-del-sittge-que-exista-orden-de-aprehension-en-su-contra\\\/#article\",\"isPartOf\":{\"@id\":\"https:\\\/\\\/canal7slp.tv\\\/2022\\\/niega-francisca-resendiz-tesorera-del-sittge-que-exista-orden-de-aprehension-en-su-contra\\\/\"},\"author\":{\"name\":\"Edici\u00f3n Web\",\"@id\":\"https:\\\/\\\/canal7slp.tv\\\/2022\\\/#\\\/schema\\\/person\\\/429704152a21f5f856ce29aa69a238da\"},\"headline\":\"Niega Francisca Res\u00e9ndiz, tesorera del SITTGE que exista orden de aprehensi\u00f3n en su contra.\",\"datePublished\":\"2022-07-06T14:42:23+00:00\",\"mainEntityOfPage\":{\"@id\":\"https:\\\/\\\/canal7slp.tv\\\/2022\\\/niega-francisca-resendiz-tesorera-del-sittge-que-exista-orden-de-aprehension-en-su-contra\\\/\"},\"wordCount\":228,\"publisher\":{\"@id\":\"https:\\\/\\\/canal7slp.tv\\\/2022\\\/#organization\"},\"image\":{\"@id\":\"https:\\\/\\\/canal7slp.tv\\\/2022\\\/niega-francisca-resendiz-tesorera-del-sittge-que-exista-orden-de-aprehension-en-su-contra\\\/#primaryimage\"},\"thumbnailUrl\":\"https:\\\/\\\/canal7slp.tv\\\/2022\\\/wp-content\\\/uploads\\\/2022\\\/07\\\/Claudio03Paca.jpg\",\"articleSection\":[\"DESTACADAS\",\"LOCALES Y REGIONALES\"],\"inLanguage\":\"es\"},{\"@type\":\"WebPage\",\"@id\":\"https:\\\/\\\/canal7slp.tv\\\/2022\\\/niega-francisca-resendiz-tesorera-del-sittge-que-exista-orden-de-aprehension-en-su-contra\\\/\",\"url\":\"https:\\\/\\\/canal7slp.tv\\\/2022\\\/niega-francisca-resendiz-tesorera-del-sittge-que-exista-orden-de-aprehension-en-su-contra\\\/\",\"name\":\"Niega Francisca Res\u00e9ndiz, tesorera del SITTGE que exista orden de aprehensi\u00f3n en su contra. - Canal 7 SLP - 2022\",\"isPartOf\":{\"@id\":\"https:\\\/\\\/canal7slp.tv\\\/2022\\\/#website\"},\"primaryImageOfPage\":{\"@id\":\"https:\\\/\\\/canal7slp.tv\\\/2022\\\/niega-francisca-resendiz-tesorera-del-sittge-que-exista-orden-de-aprehension-en-su-contra\\\/#primaryimage\"},\"image\":{\"@id\":\"https:\\\/\\\/canal7slp.tv\\\/2022\\\/niega-francisca-resendiz-tesorera-del-sittge-que-exista-orden-de-aprehension-en-su-contra\\\/#primaryimage\"},\"thumbnailUrl\":\"https:\\\/\\\/canal7slp.tv\\\/2022\\\/wp-content\\\/uploads\\\/2022\\\/07\\\/Claudio03Paca.jpg\",\"datePublished\":\"2022-07-06T14:42:23+00:00\",\"breadcrumb\":{\"@id\":\"https:\\\/\\\/canal7slp.tv\\\/2022\\\/niega-francisca-resendiz-tesorera-del-sittge-que-exista-orden-de-aprehension-en-su-contra\\\/#breadcrumb\"},\"inLanguage\":\"es\",\"potentialAction\":[{\"@type\":\"ReadAction\",\"target\":[\"https:\\\/\\\/canal7slp.tv\\\/2022\\\/niega-francisca-resendiz-tesorera-del-sittge-que-exista-orden-de-aprehension-en-su-contra\\\/\"]}]},{\"@type\":\"ImageObject\",\"inLanguage\":\"es\",\"@id\":\"https:\\\/\\\/canal7slp.tv\\\/2022\\\/niega-francisca-resendiz-tesorera-del-sittge-que-exista-orden-de-aprehension-en-su-contra\\\/#primaryimage\",\"url\":\"https:\\\/\\\/canal7slp.tv\\\/2022\\\/wp-content\\\/uploads\\\/2022\\\/07\\\/Claudio03Paca.jpg\",\"contentUrl\":\"https:\\\/\\\/canal7slp.tv\\\/2022\\\/wp-content\\\/uploads\\\/2022\\\/07\\\/Claudio03Paca.jpg\",\"width\":888,\"height\":500},{\"@type\":\"BreadcrumbList\",\"@id\":\"https:\\\/\\\/canal7slp.tv\\\/2022\\\/niega-francisca-resendiz-tesorera-del-sittge-que-exista-orden-de-aprehension-en-su-contra\\\/#breadcrumb\",\"itemListElement\":[{\"@type\":\"ListItem\",\"position\":1,\"name\":\"Portada\",\"item\":\"https:\\\/\\\/canal7slp.tv\\\/2022\\\/\"},{\"@type\":\"ListItem\",\"position\":2,\"name\":\"Niega Francisca Res\u00e9ndiz, tesorera del SITTGE que exista orden de aprehensi\u00f3n en su contra.\"}]},{\"@type\":\"WebSite\",\"@id\":\"https:\\\/\\\/canal7slp.tv\\\/2022\\\/#website\",\"url\":\"https:\\\/\\\/canal7slp.tv\\\/2022\\\/\",\"name\":\"N7 - Noticieros Canal 7\",\"description\":\"Somos Televisi\u00f3n\",\"publisher\":{\"@id\":\"https:\\\/\\\/canal7slp.tv\\\/2022\\\/#organization\"},\"potentialAction\":[{\"@type\":\"SearchAction\",\"target\":{\"@type\":\"EntryPoint\",\"urlTemplate\":\"https:\\\/\\\/canal7slp.tv\\\/2022\\\/?s={search_term_string}\"},\"query-input\":{\"@type\":\"PropertyValueSpecification\",\"valueRequired\":true,\"valueName\":\"search_term_string\"}}],\"inLanguage\":\"es\"},{\"@type\":\"Organization\",\"@id\":\"https:\\\/\\\/canal7slp.tv\\\/2022\\\/#organization\",\"name\":\"Noticieros Canal 7\",\"url\":\"https:\\\/\\\/canal7slp.tv\\\/2022\\\/\",\"logo\":{\"@type\":\"ImageObject\",\"inLanguage\":\"es\",\"@id\":\"https:\\\/\\\/canal7slp.tv\\\/2022\\\/#\\\/schema\\\/logo\\\/image\\\/\",\"url\":\"https:\\\/\\\/canal7slp.tv\\\/2022\\\/wp-content\\\/uploads\\\/2021\\\/01\\\/logo-noticieros@2x.png\",\"contentUrl\":\"https:\\\/\\\/canal7slp.tv\\\/2022\\\/wp-content\\\/uploads\\\/2021\\\/01\\\/logo-noticieros@2x.png\",\"width\":1017,\"height\":268,\"caption\":\"Noticieros Canal 7\"},\"image\":{\"@id\":\"https:\\\/\\\/canal7slp.tv\\\/2022\\\/#\\\/schema\\\/logo\\\/image\\\/\"},\"sameAs\":[\"https:\\\/\\\/www.facebook.com\\\/noticieroscanalsiete\",\"https:\\\/\\\/x.com\\\/NOTICIEROS7\",\"https:\\\/\\\/www.instagram.com\\\/canal7_slp\",\"https:\\\/\\\/www.youtube.com\\\/channel\\\/UCliiYs-gP3JfJeqdPrNdd5A\"]},{\"@type\":\"Person\",\"@id\":\"https:\\\/\\\/canal7slp.tv\\\/2022\\\/#\\\/schema\\\/person\\\/429704152a21f5f856ce29aa69a238da\",\"name\":\"Edici\u00f3n Web\",\"image\":{\"@type\":\"ImageObject\",\"inLanguage\":\"es\",\"@id\":\"https:\\\/\\\/secure.gravatar.com\\\/avatar\\\/eee448fc3f7164808013b816ba91ac7e43bbe82a70bebac296f8bc6f0addaa1a?s=96&d=mm&r=g\",\"url\":\"https:\\\/\\\/secure.gravatar.com\\\/avatar\\\/eee448fc3f7164808013b816ba91ac7e43bbe82a70bebac296f8bc6f0addaa1a?s=96&d=mm&r=g\",\"contentUrl\":\"https:\\\/\\\/secure.gravatar.com\\\/avatar\\\/eee448fc3f7164808013b816ba91ac7e43bbe82a70bebac296f8bc6f0addaa1a?s=96&d=mm&r=g\",\"caption\":\"Edici\u00f3n Web\"},\"url\":\"https:\\\/\\\/canal7slp.tv\\\/2022\\\/author\\\/edicionweb\\\/\"}]}<\/script>\n<!-- \/ Yoast SEO plugin. -->","yoast_head_json":{"title":"Niega Francisca Res\u00e9ndiz, tesorera del SITTGE que exista orden de aprehensi\u00f3n en su contra. - Canal 7 SLP - 2022","robots":{"index":"index","follow":"follow","max-snippet":"max-snippet:-1","max-image-preview":"max-image-preview:large","max-video-preview":"max-video-preview:-1"},"canonical":"https:\/\/canal7slp.tv\/2022\/niega-francisca-resendiz-tesorera-del-sittge-que-exista-orden-de-aprehension-en-su-contra\/","og_locale":"es_ES","og_type":"article","og_title":"Niega Francisca Res\u00e9ndiz, tesorera del SITTGE que exista orden de aprehensi\u00f3n en su contra. - Canal 7 SLP - 2022","og_description":"SLP.- La tesorera y anteriormente secretaria general del Sindicato Independiente de Trabajadores y Trabajadoras del Gobierno del Estado Francisca Res\u00e9ndiz Lara, neg\u00f3 las versiones en el sentido de que existe una orden de aprehensi\u00f3n en su contra. Afirm\u00f3 que la actual administraci\u00f3n estatal criminaliza su libre derecho de manifestarse y expresarse contra lo que llam\u00f3, abuso de las autoridades hacia los ciudadanos que se ven afectados en sus intereses, y a lo que calific\u00f3 de violencia institucional. La tesorera del SITTGE afirm\u00f3 que si la buscan estar\u00e1 siempre a la vista de todos y que acudir\u00e1 a las instancias a [&hellip;]","og_url":"https:\/\/canal7slp.tv\/2022\/niega-francisca-resendiz-tesorera-del-sittge-que-exista-orden-de-aprehension-en-su-contra\/","og_site_name":"Canal 7 SLP - 2022","article_publisher":"https:\/\/www.facebook.com\/noticieroscanalsiete","article_published_time":"2022-07-06T14:42:23+00:00","og_image":[{"width":888,"height":500,"url":"https:\/\/canal7slp.tv\/2022\/wp-content\/uploads\/2022\/07\/Claudio03Paca.jpg","type":"image\/jpeg"}],"author":"Edici\u00f3n Web","twitter_card":"summary_large_image","twitter_creator":"@NOTICIEROS7","twitter_site":"@NOTICIEROS7","twitter_misc":{"Escrito por":"Edici\u00f3n Web","Tiempo de lectura":"1 minuto"},"schema":{"@context":"https:\/\/schema.org","@graph":[{"@type":"Article","@id":"https:\/\/canal7slp.tv\/2022\/niega-francisca-resendiz-tesorera-del-sittge-que-exista-orden-de-aprehension-en-su-contra\/#article","isPartOf":{"@id":"https:\/\/canal7slp.tv\/2022\/niega-francisca-resendiz-tesorera-del-sittge-que-exista-orden-de-aprehension-en-su-contra\/"},"author":{"name":"Edici\u00f3n Web","@id":"https:\/\/canal7slp.tv\/2022\/#\/schema\/person\/429704152a21f5f856ce29aa69a238da"},"headline":"Niega Francisca Res\u00e9ndiz, tesorera del SITTGE que exista orden de aprehensi\u00f3n en su contra.","datePublished":"2022-07-06T14:42:23+00:00","mainEntityOfPage":{"@id":"https:\/\/canal7slp.tv\/2022\/niega-francisca-resendiz-tesorera-del-sittge-que-exista-orden-de-aprehension-en-su-contra\/"},"wordCount":228,"publisher":{"@id":"https:\/\/canal7slp.tv\/2022\/#organization"},"image":{"@id":"https:\/\/canal7slp.tv\/2022\/niega-francisca-resendiz-tesorera-del-sittge-que-exista-orden-de-aprehension-en-su-contra\/#primaryimage"},"thumbnailUrl":"https:\/\/canal7slp.tv\/2022\/wp-content\/uploads\/2022\/07\/Claudio03Paca.jpg","articleSection":["DESTACADAS","LOCALES Y REGIONALES"],"inLanguage":"es"},{"@type":"WebPage","@id":"https:\/\/canal7slp.tv\/2022\/niega-francisca-resendiz-tesorera-del-sittge-que-exista-orden-de-aprehension-en-su-contra\/","url":"https:\/\/canal7slp.tv\/2022\/niega-francisca-resendiz-tesorera-del-sittge-que-exista-orden-de-aprehension-en-su-contra\/","name":"Niega Francisca Res\u00e9ndiz, tesorera del SITTGE que exista orden de aprehensi\u00f3n en su contra. - Canal 7 SLP - 2022","isPartOf":{"@id":"https:\/\/canal7slp.tv\/2022\/#website"},"primaryImageOfPage":{"@id":"https:\/\/canal7slp.tv\/2022\/niega-francisca-resendiz-tesorera-del-sittge-que-exista-orden-de-aprehension-en-su-contra\/#primaryimage"},"image":{"@id":"https:\/\/canal7slp.tv\/2022\/niega-francisca-resendiz-tesorera-del-sittge-que-exista-orden-de-aprehension-en-su-contra\/#primaryimage"},"thumbnailUrl":"https:\/\/canal7slp.tv\/2022\/wp-content\/uploads\/2022\/07\/Claudio03Paca.jpg","datePublished":"2022-07-06T14:42:23+00:00","breadcrumb":{"@id":"https:\/\/canal7slp.tv\/2022\/niega-francisca-resendiz-tesorera-del-sittge-que-exista-orden-de-aprehension-en-su-contra\/#breadcrumb"},"inLanguage":"es","potentialAction":[{"@type":"ReadAction","target":["https:\/\/canal7slp.tv\/2022\/niega-francisca-resendiz-tesorera-del-sittge-que-exista-orden-de-aprehension-en-su-contra\/"]}]},{"@type":"ImageObject","inLanguage":"es","@id":"https:\/\/canal7slp.tv\/2022\/niega-francisca-resendiz-tesorera-del-sittge-que-exista-orden-de-aprehension-en-su-contra\/#primaryimage","url":"https:\/\/canal7slp.tv\/2022\/wp-content\/uploads\/2022\/07\/Claudio03Paca.jpg","contentUrl":"https:\/\/canal7slp.tv\/2022\/wp-content\/uploads\/2022\/07\/Claudio03Paca.jpg","width":888,"height":500},{"@type":"BreadcrumbList","@id":"https:\/\/canal7slp.tv\/2022\/niega-francisca-resendiz-tesorera-del-sittge-que-exista-orden-de-aprehension-en-su-contra\/#breadcrumb","itemListElement":[{"@type":"ListItem","position":1,"name":"Portada","item":"https:\/\/canal7slp.tv\/2022\/"},{"@type":"ListItem","position":2,"name":"Niega Francisca Res\u00e9ndiz, tesorera del SITTGE que exista orden de aprehensi\u00f3n en su contra."}]},{"@type":"WebSite","@id":"https:\/\/canal7slp.tv\/2022\/#website","url":"https:\/\/canal7slp.tv\/2022\/","name":"N7 - Noticieros Canal 7","description":"Somos Televisi\u00f3n","publisher":{"@id":"https:\/\/canal7slp.tv\/2022\/#organization"},"potentialAction":[{"@type":"SearchAction","target":{"@type":"EntryPoint","urlTemplate":"https:\/\/canal7slp.tv\/2022\/?s={search_term_string}"},"query-input":{"@type":"PropertyValueSpecification","valueRequired":true,"valueName":"search_term_string"}}],"inLanguage":"es"},{"@type":"Organization","@id":"https:\/\/canal7slp.tv\/2022\/#organization","name":"Noticieros Canal 7","url":"https:\/\/canal7slp.tv\/2022\/","logo":{"@type":"ImageObject","inLanguage":"es","@id":"https:\/\/canal7slp.tv\/2022\/#\/schema\/logo\/image\/","url":"https:\/\/canal7slp.tv\/2022\/wp-content\/uploads\/2021\/01\/logo-noticieros@2x.png","contentUrl":"https:\/\/canal7slp.tv\/2022\/wp-content\/uploads\/2021\/01\/logo-noticieros@2x.png","width":1017,"height":268,"caption":"Noticieros Canal 7"},"image":{"@id":"https:\/\/canal7slp.tv\/2022\/#\/schema\/logo\/image\/"},"sameAs":["https:\/\/www.facebook.com\/noticieroscanalsiete","https:\/\/x.com\/NOTICIEROS7","https:\/\/www.instagram.com\/canal7_slp","https:\/\/www.youtube.com\/channel\/UCliiYs-gP3JfJeqdPrNdd5A"]},{"@type":"Person","@id":"https:\/\/canal7slp.tv\/2022\/#\/schema\/person\/429704152a21f5f856ce29aa69a238da","name":"Edici\u00f3n Web","image":{"@type":"ImageObject","inLanguage":"es","@id":"https:\/\/secure.gravatar.com\/avatar\/eee448fc3f7164808013b816ba91ac7e43bbe82a70bebac296f8bc6f0addaa1a?s=96&d=mm&r=g","url":"https:\/\/secure.gravatar.com\/avatar\/eee448fc3f7164808013b816ba91ac7e43bbe82a70bebac296f8bc6f0addaa1a?s=96&d=mm&r=g","contentUrl":"https:\/\/secure.gravatar.com\/avatar\/eee448fc3f7164808013b816ba91ac7e43bbe82a70bebac296f8bc6f0addaa1a?s=96&d=mm&r=g","caption":"Edici\u00f3n Web"},"url":"https:\/\/canal7slp.tv\/2022\/author\/edicionweb\/"}]}},"amp_enabled":true,"_links":{"self":[{"href":"https:\/\/canal7slp.tv\/2022\/wp-json\/wp\/v2\/posts\/65670","targetHints":{"allow":["GET"]}}],"collection":[{"href":"https:\/\/canal7slp.tv\/2022\/wp-json\/wp\/v2\/posts"}],"about":[{"href":"https:\/\/canal7slp.tv\/2022\/wp-json\/wp\/v2\/types\/post"}],"author":[{"embeddable":true,"href":"https:\/\/canal7slp.tv\/2022\/wp-json\/wp\/v2\/users\/2"}],"replies":[{"embeddable":true,"href":"https:\/\/canal7slp.tv\/2022\/wp-json\/wp\/v2\/comments?post=65670"}],"version-history":[{"count":3,"href":"https:\/\/canal7slp.tv\/2022\/wp-json\/wp\/v2\/posts\/65670\/revisions"}],"predecessor-version":[{"id":65719,"href":"https:\/\/canal7slp.tv\/2022\/wp-json\/wp\/v2\/posts\/65670\/revisions\/65719"}],"wp:featuredmedia":[{"embeddable":true,"href":"https:\/\/canal7slp.tv\/2022\/wp-json\/wp\/v2\/media\/65718"}],"wp:attachment":[{"href":"https:\/\/canal7slp.tv\/2022\/wp-json\/wp\/v2\/media?parent=65670"}],"wp:term":[{"taxonomy":"category","embeddable":true,"href":"https:\/\/canal7slp.tv\/2022\/wp-json\/wp\/v2\/categories?post=65670"},{"taxonomy":"post_tag","embeddable":true,"href":"https:\/\/canal7slp.tv\/2022\/wp-json\/wp\/v2\/tags?post=65670"}],"curies":[{"name":"wp","href":"https:\/\/api.w.org\/{rel}","templated":true}]}}