{"id":65669,"date":"2022-07-06T08:40:06","date_gmt":"2022-07-06T14:40:06","guid":{"rendered":"https:\/\/canal7slp.tv\/2022\/?p=65669"},"modified":"2022-07-06T08:40:06","modified_gmt":"2022-07-06T14:40:06","slug":"expolicias-municipales-capitalinos-piden-ser-reinstalados-en-sus-cargos","status":"publish","type":"post","link":"https:\/\/canal7slp.tv\/2022\/expolicias-municipales-capitalinos-piden-ser-reinstalados-en-sus-cargos\/","title":{"rendered":"Expolic\u00edas municipales capitalinos piden ser reinstalados en sus cargos."},"content":{"rendered":"<p style=\"text-align: justify;\">SLP.- En rueda de prensa conjunta un grupo de expolic\u00edas del municipio capitalino pidieron la reinstalaci\u00f3n en sus puestos pero tambi\u00e9n el pago retroactivo de sus haberes, pues algunos de ellos fueron separados de sus cargos desde hace casi dos a\u00f1os sin que hasta la fecha se les haya dado alguna compensaci\u00f3n que por ley les corresponde.<\/p>\n<p style=\"text-align: justify;\">Los hechos sucedieron en la pasada administraci\u00f3n municipal al afirmar que fueron suspendidos de manera ilegal por faltas que ellos consideran, fueron solo administrativas y no atribuibles a ellos.<\/p>\n<p style=\"text-align: justify;\">Reiteraron que una de las causas\u00a0 por las que fueron suspendidos fue porque no portaban permiso para portar sus armas al decir que el permiso colectivo estaba vencido, y aun as\u00ed se les ordenaba portarlas.<\/p>\n<p style=\"text-align: justify;\">Los expolic\u00edas afirmaron que al enfrentar una carpeta de investigaci\u00f3n en la Fiscal\u00eda Especializada para Delitos Relacionados con Hechos de Corrupci\u00f3n en esta instancia se determin\u00f3 el no ejercicio de la acci\u00f3n penal y a pesar de que ya son cerca de dos a\u00f1os que fueron suspendidos, la actual administraci\u00f3n no atiende su petici\u00f3n de di\u00e1logo por lo que promovieron un juicio de amparo para hacer valer este derecho.<\/p>\n<p style=\"text-align: justify;\">A nombre de los afectados su asesor jur\u00eddico hizo un llamado a las autoridades municipales para que atiendan su derecho de audiencia, y dar una soluci\u00f3n a sus demandas.<\/p>\n<p>Por: Claudio Ibarra<\/p>\n","protected":false},"excerpt":{"rendered":"<p>SLP.- En rueda de prensa conjunta un grupo de expolic\u00edas del municipio capitalino pidieron la reinstalaci\u00f3n en sus puestos pero tambi\u00e9n el pago retroactivo de sus haberes, pues algunos de ellos fueron separados de sus cargos desde hace casi dos a\u00f1os sin que hasta la fecha se les haya dado alguna compensaci\u00f3n que por ley les corresponde. Los hechos sucedieron en la pasada administraci\u00f3n municipal al afirmar que fueron suspendidos de manera ilegal por faltas que ellos consideran, fueron solo administrativas y no atribuibles a ellos. Reiteraron que una de las causas\u00a0 por las que fueron suspendidos fue porque no [&hellip;]<\/p>\n","protected":false},"author":2,"featured_media":65715,"comment_status":"closed","ping_status":"closed","sticky":false,"template":"","format":"video","meta":{"footnotes":""},"categories":[5,45],"tags":[],"class_list":["post-65669","post","type-post","status-publish","format-video","has-post-thumbnail","hentry","category-destacadas","category-localesyregionales","post_format-post-format-video","post--single"],"yoast_head":"<!-- This site is optimized with the Yoast SEO plugin v27.4 - https:\/\/yoast.com\/product\/yoast-seo-wordpress\/ -->\n<title>Expolic\u00edas municipales capitalinos piden ser reinstalados en sus cargos. - Canal 7 SLP - 2022<\/title>\n<meta name=\"robots\" content=\"index, follow, max-snippet:-1, max-image-preview:large, max-video-preview:-1\" \/>\n<link rel=\"canonical\" href=\"https:\/\/canal7slp.tv\/2022\/expolicias-municipales-capitalinos-piden-ser-reinstalados-en-sus-cargos\/\" \/>\n<meta property=\"og:locale\" content=\"es_ES\" \/>\n<meta property=\"og:type\" content=\"article\" \/>\n<meta property=\"og:title\" content=\"Expolic\u00edas municipales capitalinos piden ser reinstalados en sus cargos. - Canal 7 SLP - 2022\" \/>\n<meta property=\"og:description\" content=\"SLP.- En rueda de prensa conjunta un grupo de expolic\u00edas del municipio capitalino pidieron la reinstalaci\u00f3n en sus puestos pero tambi\u00e9n el pago retroactivo de sus haberes, pues algunos de ellos fueron separados de sus cargos desde hace casi dos a\u00f1os sin que hasta la fecha se les haya dado alguna compensaci\u00f3n que por ley les corresponde. Los hechos sucedieron en la pasada administraci\u00f3n municipal al afirmar que fueron suspendidos de manera ilegal por faltas que ellos consideran, fueron solo administrativas y no atribuibles a ellos. Reiteraron que una de las causas\u00a0 por las que fueron suspendidos fue porque no [&hellip;]\" \/>\n<meta property=\"og:url\" content=\"https:\/\/canal7slp.tv\/2022\/expolicias-municipales-capitalinos-piden-ser-reinstalados-en-sus-cargos\/\" \/>\n<meta property=\"og:site_name\" content=\"Canal 7 SLP - 2022\" \/>\n<meta property=\"article:publisher\" content=\"https:\/\/www.facebook.com\/noticieroscanalsiete\" \/>\n<meta property=\"article:published_time\" content=\"2022-07-06T14:40:06+00:00\" \/>\n<meta property=\"og:image\" content=\"https:\/\/canal7slp.tv\/2022\/wp-content\/uploads\/2022\/07\/Claudio02Suspendidos.jpg\" \/>\n\t<meta property=\"og:image:width\" content=\"888\" \/>\n\t<meta property=\"og:image:height\" content=\"500\" \/>\n\t<meta property=\"og:image:type\" content=\"image\/jpeg\" \/>\n<meta name=\"author\" content=\"Edici\u00f3n Web\" \/>\n<meta name=\"twitter:card\" content=\"summary_large_image\" \/>\n<meta name=\"twitter:creator\" content=\"@NOTICIEROS7\" \/>\n<meta name=\"twitter:site\" content=\"@NOTICIEROS7\" \/>\n<meta name=\"twitter:label1\" content=\"Escrito por\" \/>\n\t<meta name=\"twitter:data1\" content=\"Edici\u00f3n Web\" \/>\n\t<meta name=\"twitter:label2\" content=\"Tiempo de lectura\" \/>\n\t<meta name=\"twitter:data2\" content=\"2 minutos\" \/>\n<script type=\"application\/ld+json\" class=\"yoast-schema-graph\">{\"@context\":\"https:\\\/\\\/schema.org\",\"@graph\":[{\"@type\":\"Article\",\"@id\":\"https:\\\/\\\/canal7slp.tv\\\/2022\\\/expolicias-municipales-capitalinos-piden-ser-reinstalados-en-sus-cargos\\\/#article\",\"isPartOf\":{\"@id\":\"https:\\\/\\\/canal7slp.tv\\\/2022\\\/expolicias-municipales-capitalinos-piden-ser-reinstalados-en-sus-cargos\\\/\"},\"author\":{\"name\":\"Edici\u00f3n Web\",\"@id\":\"https:\\\/\\\/canal7slp.tv\\\/2022\\\/#\\\/schema\\\/person\\\/429704152a21f5f856ce29aa69a238da\"},\"headline\":\"Expolic\u00edas municipales capitalinos piden ser reinstalados en sus cargos.\",\"datePublished\":\"2022-07-06T14:40:06+00:00\",\"mainEntityOfPage\":{\"@id\":\"https:\\\/\\\/canal7slp.tv\\\/2022\\\/expolicias-municipales-capitalinos-piden-ser-reinstalados-en-sus-cargos\\\/\"},\"wordCount\":250,\"publisher\":{\"@id\":\"https:\\\/\\\/canal7slp.tv\\\/2022\\\/#organization\"},\"image\":{\"@id\":\"https:\\\/\\\/canal7slp.tv\\\/2022\\\/expolicias-municipales-capitalinos-piden-ser-reinstalados-en-sus-cargos\\\/#primaryimage\"},\"thumbnailUrl\":\"https:\\\/\\\/canal7slp.tv\\\/2022\\\/wp-content\\\/uploads\\\/2022\\\/07\\\/Claudio02Suspendidos.jpg\",\"articleSection\":[\"DESTACADAS\",\"LOCALES Y REGIONALES\"],\"inLanguage\":\"es\"},{\"@type\":\"WebPage\",\"@id\":\"https:\\\/\\\/canal7slp.tv\\\/2022\\\/expolicias-municipales-capitalinos-piden-ser-reinstalados-en-sus-cargos\\\/\",\"url\":\"https:\\\/\\\/canal7slp.tv\\\/2022\\\/expolicias-municipales-capitalinos-piden-ser-reinstalados-en-sus-cargos\\\/\",\"name\":\"Expolic\u00edas municipales capitalinos piden ser reinstalados en sus cargos. - Canal 7 SLP - 2022\",\"isPartOf\":{\"@id\":\"https:\\\/\\\/canal7slp.tv\\\/2022\\\/#website\"},\"primaryImageOfPage\":{\"@id\":\"https:\\\/\\\/canal7slp.tv\\\/2022\\\/expolicias-municipales-capitalinos-piden-ser-reinstalados-en-sus-cargos\\\/#primaryimage\"},\"image\":{\"@id\":\"https:\\\/\\\/canal7slp.tv\\\/2022\\\/expolicias-municipales-capitalinos-piden-ser-reinstalados-en-sus-cargos\\\/#primaryimage\"},\"thumbnailUrl\":\"https:\\\/\\\/canal7slp.tv\\\/2022\\\/wp-content\\\/uploads\\\/2022\\\/07\\\/Claudio02Suspendidos.jpg\",\"datePublished\":\"2022-07-06T14:40:06+00:00\",\"breadcrumb\":{\"@id\":\"https:\\\/\\\/canal7slp.tv\\\/2022\\\/expolicias-municipales-capitalinos-piden-ser-reinstalados-en-sus-cargos\\\/#breadcrumb\"},\"inLanguage\":\"es\",\"potentialAction\":[{\"@type\":\"ReadAction\",\"target\":[\"https:\\\/\\\/canal7slp.tv\\\/2022\\\/expolicias-municipales-capitalinos-piden-ser-reinstalados-en-sus-cargos\\\/\"]}]},{\"@type\":\"ImageObject\",\"inLanguage\":\"es\",\"@id\":\"https:\\\/\\\/canal7slp.tv\\\/2022\\\/expolicias-municipales-capitalinos-piden-ser-reinstalados-en-sus-cargos\\\/#primaryimage\",\"url\":\"https:\\\/\\\/canal7slp.tv\\\/2022\\\/wp-content\\\/uploads\\\/2022\\\/07\\\/Claudio02Suspendidos.jpg\",\"contentUrl\":\"https:\\\/\\\/canal7slp.tv\\\/2022\\\/wp-content\\\/uploads\\\/2022\\\/07\\\/Claudio02Suspendidos.jpg\",\"width\":888,\"height\":500},{\"@type\":\"BreadcrumbList\",\"@id\":\"https:\\\/\\\/canal7slp.tv\\\/2022\\\/expolicias-municipales-capitalinos-piden-ser-reinstalados-en-sus-cargos\\\/#breadcrumb\",\"itemListElement\":[{\"@type\":\"ListItem\",\"position\":1,\"name\":\"Portada\",\"item\":\"https:\\\/\\\/canal7slp.tv\\\/2022\\\/\"},{\"@type\":\"ListItem\",\"position\":2,\"name\":\"Expolic\u00edas municipales capitalinos piden ser reinstalados en sus cargos.\"}]},{\"@type\":\"WebSite\",\"@id\":\"https:\\\/\\\/canal7slp.tv\\\/2022\\\/#website\",\"url\":\"https:\\\/\\\/canal7slp.tv\\\/2022\\\/\",\"name\":\"N7 - Noticieros Canal 7\",\"description\":\"Somos Televisi\u00f3n\",\"publisher\":{\"@id\":\"https:\\\/\\\/canal7slp.tv\\\/2022\\\/#organization\"},\"potentialAction\":[{\"@type\":\"SearchAction\",\"target\":{\"@type\":\"EntryPoint\",\"urlTemplate\":\"https:\\\/\\\/canal7slp.tv\\\/2022\\\/?s={search_term_string}\"},\"query-input\":{\"@type\":\"PropertyValueSpecification\",\"valueRequired\":true,\"valueName\":\"search_term_string\"}}],\"inLanguage\":\"es\"},{\"@type\":\"Organization\",\"@id\":\"https:\\\/\\\/canal7slp.tv\\\/2022\\\/#organization\",\"name\":\"Noticieros Canal 7\",\"url\":\"https:\\\/\\\/canal7slp.tv\\\/2022\\\/\",\"logo\":{\"@type\":\"ImageObject\",\"inLanguage\":\"es\",\"@id\":\"https:\\\/\\\/canal7slp.tv\\\/2022\\\/#\\\/schema\\\/logo\\\/image\\\/\",\"url\":\"https:\\\/\\\/canal7slp.tv\\\/2022\\\/wp-content\\\/uploads\\\/2021\\\/01\\\/logo-noticieros@2x.png\",\"contentUrl\":\"https:\\\/\\\/canal7slp.tv\\\/2022\\\/wp-content\\\/uploads\\\/2021\\\/01\\\/logo-noticieros@2x.png\",\"width\":1017,\"height\":268,\"caption\":\"Noticieros Canal 7\"},\"image\":{\"@id\":\"https:\\\/\\\/canal7slp.tv\\\/2022\\\/#\\\/schema\\\/logo\\\/image\\\/\"},\"sameAs\":[\"https:\\\/\\\/www.facebook.com\\\/noticieroscanalsiete\",\"https:\\\/\\\/x.com\\\/NOTICIEROS7\",\"https:\\\/\\\/www.instagram.com\\\/canal7_slp\",\"https:\\\/\\\/www.youtube.com\\\/channel\\\/UCliiYs-gP3JfJeqdPrNdd5A\"]},{\"@type\":\"Person\",\"@id\":\"https:\\\/\\\/canal7slp.tv\\\/2022\\\/#\\\/schema\\\/person\\\/429704152a21f5f856ce29aa69a238da\",\"name\":\"Edici\u00f3n Web\",\"image\":{\"@type\":\"ImageObject\",\"inLanguage\":\"es\",\"@id\":\"https:\\\/\\\/secure.gravatar.com\\\/avatar\\\/eee448fc3f7164808013b816ba91ac7e43bbe82a70bebac296f8bc6f0addaa1a?s=96&d=mm&r=g\",\"url\":\"https:\\\/\\\/secure.gravatar.com\\\/avatar\\\/eee448fc3f7164808013b816ba91ac7e43bbe82a70bebac296f8bc6f0addaa1a?s=96&d=mm&r=g\",\"contentUrl\":\"https:\\\/\\\/secure.gravatar.com\\\/avatar\\\/eee448fc3f7164808013b816ba91ac7e43bbe82a70bebac296f8bc6f0addaa1a?s=96&d=mm&r=g\",\"caption\":\"Edici\u00f3n Web\"},\"url\":\"https:\\\/\\\/canal7slp.tv\\\/2022\\\/author\\\/edicionweb\\\/\"}]}<\/script>\n<!-- \/ Yoast SEO plugin. -->","yoast_head_json":{"title":"Expolic\u00edas municipales capitalinos piden ser reinstalados en sus cargos. - Canal 7 SLP - 2022","robots":{"index":"index","follow":"follow","max-snippet":"max-snippet:-1","max-image-preview":"max-image-preview:large","max-video-preview":"max-video-preview:-1"},"canonical":"https:\/\/canal7slp.tv\/2022\/expolicias-municipales-capitalinos-piden-ser-reinstalados-en-sus-cargos\/","og_locale":"es_ES","og_type":"article","og_title":"Expolic\u00edas municipales capitalinos piden ser reinstalados en sus cargos. - Canal 7 SLP - 2022","og_description":"SLP.- En rueda de prensa conjunta un grupo de expolic\u00edas del municipio capitalino pidieron la reinstalaci\u00f3n en sus puestos pero tambi\u00e9n el pago retroactivo de sus haberes, pues algunos de ellos fueron separados de sus cargos desde hace casi dos a\u00f1os sin que hasta la fecha se les haya dado alguna compensaci\u00f3n que por ley les corresponde. Los hechos sucedieron en la pasada administraci\u00f3n municipal al afirmar que fueron suspendidos de manera ilegal por faltas que ellos consideran, fueron solo administrativas y no atribuibles a ellos. Reiteraron que una de las causas\u00a0 por las que fueron suspendidos fue porque no [&hellip;]","og_url":"https:\/\/canal7slp.tv\/2022\/expolicias-municipales-capitalinos-piden-ser-reinstalados-en-sus-cargos\/","og_site_name":"Canal 7 SLP - 2022","article_publisher":"https:\/\/www.facebook.com\/noticieroscanalsiete","article_published_time":"2022-07-06T14:40:06+00:00","og_image":[{"width":888,"height":500,"url":"https:\/\/canal7slp.tv\/2022\/wp-content\/uploads\/2022\/07\/Claudio02Suspendidos.jpg","type":"image\/jpeg"}],"author":"Edici\u00f3n Web","twitter_card":"summary_large_image","twitter_creator":"@NOTICIEROS7","twitter_site":"@NOTICIEROS7","twitter_misc":{"Escrito por":"Edici\u00f3n Web","Tiempo de lectura":"2 minutos"},"schema":{"@context":"https:\/\/schema.org","@graph":[{"@type":"Article","@id":"https:\/\/canal7slp.tv\/2022\/expolicias-municipales-capitalinos-piden-ser-reinstalados-en-sus-cargos\/#article","isPartOf":{"@id":"https:\/\/canal7slp.tv\/2022\/expolicias-municipales-capitalinos-piden-ser-reinstalados-en-sus-cargos\/"},"author":{"name":"Edici\u00f3n Web","@id":"https:\/\/canal7slp.tv\/2022\/#\/schema\/person\/429704152a21f5f856ce29aa69a238da"},"headline":"Expolic\u00edas municipales capitalinos piden ser reinstalados en sus cargos.","datePublished":"2022-07-06T14:40:06+00:00","mainEntityOfPage":{"@id":"https:\/\/canal7slp.tv\/2022\/expolicias-municipales-capitalinos-piden-ser-reinstalados-en-sus-cargos\/"},"wordCount":250,"publisher":{"@id":"https:\/\/canal7slp.tv\/2022\/#organization"},"image":{"@id":"https:\/\/canal7slp.tv\/2022\/expolicias-municipales-capitalinos-piden-ser-reinstalados-en-sus-cargos\/#primaryimage"},"thumbnailUrl":"https:\/\/canal7slp.tv\/2022\/wp-content\/uploads\/2022\/07\/Claudio02Suspendidos.jpg","articleSection":["DESTACADAS","LOCALES Y REGIONALES"],"inLanguage":"es"},{"@type":"WebPage","@id":"https:\/\/canal7slp.tv\/2022\/expolicias-municipales-capitalinos-piden-ser-reinstalados-en-sus-cargos\/","url":"https:\/\/canal7slp.tv\/2022\/expolicias-municipales-capitalinos-piden-ser-reinstalados-en-sus-cargos\/","name":"Expolic\u00edas municipales capitalinos piden ser reinstalados en sus cargos. - Canal 7 SLP - 2022","isPartOf":{"@id":"https:\/\/canal7slp.tv\/2022\/#website"},"primaryImageOfPage":{"@id":"https:\/\/canal7slp.tv\/2022\/expolicias-municipales-capitalinos-piden-ser-reinstalados-en-sus-cargos\/#primaryimage"},"image":{"@id":"https:\/\/canal7slp.tv\/2022\/expolicias-municipales-capitalinos-piden-ser-reinstalados-en-sus-cargos\/#primaryimage"},"thumbnailUrl":"https:\/\/canal7slp.tv\/2022\/wp-content\/uploads\/2022\/07\/Claudio02Suspendidos.jpg","datePublished":"2022-07-06T14:40:06+00:00","breadcrumb":{"@id":"https:\/\/canal7slp.tv\/2022\/expolicias-municipales-capitalinos-piden-ser-reinstalados-en-sus-cargos\/#breadcrumb"},"inLanguage":"es","potentialAction":[{"@type":"ReadAction","target":["https:\/\/canal7slp.tv\/2022\/expolicias-municipales-capitalinos-piden-ser-reinstalados-en-sus-cargos\/"]}]},{"@type":"ImageObject","inLanguage":"es","@id":"https:\/\/canal7slp.tv\/2022\/expolicias-municipales-capitalinos-piden-ser-reinstalados-en-sus-cargos\/#primaryimage","url":"https:\/\/canal7slp.tv\/2022\/wp-content\/uploads\/2022\/07\/Claudio02Suspendidos.jpg","contentUrl":"https:\/\/canal7slp.tv\/2022\/wp-content\/uploads\/2022\/07\/Claudio02Suspendidos.jpg","width":888,"height":500},{"@type":"BreadcrumbList","@id":"https:\/\/canal7slp.tv\/2022\/expolicias-municipales-capitalinos-piden-ser-reinstalados-en-sus-cargos\/#breadcrumb","itemListElement":[{"@type":"ListItem","position":1,"name":"Portada","item":"https:\/\/canal7slp.tv\/2022\/"},{"@type":"ListItem","position":2,"name":"Expolic\u00edas municipales capitalinos piden ser reinstalados en sus cargos."}]},{"@type":"WebSite","@id":"https:\/\/canal7slp.tv\/2022\/#website","url":"https:\/\/canal7slp.tv\/2022\/","name":"N7 - Noticieros Canal 7","description":"Somos Televisi\u00f3n","publisher":{"@id":"https:\/\/canal7slp.tv\/2022\/#organization"},"potentialAction":[{"@type":"SearchAction","target":{"@type":"EntryPoint","urlTemplate":"https:\/\/canal7slp.tv\/2022\/?s={search_term_string}"},"query-input":{"@type":"PropertyValueSpecification","valueRequired":true,"valueName":"search_term_string"}}],"inLanguage":"es"},{"@type":"Organization","@id":"https:\/\/canal7slp.tv\/2022\/#organization","name":"Noticieros Canal 7","url":"https:\/\/canal7slp.tv\/2022\/","logo":{"@type":"ImageObject","inLanguage":"es","@id":"https:\/\/canal7slp.tv\/2022\/#\/schema\/logo\/image\/","url":"https:\/\/canal7slp.tv\/2022\/wp-content\/uploads\/2021\/01\/logo-noticieros@2x.png","contentUrl":"https:\/\/canal7slp.tv\/2022\/wp-content\/uploads\/2021\/01\/logo-noticieros@2x.png","width":1017,"height":268,"caption":"Noticieros Canal 7"},"image":{"@id":"https:\/\/canal7slp.tv\/2022\/#\/schema\/logo\/image\/"},"sameAs":["https:\/\/www.facebook.com\/noticieroscanalsiete","https:\/\/x.com\/NOTICIEROS7","https:\/\/www.instagram.com\/canal7_slp","https:\/\/www.youtube.com\/channel\/UCliiYs-gP3JfJeqdPrNdd5A"]},{"@type":"Person","@id":"https:\/\/canal7slp.tv\/2022\/#\/schema\/person\/429704152a21f5f856ce29aa69a238da","name":"Edici\u00f3n Web","image":{"@type":"ImageObject","inLanguage":"es","@id":"https:\/\/secure.gravatar.com\/avatar\/eee448fc3f7164808013b816ba91ac7e43bbe82a70bebac296f8bc6f0addaa1a?s=96&d=mm&r=g","url":"https:\/\/secure.gravatar.com\/avatar\/eee448fc3f7164808013b816ba91ac7e43bbe82a70bebac296f8bc6f0addaa1a?s=96&d=mm&r=g","contentUrl":"https:\/\/secure.gravatar.com\/avatar\/eee448fc3f7164808013b816ba91ac7e43bbe82a70bebac296f8bc6f0addaa1a?s=96&d=mm&r=g","caption":"Edici\u00f3n Web"},"url":"https:\/\/canal7slp.tv\/2022\/author\/edicionweb\/"}]}},"amp_enabled":true,"_links":{"self":[{"href":"https:\/\/canal7slp.tv\/2022\/wp-json\/wp\/v2\/posts\/65669","targetHints":{"allow":["GET"]}}],"collection":[{"href":"https:\/\/canal7slp.tv\/2022\/wp-json\/wp\/v2\/posts"}],"about":[{"href":"https:\/\/canal7slp.tv\/2022\/wp-json\/wp\/v2\/types\/post"}],"author":[{"embeddable":true,"href":"https:\/\/canal7slp.tv\/2022\/wp-json\/wp\/v2\/users\/2"}],"replies":[{"embeddable":true,"href":"https:\/\/canal7slp.tv\/2022\/wp-json\/wp\/v2\/comments?post=65669"}],"version-history":[{"count":4,"href":"https:\/\/canal7slp.tv\/2022\/wp-json\/wp\/v2\/posts\/65669\/revisions"}],"predecessor-version":[{"id":65717,"href":"https:\/\/canal7slp.tv\/2022\/wp-json\/wp\/v2\/posts\/65669\/revisions\/65717"}],"wp:featuredmedia":[{"embeddable":true,"href":"https:\/\/canal7slp.tv\/2022\/wp-json\/wp\/v2\/media\/65715"}],"wp:attachment":[{"href":"https:\/\/canal7slp.tv\/2022\/wp-json\/wp\/v2\/media?parent=65669"}],"wp:term":[{"taxonomy":"category","embeddable":true,"href":"https:\/\/canal7slp.tv\/2022\/wp-json\/wp\/v2\/categories?post=65669"},{"taxonomy":"post_tag","embeddable":true,"href":"https:\/\/canal7slp.tv\/2022\/wp-json\/wp\/v2\/tags?post=65669"}],"curies":[{"name":"wp","href":"https:\/\/api.w.org\/{rel}","templated":true}]}}