{"id":65668,"date":"2022-07-06T08:37:34","date_gmt":"2022-07-06T14:37:34","guid":{"rendered":"https:\/\/canal7slp.tv\/2022\/?p=65668"},"modified":"2022-07-06T08:37:34","modified_gmt":"2022-07-06T14:37:34","slug":"verde-ciudadano-llega-a-la-colonia-san-jose","status":"publish","type":"post","link":"https:\/\/canal7slp.tv\/2022\/verde-ciudadano-llega-a-la-colonia-san-jose\/","title":{"rendered":"\u201cVerde Ciudadano\u201d llega a la colonia San Jos\u00e9."},"content":{"rendered":"<ul>\n<li>Alcaldesa soledense arranc\u00f3 obras de remodelaci\u00f3n urbana.<\/li>\n<\/ul>\n<p style=\"text-align: justify;\">SGS.- Como cada semana\u00a0 la presidenta municipal de Soledad de Graciano S\u00e1nchez Leonor Noyola Cervantes encabez\u00f3 la jornada de los martes denominada \u201cVerde Ciudadano\u201d, en donde acompa\u00f1ada por sus colaboradores realiza un recorrido por las colonias y atiende directamente a sus habitantes para solucionar sus demandas.<\/p>\n<p style=\"text-align: justify;\">Esta vez, la alcaldesa soledense acudi\u00f3 a la calle San Benito de la colonia San Jos\u00e9 en donde arranc\u00f3 obras de remodelaci\u00f3n urbana y atendi\u00f3 directamente a sus habitantes.<\/p>\n<p style=\"text-align: justify;\">En entrevista, la presidenta municipal de Soledad afirm\u00f3 que no solo los martes escucha y atiende a la poblaci\u00f3n al decir que las puertas de su administraci\u00f3n, siempre est\u00e1n abiertas las 24 horas del d\u00eda para atender las demandas de los soledenses.<\/p>\n<p style=\"text-align: justify;\">En este contexto, la alcaldesa adelant\u00f3 que en los pr\u00f3ximos d\u00edas iniciar\u00e1 un programa de apoyo alimentario con el que se ver\u00e1n beneficiados miles de soledenses de m\u00e1s de doscientas colonias de este municipio.<\/p>\n<p>Por: Claudio Ibarra<\/p>\n","protected":false},"excerpt":{"rendered":"<p>Alcaldesa soledense arranc\u00f3 obras de remodelaci\u00f3n urbana. SGS.- Como cada semana\u00a0 la presidenta municipal de Soledad de Graciano S\u00e1nchez Leonor Noyola Cervantes encabez\u00f3 la jornada de los martes denominada \u201cVerde Ciudadano\u201d, en donde acompa\u00f1ada por sus colaboradores realiza un recorrido por las colonias y atiende directamente a sus habitantes para solucionar sus demandas. Esta vez, la alcaldesa soledense acudi\u00f3 a la calle San Benito de la colonia San Jos\u00e9 en donde arranc\u00f3 obras de remodelaci\u00f3n urbana y atendi\u00f3 directamente a sus habitantes. En entrevista, la presidenta municipal de Soledad afirm\u00f3 que no solo los martes escucha y atiende a la [&hellip;]<\/p>\n","protected":false},"author":2,"featured_media":65713,"comment_status":"closed","ping_status":"closed","sticky":false,"template":"","format":"video","meta":{"footnotes":""},"categories":[512,5,45],"tags":[],"class_list":["post-65668","post","type-post","status-publish","format-video","has-post-thumbnail","hentry","category-ayosgs","category-destacadas","category-localesyregionales","post_format-post-format-video","post--single"],"yoast_head":"<!-- This site is optimized with the Yoast SEO plugin v27.4 - https:\/\/yoast.com\/product\/yoast-seo-wordpress\/ -->\n<title>\u201cVerde Ciudadano\u201d llega a la colonia San Jos\u00e9. - Canal 7 SLP - 2022<\/title>\n<meta name=\"robots\" content=\"index, follow, max-snippet:-1, max-image-preview:large, max-video-preview:-1\" \/>\n<link rel=\"canonical\" href=\"https:\/\/canal7slp.tv\/2022\/verde-ciudadano-llega-a-la-colonia-san-jose\/\" \/>\n<meta property=\"og:locale\" content=\"es_ES\" \/>\n<meta property=\"og:type\" content=\"article\" \/>\n<meta property=\"og:title\" content=\"\u201cVerde Ciudadano\u201d llega a la colonia San Jos\u00e9. - Canal 7 SLP - 2022\" \/>\n<meta property=\"og:description\" content=\"Alcaldesa soledense arranc\u00f3 obras de remodelaci\u00f3n urbana. SGS.- Como cada semana\u00a0 la presidenta municipal de Soledad de Graciano S\u00e1nchez Leonor Noyola Cervantes encabez\u00f3 la jornada de los martes denominada \u201cVerde Ciudadano\u201d, en donde acompa\u00f1ada por sus colaboradores realiza un recorrido por las colonias y atiende directamente a sus habitantes para solucionar sus demandas. Esta vez, la alcaldesa soledense acudi\u00f3 a la calle San Benito de la colonia San Jos\u00e9 en donde arranc\u00f3 obras de remodelaci\u00f3n urbana y atendi\u00f3 directamente a sus habitantes. En entrevista, la presidenta municipal de Soledad afirm\u00f3 que no solo los martes escucha y atiende a la [&hellip;]\" \/>\n<meta property=\"og:url\" content=\"https:\/\/canal7slp.tv\/2022\/verde-ciudadano-llega-a-la-colonia-san-jose\/\" \/>\n<meta property=\"og:site_name\" content=\"Canal 7 SLP - 2022\" \/>\n<meta property=\"article:publisher\" content=\"https:\/\/www.facebook.com\/noticieroscanalsiete\" \/>\n<meta property=\"article:published_time\" content=\"2022-07-06T14:37:34+00:00\" \/>\n<meta property=\"og:image\" content=\"https:\/\/canal7slp.tv\/2022\/wp-content\/uploads\/2022\/07\/Claudio01Chole.jpg\" \/>\n\t<meta property=\"og:image:width\" content=\"888\" \/>\n\t<meta property=\"og:image:height\" content=\"500\" \/>\n\t<meta property=\"og:image:type\" content=\"image\/jpeg\" \/>\n<meta name=\"author\" content=\"Edici\u00f3n Web\" \/>\n<meta name=\"twitter:card\" content=\"summary_large_image\" \/>\n<meta name=\"twitter:creator\" content=\"@NOTICIEROS7\" \/>\n<meta name=\"twitter:site\" content=\"@NOTICIEROS7\" \/>\n<meta name=\"twitter:label1\" content=\"Escrito por\" \/>\n\t<meta name=\"twitter:data1\" content=\"Edici\u00f3n Web\" \/>\n\t<meta name=\"twitter:label2\" content=\"Tiempo de lectura\" \/>\n\t<meta name=\"twitter:data2\" content=\"1 minuto\" \/>\n<script type=\"application\/ld+json\" class=\"yoast-schema-graph\">{\"@context\":\"https:\\\/\\\/schema.org\",\"@graph\":[{\"@type\":\"Article\",\"@id\":\"https:\\\/\\\/canal7slp.tv\\\/2022\\\/verde-ciudadano-llega-a-la-colonia-san-jose\\\/#article\",\"isPartOf\":{\"@id\":\"https:\\\/\\\/canal7slp.tv\\\/2022\\\/verde-ciudadano-llega-a-la-colonia-san-jose\\\/\"},\"author\":{\"name\":\"Edici\u00f3n Web\",\"@id\":\"https:\\\/\\\/canal7slp.tv\\\/2022\\\/#\\\/schema\\\/person\\\/429704152a21f5f856ce29aa69a238da\"},\"headline\":\"\u201cVerde Ciudadano\u201d llega a la colonia San Jos\u00e9.\",\"datePublished\":\"2022-07-06T14:37:34+00:00\",\"mainEntityOfPage\":{\"@id\":\"https:\\\/\\\/canal7slp.tv\\\/2022\\\/verde-ciudadano-llega-a-la-colonia-san-jose\\\/\"},\"wordCount\":181,\"publisher\":{\"@id\":\"https:\\\/\\\/canal7slp.tv\\\/2022\\\/#organization\"},\"image\":{\"@id\":\"https:\\\/\\\/canal7slp.tv\\\/2022\\\/verde-ciudadano-llega-a-la-colonia-san-jose\\\/#primaryimage\"},\"thumbnailUrl\":\"https:\\\/\\\/canal7slp.tv\\\/2022\\\/wp-content\\\/uploads\\\/2022\\\/07\\\/Claudio01Chole.jpg\",\"articleSection\":[\"AYOSGS\",\"DESTACADAS\",\"LOCALES Y REGIONALES\"],\"inLanguage\":\"es\"},{\"@type\":\"WebPage\",\"@id\":\"https:\\\/\\\/canal7slp.tv\\\/2022\\\/verde-ciudadano-llega-a-la-colonia-san-jose\\\/\",\"url\":\"https:\\\/\\\/canal7slp.tv\\\/2022\\\/verde-ciudadano-llega-a-la-colonia-san-jose\\\/\",\"name\":\"\u201cVerde Ciudadano\u201d llega a la colonia San Jos\u00e9. - Canal 7 SLP - 2022\",\"isPartOf\":{\"@id\":\"https:\\\/\\\/canal7slp.tv\\\/2022\\\/#website\"},\"primaryImageOfPage\":{\"@id\":\"https:\\\/\\\/canal7slp.tv\\\/2022\\\/verde-ciudadano-llega-a-la-colonia-san-jose\\\/#primaryimage\"},\"image\":{\"@id\":\"https:\\\/\\\/canal7slp.tv\\\/2022\\\/verde-ciudadano-llega-a-la-colonia-san-jose\\\/#primaryimage\"},\"thumbnailUrl\":\"https:\\\/\\\/canal7slp.tv\\\/2022\\\/wp-content\\\/uploads\\\/2022\\\/07\\\/Claudio01Chole.jpg\",\"datePublished\":\"2022-07-06T14:37:34+00:00\",\"breadcrumb\":{\"@id\":\"https:\\\/\\\/canal7slp.tv\\\/2022\\\/verde-ciudadano-llega-a-la-colonia-san-jose\\\/#breadcrumb\"},\"inLanguage\":\"es\",\"potentialAction\":[{\"@type\":\"ReadAction\",\"target\":[\"https:\\\/\\\/canal7slp.tv\\\/2022\\\/verde-ciudadano-llega-a-la-colonia-san-jose\\\/\"]}]},{\"@type\":\"ImageObject\",\"inLanguage\":\"es\",\"@id\":\"https:\\\/\\\/canal7slp.tv\\\/2022\\\/verde-ciudadano-llega-a-la-colonia-san-jose\\\/#primaryimage\",\"url\":\"https:\\\/\\\/canal7slp.tv\\\/2022\\\/wp-content\\\/uploads\\\/2022\\\/07\\\/Claudio01Chole.jpg\",\"contentUrl\":\"https:\\\/\\\/canal7slp.tv\\\/2022\\\/wp-content\\\/uploads\\\/2022\\\/07\\\/Claudio01Chole.jpg\",\"width\":888,\"height\":500},{\"@type\":\"BreadcrumbList\",\"@id\":\"https:\\\/\\\/canal7slp.tv\\\/2022\\\/verde-ciudadano-llega-a-la-colonia-san-jose\\\/#breadcrumb\",\"itemListElement\":[{\"@type\":\"ListItem\",\"position\":1,\"name\":\"Portada\",\"item\":\"https:\\\/\\\/canal7slp.tv\\\/2022\\\/\"},{\"@type\":\"ListItem\",\"position\":2,\"name\":\"\u201cVerde Ciudadano\u201d llega a la colonia San Jos\u00e9.\"}]},{\"@type\":\"WebSite\",\"@id\":\"https:\\\/\\\/canal7slp.tv\\\/2022\\\/#website\",\"url\":\"https:\\\/\\\/canal7slp.tv\\\/2022\\\/\",\"name\":\"N7 - Noticieros Canal 7\",\"description\":\"Somos Televisi\u00f3n\",\"publisher\":{\"@id\":\"https:\\\/\\\/canal7slp.tv\\\/2022\\\/#organization\"},\"potentialAction\":[{\"@type\":\"SearchAction\",\"target\":{\"@type\":\"EntryPoint\",\"urlTemplate\":\"https:\\\/\\\/canal7slp.tv\\\/2022\\\/?s={search_term_string}\"},\"query-input\":{\"@type\":\"PropertyValueSpecification\",\"valueRequired\":true,\"valueName\":\"search_term_string\"}}],\"inLanguage\":\"es\"},{\"@type\":\"Organization\",\"@id\":\"https:\\\/\\\/canal7slp.tv\\\/2022\\\/#organization\",\"name\":\"Noticieros Canal 7\",\"url\":\"https:\\\/\\\/canal7slp.tv\\\/2022\\\/\",\"logo\":{\"@type\":\"ImageObject\",\"inLanguage\":\"es\",\"@id\":\"https:\\\/\\\/canal7slp.tv\\\/2022\\\/#\\\/schema\\\/logo\\\/image\\\/\",\"url\":\"https:\\\/\\\/canal7slp.tv\\\/2022\\\/wp-content\\\/uploads\\\/2021\\\/01\\\/logo-noticieros@2x.png\",\"contentUrl\":\"https:\\\/\\\/canal7slp.tv\\\/2022\\\/wp-content\\\/uploads\\\/2021\\\/01\\\/logo-noticieros@2x.png\",\"width\":1017,\"height\":268,\"caption\":\"Noticieros Canal 7\"},\"image\":{\"@id\":\"https:\\\/\\\/canal7slp.tv\\\/2022\\\/#\\\/schema\\\/logo\\\/image\\\/\"},\"sameAs\":[\"https:\\\/\\\/www.facebook.com\\\/noticieroscanalsiete\",\"https:\\\/\\\/x.com\\\/NOTICIEROS7\",\"https:\\\/\\\/www.instagram.com\\\/canal7_slp\",\"https:\\\/\\\/www.youtube.com\\\/channel\\\/UCliiYs-gP3JfJeqdPrNdd5A\"]},{\"@type\":\"Person\",\"@id\":\"https:\\\/\\\/canal7slp.tv\\\/2022\\\/#\\\/schema\\\/person\\\/429704152a21f5f856ce29aa69a238da\",\"name\":\"Edici\u00f3n Web\",\"image\":{\"@type\":\"ImageObject\",\"inLanguage\":\"es\",\"@id\":\"https:\\\/\\\/secure.gravatar.com\\\/avatar\\\/eee448fc3f7164808013b816ba91ac7e43bbe82a70bebac296f8bc6f0addaa1a?s=96&d=mm&r=g\",\"url\":\"https:\\\/\\\/secure.gravatar.com\\\/avatar\\\/eee448fc3f7164808013b816ba91ac7e43bbe82a70bebac296f8bc6f0addaa1a?s=96&d=mm&r=g\",\"contentUrl\":\"https:\\\/\\\/secure.gravatar.com\\\/avatar\\\/eee448fc3f7164808013b816ba91ac7e43bbe82a70bebac296f8bc6f0addaa1a?s=96&d=mm&r=g\",\"caption\":\"Edici\u00f3n Web\"},\"url\":\"https:\\\/\\\/canal7slp.tv\\\/2022\\\/author\\\/edicionweb\\\/\"}]}<\/script>\n<!-- \/ Yoast SEO plugin. -->","yoast_head_json":{"title":"\u201cVerde Ciudadano\u201d llega a la colonia San Jos\u00e9. - Canal 7 SLP - 2022","robots":{"index":"index","follow":"follow","max-snippet":"max-snippet:-1","max-image-preview":"max-image-preview:large","max-video-preview":"max-video-preview:-1"},"canonical":"https:\/\/canal7slp.tv\/2022\/verde-ciudadano-llega-a-la-colonia-san-jose\/","og_locale":"es_ES","og_type":"article","og_title":"\u201cVerde Ciudadano\u201d llega a la colonia San Jos\u00e9. - Canal 7 SLP - 2022","og_description":"Alcaldesa soledense arranc\u00f3 obras de remodelaci\u00f3n urbana. SGS.- Como cada semana\u00a0 la presidenta municipal de Soledad de Graciano S\u00e1nchez Leonor Noyola Cervantes encabez\u00f3 la jornada de los martes denominada \u201cVerde Ciudadano\u201d, en donde acompa\u00f1ada por sus colaboradores realiza un recorrido por las colonias y atiende directamente a sus habitantes para solucionar sus demandas. Esta vez, la alcaldesa soledense acudi\u00f3 a la calle San Benito de la colonia San Jos\u00e9 en donde arranc\u00f3 obras de remodelaci\u00f3n urbana y atendi\u00f3 directamente a sus habitantes. En entrevista, la presidenta municipal de Soledad afirm\u00f3 que no solo los martes escucha y atiende a la [&hellip;]","og_url":"https:\/\/canal7slp.tv\/2022\/verde-ciudadano-llega-a-la-colonia-san-jose\/","og_site_name":"Canal 7 SLP - 2022","article_publisher":"https:\/\/www.facebook.com\/noticieroscanalsiete","article_published_time":"2022-07-06T14:37:34+00:00","og_image":[{"width":888,"height":500,"url":"https:\/\/canal7slp.tv\/2022\/wp-content\/uploads\/2022\/07\/Claudio01Chole.jpg","type":"image\/jpeg"}],"author":"Edici\u00f3n Web","twitter_card":"summary_large_image","twitter_creator":"@NOTICIEROS7","twitter_site":"@NOTICIEROS7","twitter_misc":{"Escrito por":"Edici\u00f3n Web","Tiempo de lectura":"1 minuto"},"schema":{"@context":"https:\/\/schema.org","@graph":[{"@type":"Article","@id":"https:\/\/canal7slp.tv\/2022\/verde-ciudadano-llega-a-la-colonia-san-jose\/#article","isPartOf":{"@id":"https:\/\/canal7slp.tv\/2022\/verde-ciudadano-llega-a-la-colonia-san-jose\/"},"author":{"name":"Edici\u00f3n Web","@id":"https:\/\/canal7slp.tv\/2022\/#\/schema\/person\/429704152a21f5f856ce29aa69a238da"},"headline":"\u201cVerde Ciudadano\u201d llega a la colonia San Jos\u00e9.","datePublished":"2022-07-06T14:37:34+00:00","mainEntityOfPage":{"@id":"https:\/\/canal7slp.tv\/2022\/verde-ciudadano-llega-a-la-colonia-san-jose\/"},"wordCount":181,"publisher":{"@id":"https:\/\/canal7slp.tv\/2022\/#organization"},"image":{"@id":"https:\/\/canal7slp.tv\/2022\/verde-ciudadano-llega-a-la-colonia-san-jose\/#primaryimage"},"thumbnailUrl":"https:\/\/canal7slp.tv\/2022\/wp-content\/uploads\/2022\/07\/Claudio01Chole.jpg","articleSection":["AYOSGS","DESTACADAS","LOCALES Y REGIONALES"],"inLanguage":"es"},{"@type":"WebPage","@id":"https:\/\/canal7slp.tv\/2022\/verde-ciudadano-llega-a-la-colonia-san-jose\/","url":"https:\/\/canal7slp.tv\/2022\/verde-ciudadano-llega-a-la-colonia-san-jose\/","name":"\u201cVerde Ciudadano\u201d llega a la colonia San Jos\u00e9. - Canal 7 SLP - 2022","isPartOf":{"@id":"https:\/\/canal7slp.tv\/2022\/#website"},"primaryImageOfPage":{"@id":"https:\/\/canal7slp.tv\/2022\/verde-ciudadano-llega-a-la-colonia-san-jose\/#primaryimage"},"image":{"@id":"https:\/\/canal7slp.tv\/2022\/verde-ciudadano-llega-a-la-colonia-san-jose\/#primaryimage"},"thumbnailUrl":"https:\/\/canal7slp.tv\/2022\/wp-content\/uploads\/2022\/07\/Claudio01Chole.jpg","datePublished":"2022-07-06T14:37:34+00:00","breadcrumb":{"@id":"https:\/\/canal7slp.tv\/2022\/verde-ciudadano-llega-a-la-colonia-san-jose\/#breadcrumb"},"inLanguage":"es","potentialAction":[{"@type":"ReadAction","target":["https:\/\/canal7slp.tv\/2022\/verde-ciudadano-llega-a-la-colonia-san-jose\/"]}]},{"@type":"ImageObject","inLanguage":"es","@id":"https:\/\/canal7slp.tv\/2022\/verde-ciudadano-llega-a-la-colonia-san-jose\/#primaryimage","url":"https:\/\/canal7slp.tv\/2022\/wp-content\/uploads\/2022\/07\/Claudio01Chole.jpg","contentUrl":"https:\/\/canal7slp.tv\/2022\/wp-content\/uploads\/2022\/07\/Claudio01Chole.jpg","width":888,"height":500},{"@type":"BreadcrumbList","@id":"https:\/\/canal7slp.tv\/2022\/verde-ciudadano-llega-a-la-colonia-san-jose\/#breadcrumb","itemListElement":[{"@type":"ListItem","position":1,"name":"Portada","item":"https:\/\/canal7slp.tv\/2022\/"},{"@type":"ListItem","position":2,"name":"\u201cVerde Ciudadano\u201d llega a la colonia San Jos\u00e9."}]},{"@type":"WebSite","@id":"https:\/\/canal7slp.tv\/2022\/#website","url":"https:\/\/canal7slp.tv\/2022\/","name":"N7 - Noticieros Canal 7","description":"Somos Televisi\u00f3n","publisher":{"@id":"https:\/\/canal7slp.tv\/2022\/#organization"},"potentialAction":[{"@type":"SearchAction","target":{"@type":"EntryPoint","urlTemplate":"https:\/\/canal7slp.tv\/2022\/?s={search_term_string}"},"query-input":{"@type":"PropertyValueSpecification","valueRequired":true,"valueName":"search_term_string"}}],"inLanguage":"es"},{"@type":"Organization","@id":"https:\/\/canal7slp.tv\/2022\/#organization","name":"Noticieros Canal 7","url":"https:\/\/canal7slp.tv\/2022\/","logo":{"@type":"ImageObject","inLanguage":"es","@id":"https:\/\/canal7slp.tv\/2022\/#\/schema\/logo\/image\/","url":"https:\/\/canal7slp.tv\/2022\/wp-content\/uploads\/2021\/01\/logo-noticieros@2x.png","contentUrl":"https:\/\/canal7slp.tv\/2022\/wp-content\/uploads\/2021\/01\/logo-noticieros@2x.png","width":1017,"height":268,"caption":"Noticieros Canal 7"},"image":{"@id":"https:\/\/canal7slp.tv\/2022\/#\/schema\/logo\/image\/"},"sameAs":["https:\/\/www.facebook.com\/noticieroscanalsiete","https:\/\/x.com\/NOTICIEROS7","https:\/\/www.instagram.com\/canal7_slp","https:\/\/www.youtube.com\/channel\/UCliiYs-gP3JfJeqdPrNdd5A"]},{"@type":"Person","@id":"https:\/\/canal7slp.tv\/2022\/#\/schema\/person\/429704152a21f5f856ce29aa69a238da","name":"Edici\u00f3n Web","image":{"@type":"ImageObject","inLanguage":"es","@id":"https:\/\/secure.gravatar.com\/avatar\/eee448fc3f7164808013b816ba91ac7e43bbe82a70bebac296f8bc6f0addaa1a?s=96&d=mm&r=g","url":"https:\/\/secure.gravatar.com\/avatar\/eee448fc3f7164808013b816ba91ac7e43bbe82a70bebac296f8bc6f0addaa1a?s=96&d=mm&r=g","contentUrl":"https:\/\/secure.gravatar.com\/avatar\/eee448fc3f7164808013b816ba91ac7e43bbe82a70bebac296f8bc6f0addaa1a?s=96&d=mm&r=g","caption":"Edici\u00f3n Web"},"url":"https:\/\/canal7slp.tv\/2022\/author\/edicionweb\/"}]}},"amp_enabled":true,"_links":{"self":[{"href":"https:\/\/canal7slp.tv\/2022\/wp-json\/wp\/v2\/posts\/65668","targetHints":{"allow":["GET"]}}],"collection":[{"href":"https:\/\/canal7slp.tv\/2022\/wp-json\/wp\/v2\/posts"}],"about":[{"href":"https:\/\/canal7slp.tv\/2022\/wp-json\/wp\/v2\/types\/post"}],"author":[{"embeddable":true,"href":"https:\/\/canal7slp.tv\/2022\/wp-json\/wp\/v2\/users\/2"}],"replies":[{"embeddable":true,"href":"https:\/\/canal7slp.tv\/2022\/wp-json\/wp\/v2\/comments?post=65668"}],"version-history":[{"count":4,"href":"https:\/\/canal7slp.tv\/2022\/wp-json\/wp\/v2\/posts\/65668\/revisions"}],"predecessor-version":[{"id":65714,"href":"https:\/\/canal7slp.tv\/2022\/wp-json\/wp\/v2\/posts\/65668\/revisions\/65714"}],"wp:featuredmedia":[{"embeddable":true,"href":"https:\/\/canal7slp.tv\/2022\/wp-json\/wp\/v2\/media\/65713"}],"wp:attachment":[{"href":"https:\/\/canal7slp.tv\/2022\/wp-json\/wp\/v2\/media?parent=65668"}],"wp:term":[{"taxonomy":"category","embeddable":true,"href":"https:\/\/canal7slp.tv\/2022\/wp-json\/wp\/v2\/categories?post=65668"},{"taxonomy":"post_tag","embeddable":true,"href":"https:\/\/canal7slp.tv\/2022\/wp-json\/wp\/v2\/tags?post=65668"}],"curies":[{"name":"wp","href":"https:\/\/api.w.org\/{rel}","templated":true}]}}