{"id":65663,"date":"2022-07-05T16:36:37","date_gmt":"2022-07-05T22:36:37","guid":{"rendered":"https:\/\/canal7slp.tv\/2022\/?p=65663"},"modified":"2022-07-05T16:36:37","modified_gmt":"2022-07-05T22:36:37","slug":"quema-de-aeronave-en-tamasopo-fue-circunstancial-insiste-fiscalia","status":"publish","type":"post","link":"https:\/\/canal7slp.tv\/2022\/quema-de-aeronave-en-tamasopo-fue-circunstancial-insiste-fiscalia\/","title":{"rendered":"Quema de aeronave en Tamasopo fue circunstancial, insiste Fiscal\u00eda."},"content":{"rendered":"<ul>\n<li>Rechaza que tenga que ver con hallazgo de cuerpos en el lugar; en tanto una de las cuatro v\u00edctimas ya fue identificada.<\/li>\n<\/ul>\n<p style=\"text-align: justify;\">SLP.- El titular de la Fiscal\u00eda General del Estado de San Luis Potos\u00ed, Jos\u00e9 Luis Ruiz Contreras, inform\u00f3 que ya de identific\u00f3 la identidad de una de las cuatro personas ejecutadas en el municipio de Tamasopo.<\/p>\n<p style=\"text-align: justify;\">Aunado a ello, explic\u00f3 que la quema de la aeronave que se encontraba en el lugar, nada tiene que ver con el hallazgo de estos cuerpos.<\/p>\n<p style=\"text-align: justify;\">\u00abHay una persona identificada originaria del mismo municipio en una comunidad, las otras tres personas que fallecieron o est\u00e1n identificadas&#8230; Cabe destacar que la unidad s\u00ed funcionaba m\u00e1s no estaba en funcionamiento en ese momento, fue circunstancial puesto que la aeronave fue probablemente rafagueada en el lugar\u00bb, detall\u00f3.<\/p>\n<p style=\"text-align: justify;\">De acuerdo con el funcionario, tanto la Fiscal\u00eda del Estado como la delegaci\u00f3n de la Fiscal\u00eda General de la Rep\u00fablica recibieron una denuncia por parte del propietario de la aeronave que fue calcinada con la finalidad de hacer valido su seguro.<\/p>\n<p style=\"text-align: justify;\">Por otra parte, Ru\u00edz Contreras habl\u00f3 sobre las denuncias interpuestas en el organismo y que est\u00e1n relacionadas con el cobro de piso.<\/p>\n<p style=\"text-align: justify;\">\u00abSi hay extorsiones como formalmente se le llama, coloquialmente cobro de piso, s\u00ed las hay, se atienden las mismas y se contiene en cuanto a las v\u00edctimas para que finalmente no realizan los pagos correspondientes y nosotros nos dejen a cargo la investigaci\u00f3n; no tengo el n\u00famero exacto ahorita pero con gusto te los doy m\u00e1s adelante\u00bb, culmin\u00f3.<\/p>\n<p>Por: Jos\u00e9 Luis V\u00e1zquez<\/p>\n","protected":false},"excerpt":{"rendered":"<p>Rechaza que tenga que ver con hallazgo de cuerpos en el lugar; en tanto una de las cuatro v\u00edctimas ya fue identificada. SLP.- El titular de la Fiscal\u00eda General del Estado de San Luis Potos\u00ed, Jos\u00e9 Luis Ruiz Contreras, inform\u00f3 que ya de identific\u00f3 la identidad de una de las cuatro personas ejecutadas en el municipio de Tamasopo. Aunado a ello, explic\u00f3 que la quema de la aeronave que se encontraba en el lugar, nada tiene que ver con el hallazgo de estos cuerpos. \u00abHay una persona identificada originaria del mismo municipio en una comunidad, las otras tres personas que [&hellip;]<\/p>\n","protected":false},"author":2,"featured_media":65683,"comment_status":"closed","ping_status":"closed","sticky":false,"template":"","format":"video","meta":{"footnotes":""},"categories":[5,510,45],"tags":[],"class_list":["post-65663","post","type-post","status-publish","format-video","has-post-thumbnail","hentry","category-destacadas","category-gobedoslp","category-localesyregionales","post_format-post-format-video","post--single"],"yoast_head":"<!-- This site is optimized with the Yoast SEO plugin v27.4 - https:\/\/yoast.com\/product\/yoast-seo-wordpress\/ -->\n<title>Quema de aeronave en Tamasopo fue circunstancial, insiste Fiscal\u00eda. - Canal 7 SLP - 2022<\/title>\n<meta name=\"robots\" content=\"index, follow, max-snippet:-1, max-image-preview:large, max-video-preview:-1\" \/>\n<link rel=\"canonical\" href=\"https:\/\/canal7slp.tv\/2022\/quema-de-aeronave-en-tamasopo-fue-circunstancial-insiste-fiscalia\/\" \/>\n<meta property=\"og:locale\" content=\"es_ES\" \/>\n<meta property=\"og:type\" content=\"article\" \/>\n<meta property=\"og:title\" content=\"Quema de aeronave en Tamasopo fue circunstancial, insiste Fiscal\u00eda. - Canal 7 SLP - 2022\" \/>\n<meta property=\"og:description\" content=\"Rechaza que tenga que ver con hallazgo de cuerpos en el lugar; en tanto una de las cuatro v\u00edctimas ya fue identificada. SLP.- El titular de la Fiscal\u00eda General del Estado de San Luis Potos\u00ed, Jos\u00e9 Luis Ruiz Contreras, inform\u00f3 que ya de identific\u00f3 la identidad de una de las cuatro personas ejecutadas en el municipio de Tamasopo. Aunado a ello, explic\u00f3 que la quema de la aeronave que se encontraba en el lugar, nada tiene que ver con el hallazgo de estos cuerpos. \u00abHay una persona identificada originaria del mismo municipio en una comunidad, las otras tres personas que [&hellip;]\" \/>\n<meta property=\"og:url\" content=\"https:\/\/canal7slp.tv\/2022\/quema-de-aeronave-en-tamasopo-fue-circunstancial-insiste-fiscalia\/\" \/>\n<meta property=\"og:site_name\" content=\"Canal 7 SLP - 2022\" \/>\n<meta property=\"article:publisher\" content=\"https:\/\/www.facebook.com\/noticieroscanalsiete\" \/>\n<meta property=\"article:published_time\" content=\"2022-07-05T22:36:37+00:00\" \/>\n<meta property=\"og:image\" content=\"https:\/\/canal7slp.tv\/2022\/wp-content\/uploads\/2022\/07\/Vazquez04Tamasopo.jpg\" \/>\n\t<meta property=\"og:image:width\" content=\"888\" \/>\n\t<meta property=\"og:image:height\" content=\"500\" \/>\n\t<meta property=\"og:image:type\" content=\"image\/jpeg\" \/>\n<meta name=\"author\" content=\"Edici\u00f3n Web\" \/>\n<meta name=\"twitter:card\" content=\"summary_large_image\" \/>\n<meta name=\"twitter:creator\" content=\"@NOTICIEROS7\" \/>\n<meta name=\"twitter:site\" content=\"@NOTICIEROS7\" \/>\n<meta name=\"twitter:label1\" content=\"Escrito por\" \/>\n\t<meta name=\"twitter:data1\" content=\"Edici\u00f3n Web\" \/>\n\t<meta name=\"twitter:label2\" content=\"Tiempo de lectura\" \/>\n\t<meta name=\"twitter:data2\" content=\"2 minutos\" \/>\n<script type=\"application\/ld+json\" class=\"yoast-schema-graph\">{\"@context\":\"https:\\\/\\\/schema.org\",\"@graph\":[{\"@type\":\"Article\",\"@id\":\"https:\\\/\\\/canal7slp.tv\\\/2022\\\/quema-de-aeronave-en-tamasopo-fue-circunstancial-insiste-fiscalia\\\/#article\",\"isPartOf\":{\"@id\":\"https:\\\/\\\/canal7slp.tv\\\/2022\\\/quema-de-aeronave-en-tamasopo-fue-circunstancial-insiste-fiscalia\\\/\"},\"author\":{\"name\":\"Edici\u00f3n Web\",\"@id\":\"https:\\\/\\\/canal7slp.tv\\\/2022\\\/#\\\/schema\\\/person\\\/429704152a21f5f856ce29aa69a238da\"},\"headline\":\"Quema de aeronave en Tamasopo fue circunstancial, insiste Fiscal\u00eda.\",\"datePublished\":\"2022-07-05T22:36:37+00:00\",\"mainEntityOfPage\":{\"@id\":\"https:\\\/\\\/canal7slp.tv\\\/2022\\\/quema-de-aeronave-en-tamasopo-fue-circunstancial-insiste-fiscalia\\\/\"},\"wordCount\":283,\"publisher\":{\"@id\":\"https:\\\/\\\/canal7slp.tv\\\/2022\\\/#organization\"},\"image\":{\"@id\":\"https:\\\/\\\/canal7slp.tv\\\/2022\\\/quema-de-aeronave-en-tamasopo-fue-circunstancial-insiste-fiscalia\\\/#primaryimage\"},\"thumbnailUrl\":\"https:\\\/\\\/canal7slp.tv\\\/2022\\\/wp-content\\\/uploads\\\/2022\\\/07\\\/Vazquez04Tamasopo.jpg\",\"articleSection\":[\"DESTACADAS\",\"GOBEDOSLP\",\"LOCALES Y REGIONALES\"],\"inLanguage\":\"es\"},{\"@type\":\"WebPage\",\"@id\":\"https:\\\/\\\/canal7slp.tv\\\/2022\\\/quema-de-aeronave-en-tamasopo-fue-circunstancial-insiste-fiscalia\\\/\",\"url\":\"https:\\\/\\\/canal7slp.tv\\\/2022\\\/quema-de-aeronave-en-tamasopo-fue-circunstancial-insiste-fiscalia\\\/\",\"name\":\"Quema de aeronave en Tamasopo fue circunstancial, insiste Fiscal\u00eda. - Canal 7 SLP - 2022\",\"isPartOf\":{\"@id\":\"https:\\\/\\\/canal7slp.tv\\\/2022\\\/#website\"},\"primaryImageOfPage\":{\"@id\":\"https:\\\/\\\/canal7slp.tv\\\/2022\\\/quema-de-aeronave-en-tamasopo-fue-circunstancial-insiste-fiscalia\\\/#primaryimage\"},\"image\":{\"@id\":\"https:\\\/\\\/canal7slp.tv\\\/2022\\\/quema-de-aeronave-en-tamasopo-fue-circunstancial-insiste-fiscalia\\\/#primaryimage\"},\"thumbnailUrl\":\"https:\\\/\\\/canal7slp.tv\\\/2022\\\/wp-content\\\/uploads\\\/2022\\\/07\\\/Vazquez04Tamasopo.jpg\",\"datePublished\":\"2022-07-05T22:36:37+00:00\",\"breadcrumb\":{\"@id\":\"https:\\\/\\\/canal7slp.tv\\\/2022\\\/quema-de-aeronave-en-tamasopo-fue-circunstancial-insiste-fiscalia\\\/#breadcrumb\"},\"inLanguage\":\"es\",\"potentialAction\":[{\"@type\":\"ReadAction\",\"target\":[\"https:\\\/\\\/canal7slp.tv\\\/2022\\\/quema-de-aeronave-en-tamasopo-fue-circunstancial-insiste-fiscalia\\\/\"]}]},{\"@type\":\"ImageObject\",\"inLanguage\":\"es\",\"@id\":\"https:\\\/\\\/canal7slp.tv\\\/2022\\\/quema-de-aeronave-en-tamasopo-fue-circunstancial-insiste-fiscalia\\\/#primaryimage\",\"url\":\"https:\\\/\\\/canal7slp.tv\\\/2022\\\/wp-content\\\/uploads\\\/2022\\\/07\\\/Vazquez04Tamasopo.jpg\",\"contentUrl\":\"https:\\\/\\\/canal7slp.tv\\\/2022\\\/wp-content\\\/uploads\\\/2022\\\/07\\\/Vazquez04Tamasopo.jpg\",\"width\":888,\"height\":500},{\"@type\":\"BreadcrumbList\",\"@id\":\"https:\\\/\\\/canal7slp.tv\\\/2022\\\/quema-de-aeronave-en-tamasopo-fue-circunstancial-insiste-fiscalia\\\/#breadcrumb\",\"itemListElement\":[{\"@type\":\"ListItem\",\"position\":1,\"name\":\"Portada\",\"item\":\"https:\\\/\\\/canal7slp.tv\\\/2022\\\/\"},{\"@type\":\"ListItem\",\"position\":2,\"name\":\"Quema de aeronave en Tamasopo fue circunstancial, insiste Fiscal\u00eda.\"}]},{\"@type\":\"WebSite\",\"@id\":\"https:\\\/\\\/canal7slp.tv\\\/2022\\\/#website\",\"url\":\"https:\\\/\\\/canal7slp.tv\\\/2022\\\/\",\"name\":\"N7 - Noticieros Canal 7\",\"description\":\"Somos Televisi\u00f3n\",\"publisher\":{\"@id\":\"https:\\\/\\\/canal7slp.tv\\\/2022\\\/#organization\"},\"potentialAction\":[{\"@type\":\"SearchAction\",\"target\":{\"@type\":\"EntryPoint\",\"urlTemplate\":\"https:\\\/\\\/canal7slp.tv\\\/2022\\\/?s={search_term_string}\"},\"query-input\":{\"@type\":\"PropertyValueSpecification\",\"valueRequired\":true,\"valueName\":\"search_term_string\"}}],\"inLanguage\":\"es\"},{\"@type\":\"Organization\",\"@id\":\"https:\\\/\\\/canal7slp.tv\\\/2022\\\/#organization\",\"name\":\"Noticieros Canal 7\",\"url\":\"https:\\\/\\\/canal7slp.tv\\\/2022\\\/\",\"logo\":{\"@type\":\"ImageObject\",\"inLanguage\":\"es\",\"@id\":\"https:\\\/\\\/canal7slp.tv\\\/2022\\\/#\\\/schema\\\/logo\\\/image\\\/\",\"url\":\"https:\\\/\\\/canal7slp.tv\\\/2022\\\/wp-content\\\/uploads\\\/2021\\\/01\\\/logo-noticieros@2x.png\",\"contentUrl\":\"https:\\\/\\\/canal7slp.tv\\\/2022\\\/wp-content\\\/uploads\\\/2021\\\/01\\\/logo-noticieros@2x.png\",\"width\":1017,\"height\":268,\"caption\":\"Noticieros Canal 7\"},\"image\":{\"@id\":\"https:\\\/\\\/canal7slp.tv\\\/2022\\\/#\\\/schema\\\/logo\\\/image\\\/\"},\"sameAs\":[\"https:\\\/\\\/www.facebook.com\\\/noticieroscanalsiete\",\"https:\\\/\\\/x.com\\\/NOTICIEROS7\",\"https:\\\/\\\/www.instagram.com\\\/canal7_slp\",\"https:\\\/\\\/www.youtube.com\\\/channel\\\/UCliiYs-gP3JfJeqdPrNdd5A\"]},{\"@type\":\"Person\",\"@id\":\"https:\\\/\\\/canal7slp.tv\\\/2022\\\/#\\\/schema\\\/person\\\/429704152a21f5f856ce29aa69a238da\",\"name\":\"Edici\u00f3n Web\",\"image\":{\"@type\":\"ImageObject\",\"inLanguage\":\"es\",\"@id\":\"https:\\\/\\\/secure.gravatar.com\\\/avatar\\\/eee448fc3f7164808013b816ba91ac7e43bbe82a70bebac296f8bc6f0addaa1a?s=96&d=mm&r=g\",\"url\":\"https:\\\/\\\/secure.gravatar.com\\\/avatar\\\/eee448fc3f7164808013b816ba91ac7e43bbe82a70bebac296f8bc6f0addaa1a?s=96&d=mm&r=g\",\"contentUrl\":\"https:\\\/\\\/secure.gravatar.com\\\/avatar\\\/eee448fc3f7164808013b816ba91ac7e43bbe82a70bebac296f8bc6f0addaa1a?s=96&d=mm&r=g\",\"caption\":\"Edici\u00f3n Web\"},\"url\":\"https:\\\/\\\/canal7slp.tv\\\/2022\\\/author\\\/edicionweb\\\/\"}]}<\/script>\n<!-- \/ Yoast SEO plugin. -->","yoast_head_json":{"title":"Quema de aeronave en Tamasopo fue circunstancial, insiste Fiscal\u00eda. - Canal 7 SLP - 2022","robots":{"index":"index","follow":"follow","max-snippet":"max-snippet:-1","max-image-preview":"max-image-preview:large","max-video-preview":"max-video-preview:-1"},"canonical":"https:\/\/canal7slp.tv\/2022\/quema-de-aeronave-en-tamasopo-fue-circunstancial-insiste-fiscalia\/","og_locale":"es_ES","og_type":"article","og_title":"Quema de aeronave en Tamasopo fue circunstancial, insiste Fiscal\u00eda. - Canal 7 SLP - 2022","og_description":"Rechaza que tenga que ver con hallazgo de cuerpos en el lugar; en tanto una de las cuatro v\u00edctimas ya fue identificada. SLP.- El titular de la Fiscal\u00eda General del Estado de San Luis Potos\u00ed, Jos\u00e9 Luis Ruiz Contreras, inform\u00f3 que ya de identific\u00f3 la identidad de una de las cuatro personas ejecutadas en el municipio de Tamasopo. Aunado a ello, explic\u00f3 que la quema de la aeronave que se encontraba en el lugar, nada tiene que ver con el hallazgo de estos cuerpos. \u00abHay una persona identificada originaria del mismo municipio en una comunidad, las otras tres personas que [&hellip;]","og_url":"https:\/\/canal7slp.tv\/2022\/quema-de-aeronave-en-tamasopo-fue-circunstancial-insiste-fiscalia\/","og_site_name":"Canal 7 SLP - 2022","article_publisher":"https:\/\/www.facebook.com\/noticieroscanalsiete","article_published_time":"2022-07-05T22:36:37+00:00","og_image":[{"width":888,"height":500,"url":"https:\/\/canal7slp.tv\/2022\/wp-content\/uploads\/2022\/07\/Vazquez04Tamasopo.jpg","type":"image\/jpeg"}],"author":"Edici\u00f3n Web","twitter_card":"summary_large_image","twitter_creator":"@NOTICIEROS7","twitter_site":"@NOTICIEROS7","twitter_misc":{"Escrito por":"Edici\u00f3n Web","Tiempo de lectura":"2 minutos"},"schema":{"@context":"https:\/\/schema.org","@graph":[{"@type":"Article","@id":"https:\/\/canal7slp.tv\/2022\/quema-de-aeronave-en-tamasopo-fue-circunstancial-insiste-fiscalia\/#article","isPartOf":{"@id":"https:\/\/canal7slp.tv\/2022\/quema-de-aeronave-en-tamasopo-fue-circunstancial-insiste-fiscalia\/"},"author":{"name":"Edici\u00f3n Web","@id":"https:\/\/canal7slp.tv\/2022\/#\/schema\/person\/429704152a21f5f856ce29aa69a238da"},"headline":"Quema de aeronave en Tamasopo fue circunstancial, insiste Fiscal\u00eda.","datePublished":"2022-07-05T22:36:37+00:00","mainEntityOfPage":{"@id":"https:\/\/canal7slp.tv\/2022\/quema-de-aeronave-en-tamasopo-fue-circunstancial-insiste-fiscalia\/"},"wordCount":283,"publisher":{"@id":"https:\/\/canal7slp.tv\/2022\/#organization"},"image":{"@id":"https:\/\/canal7slp.tv\/2022\/quema-de-aeronave-en-tamasopo-fue-circunstancial-insiste-fiscalia\/#primaryimage"},"thumbnailUrl":"https:\/\/canal7slp.tv\/2022\/wp-content\/uploads\/2022\/07\/Vazquez04Tamasopo.jpg","articleSection":["DESTACADAS","GOBEDOSLP","LOCALES Y REGIONALES"],"inLanguage":"es"},{"@type":"WebPage","@id":"https:\/\/canal7slp.tv\/2022\/quema-de-aeronave-en-tamasopo-fue-circunstancial-insiste-fiscalia\/","url":"https:\/\/canal7slp.tv\/2022\/quema-de-aeronave-en-tamasopo-fue-circunstancial-insiste-fiscalia\/","name":"Quema de aeronave en Tamasopo fue circunstancial, insiste Fiscal\u00eda. - Canal 7 SLP - 2022","isPartOf":{"@id":"https:\/\/canal7slp.tv\/2022\/#website"},"primaryImageOfPage":{"@id":"https:\/\/canal7slp.tv\/2022\/quema-de-aeronave-en-tamasopo-fue-circunstancial-insiste-fiscalia\/#primaryimage"},"image":{"@id":"https:\/\/canal7slp.tv\/2022\/quema-de-aeronave-en-tamasopo-fue-circunstancial-insiste-fiscalia\/#primaryimage"},"thumbnailUrl":"https:\/\/canal7slp.tv\/2022\/wp-content\/uploads\/2022\/07\/Vazquez04Tamasopo.jpg","datePublished":"2022-07-05T22:36:37+00:00","breadcrumb":{"@id":"https:\/\/canal7slp.tv\/2022\/quema-de-aeronave-en-tamasopo-fue-circunstancial-insiste-fiscalia\/#breadcrumb"},"inLanguage":"es","potentialAction":[{"@type":"ReadAction","target":["https:\/\/canal7slp.tv\/2022\/quema-de-aeronave-en-tamasopo-fue-circunstancial-insiste-fiscalia\/"]}]},{"@type":"ImageObject","inLanguage":"es","@id":"https:\/\/canal7slp.tv\/2022\/quema-de-aeronave-en-tamasopo-fue-circunstancial-insiste-fiscalia\/#primaryimage","url":"https:\/\/canal7slp.tv\/2022\/wp-content\/uploads\/2022\/07\/Vazquez04Tamasopo.jpg","contentUrl":"https:\/\/canal7slp.tv\/2022\/wp-content\/uploads\/2022\/07\/Vazquez04Tamasopo.jpg","width":888,"height":500},{"@type":"BreadcrumbList","@id":"https:\/\/canal7slp.tv\/2022\/quema-de-aeronave-en-tamasopo-fue-circunstancial-insiste-fiscalia\/#breadcrumb","itemListElement":[{"@type":"ListItem","position":1,"name":"Portada","item":"https:\/\/canal7slp.tv\/2022\/"},{"@type":"ListItem","position":2,"name":"Quema de aeronave en Tamasopo fue circunstancial, insiste Fiscal\u00eda."}]},{"@type":"WebSite","@id":"https:\/\/canal7slp.tv\/2022\/#website","url":"https:\/\/canal7slp.tv\/2022\/","name":"N7 - Noticieros Canal 7","description":"Somos Televisi\u00f3n","publisher":{"@id":"https:\/\/canal7slp.tv\/2022\/#organization"},"potentialAction":[{"@type":"SearchAction","target":{"@type":"EntryPoint","urlTemplate":"https:\/\/canal7slp.tv\/2022\/?s={search_term_string}"},"query-input":{"@type":"PropertyValueSpecification","valueRequired":true,"valueName":"search_term_string"}}],"inLanguage":"es"},{"@type":"Organization","@id":"https:\/\/canal7slp.tv\/2022\/#organization","name":"Noticieros Canal 7","url":"https:\/\/canal7slp.tv\/2022\/","logo":{"@type":"ImageObject","inLanguage":"es","@id":"https:\/\/canal7slp.tv\/2022\/#\/schema\/logo\/image\/","url":"https:\/\/canal7slp.tv\/2022\/wp-content\/uploads\/2021\/01\/logo-noticieros@2x.png","contentUrl":"https:\/\/canal7slp.tv\/2022\/wp-content\/uploads\/2021\/01\/logo-noticieros@2x.png","width":1017,"height":268,"caption":"Noticieros Canal 7"},"image":{"@id":"https:\/\/canal7slp.tv\/2022\/#\/schema\/logo\/image\/"},"sameAs":["https:\/\/www.facebook.com\/noticieroscanalsiete","https:\/\/x.com\/NOTICIEROS7","https:\/\/www.instagram.com\/canal7_slp","https:\/\/www.youtube.com\/channel\/UCliiYs-gP3JfJeqdPrNdd5A"]},{"@type":"Person","@id":"https:\/\/canal7slp.tv\/2022\/#\/schema\/person\/429704152a21f5f856ce29aa69a238da","name":"Edici\u00f3n Web","image":{"@type":"ImageObject","inLanguage":"es","@id":"https:\/\/secure.gravatar.com\/avatar\/eee448fc3f7164808013b816ba91ac7e43bbe82a70bebac296f8bc6f0addaa1a?s=96&d=mm&r=g","url":"https:\/\/secure.gravatar.com\/avatar\/eee448fc3f7164808013b816ba91ac7e43bbe82a70bebac296f8bc6f0addaa1a?s=96&d=mm&r=g","contentUrl":"https:\/\/secure.gravatar.com\/avatar\/eee448fc3f7164808013b816ba91ac7e43bbe82a70bebac296f8bc6f0addaa1a?s=96&d=mm&r=g","caption":"Edici\u00f3n Web"},"url":"https:\/\/canal7slp.tv\/2022\/author\/edicionweb\/"}]}},"amp_enabled":true,"_links":{"self":[{"href":"https:\/\/canal7slp.tv\/2022\/wp-json\/wp\/v2\/posts\/65663","targetHints":{"allow":["GET"]}}],"collection":[{"href":"https:\/\/canal7slp.tv\/2022\/wp-json\/wp\/v2\/posts"}],"about":[{"href":"https:\/\/canal7slp.tv\/2022\/wp-json\/wp\/v2\/types\/post"}],"author":[{"embeddable":true,"href":"https:\/\/canal7slp.tv\/2022\/wp-json\/wp\/v2\/users\/2"}],"replies":[{"embeddable":true,"href":"https:\/\/canal7slp.tv\/2022\/wp-json\/wp\/v2\/comments?post=65663"}],"version-history":[{"count":2,"href":"https:\/\/canal7slp.tv\/2022\/wp-json\/wp\/v2\/posts\/65663\/revisions"}],"predecessor-version":[{"id":65684,"href":"https:\/\/canal7slp.tv\/2022\/wp-json\/wp\/v2\/posts\/65663\/revisions\/65684"}],"wp:featuredmedia":[{"embeddable":true,"href":"https:\/\/canal7slp.tv\/2022\/wp-json\/wp\/v2\/media\/65683"}],"wp:attachment":[{"href":"https:\/\/canal7slp.tv\/2022\/wp-json\/wp\/v2\/media?parent=65663"}],"wp:term":[{"taxonomy":"category","embeddable":true,"href":"https:\/\/canal7slp.tv\/2022\/wp-json\/wp\/v2\/categories?post=65663"},{"taxonomy":"post_tag","embeddable":true,"href":"https:\/\/canal7slp.tv\/2022\/wp-json\/wp\/v2\/tags?post=65663"}],"curies":[{"name":"wp","href":"https:\/\/api.w.org\/{rel}","templated":true}]}}