{"id":65661,"date":"2022-07-05T16:24:51","date_gmt":"2022-07-05T22:24:51","guid":{"rendered":"https:\/\/canal7slp.tv\/2022\/?p=65661"},"modified":"2022-07-05T16:24:51","modified_gmt":"2022-07-05T22:24:51","slug":"area-de-urgencias-del-nuevo-hospital-central-entrara-en-operacion-esta-semana","status":"publish","type":"post","link":"https:\/\/canal7slp.tv\/2022\/area-de-urgencias-del-nuevo-hospital-central-entrara-en-operacion-esta-semana\/","title":{"rendered":"\u00c1rea de Urgencias del nuevo Hospital Central entrar\u00e1 en operaci\u00f3n esta semana."},"content":{"rendered":"<p style=\"text-align: justify;\">SLP.- El gobernador de San Luis Potos\u00ed, Jos\u00e9 Ricardo Gallardo Cardona, anunci\u00f3 que esta misma semana se activar\u00e1 el \u00e1rea de urgencias del nuevo hospital central con presupuesto totalmente estatal, pues se\u00f1al\u00f3 que desde la Federaci\u00f3n no se ha dado alg\u00fan avance al respecto.<\/p>\n<p style=\"text-align: justify;\">\u00abEsta semana nos vamos a cambiar al nuevo Hospital Central, al edificio ese que es un elefante, toda la parte de urgencias ya est\u00e1 terminada, invertimos por parte de la Secretar\u00eda de Salud y de Gobierno del Estado porque estamos esperando que nos lleguen los equipos de M\u00e9xico, que nada m\u00e1s no llegan, yo ya no me aguant\u00e9 y dije, ya no puedo, ya no voy a esperar, y nosotros invertimos y vamos a echar a jalar toda el \u00e1rea de urgencias del edificio nuevo del Central\u00bb, manifest\u00f3.<\/p>\n<p style=\"text-align: justify;\">Explic\u00f3 que para iniciar operaciones se invertir\u00e1n cerca de 100 millones de pesos para equipamiento nuevo y los insumos m\u00e9dicos que se necesitan para dar los servicios que requiere la ciudadan\u00eda.<\/p>\n<p style=\"text-align: justify;\">\u00abYa no vamos a esperar a que lleguen equipos nuevos, si nos mandan despu\u00e9s equipos nuevos que bueno, iremos reemplazando los viejos por los nuevos, pero ya vamos a echar a jalar el nuevo Hospital Central como Dios manda, y eso va a ser otro logro de gobierno, todo ese cascar\u00f3n que est\u00e1 ah\u00ed, las m\u00e1s de 120 camas que no sirven ya van a poder tener capacidad para albergar\u00bb, apunt\u00f3.<\/p>\n<p style=\"text-align: justify;\">Por otra parte, Gallardo Cardona mencion\u00f3 que las instalaciones del viejo hospital ser\u00e1n remodeladas y acondicionadas para evitar que los familiares se queden esperando en la calle.<\/p>\n<p style=\"text-align: justify;\">\u00abEs competencia de la Federaci\u00f3n, pero mira si yo espero a que venga la Federaci\u00f3n puede tardar un mes, dos meses, un a\u00f1o, dos a\u00f1os, no s\u00e9 cu\u00e1nto tarde, as\u00ed tuvieron a Carreras el \u00faltimo a\u00f1o y no le dieron nada, yo no voy a estar esperando que me tengan as\u00ed, yo prefiero invertir el dinero de Gobierno del Estado en darle seguridad a los potosinos de que ya puedan acudir al nuevo hospital Central\u00bb, culmin\u00f3.<\/p>\n<p>Por: Jos\u00e9 Luis V\u00e1zquez<\/p>\n","protected":false},"excerpt":{"rendered":"<p>SLP.- El gobernador de San Luis Potos\u00ed, Jos\u00e9 Ricardo Gallardo Cardona, anunci\u00f3 que esta misma semana se activar\u00e1 el \u00e1rea de urgencias del nuevo hospital central con presupuesto totalmente estatal, pues se\u00f1al\u00f3 que desde la Federaci\u00f3n no se ha dado alg\u00fan avance al respecto. \u00abEsta semana nos vamos a cambiar al nuevo Hospital Central, al edificio ese que es un elefante, toda la parte de urgencias ya est\u00e1 terminada, invertimos por parte de la Secretar\u00eda de Salud y de Gobierno del Estado porque estamos esperando que nos lleguen los equipos de M\u00e9xico, que nada m\u00e1s no llegan, yo ya no [&hellip;]<\/p>\n","protected":false},"author":2,"featured_media":65679,"comment_status":"closed","ping_status":"closed","sticky":false,"template":"","format":"video","meta":{"footnotes":""},"categories":[5,510,45],"tags":[],"class_list":["post-65661","post","type-post","status-publish","format-video","has-post-thumbnail","hentry","category-destacadas","category-gobedoslp","category-localesyregionales","post_format-post-format-video","post--single"],"yoast_head":"<!-- This site is optimized with the Yoast SEO plugin v27.5 - https:\/\/yoast.com\/product\/yoast-seo-wordpress\/ -->\n<title>\u00c1rea de Urgencias del nuevo Hospital Central entrar\u00e1 en operaci\u00f3n esta semana. - Canal 7 SLP - 2022<\/title>\n<meta name=\"robots\" content=\"index, follow, max-snippet:-1, max-image-preview:large, max-video-preview:-1\" \/>\n<link rel=\"canonical\" href=\"https:\/\/canal7slp.tv\/2022\/area-de-urgencias-del-nuevo-hospital-central-entrara-en-operacion-esta-semana\/\" \/>\n<meta property=\"og:locale\" content=\"es_ES\" \/>\n<meta property=\"og:type\" content=\"article\" \/>\n<meta property=\"og:title\" content=\"\u00c1rea de Urgencias del nuevo Hospital Central entrar\u00e1 en operaci\u00f3n esta semana. - Canal 7 SLP - 2022\" \/>\n<meta property=\"og:description\" content=\"SLP.- El gobernador de San Luis Potos\u00ed, Jos\u00e9 Ricardo Gallardo Cardona, anunci\u00f3 que esta misma semana se activar\u00e1 el \u00e1rea de urgencias del nuevo hospital central con presupuesto totalmente estatal, pues se\u00f1al\u00f3 que desde la Federaci\u00f3n no se ha dado alg\u00fan avance al respecto. \u00abEsta semana nos vamos a cambiar al nuevo Hospital Central, al edificio ese que es un elefante, toda la parte de urgencias ya est\u00e1 terminada, invertimos por parte de la Secretar\u00eda de Salud y de Gobierno del Estado porque estamos esperando que nos lleguen los equipos de M\u00e9xico, que nada m\u00e1s no llegan, yo ya no [&hellip;]\" \/>\n<meta property=\"og:url\" content=\"https:\/\/canal7slp.tv\/2022\/area-de-urgencias-del-nuevo-hospital-central-entrara-en-operacion-esta-semana\/\" \/>\n<meta property=\"og:site_name\" content=\"Canal 7 SLP - 2022\" \/>\n<meta property=\"article:publisher\" content=\"https:\/\/www.facebook.com\/noticieroscanalsiete\" \/>\n<meta property=\"article:published_time\" content=\"2022-07-05T22:24:51+00:00\" \/>\n<meta property=\"og:image\" content=\"https:\/\/canal7slp.tv\/2022\/wp-content\/uploads\/2022\/07\/Vazquez02Hospital.jpg\" \/>\n\t<meta property=\"og:image:width\" content=\"888\" \/>\n\t<meta property=\"og:image:height\" content=\"500\" \/>\n\t<meta property=\"og:image:type\" content=\"image\/jpeg\" \/>\n<meta name=\"author\" content=\"Edici\u00f3n Web\" \/>\n<meta name=\"twitter:card\" content=\"summary_large_image\" \/>\n<meta name=\"twitter:creator\" content=\"@NOTICIEROS7\" \/>\n<meta name=\"twitter:site\" content=\"@NOTICIEROS7\" \/>\n<meta name=\"twitter:label1\" content=\"Escrito por\" \/>\n\t<meta name=\"twitter:data1\" content=\"Edici\u00f3n Web\" \/>\n\t<meta name=\"twitter:label2\" content=\"Tiempo de lectura\" \/>\n\t<meta name=\"twitter:data2\" content=\"2 minutos\" \/>\n<script type=\"application\/ld+json\" class=\"yoast-schema-graph\">{\"@context\":\"https:\\\/\\\/schema.org\",\"@graph\":[{\"@type\":\"Article\",\"@id\":\"https:\\\/\\\/canal7slp.tv\\\/2022\\\/area-de-urgencias-del-nuevo-hospital-central-entrara-en-operacion-esta-semana\\\/#article\",\"isPartOf\":{\"@id\":\"https:\\\/\\\/canal7slp.tv\\\/2022\\\/area-de-urgencias-del-nuevo-hospital-central-entrara-en-operacion-esta-semana\\\/\"},\"author\":{\"name\":\"Edici\u00f3n Web\",\"@id\":\"https:\\\/\\\/canal7slp.tv\\\/2022\\\/#\\\/schema\\\/person\\\/429704152a21f5f856ce29aa69a238da\"},\"headline\":\"\u00c1rea de Urgencias del nuevo Hospital Central entrar\u00e1 en operaci\u00f3n esta semana.\",\"datePublished\":\"2022-07-05T22:24:51+00:00\",\"mainEntityOfPage\":{\"@id\":\"https:\\\/\\\/canal7slp.tv\\\/2022\\\/area-de-urgencias-del-nuevo-hospital-central-entrara-en-operacion-esta-semana\\\/\"},\"wordCount\":373,\"publisher\":{\"@id\":\"https:\\\/\\\/canal7slp.tv\\\/2022\\\/#organization\"},\"image\":{\"@id\":\"https:\\\/\\\/canal7slp.tv\\\/2022\\\/area-de-urgencias-del-nuevo-hospital-central-entrara-en-operacion-esta-semana\\\/#primaryimage\"},\"thumbnailUrl\":\"https:\\\/\\\/canal7slp.tv\\\/2022\\\/wp-content\\\/uploads\\\/2022\\\/07\\\/Vazquez02Hospital.jpg\",\"articleSection\":[\"DESTACADAS\",\"GOBEDOSLP\",\"LOCALES Y REGIONALES\"],\"inLanguage\":\"es\"},{\"@type\":\"WebPage\",\"@id\":\"https:\\\/\\\/canal7slp.tv\\\/2022\\\/area-de-urgencias-del-nuevo-hospital-central-entrara-en-operacion-esta-semana\\\/\",\"url\":\"https:\\\/\\\/canal7slp.tv\\\/2022\\\/area-de-urgencias-del-nuevo-hospital-central-entrara-en-operacion-esta-semana\\\/\",\"name\":\"\u00c1rea de Urgencias del nuevo Hospital Central entrar\u00e1 en operaci\u00f3n esta semana. - Canal 7 SLP - 2022\",\"isPartOf\":{\"@id\":\"https:\\\/\\\/canal7slp.tv\\\/2022\\\/#website\"},\"primaryImageOfPage\":{\"@id\":\"https:\\\/\\\/canal7slp.tv\\\/2022\\\/area-de-urgencias-del-nuevo-hospital-central-entrara-en-operacion-esta-semana\\\/#primaryimage\"},\"image\":{\"@id\":\"https:\\\/\\\/canal7slp.tv\\\/2022\\\/area-de-urgencias-del-nuevo-hospital-central-entrara-en-operacion-esta-semana\\\/#primaryimage\"},\"thumbnailUrl\":\"https:\\\/\\\/canal7slp.tv\\\/2022\\\/wp-content\\\/uploads\\\/2022\\\/07\\\/Vazquez02Hospital.jpg\",\"datePublished\":\"2022-07-05T22:24:51+00:00\",\"breadcrumb\":{\"@id\":\"https:\\\/\\\/canal7slp.tv\\\/2022\\\/area-de-urgencias-del-nuevo-hospital-central-entrara-en-operacion-esta-semana\\\/#breadcrumb\"},\"inLanguage\":\"es\",\"potentialAction\":[{\"@type\":\"ReadAction\",\"target\":[\"https:\\\/\\\/canal7slp.tv\\\/2022\\\/area-de-urgencias-del-nuevo-hospital-central-entrara-en-operacion-esta-semana\\\/\"]}]},{\"@type\":\"ImageObject\",\"inLanguage\":\"es\",\"@id\":\"https:\\\/\\\/canal7slp.tv\\\/2022\\\/area-de-urgencias-del-nuevo-hospital-central-entrara-en-operacion-esta-semana\\\/#primaryimage\",\"url\":\"https:\\\/\\\/canal7slp.tv\\\/2022\\\/wp-content\\\/uploads\\\/2022\\\/07\\\/Vazquez02Hospital.jpg\",\"contentUrl\":\"https:\\\/\\\/canal7slp.tv\\\/2022\\\/wp-content\\\/uploads\\\/2022\\\/07\\\/Vazquez02Hospital.jpg\",\"width\":888,\"height\":500},{\"@type\":\"BreadcrumbList\",\"@id\":\"https:\\\/\\\/canal7slp.tv\\\/2022\\\/area-de-urgencias-del-nuevo-hospital-central-entrara-en-operacion-esta-semana\\\/#breadcrumb\",\"itemListElement\":[{\"@type\":\"ListItem\",\"position\":1,\"name\":\"Portada\",\"item\":\"https:\\\/\\\/canal7slp.tv\\\/2022\\\/\"},{\"@type\":\"ListItem\",\"position\":2,\"name\":\"\u00c1rea de Urgencias del nuevo Hospital Central entrar\u00e1 en operaci\u00f3n esta semana.\"}]},{\"@type\":\"WebSite\",\"@id\":\"https:\\\/\\\/canal7slp.tv\\\/2022\\\/#website\",\"url\":\"https:\\\/\\\/canal7slp.tv\\\/2022\\\/\",\"name\":\"N7 - Noticieros Canal 7\",\"description\":\"Somos Televisi\u00f3n\",\"publisher\":{\"@id\":\"https:\\\/\\\/canal7slp.tv\\\/2022\\\/#organization\"},\"potentialAction\":[{\"@type\":\"SearchAction\",\"target\":{\"@type\":\"EntryPoint\",\"urlTemplate\":\"https:\\\/\\\/canal7slp.tv\\\/2022\\\/?s={search_term_string}\"},\"query-input\":{\"@type\":\"PropertyValueSpecification\",\"valueRequired\":true,\"valueName\":\"search_term_string\"}}],\"inLanguage\":\"es\"},{\"@type\":\"Organization\",\"@id\":\"https:\\\/\\\/canal7slp.tv\\\/2022\\\/#organization\",\"name\":\"Noticieros Canal 7\",\"url\":\"https:\\\/\\\/canal7slp.tv\\\/2022\\\/\",\"logo\":{\"@type\":\"ImageObject\",\"inLanguage\":\"es\",\"@id\":\"https:\\\/\\\/canal7slp.tv\\\/2022\\\/#\\\/schema\\\/logo\\\/image\\\/\",\"url\":\"https:\\\/\\\/canal7slp.tv\\\/2022\\\/wp-content\\\/uploads\\\/2021\\\/01\\\/logo-noticieros@2x.png\",\"contentUrl\":\"https:\\\/\\\/canal7slp.tv\\\/2022\\\/wp-content\\\/uploads\\\/2021\\\/01\\\/logo-noticieros@2x.png\",\"width\":1017,\"height\":268,\"caption\":\"Noticieros Canal 7\"},\"image\":{\"@id\":\"https:\\\/\\\/canal7slp.tv\\\/2022\\\/#\\\/schema\\\/logo\\\/image\\\/\"},\"sameAs\":[\"https:\\\/\\\/www.facebook.com\\\/noticieroscanalsiete\",\"https:\\\/\\\/x.com\\\/NOTICIEROS7\",\"https:\\\/\\\/www.instagram.com\\\/canal7_slp\",\"https:\\\/\\\/www.youtube.com\\\/channel\\\/UCliiYs-gP3JfJeqdPrNdd5A\"]},{\"@type\":\"Person\",\"@id\":\"https:\\\/\\\/canal7slp.tv\\\/2022\\\/#\\\/schema\\\/person\\\/429704152a21f5f856ce29aa69a238da\",\"name\":\"Edici\u00f3n Web\",\"image\":{\"@type\":\"ImageObject\",\"inLanguage\":\"es\",\"@id\":\"https:\\\/\\\/secure.gravatar.com\\\/avatar\\\/eee448fc3f7164808013b816ba91ac7e43bbe82a70bebac296f8bc6f0addaa1a?s=96&d=mm&r=g\",\"url\":\"https:\\\/\\\/secure.gravatar.com\\\/avatar\\\/eee448fc3f7164808013b816ba91ac7e43bbe82a70bebac296f8bc6f0addaa1a?s=96&d=mm&r=g\",\"contentUrl\":\"https:\\\/\\\/secure.gravatar.com\\\/avatar\\\/eee448fc3f7164808013b816ba91ac7e43bbe82a70bebac296f8bc6f0addaa1a?s=96&d=mm&r=g\",\"caption\":\"Edici\u00f3n Web\"},\"url\":\"https:\\\/\\\/canal7slp.tv\\\/2022\\\/author\\\/edicionweb\\\/\"}]}<\/script>\n<!-- \/ Yoast SEO plugin. -->","yoast_head_json":{"title":"\u00c1rea de Urgencias del nuevo Hospital Central entrar\u00e1 en operaci\u00f3n esta semana. - Canal 7 SLP - 2022","robots":{"index":"index","follow":"follow","max-snippet":"max-snippet:-1","max-image-preview":"max-image-preview:large","max-video-preview":"max-video-preview:-1"},"canonical":"https:\/\/canal7slp.tv\/2022\/area-de-urgencias-del-nuevo-hospital-central-entrara-en-operacion-esta-semana\/","og_locale":"es_ES","og_type":"article","og_title":"\u00c1rea de Urgencias del nuevo Hospital Central entrar\u00e1 en operaci\u00f3n esta semana. - Canal 7 SLP - 2022","og_description":"SLP.- El gobernador de San Luis Potos\u00ed, Jos\u00e9 Ricardo Gallardo Cardona, anunci\u00f3 que esta misma semana se activar\u00e1 el \u00e1rea de urgencias del nuevo hospital central con presupuesto totalmente estatal, pues se\u00f1al\u00f3 que desde la Federaci\u00f3n no se ha dado alg\u00fan avance al respecto. \u00abEsta semana nos vamos a cambiar al nuevo Hospital Central, al edificio ese que es un elefante, toda la parte de urgencias ya est\u00e1 terminada, invertimos por parte de la Secretar\u00eda de Salud y de Gobierno del Estado porque estamos esperando que nos lleguen los equipos de M\u00e9xico, que nada m\u00e1s no llegan, yo ya no [&hellip;]","og_url":"https:\/\/canal7slp.tv\/2022\/area-de-urgencias-del-nuevo-hospital-central-entrara-en-operacion-esta-semana\/","og_site_name":"Canal 7 SLP - 2022","article_publisher":"https:\/\/www.facebook.com\/noticieroscanalsiete","article_published_time":"2022-07-05T22:24:51+00:00","og_image":[{"width":888,"height":500,"url":"https:\/\/canal7slp.tv\/2022\/wp-content\/uploads\/2022\/07\/Vazquez02Hospital.jpg","type":"image\/jpeg"}],"author":"Edici\u00f3n Web","twitter_card":"summary_large_image","twitter_creator":"@NOTICIEROS7","twitter_site":"@NOTICIEROS7","twitter_misc":{"Escrito por":"Edici\u00f3n Web","Tiempo de lectura":"2 minutos"},"schema":{"@context":"https:\/\/schema.org","@graph":[{"@type":"Article","@id":"https:\/\/canal7slp.tv\/2022\/area-de-urgencias-del-nuevo-hospital-central-entrara-en-operacion-esta-semana\/#article","isPartOf":{"@id":"https:\/\/canal7slp.tv\/2022\/area-de-urgencias-del-nuevo-hospital-central-entrara-en-operacion-esta-semana\/"},"author":{"name":"Edici\u00f3n Web","@id":"https:\/\/canal7slp.tv\/2022\/#\/schema\/person\/429704152a21f5f856ce29aa69a238da"},"headline":"\u00c1rea de Urgencias del nuevo Hospital Central entrar\u00e1 en operaci\u00f3n esta semana.","datePublished":"2022-07-05T22:24:51+00:00","mainEntityOfPage":{"@id":"https:\/\/canal7slp.tv\/2022\/area-de-urgencias-del-nuevo-hospital-central-entrara-en-operacion-esta-semana\/"},"wordCount":373,"publisher":{"@id":"https:\/\/canal7slp.tv\/2022\/#organization"},"image":{"@id":"https:\/\/canal7slp.tv\/2022\/area-de-urgencias-del-nuevo-hospital-central-entrara-en-operacion-esta-semana\/#primaryimage"},"thumbnailUrl":"https:\/\/canal7slp.tv\/2022\/wp-content\/uploads\/2022\/07\/Vazquez02Hospital.jpg","articleSection":["DESTACADAS","GOBEDOSLP","LOCALES Y REGIONALES"],"inLanguage":"es"},{"@type":"WebPage","@id":"https:\/\/canal7slp.tv\/2022\/area-de-urgencias-del-nuevo-hospital-central-entrara-en-operacion-esta-semana\/","url":"https:\/\/canal7slp.tv\/2022\/area-de-urgencias-del-nuevo-hospital-central-entrara-en-operacion-esta-semana\/","name":"\u00c1rea de Urgencias del nuevo Hospital Central entrar\u00e1 en operaci\u00f3n esta semana. - Canal 7 SLP - 2022","isPartOf":{"@id":"https:\/\/canal7slp.tv\/2022\/#website"},"primaryImageOfPage":{"@id":"https:\/\/canal7slp.tv\/2022\/area-de-urgencias-del-nuevo-hospital-central-entrara-en-operacion-esta-semana\/#primaryimage"},"image":{"@id":"https:\/\/canal7slp.tv\/2022\/area-de-urgencias-del-nuevo-hospital-central-entrara-en-operacion-esta-semana\/#primaryimage"},"thumbnailUrl":"https:\/\/canal7slp.tv\/2022\/wp-content\/uploads\/2022\/07\/Vazquez02Hospital.jpg","datePublished":"2022-07-05T22:24:51+00:00","breadcrumb":{"@id":"https:\/\/canal7slp.tv\/2022\/area-de-urgencias-del-nuevo-hospital-central-entrara-en-operacion-esta-semana\/#breadcrumb"},"inLanguage":"es","potentialAction":[{"@type":"ReadAction","target":["https:\/\/canal7slp.tv\/2022\/area-de-urgencias-del-nuevo-hospital-central-entrara-en-operacion-esta-semana\/"]}]},{"@type":"ImageObject","inLanguage":"es","@id":"https:\/\/canal7slp.tv\/2022\/area-de-urgencias-del-nuevo-hospital-central-entrara-en-operacion-esta-semana\/#primaryimage","url":"https:\/\/canal7slp.tv\/2022\/wp-content\/uploads\/2022\/07\/Vazquez02Hospital.jpg","contentUrl":"https:\/\/canal7slp.tv\/2022\/wp-content\/uploads\/2022\/07\/Vazquez02Hospital.jpg","width":888,"height":500},{"@type":"BreadcrumbList","@id":"https:\/\/canal7slp.tv\/2022\/area-de-urgencias-del-nuevo-hospital-central-entrara-en-operacion-esta-semana\/#breadcrumb","itemListElement":[{"@type":"ListItem","position":1,"name":"Portada","item":"https:\/\/canal7slp.tv\/2022\/"},{"@type":"ListItem","position":2,"name":"\u00c1rea de Urgencias del nuevo Hospital Central entrar\u00e1 en operaci\u00f3n esta semana."}]},{"@type":"WebSite","@id":"https:\/\/canal7slp.tv\/2022\/#website","url":"https:\/\/canal7slp.tv\/2022\/","name":"N7 - Noticieros Canal 7","description":"Somos Televisi\u00f3n","publisher":{"@id":"https:\/\/canal7slp.tv\/2022\/#organization"},"potentialAction":[{"@type":"SearchAction","target":{"@type":"EntryPoint","urlTemplate":"https:\/\/canal7slp.tv\/2022\/?s={search_term_string}"},"query-input":{"@type":"PropertyValueSpecification","valueRequired":true,"valueName":"search_term_string"}}],"inLanguage":"es"},{"@type":"Organization","@id":"https:\/\/canal7slp.tv\/2022\/#organization","name":"Noticieros Canal 7","url":"https:\/\/canal7slp.tv\/2022\/","logo":{"@type":"ImageObject","inLanguage":"es","@id":"https:\/\/canal7slp.tv\/2022\/#\/schema\/logo\/image\/","url":"https:\/\/canal7slp.tv\/2022\/wp-content\/uploads\/2021\/01\/logo-noticieros@2x.png","contentUrl":"https:\/\/canal7slp.tv\/2022\/wp-content\/uploads\/2021\/01\/logo-noticieros@2x.png","width":1017,"height":268,"caption":"Noticieros Canal 7"},"image":{"@id":"https:\/\/canal7slp.tv\/2022\/#\/schema\/logo\/image\/"},"sameAs":["https:\/\/www.facebook.com\/noticieroscanalsiete","https:\/\/x.com\/NOTICIEROS7","https:\/\/www.instagram.com\/canal7_slp","https:\/\/www.youtube.com\/channel\/UCliiYs-gP3JfJeqdPrNdd5A"]},{"@type":"Person","@id":"https:\/\/canal7slp.tv\/2022\/#\/schema\/person\/429704152a21f5f856ce29aa69a238da","name":"Edici\u00f3n Web","image":{"@type":"ImageObject","inLanguage":"es","@id":"https:\/\/secure.gravatar.com\/avatar\/eee448fc3f7164808013b816ba91ac7e43bbe82a70bebac296f8bc6f0addaa1a?s=96&d=mm&r=g","url":"https:\/\/secure.gravatar.com\/avatar\/eee448fc3f7164808013b816ba91ac7e43bbe82a70bebac296f8bc6f0addaa1a?s=96&d=mm&r=g","contentUrl":"https:\/\/secure.gravatar.com\/avatar\/eee448fc3f7164808013b816ba91ac7e43bbe82a70bebac296f8bc6f0addaa1a?s=96&d=mm&r=g","caption":"Edici\u00f3n Web"},"url":"https:\/\/canal7slp.tv\/2022\/author\/edicionweb\/"}]}},"amp_enabled":true,"_links":{"self":[{"href":"https:\/\/canal7slp.tv\/2022\/wp-json\/wp\/v2\/posts\/65661","targetHints":{"allow":["GET"]}}],"collection":[{"href":"https:\/\/canal7slp.tv\/2022\/wp-json\/wp\/v2\/posts"}],"about":[{"href":"https:\/\/canal7slp.tv\/2022\/wp-json\/wp\/v2\/types\/post"}],"author":[{"embeddable":true,"href":"https:\/\/canal7slp.tv\/2022\/wp-json\/wp\/v2\/users\/2"}],"replies":[{"embeddable":true,"href":"https:\/\/canal7slp.tv\/2022\/wp-json\/wp\/v2\/comments?post=65661"}],"version-history":[{"count":2,"href":"https:\/\/canal7slp.tv\/2022\/wp-json\/wp\/v2\/posts\/65661\/revisions"}],"predecessor-version":[{"id":65680,"href":"https:\/\/canal7slp.tv\/2022\/wp-json\/wp\/v2\/posts\/65661\/revisions\/65680"}],"wp:featuredmedia":[{"embeddable":true,"href":"https:\/\/canal7slp.tv\/2022\/wp-json\/wp\/v2\/media\/65679"}],"wp:attachment":[{"href":"https:\/\/canal7slp.tv\/2022\/wp-json\/wp\/v2\/media?parent=65661"}],"wp:term":[{"taxonomy":"category","embeddable":true,"href":"https:\/\/canal7slp.tv\/2022\/wp-json\/wp\/v2\/categories?post=65661"},{"taxonomy":"post_tag","embeddable":true,"href":"https:\/\/canal7slp.tv\/2022\/wp-json\/wp\/v2\/tags?post=65661"}],"curies":[{"name":"wp","href":"https:\/\/api.w.org\/{rel}","templated":true}]}}