{"id":65637,"date":"2022-07-05T14:49:29","date_gmt":"2022-07-05T20:49:29","guid":{"rendered":"https:\/\/canal7slp.tv\/2022\/?p=65637"},"modified":"2022-07-05T14:49:29","modified_gmt":"2022-07-05T20:49:29","slug":"imss-ha-contratado-mas-de-dos-mil-medicos-especialistas-durante-la-jornada-nacional-de-reclutamiento","status":"publish","type":"post","link":"https:\/\/canal7slp.tv\/2022\/imss-ha-contratado-mas-de-dos-mil-medicos-especialistas-durante-la-jornada-nacional-de-reclutamiento\/","title":{"rendered":"IMSS ha contratado m\u00e1s de dos mil m\u00e9dicos especialistas durante la Jornada Nacional de Reclutamiento"},"content":{"rendered":"<div class=\"\" data-block=\"true\" data-editor=\"brgm7\" data-offset-key=\"bmsmg-0-0\">\n<div class=\"_1mf _1mj\" data-offset-key=\"bmsmg-0-0\">\n<p style=\"text-align: justify;\">M\u00e9xico.- Zo\u00e9 Robledo Aburto, director general del Instituto Mexicano del Seguro Social (IMSS), dio a conocer que ya fueron contratados 2 mil 253 de los 4 mil 491 m\u00e9dicos especialistas acreditados durante la Jornada Nacional de Reclutamiento y Contrataci\u00f3n de M\u00e9dicos Especialistas.<\/p>\n<p style=\"text-align: justify;\">\u00abEntonces lo que se va a hacer en este momento con los 2 mil 241 m\u00e9dicos que ya fueron acreditados es que habr\u00e1 dos rondas m\u00e1s: la segunda ronda ya est\u00e1 en marcha, concluye el 7 de julio, la tercera ronda inicia el pr\u00f3ximo 13 de julio, y una vez concluidas estas dos etapas m\u00e1s la intenci\u00f3n es lograr contratar al mayor n\u00famero de m\u00e9dicos especialistas\u00bb, coment\u00f3.<\/p>\n<p style=\"text-align: justify;\">El funcionario detall\u00f3 que debido al importante rezago en dicho rubro, la convocatoria de especialistas tendr\u00e1 una vigencia permanente, la cual ser abrir\u00e1 el 18 de julio del presente a\u00f1o bajo una nueva modalidad.<\/p>\n<p style=\"text-align: justify;\">\u201cA partir de que un m\u00e9dico pueda acreditar su c\u00e9dula, todos los datos que necesitan y haga de conocimiento su inter\u00e9s por una de las vacantes, entonces \u00e9l ser\u00e1 el primero en tener la oportunidad de seguir el procedimiento hasta su contrataci\u00f3n\u201d, agreg\u00f3.<\/p>\n<\/div>\n<\/div>\n","protected":false},"excerpt":{"rendered":"<p>M\u00e9xico.- Zo\u00e9 Robledo Aburto, director general del Instituto Mexicano del Seguro Social (IMSS), dio a conocer que ya fueron contratados 2 mil 253 de los 4 mil 491 m\u00e9dicos especialistas acreditados durante la Jornada Nacional de Reclutamiento y Contrataci\u00f3n de M\u00e9dicos Especialistas. \u00abEntonces lo que se va a hacer en este momento con los 2 mil 241 m\u00e9dicos que ya fueron acreditados es que habr\u00e1 dos rondas m\u00e1s: la segunda ronda ya est\u00e1 en marcha, concluye el 7 de julio, la tercera ronda inicia el pr\u00f3ximo 13 de julio, y una vez concluidas estas dos etapas m\u00e1s la intenci\u00f3n es [&hellip;]<\/p>\n","protected":false},"author":2,"featured_media":65649,"comment_status":"closed","ping_status":"closed","sticky":false,"template":"","format":"standard","meta":{"footnotes":""},"categories":[46],"tags":[],"class_list":["post-65637","post","type-post","status-publish","format-standard","has-post-thumbnail","hentry","category-nacional","post--single"],"yoast_head":"<!-- This site is optimized with the Yoast SEO plugin v27.5 - https:\/\/yoast.com\/product\/yoast-seo-wordpress\/ -->\n<title>IMSS ha contratado m\u00e1s de dos mil m\u00e9dicos especialistas durante la Jornada Nacional de Reclutamiento - Canal 7 SLP - 2022<\/title>\n<meta name=\"robots\" content=\"index, follow, max-snippet:-1, max-image-preview:large, max-video-preview:-1\" \/>\n<link rel=\"canonical\" href=\"https:\/\/canal7slp.tv\/2022\/imss-ha-contratado-mas-de-dos-mil-medicos-especialistas-durante-la-jornada-nacional-de-reclutamiento\/\" \/>\n<meta property=\"og:locale\" content=\"es_ES\" \/>\n<meta property=\"og:type\" content=\"article\" \/>\n<meta property=\"og:title\" content=\"IMSS ha contratado m\u00e1s de dos mil m\u00e9dicos especialistas durante la Jornada Nacional de Reclutamiento - Canal 7 SLP - 2022\" \/>\n<meta property=\"og:description\" content=\"M\u00e9xico.- Zo\u00e9 Robledo Aburto, director general del Instituto Mexicano del Seguro Social (IMSS), dio a conocer que ya fueron contratados 2 mil 253 de los 4 mil 491 m\u00e9dicos especialistas acreditados durante la Jornada Nacional de Reclutamiento y Contrataci\u00f3n de M\u00e9dicos Especialistas. \u00abEntonces lo que se va a hacer en este momento con los 2 mil 241 m\u00e9dicos que ya fueron acreditados es que habr\u00e1 dos rondas m\u00e1s: la segunda ronda ya est\u00e1 en marcha, concluye el 7 de julio, la tercera ronda inicia el pr\u00f3ximo 13 de julio, y una vez concluidas estas dos etapas m\u00e1s la intenci\u00f3n es [&hellip;]\" \/>\n<meta property=\"og:url\" content=\"https:\/\/canal7slp.tv\/2022\/imss-ha-contratado-mas-de-dos-mil-medicos-especialistas-durante-la-jornada-nacional-de-reclutamiento\/\" \/>\n<meta property=\"og:site_name\" content=\"Canal 7 SLP - 2022\" \/>\n<meta property=\"article:publisher\" content=\"https:\/\/www.facebook.com\/noticieroscanalsiete\" \/>\n<meta property=\"article:published_time\" content=\"2022-07-05T20:49:29+00:00\" \/>\n<meta property=\"og:image\" content=\"https:\/\/canal7slp.tv\/2022\/wp-content\/uploads\/2022\/07\/01-4.jpg\" \/>\n\t<meta property=\"og:image:width\" content=\"608\" \/>\n\t<meta property=\"og:image:height\" content=\"342\" \/>\n\t<meta property=\"og:image:type\" content=\"image\/jpeg\" \/>\n<meta name=\"author\" content=\"Edici\u00f3n Web\" \/>\n<meta name=\"twitter:card\" content=\"summary_large_image\" \/>\n<meta name=\"twitter:creator\" content=\"@NOTICIEROS7\" \/>\n<meta name=\"twitter:site\" content=\"@NOTICIEROS7\" \/>\n<meta name=\"twitter:label1\" content=\"Escrito por\" \/>\n\t<meta name=\"twitter:data1\" content=\"Edici\u00f3n Web\" \/>\n\t<meta name=\"twitter:label2\" content=\"Tiempo de lectura\" \/>\n\t<meta name=\"twitter:data2\" content=\"1 minuto\" \/>\n<script type=\"application\/ld+json\" class=\"yoast-schema-graph\">{\"@context\":\"https:\\\/\\\/schema.org\",\"@graph\":[{\"@type\":\"Article\",\"@id\":\"https:\\\/\\\/canal7slp.tv\\\/2022\\\/imss-ha-contratado-mas-de-dos-mil-medicos-especialistas-durante-la-jornada-nacional-de-reclutamiento\\\/#article\",\"isPartOf\":{\"@id\":\"https:\\\/\\\/canal7slp.tv\\\/2022\\\/imss-ha-contratado-mas-de-dos-mil-medicos-especialistas-durante-la-jornada-nacional-de-reclutamiento\\\/\"},\"author\":{\"name\":\"Edici\u00f3n Web\",\"@id\":\"https:\\\/\\\/canal7slp.tv\\\/2022\\\/#\\\/schema\\\/person\\\/429704152a21f5f856ce29aa69a238da\"},\"headline\":\"IMSS ha contratado m\u00e1s de dos mil m\u00e9dicos especialistas durante la Jornada Nacional de Reclutamiento\",\"datePublished\":\"2022-07-05T20:49:29+00:00\",\"mainEntityOfPage\":{\"@id\":\"https:\\\/\\\/canal7slp.tv\\\/2022\\\/imss-ha-contratado-mas-de-dos-mil-medicos-especialistas-durante-la-jornada-nacional-de-reclutamiento\\\/\"},\"wordCount\":211,\"publisher\":{\"@id\":\"https:\\\/\\\/canal7slp.tv\\\/2022\\\/#organization\"},\"image\":{\"@id\":\"https:\\\/\\\/canal7slp.tv\\\/2022\\\/imss-ha-contratado-mas-de-dos-mil-medicos-especialistas-durante-la-jornada-nacional-de-reclutamiento\\\/#primaryimage\"},\"thumbnailUrl\":\"https:\\\/\\\/canal7slp.tv\\\/2022\\\/wp-content\\\/uploads\\\/2022\\\/07\\\/01-4.jpg\",\"articleSection\":[\"NACIONALES\"],\"inLanguage\":\"es\"},{\"@type\":\"WebPage\",\"@id\":\"https:\\\/\\\/canal7slp.tv\\\/2022\\\/imss-ha-contratado-mas-de-dos-mil-medicos-especialistas-durante-la-jornada-nacional-de-reclutamiento\\\/\",\"url\":\"https:\\\/\\\/canal7slp.tv\\\/2022\\\/imss-ha-contratado-mas-de-dos-mil-medicos-especialistas-durante-la-jornada-nacional-de-reclutamiento\\\/\",\"name\":\"IMSS ha contratado m\u00e1s de dos mil m\u00e9dicos especialistas durante la Jornada Nacional de Reclutamiento - Canal 7 SLP - 2022\",\"isPartOf\":{\"@id\":\"https:\\\/\\\/canal7slp.tv\\\/2022\\\/#website\"},\"primaryImageOfPage\":{\"@id\":\"https:\\\/\\\/canal7slp.tv\\\/2022\\\/imss-ha-contratado-mas-de-dos-mil-medicos-especialistas-durante-la-jornada-nacional-de-reclutamiento\\\/#primaryimage\"},\"image\":{\"@id\":\"https:\\\/\\\/canal7slp.tv\\\/2022\\\/imss-ha-contratado-mas-de-dos-mil-medicos-especialistas-durante-la-jornada-nacional-de-reclutamiento\\\/#primaryimage\"},\"thumbnailUrl\":\"https:\\\/\\\/canal7slp.tv\\\/2022\\\/wp-content\\\/uploads\\\/2022\\\/07\\\/01-4.jpg\",\"datePublished\":\"2022-07-05T20:49:29+00:00\",\"breadcrumb\":{\"@id\":\"https:\\\/\\\/canal7slp.tv\\\/2022\\\/imss-ha-contratado-mas-de-dos-mil-medicos-especialistas-durante-la-jornada-nacional-de-reclutamiento\\\/#breadcrumb\"},\"inLanguage\":\"es\",\"potentialAction\":[{\"@type\":\"ReadAction\",\"target\":[\"https:\\\/\\\/canal7slp.tv\\\/2022\\\/imss-ha-contratado-mas-de-dos-mil-medicos-especialistas-durante-la-jornada-nacional-de-reclutamiento\\\/\"]}]},{\"@type\":\"ImageObject\",\"inLanguage\":\"es\",\"@id\":\"https:\\\/\\\/canal7slp.tv\\\/2022\\\/imss-ha-contratado-mas-de-dos-mil-medicos-especialistas-durante-la-jornada-nacional-de-reclutamiento\\\/#primaryimage\",\"url\":\"https:\\\/\\\/canal7slp.tv\\\/2022\\\/wp-content\\\/uploads\\\/2022\\\/07\\\/01-4.jpg\",\"contentUrl\":\"https:\\\/\\\/canal7slp.tv\\\/2022\\\/wp-content\\\/uploads\\\/2022\\\/07\\\/01-4.jpg\",\"width\":608,\"height\":342},{\"@type\":\"BreadcrumbList\",\"@id\":\"https:\\\/\\\/canal7slp.tv\\\/2022\\\/imss-ha-contratado-mas-de-dos-mil-medicos-especialistas-durante-la-jornada-nacional-de-reclutamiento\\\/#breadcrumb\",\"itemListElement\":[{\"@type\":\"ListItem\",\"position\":1,\"name\":\"Portada\",\"item\":\"https:\\\/\\\/canal7slp.tv\\\/2022\\\/\"},{\"@type\":\"ListItem\",\"position\":2,\"name\":\"IMSS ha contratado m\u00e1s de dos mil m\u00e9dicos especialistas durante la Jornada Nacional de Reclutamiento\"}]},{\"@type\":\"WebSite\",\"@id\":\"https:\\\/\\\/canal7slp.tv\\\/2022\\\/#website\",\"url\":\"https:\\\/\\\/canal7slp.tv\\\/2022\\\/\",\"name\":\"N7 - Noticieros Canal 7\",\"description\":\"Somos Televisi\u00f3n\",\"publisher\":{\"@id\":\"https:\\\/\\\/canal7slp.tv\\\/2022\\\/#organization\"},\"potentialAction\":[{\"@type\":\"SearchAction\",\"target\":{\"@type\":\"EntryPoint\",\"urlTemplate\":\"https:\\\/\\\/canal7slp.tv\\\/2022\\\/?s={search_term_string}\"},\"query-input\":{\"@type\":\"PropertyValueSpecification\",\"valueRequired\":true,\"valueName\":\"search_term_string\"}}],\"inLanguage\":\"es\"},{\"@type\":\"Organization\",\"@id\":\"https:\\\/\\\/canal7slp.tv\\\/2022\\\/#organization\",\"name\":\"Noticieros Canal 7\",\"url\":\"https:\\\/\\\/canal7slp.tv\\\/2022\\\/\",\"logo\":{\"@type\":\"ImageObject\",\"inLanguage\":\"es\",\"@id\":\"https:\\\/\\\/canal7slp.tv\\\/2022\\\/#\\\/schema\\\/logo\\\/image\\\/\",\"url\":\"https:\\\/\\\/canal7slp.tv\\\/2022\\\/wp-content\\\/uploads\\\/2021\\\/01\\\/logo-noticieros@2x.png\",\"contentUrl\":\"https:\\\/\\\/canal7slp.tv\\\/2022\\\/wp-content\\\/uploads\\\/2021\\\/01\\\/logo-noticieros@2x.png\",\"width\":1017,\"height\":268,\"caption\":\"Noticieros Canal 7\"},\"image\":{\"@id\":\"https:\\\/\\\/canal7slp.tv\\\/2022\\\/#\\\/schema\\\/logo\\\/image\\\/\"},\"sameAs\":[\"https:\\\/\\\/www.facebook.com\\\/noticieroscanalsiete\",\"https:\\\/\\\/x.com\\\/NOTICIEROS7\",\"https:\\\/\\\/www.instagram.com\\\/canal7_slp\",\"https:\\\/\\\/www.youtube.com\\\/channel\\\/UCliiYs-gP3JfJeqdPrNdd5A\"]},{\"@type\":\"Person\",\"@id\":\"https:\\\/\\\/canal7slp.tv\\\/2022\\\/#\\\/schema\\\/person\\\/429704152a21f5f856ce29aa69a238da\",\"name\":\"Edici\u00f3n Web\",\"image\":{\"@type\":\"ImageObject\",\"inLanguage\":\"es\",\"@id\":\"https:\\\/\\\/secure.gravatar.com\\\/avatar\\\/eee448fc3f7164808013b816ba91ac7e43bbe82a70bebac296f8bc6f0addaa1a?s=96&d=mm&r=g\",\"url\":\"https:\\\/\\\/secure.gravatar.com\\\/avatar\\\/eee448fc3f7164808013b816ba91ac7e43bbe82a70bebac296f8bc6f0addaa1a?s=96&d=mm&r=g\",\"contentUrl\":\"https:\\\/\\\/secure.gravatar.com\\\/avatar\\\/eee448fc3f7164808013b816ba91ac7e43bbe82a70bebac296f8bc6f0addaa1a?s=96&d=mm&r=g\",\"caption\":\"Edici\u00f3n Web\"},\"url\":\"https:\\\/\\\/canal7slp.tv\\\/2022\\\/author\\\/edicionweb\\\/\"}]}<\/script>\n<!-- \/ Yoast SEO plugin. -->","yoast_head_json":{"title":"IMSS ha contratado m\u00e1s de dos mil m\u00e9dicos especialistas durante la Jornada Nacional de Reclutamiento - Canal 7 SLP - 2022","robots":{"index":"index","follow":"follow","max-snippet":"max-snippet:-1","max-image-preview":"max-image-preview:large","max-video-preview":"max-video-preview:-1"},"canonical":"https:\/\/canal7slp.tv\/2022\/imss-ha-contratado-mas-de-dos-mil-medicos-especialistas-durante-la-jornada-nacional-de-reclutamiento\/","og_locale":"es_ES","og_type":"article","og_title":"IMSS ha contratado m\u00e1s de dos mil m\u00e9dicos especialistas durante la Jornada Nacional de Reclutamiento - Canal 7 SLP - 2022","og_description":"M\u00e9xico.- Zo\u00e9 Robledo Aburto, director general del Instituto Mexicano del Seguro Social (IMSS), dio a conocer que ya fueron contratados 2 mil 253 de los 4 mil 491 m\u00e9dicos especialistas acreditados durante la Jornada Nacional de Reclutamiento y Contrataci\u00f3n de M\u00e9dicos Especialistas. \u00abEntonces lo que se va a hacer en este momento con los 2 mil 241 m\u00e9dicos que ya fueron acreditados es que habr\u00e1 dos rondas m\u00e1s: la segunda ronda ya est\u00e1 en marcha, concluye el 7 de julio, la tercera ronda inicia el pr\u00f3ximo 13 de julio, y una vez concluidas estas dos etapas m\u00e1s la intenci\u00f3n es [&hellip;]","og_url":"https:\/\/canal7slp.tv\/2022\/imss-ha-contratado-mas-de-dos-mil-medicos-especialistas-durante-la-jornada-nacional-de-reclutamiento\/","og_site_name":"Canal 7 SLP - 2022","article_publisher":"https:\/\/www.facebook.com\/noticieroscanalsiete","article_published_time":"2022-07-05T20:49:29+00:00","og_image":[{"width":608,"height":342,"url":"https:\/\/canal7slp.tv\/2022\/wp-content\/uploads\/2022\/07\/01-4.jpg","type":"image\/jpeg"}],"author":"Edici\u00f3n Web","twitter_card":"summary_large_image","twitter_creator":"@NOTICIEROS7","twitter_site":"@NOTICIEROS7","twitter_misc":{"Escrito por":"Edici\u00f3n Web","Tiempo de lectura":"1 minuto"},"schema":{"@context":"https:\/\/schema.org","@graph":[{"@type":"Article","@id":"https:\/\/canal7slp.tv\/2022\/imss-ha-contratado-mas-de-dos-mil-medicos-especialistas-durante-la-jornada-nacional-de-reclutamiento\/#article","isPartOf":{"@id":"https:\/\/canal7slp.tv\/2022\/imss-ha-contratado-mas-de-dos-mil-medicos-especialistas-durante-la-jornada-nacional-de-reclutamiento\/"},"author":{"name":"Edici\u00f3n Web","@id":"https:\/\/canal7slp.tv\/2022\/#\/schema\/person\/429704152a21f5f856ce29aa69a238da"},"headline":"IMSS ha contratado m\u00e1s de dos mil m\u00e9dicos especialistas durante la Jornada Nacional de Reclutamiento","datePublished":"2022-07-05T20:49:29+00:00","mainEntityOfPage":{"@id":"https:\/\/canal7slp.tv\/2022\/imss-ha-contratado-mas-de-dos-mil-medicos-especialistas-durante-la-jornada-nacional-de-reclutamiento\/"},"wordCount":211,"publisher":{"@id":"https:\/\/canal7slp.tv\/2022\/#organization"},"image":{"@id":"https:\/\/canal7slp.tv\/2022\/imss-ha-contratado-mas-de-dos-mil-medicos-especialistas-durante-la-jornada-nacional-de-reclutamiento\/#primaryimage"},"thumbnailUrl":"https:\/\/canal7slp.tv\/2022\/wp-content\/uploads\/2022\/07\/01-4.jpg","articleSection":["NACIONALES"],"inLanguage":"es"},{"@type":"WebPage","@id":"https:\/\/canal7slp.tv\/2022\/imss-ha-contratado-mas-de-dos-mil-medicos-especialistas-durante-la-jornada-nacional-de-reclutamiento\/","url":"https:\/\/canal7slp.tv\/2022\/imss-ha-contratado-mas-de-dos-mil-medicos-especialistas-durante-la-jornada-nacional-de-reclutamiento\/","name":"IMSS ha contratado m\u00e1s de dos mil m\u00e9dicos especialistas durante la Jornada Nacional de Reclutamiento - Canal 7 SLP - 2022","isPartOf":{"@id":"https:\/\/canal7slp.tv\/2022\/#website"},"primaryImageOfPage":{"@id":"https:\/\/canal7slp.tv\/2022\/imss-ha-contratado-mas-de-dos-mil-medicos-especialistas-durante-la-jornada-nacional-de-reclutamiento\/#primaryimage"},"image":{"@id":"https:\/\/canal7slp.tv\/2022\/imss-ha-contratado-mas-de-dos-mil-medicos-especialistas-durante-la-jornada-nacional-de-reclutamiento\/#primaryimage"},"thumbnailUrl":"https:\/\/canal7slp.tv\/2022\/wp-content\/uploads\/2022\/07\/01-4.jpg","datePublished":"2022-07-05T20:49:29+00:00","breadcrumb":{"@id":"https:\/\/canal7slp.tv\/2022\/imss-ha-contratado-mas-de-dos-mil-medicos-especialistas-durante-la-jornada-nacional-de-reclutamiento\/#breadcrumb"},"inLanguage":"es","potentialAction":[{"@type":"ReadAction","target":["https:\/\/canal7slp.tv\/2022\/imss-ha-contratado-mas-de-dos-mil-medicos-especialistas-durante-la-jornada-nacional-de-reclutamiento\/"]}]},{"@type":"ImageObject","inLanguage":"es","@id":"https:\/\/canal7slp.tv\/2022\/imss-ha-contratado-mas-de-dos-mil-medicos-especialistas-durante-la-jornada-nacional-de-reclutamiento\/#primaryimage","url":"https:\/\/canal7slp.tv\/2022\/wp-content\/uploads\/2022\/07\/01-4.jpg","contentUrl":"https:\/\/canal7slp.tv\/2022\/wp-content\/uploads\/2022\/07\/01-4.jpg","width":608,"height":342},{"@type":"BreadcrumbList","@id":"https:\/\/canal7slp.tv\/2022\/imss-ha-contratado-mas-de-dos-mil-medicos-especialistas-durante-la-jornada-nacional-de-reclutamiento\/#breadcrumb","itemListElement":[{"@type":"ListItem","position":1,"name":"Portada","item":"https:\/\/canal7slp.tv\/2022\/"},{"@type":"ListItem","position":2,"name":"IMSS ha contratado m\u00e1s de dos mil m\u00e9dicos especialistas durante la Jornada Nacional de Reclutamiento"}]},{"@type":"WebSite","@id":"https:\/\/canal7slp.tv\/2022\/#website","url":"https:\/\/canal7slp.tv\/2022\/","name":"N7 - Noticieros Canal 7","description":"Somos Televisi\u00f3n","publisher":{"@id":"https:\/\/canal7slp.tv\/2022\/#organization"},"potentialAction":[{"@type":"SearchAction","target":{"@type":"EntryPoint","urlTemplate":"https:\/\/canal7slp.tv\/2022\/?s={search_term_string}"},"query-input":{"@type":"PropertyValueSpecification","valueRequired":true,"valueName":"search_term_string"}}],"inLanguage":"es"},{"@type":"Organization","@id":"https:\/\/canal7slp.tv\/2022\/#organization","name":"Noticieros Canal 7","url":"https:\/\/canal7slp.tv\/2022\/","logo":{"@type":"ImageObject","inLanguage":"es","@id":"https:\/\/canal7slp.tv\/2022\/#\/schema\/logo\/image\/","url":"https:\/\/canal7slp.tv\/2022\/wp-content\/uploads\/2021\/01\/logo-noticieros@2x.png","contentUrl":"https:\/\/canal7slp.tv\/2022\/wp-content\/uploads\/2021\/01\/logo-noticieros@2x.png","width":1017,"height":268,"caption":"Noticieros Canal 7"},"image":{"@id":"https:\/\/canal7slp.tv\/2022\/#\/schema\/logo\/image\/"},"sameAs":["https:\/\/www.facebook.com\/noticieroscanalsiete","https:\/\/x.com\/NOTICIEROS7","https:\/\/www.instagram.com\/canal7_slp","https:\/\/www.youtube.com\/channel\/UCliiYs-gP3JfJeqdPrNdd5A"]},{"@type":"Person","@id":"https:\/\/canal7slp.tv\/2022\/#\/schema\/person\/429704152a21f5f856ce29aa69a238da","name":"Edici\u00f3n Web","image":{"@type":"ImageObject","inLanguage":"es","@id":"https:\/\/secure.gravatar.com\/avatar\/eee448fc3f7164808013b816ba91ac7e43bbe82a70bebac296f8bc6f0addaa1a?s=96&d=mm&r=g","url":"https:\/\/secure.gravatar.com\/avatar\/eee448fc3f7164808013b816ba91ac7e43bbe82a70bebac296f8bc6f0addaa1a?s=96&d=mm&r=g","contentUrl":"https:\/\/secure.gravatar.com\/avatar\/eee448fc3f7164808013b816ba91ac7e43bbe82a70bebac296f8bc6f0addaa1a?s=96&d=mm&r=g","caption":"Edici\u00f3n Web"},"url":"https:\/\/canal7slp.tv\/2022\/author\/edicionweb\/"}]}},"amp_enabled":true,"_links":{"self":[{"href":"https:\/\/canal7slp.tv\/2022\/wp-json\/wp\/v2\/posts\/65637","targetHints":{"allow":["GET"]}}],"collection":[{"href":"https:\/\/canal7slp.tv\/2022\/wp-json\/wp\/v2\/posts"}],"about":[{"href":"https:\/\/canal7slp.tv\/2022\/wp-json\/wp\/v2\/types\/post"}],"author":[{"embeddable":true,"href":"https:\/\/canal7slp.tv\/2022\/wp-json\/wp\/v2\/users\/2"}],"replies":[{"embeddable":true,"href":"https:\/\/canal7slp.tv\/2022\/wp-json\/wp\/v2\/comments?post=65637"}],"version-history":[{"count":2,"href":"https:\/\/canal7slp.tv\/2022\/wp-json\/wp\/v2\/posts\/65637\/revisions"}],"predecessor-version":[{"id":65655,"href":"https:\/\/canal7slp.tv\/2022\/wp-json\/wp\/v2\/posts\/65637\/revisions\/65655"}],"wp:featuredmedia":[{"embeddable":true,"href":"https:\/\/canal7slp.tv\/2022\/wp-json\/wp\/v2\/media\/65649"}],"wp:attachment":[{"href":"https:\/\/canal7slp.tv\/2022\/wp-json\/wp\/v2\/media?parent=65637"}],"wp:term":[{"taxonomy":"category","embeddable":true,"href":"https:\/\/canal7slp.tv\/2022\/wp-json\/wp\/v2\/categories?post=65637"},{"taxonomy":"post_tag","embeddable":true,"href":"https:\/\/canal7slp.tv\/2022\/wp-json\/wp\/v2\/tags?post=65637"}],"curies":[{"name":"wp","href":"https:\/\/api.w.org\/{rel}","templated":true}]}}