{"id":65315,"date":"2022-07-01T17:41:57","date_gmt":"2022-07-01T23:41:57","guid":{"rendered":"https:\/\/canal7slp.tv\/2022\/?p=65315"},"modified":"2022-07-01T17:41:57","modified_gmt":"2022-07-01T23:41:57","slug":"se-espera-que-mas-de-55-mil-alumnos-de-nivel-basico-se-vacunen-contra-el-covid-19-en-sgs","status":"publish","type":"post","link":"https:\/\/canal7slp.tv\/2022\/se-espera-que-mas-de-55-mil-alumnos-de-nivel-basico-se-vacunen-contra-el-covid-19-en-sgs\/","title":{"rendered":"Se espera que m\u00e1s de 55 mil alumnos de nivel b\u00e1sico se vacunen contra el COVID-19 en SGS."},"content":{"rendered":"<p style=\"text-align: justify;\">SGS.- El director de educaci\u00f3n y acci\u00f3n c\u00edvica en el Ayuntamiento de Soledad de Graciano S\u00e1nchez, Jos\u00e9 Juan Castro Castillo, inform\u00f3 que se espera que alrededor de 55 mil estudiantes de nivel b\u00e1sico en la demarcaci\u00f3n se vacunen contra el virus de la covid-19.<\/p>\n<p style=\"text-align: justify;\">Cabe recordar que este primero de julio inici\u00f3 la primera fase de la jornada de vacunaci\u00f3n contra esta enfermedad para ni\u00f1os de entre 9 y 11 a\u00f1os de edad en la Zona Metropolitana que comprende la capital potosina y el municipio soledense.<\/p>\n<p style=\"text-align: justify;\">\u00abAfortunadamente hay muy buena respuesta de los padres de familia, obviamente esto nos va a garantizar m\u00e1s la situaci\u00f3n de salud de los ni\u00f1os, ni\u00f1as y adolescentes que son los que faltan de vacunar, se invita a los padres de familia que faltan que tengan confianza que acerquen a sus ni\u00f1os a la vacunaci\u00f3n el d\u00eda que les corresponde\u00bb, agreg\u00f3.<\/p>\n<p style=\"text-align: justify;\">El funcionario tambi\u00e9n habl\u00f3 sobre la medida que dict\u00f3 el Gobierno del Estado de adelantar el t\u00e9rmino del ciclo escolar para evitar que el n\u00famero de contagios aumente.<\/p>\n<p style=\"text-align: justify;\">\u00abEl programa de estudios que se tiene vigente nos marcaba terminar los programas en estas fechas, no nos perjudica en ese aspecto, al contrario, es mejor resguardar a nuestros ni\u00f1os y ni\u00f1as para que en el pr\u00f3ximo ciclo escolar puedan regresar sin ning\u00fan problema y empecemos de una manera presencial\u00bb, dijo.<\/p>\n<p style=\"text-align: justify;\">Aunado a ello, mencion\u00f3 que las instalaciones educativas estar\u00e1n disponibles para aquel alumnado que tenga un rezago de aprendizaje y as\u00ed poderse regular.<\/p>\n<p style=\"text-align: justify;\">\u00abPuede ser de manera virtual, puede ser a trav\u00e9s de cuadernillos, si se cree prudente y necesario y si son pocos alumnos tambi\u00e9n lo pueden hacer dentro de las instalaciones, aquellos alumnos que tengan y puedan asistir a clases en este periodo, lo podr\u00e1n realizar\u00bb, termin\u00f3.<\/p>\n<p style=\"text-align: justify;\">Por: Jos\u00e9 Luis V\u00e1zquez<\/p>\n","protected":false},"excerpt":{"rendered":"<p>SGS.- El director de educaci\u00f3n y acci\u00f3n c\u00edvica en el Ayuntamiento de Soledad de Graciano S\u00e1nchez, Jos\u00e9 Juan Castro Castillo, inform\u00f3 que se espera que alrededor de 55 mil estudiantes de nivel b\u00e1sico en la demarcaci\u00f3n se vacunen contra el virus de la covid-19. Cabe recordar que este primero de julio inici\u00f3 la primera fase de la jornada de vacunaci\u00f3n contra esta enfermedad para ni\u00f1os de entre 9 y 11 a\u00f1os de edad en la Zona Metropolitana que comprende la capital potosina y el municipio soledense. \u00abAfortunadamente hay muy buena respuesta de los padres de familia, obviamente esto nos va [&hellip;]<\/p>\n","protected":false},"author":2,"featured_media":65340,"comment_status":"closed","ping_status":"closed","sticky":false,"template":"","format":"video","meta":{"footnotes":""},"categories":[512,5,45],"tags":[],"class_list":["post-65315","post","type-post","status-publish","format-video","has-post-thumbnail","hentry","category-ayosgs","category-destacadas","category-localesyregionales","post_format-post-format-video","post--single"],"yoast_head":"<!-- This site is optimized with the Yoast SEO plugin v27.4 - https:\/\/yoast.com\/product\/yoast-seo-wordpress\/ -->\n<title>Se espera que m\u00e1s de 55 mil alumnos de nivel b\u00e1sico se vacunen contra el COVID-19 en SGS. - Canal 7 SLP - 2022<\/title>\n<meta name=\"robots\" content=\"index, follow, max-snippet:-1, max-image-preview:large, max-video-preview:-1\" \/>\n<link rel=\"canonical\" href=\"https:\/\/canal7slp.tv\/2022\/se-espera-que-mas-de-55-mil-alumnos-de-nivel-basico-se-vacunen-contra-el-covid-19-en-sgs\/\" \/>\n<meta property=\"og:locale\" content=\"es_ES\" \/>\n<meta property=\"og:type\" content=\"article\" \/>\n<meta property=\"og:title\" content=\"Se espera que m\u00e1s de 55 mil alumnos de nivel b\u00e1sico se vacunen contra el COVID-19 en SGS. - Canal 7 SLP - 2022\" \/>\n<meta property=\"og:description\" content=\"SGS.- El director de educaci\u00f3n y acci\u00f3n c\u00edvica en el Ayuntamiento de Soledad de Graciano S\u00e1nchez, Jos\u00e9 Juan Castro Castillo, inform\u00f3 que se espera que alrededor de 55 mil estudiantes de nivel b\u00e1sico en la demarcaci\u00f3n se vacunen contra el virus de la covid-19. Cabe recordar que este primero de julio inici\u00f3 la primera fase de la jornada de vacunaci\u00f3n contra esta enfermedad para ni\u00f1os de entre 9 y 11 a\u00f1os de edad en la Zona Metropolitana que comprende la capital potosina y el municipio soledense. \u00abAfortunadamente hay muy buena respuesta de los padres de familia, obviamente esto nos va [&hellip;]\" \/>\n<meta property=\"og:url\" content=\"https:\/\/canal7slp.tv\/2022\/se-espera-que-mas-de-55-mil-alumnos-de-nivel-basico-se-vacunen-contra-el-covid-19-en-sgs\/\" \/>\n<meta property=\"og:site_name\" content=\"Canal 7 SLP - 2022\" \/>\n<meta property=\"article:publisher\" content=\"https:\/\/www.facebook.com\/noticieroscanalsiete\" \/>\n<meta property=\"article:published_time\" content=\"2022-07-01T23:41:57+00:00\" \/>\n<meta property=\"og:image\" content=\"https:\/\/canal7slp.tv\/2022\/wp-content\/uploads\/2022\/07\/Vazquez01ClasesNinies.jpg\" \/>\n\t<meta property=\"og:image:width\" content=\"888\" \/>\n\t<meta property=\"og:image:height\" content=\"500\" \/>\n\t<meta property=\"og:image:type\" content=\"image\/jpeg\" \/>\n<meta name=\"author\" content=\"Edici\u00f3n Web\" \/>\n<meta name=\"twitter:card\" content=\"summary_large_image\" \/>\n<meta name=\"twitter:creator\" content=\"@NOTICIEROS7\" \/>\n<meta name=\"twitter:site\" content=\"@NOTICIEROS7\" \/>\n<meta name=\"twitter:label1\" content=\"Escrito por\" \/>\n\t<meta name=\"twitter:data1\" content=\"Edici\u00f3n Web\" \/>\n\t<meta name=\"twitter:label2\" content=\"Tiempo de lectura\" \/>\n\t<meta name=\"twitter:data2\" content=\"2 minutos\" \/>\n<script type=\"application\/ld+json\" class=\"yoast-schema-graph\">{\"@context\":\"https:\\\/\\\/schema.org\",\"@graph\":[{\"@type\":\"Article\",\"@id\":\"https:\\\/\\\/canal7slp.tv\\\/2022\\\/se-espera-que-mas-de-55-mil-alumnos-de-nivel-basico-se-vacunen-contra-el-covid-19-en-sgs\\\/#article\",\"isPartOf\":{\"@id\":\"https:\\\/\\\/canal7slp.tv\\\/2022\\\/se-espera-que-mas-de-55-mil-alumnos-de-nivel-basico-se-vacunen-contra-el-covid-19-en-sgs\\\/\"},\"author\":{\"name\":\"Edici\u00f3n Web\",\"@id\":\"https:\\\/\\\/canal7slp.tv\\\/2022\\\/#\\\/schema\\\/person\\\/429704152a21f5f856ce29aa69a238da\"},\"headline\":\"Se espera que m\u00e1s de 55 mil alumnos de nivel b\u00e1sico se vacunen contra el COVID-19 en SGS.\",\"datePublished\":\"2022-07-01T23:41:57+00:00\",\"mainEntityOfPage\":{\"@id\":\"https:\\\/\\\/canal7slp.tv\\\/2022\\\/se-espera-que-mas-de-55-mil-alumnos-de-nivel-basico-se-vacunen-contra-el-covid-19-en-sgs\\\/\"},\"wordCount\":343,\"publisher\":{\"@id\":\"https:\\\/\\\/canal7slp.tv\\\/2022\\\/#organization\"},\"image\":{\"@id\":\"https:\\\/\\\/canal7slp.tv\\\/2022\\\/se-espera-que-mas-de-55-mil-alumnos-de-nivel-basico-se-vacunen-contra-el-covid-19-en-sgs\\\/#primaryimage\"},\"thumbnailUrl\":\"https:\\\/\\\/canal7slp.tv\\\/2022\\\/wp-content\\\/uploads\\\/2022\\\/07\\\/Vazquez01ClasesNinies.jpg\",\"articleSection\":[\"AYOSGS\",\"DESTACADAS\",\"LOCALES Y REGIONALES\"],\"inLanguage\":\"es\"},{\"@type\":\"WebPage\",\"@id\":\"https:\\\/\\\/canal7slp.tv\\\/2022\\\/se-espera-que-mas-de-55-mil-alumnos-de-nivel-basico-se-vacunen-contra-el-covid-19-en-sgs\\\/\",\"url\":\"https:\\\/\\\/canal7slp.tv\\\/2022\\\/se-espera-que-mas-de-55-mil-alumnos-de-nivel-basico-se-vacunen-contra-el-covid-19-en-sgs\\\/\",\"name\":\"Se espera que m\u00e1s de 55 mil alumnos de nivel b\u00e1sico se vacunen contra el COVID-19 en SGS. - Canal 7 SLP - 2022\",\"isPartOf\":{\"@id\":\"https:\\\/\\\/canal7slp.tv\\\/2022\\\/#website\"},\"primaryImageOfPage\":{\"@id\":\"https:\\\/\\\/canal7slp.tv\\\/2022\\\/se-espera-que-mas-de-55-mil-alumnos-de-nivel-basico-se-vacunen-contra-el-covid-19-en-sgs\\\/#primaryimage\"},\"image\":{\"@id\":\"https:\\\/\\\/canal7slp.tv\\\/2022\\\/se-espera-que-mas-de-55-mil-alumnos-de-nivel-basico-se-vacunen-contra-el-covid-19-en-sgs\\\/#primaryimage\"},\"thumbnailUrl\":\"https:\\\/\\\/canal7slp.tv\\\/2022\\\/wp-content\\\/uploads\\\/2022\\\/07\\\/Vazquez01ClasesNinies.jpg\",\"datePublished\":\"2022-07-01T23:41:57+00:00\",\"breadcrumb\":{\"@id\":\"https:\\\/\\\/canal7slp.tv\\\/2022\\\/se-espera-que-mas-de-55-mil-alumnos-de-nivel-basico-se-vacunen-contra-el-covid-19-en-sgs\\\/#breadcrumb\"},\"inLanguage\":\"es\",\"potentialAction\":[{\"@type\":\"ReadAction\",\"target\":[\"https:\\\/\\\/canal7slp.tv\\\/2022\\\/se-espera-que-mas-de-55-mil-alumnos-de-nivel-basico-se-vacunen-contra-el-covid-19-en-sgs\\\/\"]}]},{\"@type\":\"ImageObject\",\"inLanguage\":\"es\",\"@id\":\"https:\\\/\\\/canal7slp.tv\\\/2022\\\/se-espera-que-mas-de-55-mil-alumnos-de-nivel-basico-se-vacunen-contra-el-covid-19-en-sgs\\\/#primaryimage\",\"url\":\"https:\\\/\\\/canal7slp.tv\\\/2022\\\/wp-content\\\/uploads\\\/2022\\\/07\\\/Vazquez01ClasesNinies.jpg\",\"contentUrl\":\"https:\\\/\\\/canal7slp.tv\\\/2022\\\/wp-content\\\/uploads\\\/2022\\\/07\\\/Vazquez01ClasesNinies.jpg\",\"width\":888,\"height\":500},{\"@type\":\"BreadcrumbList\",\"@id\":\"https:\\\/\\\/canal7slp.tv\\\/2022\\\/se-espera-que-mas-de-55-mil-alumnos-de-nivel-basico-se-vacunen-contra-el-covid-19-en-sgs\\\/#breadcrumb\",\"itemListElement\":[{\"@type\":\"ListItem\",\"position\":1,\"name\":\"Portada\",\"item\":\"https:\\\/\\\/canal7slp.tv\\\/2022\\\/\"},{\"@type\":\"ListItem\",\"position\":2,\"name\":\"Se espera que m\u00e1s de 55 mil alumnos de nivel b\u00e1sico se vacunen contra el COVID-19 en SGS.\"}]},{\"@type\":\"WebSite\",\"@id\":\"https:\\\/\\\/canal7slp.tv\\\/2022\\\/#website\",\"url\":\"https:\\\/\\\/canal7slp.tv\\\/2022\\\/\",\"name\":\"N7 - Noticieros Canal 7\",\"description\":\"Somos Televisi\u00f3n\",\"publisher\":{\"@id\":\"https:\\\/\\\/canal7slp.tv\\\/2022\\\/#organization\"},\"potentialAction\":[{\"@type\":\"SearchAction\",\"target\":{\"@type\":\"EntryPoint\",\"urlTemplate\":\"https:\\\/\\\/canal7slp.tv\\\/2022\\\/?s={search_term_string}\"},\"query-input\":{\"@type\":\"PropertyValueSpecification\",\"valueRequired\":true,\"valueName\":\"search_term_string\"}}],\"inLanguage\":\"es\"},{\"@type\":\"Organization\",\"@id\":\"https:\\\/\\\/canal7slp.tv\\\/2022\\\/#organization\",\"name\":\"Noticieros Canal 7\",\"url\":\"https:\\\/\\\/canal7slp.tv\\\/2022\\\/\",\"logo\":{\"@type\":\"ImageObject\",\"inLanguage\":\"es\",\"@id\":\"https:\\\/\\\/canal7slp.tv\\\/2022\\\/#\\\/schema\\\/logo\\\/image\\\/\",\"url\":\"https:\\\/\\\/canal7slp.tv\\\/2022\\\/wp-content\\\/uploads\\\/2021\\\/01\\\/logo-noticieros@2x.png\",\"contentUrl\":\"https:\\\/\\\/canal7slp.tv\\\/2022\\\/wp-content\\\/uploads\\\/2021\\\/01\\\/logo-noticieros@2x.png\",\"width\":1017,\"height\":268,\"caption\":\"Noticieros Canal 7\"},\"image\":{\"@id\":\"https:\\\/\\\/canal7slp.tv\\\/2022\\\/#\\\/schema\\\/logo\\\/image\\\/\"},\"sameAs\":[\"https:\\\/\\\/www.facebook.com\\\/noticieroscanalsiete\",\"https:\\\/\\\/x.com\\\/NOTICIEROS7\",\"https:\\\/\\\/www.instagram.com\\\/canal7_slp\",\"https:\\\/\\\/www.youtube.com\\\/channel\\\/UCliiYs-gP3JfJeqdPrNdd5A\"]},{\"@type\":\"Person\",\"@id\":\"https:\\\/\\\/canal7slp.tv\\\/2022\\\/#\\\/schema\\\/person\\\/429704152a21f5f856ce29aa69a238da\",\"name\":\"Edici\u00f3n Web\",\"image\":{\"@type\":\"ImageObject\",\"inLanguage\":\"es\",\"@id\":\"https:\\\/\\\/secure.gravatar.com\\\/avatar\\\/eee448fc3f7164808013b816ba91ac7e43bbe82a70bebac296f8bc6f0addaa1a?s=96&d=mm&r=g\",\"url\":\"https:\\\/\\\/secure.gravatar.com\\\/avatar\\\/eee448fc3f7164808013b816ba91ac7e43bbe82a70bebac296f8bc6f0addaa1a?s=96&d=mm&r=g\",\"contentUrl\":\"https:\\\/\\\/secure.gravatar.com\\\/avatar\\\/eee448fc3f7164808013b816ba91ac7e43bbe82a70bebac296f8bc6f0addaa1a?s=96&d=mm&r=g\",\"caption\":\"Edici\u00f3n Web\"},\"url\":\"https:\\\/\\\/canal7slp.tv\\\/2022\\\/author\\\/edicionweb\\\/\"}]}<\/script>\n<!-- \/ Yoast SEO plugin. -->","yoast_head_json":{"title":"Se espera que m\u00e1s de 55 mil alumnos de nivel b\u00e1sico se vacunen contra el COVID-19 en SGS. - Canal 7 SLP - 2022","robots":{"index":"index","follow":"follow","max-snippet":"max-snippet:-1","max-image-preview":"max-image-preview:large","max-video-preview":"max-video-preview:-1"},"canonical":"https:\/\/canal7slp.tv\/2022\/se-espera-que-mas-de-55-mil-alumnos-de-nivel-basico-se-vacunen-contra-el-covid-19-en-sgs\/","og_locale":"es_ES","og_type":"article","og_title":"Se espera que m\u00e1s de 55 mil alumnos de nivel b\u00e1sico se vacunen contra el COVID-19 en SGS. - Canal 7 SLP - 2022","og_description":"SGS.- El director de educaci\u00f3n y acci\u00f3n c\u00edvica en el Ayuntamiento de Soledad de Graciano S\u00e1nchez, Jos\u00e9 Juan Castro Castillo, inform\u00f3 que se espera que alrededor de 55 mil estudiantes de nivel b\u00e1sico en la demarcaci\u00f3n se vacunen contra el virus de la covid-19. Cabe recordar que este primero de julio inici\u00f3 la primera fase de la jornada de vacunaci\u00f3n contra esta enfermedad para ni\u00f1os de entre 9 y 11 a\u00f1os de edad en la Zona Metropolitana que comprende la capital potosina y el municipio soledense. \u00abAfortunadamente hay muy buena respuesta de los padres de familia, obviamente esto nos va [&hellip;]","og_url":"https:\/\/canal7slp.tv\/2022\/se-espera-que-mas-de-55-mil-alumnos-de-nivel-basico-se-vacunen-contra-el-covid-19-en-sgs\/","og_site_name":"Canal 7 SLP - 2022","article_publisher":"https:\/\/www.facebook.com\/noticieroscanalsiete","article_published_time":"2022-07-01T23:41:57+00:00","og_image":[{"width":888,"height":500,"url":"https:\/\/canal7slp.tv\/2022\/wp-content\/uploads\/2022\/07\/Vazquez01ClasesNinies.jpg","type":"image\/jpeg"}],"author":"Edici\u00f3n Web","twitter_card":"summary_large_image","twitter_creator":"@NOTICIEROS7","twitter_site":"@NOTICIEROS7","twitter_misc":{"Escrito por":"Edici\u00f3n Web","Tiempo de lectura":"2 minutos"},"schema":{"@context":"https:\/\/schema.org","@graph":[{"@type":"Article","@id":"https:\/\/canal7slp.tv\/2022\/se-espera-que-mas-de-55-mil-alumnos-de-nivel-basico-se-vacunen-contra-el-covid-19-en-sgs\/#article","isPartOf":{"@id":"https:\/\/canal7slp.tv\/2022\/se-espera-que-mas-de-55-mil-alumnos-de-nivel-basico-se-vacunen-contra-el-covid-19-en-sgs\/"},"author":{"name":"Edici\u00f3n Web","@id":"https:\/\/canal7slp.tv\/2022\/#\/schema\/person\/429704152a21f5f856ce29aa69a238da"},"headline":"Se espera que m\u00e1s de 55 mil alumnos de nivel b\u00e1sico se vacunen contra el COVID-19 en SGS.","datePublished":"2022-07-01T23:41:57+00:00","mainEntityOfPage":{"@id":"https:\/\/canal7slp.tv\/2022\/se-espera-que-mas-de-55-mil-alumnos-de-nivel-basico-se-vacunen-contra-el-covid-19-en-sgs\/"},"wordCount":343,"publisher":{"@id":"https:\/\/canal7slp.tv\/2022\/#organization"},"image":{"@id":"https:\/\/canal7slp.tv\/2022\/se-espera-que-mas-de-55-mil-alumnos-de-nivel-basico-se-vacunen-contra-el-covid-19-en-sgs\/#primaryimage"},"thumbnailUrl":"https:\/\/canal7slp.tv\/2022\/wp-content\/uploads\/2022\/07\/Vazquez01ClasesNinies.jpg","articleSection":["AYOSGS","DESTACADAS","LOCALES Y REGIONALES"],"inLanguage":"es"},{"@type":"WebPage","@id":"https:\/\/canal7slp.tv\/2022\/se-espera-que-mas-de-55-mil-alumnos-de-nivel-basico-se-vacunen-contra-el-covid-19-en-sgs\/","url":"https:\/\/canal7slp.tv\/2022\/se-espera-que-mas-de-55-mil-alumnos-de-nivel-basico-se-vacunen-contra-el-covid-19-en-sgs\/","name":"Se espera que m\u00e1s de 55 mil alumnos de nivel b\u00e1sico se vacunen contra el COVID-19 en SGS. - Canal 7 SLP - 2022","isPartOf":{"@id":"https:\/\/canal7slp.tv\/2022\/#website"},"primaryImageOfPage":{"@id":"https:\/\/canal7slp.tv\/2022\/se-espera-que-mas-de-55-mil-alumnos-de-nivel-basico-se-vacunen-contra-el-covid-19-en-sgs\/#primaryimage"},"image":{"@id":"https:\/\/canal7slp.tv\/2022\/se-espera-que-mas-de-55-mil-alumnos-de-nivel-basico-se-vacunen-contra-el-covid-19-en-sgs\/#primaryimage"},"thumbnailUrl":"https:\/\/canal7slp.tv\/2022\/wp-content\/uploads\/2022\/07\/Vazquez01ClasesNinies.jpg","datePublished":"2022-07-01T23:41:57+00:00","breadcrumb":{"@id":"https:\/\/canal7slp.tv\/2022\/se-espera-que-mas-de-55-mil-alumnos-de-nivel-basico-se-vacunen-contra-el-covid-19-en-sgs\/#breadcrumb"},"inLanguage":"es","potentialAction":[{"@type":"ReadAction","target":["https:\/\/canal7slp.tv\/2022\/se-espera-que-mas-de-55-mil-alumnos-de-nivel-basico-se-vacunen-contra-el-covid-19-en-sgs\/"]}]},{"@type":"ImageObject","inLanguage":"es","@id":"https:\/\/canal7slp.tv\/2022\/se-espera-que-mas-de-55-mil-alumnos-de-nivel-basico-se-vacunen-contra-el-covid-19-en-sgs\/#primaryimage","url":"https:\/\/canal7slp.tv\/2022\/wp-content\/uploads\/2022\/07\/Vazquez01ClasesNinies.jpg","contentUrl":"https:\/\/canal7slp.tv\/2022\/wp-content\/uploads\/2022\/07\/Vazquez01ClasesNinies.jpg","width":888,"height":500},{"@type":"BreadcrumbList","@id":"https:\/\/canal7slp.tv\/2022\/se-espera-que-mas-de-55-mil-alumnos-de-nivel-basico-se-vacunen-contra-el-covid-19-en-sgs\/#breadcrumb","itemListElement":[{"@type":"ListItem","position":1,"name":"Portada","item":"https:\/\/canal7slp.tv\/2022\/"},{"@type":"ListItem","position":2,"name":"Se espera que m\u00e1s de 55 mil alumnos de nivel b\u00e1sico se vacunen contra el COVID-19 en SGS."}]},{"@type":"WebSite","@id":"https:\/\/canal7slp.tv\/2022\/#website","url":"https:\/\/canal7slp.tv\/2022\/","name":"N7 - Noticieros Canal 7","description":"Somos Televisi\u00f3n","publisher":{"@id":"https:\/\/canal7slp.tv\/2022\/#organization"},"potentialAction":[{"@type":"SearchAction","target":{"@type":"EntryPoint","urlTemplate":"https:\/\/canal7slp.tv\/2022\/?s={search_term_string}"},"query-input":{"@type":"PropertyValueSpecification","valueRequired":true,"valueName":"search_term_string"}}],"inLanguage":"es"},{"@type":"Organization","@id":"https:\/\/canal7slp.tv\/2022\/#organization","name":"Noticieros Canal 7","url":"https:\/\/canal7slp.tv\/2022\/","logo":{"@type":"ImageObject","inLanguage":"es","@id":"https:\/\/canal7slp.tv\/2022\/#\/schema\/logo\/image\/","url":"https:\/\/canal7slp.tv\/2022\/wp-content\/uploads\/2021\/01\/logo-noticieros@2x.png","contentUrl":"https:\/\/canal7slp.tv\/2022\/wp-content\/uploads\/2021\/01\/logo-noticieros@2x.png","width":1017,"height":268,"caption":"Noticieros Canal 7"},"image":{"@id":"https:\/\/canal7slp.tv\/2022\/#\/schema\/logo\/image\/"},"sameAs":["https:\/\/www.facebook.com\/noticieroscanalsiete","https:\/\/x.com\/NOTICIEROS7","https:\/\/www.instagram.com\/canal7_slp","https:\/\/www.youtube.com\/channel\/UCliiYs-gP3JfJeqdPrNdd5A"]},{"@type":"Person","@id":"https:\/\/canal7slp.tv\/2022\/#\/schema\/person\/429704152a21f5f856ce29aa69a238da","name":"Edici\u00f3n Web","image":{"@type":"ImageObject","inLanguage":"es","@id":"https:\/\/secure.gravatar.com\/avatar\/eee448fc3f7164808013b816ba91ac7e43bbe82a70bebac296f8bc6f0addaa1a?s=96&d=mm&r=g","url":"https:\/\/secure.gravatar.com\/avatar\/eee448fc3f7164808013b816ba91ac7e43bbe82a70bebac296f8bc6f0addaa1a?s=96&d=mm&r=g","contentUrl":"https:\/\/secure.gravatar.com\/avatar\/eee448fc3f7164808013b816ba91ac7e43bbe82a70bebac296f8bc6f0addaa1a?s=96&d=mm&r=g","caption":"Edici\u00f3n Web"},"url":"https:\/\/canal7slp.tv\/2022\/author\/edicionweb\/"}]}},"amp_enabled":true,"_links":{"self":[{"href":"https:\/\/canal7slp.tv\/2022\/wp-json\/wp\/v2\/posts\/65315","targetHints":{"allow":["GET"]}}],"collection":[{"href":"https:\/\/canal7slp.tv\/2022\/wp-json\/wp\/v2\/posts"}],"about":[{"href":"https:\/\/canal7slp.tv\/2022\/wp-json\/wp\/v2\/types\/post"}],"author":[{"embeddable":true,"href":"https:\/\/canal7slp.tv\/2022\/wp-json\/wp\/v2\/users\/2"}],"replies":[{"embeddable":true,"href":"https:\/\/canal7slp.tv\/2022\/wp-json\/wp\/v2\/comments?post=65315"}],"version-history":[{"count":3,"href":"https:\/\/canal7slp.tv\/2022\/wp-json\/wp\/v2\/posts\/65315\/revisions"}],"predecessor-version":[{"id":65341,"href":"https:\/\/canal7slp.tv\/2022\/wp-json\/wp\/v2\/posts\/65315\/revisions\/65341"}],"wp:featuredmedia":[{"embeddable":true,"href":"https:\/\/canal7slp.tv\/2022\/wp-json\/wp\/v2\/media\/65340"}],"wp:attachment":[{"href":"https:\/\/canal7slp.tv\/2022\/wp-json\/wp\/v2\/media?parent=65315"}],"wp:term":[{"taxonomy":"category","embeddable":true,"href":"https:\/\/canal7slp.tv\/2022\/wp-json\/wp\/v2\/categories?post=65315"},{"taxonomy":"post_tag","embeddable":true,"href":"https:\/\/canal7slp.tv\/2022\/wp-json\/wp\/v2\/tags?post=65315"}],"curies":[{"name":"wp","href":"https:\/\/api.w.org\/{rel}","templated":true}]}}