{"id":65314,"date":"2022-07-01T17:56:31","date_gmt":"2022-07-01T23:56:31","guid":{"rendered":"https:\/\/canal7slp.tv\/2022\/?p=65314"},"modified":"2022-07-01T17:56:31","modified_gmt":"2022-07-01T23:56:31","slug":"ante-miles-de-feligreses-fue-formalizada-la-toma-de-posesion-de-jorge-alberto-cavazos-arizpe-como-arzobispo-de-san-luis-potosi","status":"publish","type":"post","link":"https:\/\/canal7slp.tv\/2022\/ante-miles-de-feligreses-fue-formalizada-la-toma-de-posesion-de-jorge-alberto-cavazos-arizpe-como-arzobispo-de-san-luis-potosi\/","title":{"rendered":"Ante miles de feligreses, fue formalizada la toma de posesi\u00f3n de Jorge Alberto Cavazos Arizpe como Arzobispo de San Luis Potos\u00ed."},"content":{"rendered":"<ul>\n<li>La misa estuvo a cargo del cardenal de Guadalajara, Jos\u00e9 Francisco Robles Ortega.<\/li>\n<\/ul>\n<p style=\"text-align: justify;\">SLP.- Este viernes, se llev\u00f3 a cabo la misa de nombramiento del cuarto arzobispo metropolitano de San Luis Potos\u00ed, Monse\u00f1or Jorge Alberto Cavazos Arizpe.<\/p>\n<p style=\"text-align: justify;\">La celebraci\u00f3n se llev\u00f3 a cabo en las inmediaciones del Centro de Convenciones donde se dieron cita m\u00e1s de mil 800 fieles de la Iglesia cat\u00f3lica y arzobispos provenientes de todo el pa\u00eds<\/p>\n<p style=\"text-align: justify;\">El evento inici\u00f3 con palabras del arzobispo em\u00e9rito, Jes\u00fas Carlos Cabrero Romero, quien agradeci\u00f3 su paso al frente de le iglesia potosina y destac\u00f3 las experiencias de su vida religiosa.<\/p>\n<p style=\"text-align: justify;\">\u00abMe permito decir c\u00f3mo le pagar\u00e9 al Se\u00f1or todo el bien que me ha hecho, no tengo c\u00f3mo hacerlo y solo le presento a \u00e9l y a ti c\u00f3mo nuestro pastor mi vida y mi servicio en este ministerio, el que t\u00fa desde tu bondad me puedas conceder; conf\u00edo en que me se\u00f1alar\u00e1s en el camino para apoyarte para que sientas y experimentes el amor fraterno y solidario y as\u00ed un d\u00eda tu servidor pueda llegar a la casa del padre\u00bb, agreg\u00f3.<\/p>\n<p style=\"text-align: justify;\">Posteriormente, se dirigi\u00f3 al nuevo Arzobispo de San Luis Potos\u00ed para entregarle oficialmente esta provincia eclesi\u00e1stica<\/p>\n<p style=\"text-align: justify;\">\u00abTe entrego est\u00e1 arquidi\u00f3cesis tan amada con la satisfacci\u00f3n del siervo que ha dado lo mejor de s\u00ed, pero que he recibido m\u00e1s a cambio porque he recibido siempre cari\u00f1o, comprensi\u00f3n y perd\u00f3n el amor misericordioso de Dios, el amparo de nuestra madre sant\u00edsima nuestra se\u00f1ora de la expectaci\u00f3n y el apoyo y el cari\u00f1o de tu pueblo santo lo vas a experimentar igualmente, el de mis hermanos sacerdotes, di\u00e1conos, religiosos religiosas y nuestros muy queridos laicos\u00bb, apunt\u00f3.<\/p>\n<p style=\"text-align: justify;\">Seguido de ello, Cavazos Arizpe hizo uso de la voz para hablar sobre su llegada a San Luis Potos\u00ed y el objetivo principal que se tiene en la mira del catolicismo.<\/p>\n<p style=\"text-align: justify;\">\u00abEsta es la encomienda, esta es la misi\u00f3n: el evangelio, la alegr\u00eda del evangelio es la misi\u00f3n y as\u00ed mismo la alegr\u00eda del obispo, llevar el evangelio a todos sin excepci\u00f3n: a los alejados, a los que no piensan como nosotros en algunos aspectos, pero estamos unidos, estamos unidos en la misma comunidad en la misma sociedad y tenemos que tener lazos de hermandad\u00bb, sentenci\u00f3.<\/p>\n<p style=\"text-align: justify;\">El eclesi\u00e1stico continu\u00f3 con su mensaje al resaltar las cualidades que ha percibido de la sociedad potosina.<\/p>\n<p style=\"text-align: justify;\">\u00abQueridos hermanos de San Luis Potos\u00ed, sus carismas me han alegrado, su amabilidad y su sencillez, me enamoro cada vez m\u00e1s del coraz\u00f3n del potosino y quiero ser como ustedes, un hermano que sabe entrarle a los trabajos, que sabe estar con todos, que sabe servir, que sabe cansarse, que sabe tener fe en medio de tantas realidades, algunas dif\u00edciles, pero que tambi\u00e9n como ustedes saber tener esperanza; as\u00ed queridos hermanos estoy entre ustedes como su hermano y como su amigo, les pido que as\u00ed me reciban y le pido a Dios as\u00ed siempre los trate, que el evangelio, el reino de Cristo est\u00e9 siempre entre nosotros\u00bb, finaliz\u00f3.<\/p>\n<p style=\"text-align: justify;\">Por: Jos\u00e9 Luis V\u00e1zquez<\/p>\n","protected":false},"excerpt":{"rendered":"<p>La misa estuvo a cargo del cardenal de Guadalajara, Jos\u00e9 Francisco Robles Ortega. SLP.- Este viernes, se llev\u00f3 a cabo la misa de nombramiento del cuarto arzobispo metropolitano de San Luis Potos\u00ed, Monse\u00f1or Jorge Alberto Cavazos Arizpe. La celebraci\u00f3n se llev\u00f3 a cabo en las inmediaciones del Centro de Convenciones donde se dieron cita m\u00e1s de mil 800 fieles de la Iglesia cat\u00f3lica y arzobispos provenientes de todo el pa\u00eds El evento inici\u00f3 con palabras del arzobispo em\u00e9rito, Jes\u00fas Carlos Cabrero Romero, quien agradeci\u00f3 su paso al frente de le iglesia potosina y destac\u00f3 las experiencias de su vida religiosa. [&hellip;]<\/p>\n","protected":false},"author":2,"featured_media":65347,"comment_status":"closed","ping_status":"closed","sticky":false,"template":"","format":"video","meta":{"footnotes":""},"categories":[5,45],"tags":[],"class_list":["post-65314","post","type-post","status-publish","format-video","has-post-thumbnail","hentry","category-destacadas","category-localesyregionales","post_format-post-format-video","post--single"],"yoast_head":"<!-- This site is optimized with the Yoast SEO plugin v27.4 - https:\/\/yoast.com\/product\/yoast-seo-wordpress\/ -->\n<title>Ante miles de feligreses, fue formalizada la toma de posesi\u00f3n de Jorge Alberto Cavazos Arizpe como Arzobispo de San Luis Potos\u00ed. - Canal 7 SLP - 2022<\/title>\n<meta name=\"robots\" content=\"index, follow, max-snippet:-1, max-image-preview:large, max-video-preview:-1\" \/>\n<link rel=\"canonical\" href=\"https:\/\/canal7slp.tv\/2022\/ante-miles-de-feligreses-fue-formalizada-la-toma-de-posesion-de-jorge-alberto-cavazos-arizpe-como-arzobispo-de-san-luis-potosi\/\" \/>\n<meta property=\"og:locale\" content=\"es_ES\" \/>\n<meta property=\"og:type\" content=\"article\" \/>\n<meta property=\"og:title\" content=\"Ante miles de feligreses, fue formalizada la toma de posesi\u00f3n de Jorge Alberto Cavazos Arizpe como Arzobispo de San Luis Potos\u00ed. - Canal 7 SLP - 2022\" \/>\n<meta property=\"og:description\" content=\"La misa estuvo a cargo del cardenal de Guadalajara, Jos\u00e9 Francisco Robles Ortega. SLP.- Este viernes, se llev\u00f3 a cabo la misa de nombramiento del cuarto arzobispo metropolitano de San Luis Potos\u00ed, Monse\u00f1or Jorge Alberto Cavazos Arizpe. La celebraci\u00f3n se llev\u00f3 a cabo en las inmediaciones del Centro de Convenciones donde se dieron cita m\u00e1s de mil 800 fieles de la Iglesia cat\u00f3lica y arzobispos provenientes de todo el pa\u00eds El evento inici\u00f3 con palabras del arzobispo em\u00e9rito, Jes\u00fas Carlos Cabrero Romero, quien agradeci\u00f3 su paso al frente de le iglesia potosina y destac\u00f3 las experiencias de su vida religiosa. [&hellip;]\" \/>\n<meta property=\"og:url\" content=\"https:\/\/canal7slp.tv\/2022\/ante-miles-de-feligreses-fue-formalizada-la-toma-de-posesion-de-jorge-alberto-cavazos-arizpe-como-arzobispo-de-san-luis-potosi\/\" \/>\n<meta property=\"og:site_name\" content=\"Canal 7 SLP - 2022\" \/>\n<meta property=\"article:publisher\" content=\"https:\/\/www.facebook.com\/noticieroscanalsiete\" \/>\n<meta property=\"article:published_time\" content=\"2022-07-01T23:56:31+00:00\" \/>\n<meta property=\"og:image\" content=\"https:\/\/canal7slp.tv\/2022\/wp-content\/uploads\/2022\/07\/Vazquez04Misa.jpg\" \/>\n\t<meta property=\"og:image:width\" content=\"888\" \/>\n\t<meta property=\"og:image:height\" content=\"500\" \/>\n\t<meta property=\"og:image:type\" content=\"image\/jpeg\" \/>\n<meta name=\"author\" content=\"Edici\u00f3n Web\" \/>\n<meta name=\"twitter:card\" content=\"summary_large_image\" \/>\n<meta name=\"twitter:creator\" content=\"@NOTICIEROS7\" \/>\n<meta name=\"twitter:site\" content=\"@NOTICIEROS7\" \/>\n<meta name=\"twitter:label1\" content=\"Escrito por\" \/>\n\t<meta name=\"twitter:data1\" content=\"Edici\u00f3n Web\" \/>\n\t<meta name=\"twitter:label2\" content=\"Tiempo de lectura\" \/>\n\t<meta name=\"twitter:data2\" content=\"3 minutos\" \/>\n<script type=\"application\/ld+json\" class=\"yoast-schema-graph\">{\"@context\":\"https:\\\/\\\/schema.org\",\"@graph\":[{\"@type\":\"Article\",\"@id\":\"https:\\\/\\\/canal7slp.tv\\\/2022\\\/ante-miles-de-feligreses-fue-formalizada-la-toma-de-posesion-de-jorge-alberto-cavazos-arizpe-como-arzobispo-de-san-luis-potosi\\\/#article\",\"isPartOf\":{\"@id\":\"https:\\\/\\\/canal7slp.tv\\\/2022\\\/ante-miles-de-feligreses-fue-formalizada-la-toma-de-posesion-de-jorge-alberto-cavazos-arizpe-como-arzobispo-de-san-luis-potosi\\\/\"},\"author\":{\"name\":\"Edici\u00f3n Web\",\"@id\":\"https:\\\/\\\/canal7slp.tv\\\/2022\\\/#\\\/schema\\\/person\\\/429704152a21f5f856ce29aa69a238da\"},\"headline\":\"Ante miles de feligreses, fue formalizada la toma de posesi\u00f3n de Jorge Alberto Cavazos Arizpe como Arzobispo de San Luis Potos\u00ed.\",\"datePublished\":\"2022-07-01T23:56:31+00:00\",\"mainEntityOfPage\":{\"@id\":\"https:\\\/\\\/canal7slp.tv\\\/2022\\\/ante-miles-de-feligreses-fue-formalizada-la-toma-de-posesion-de-jorge-alberto-cavazos-arizpe-como-arzobispo-de-san-luis-potosi\\\/\"},\"wordCount\":561,\"publisher\":{\"@id\":\"https:\\\/\\\/canal7slp.tv\\\/2022\\\/#organization\"},\"image\":{\"@id\":\"https:\\\/\\\/canal7slp.tv\\\/2022\\\/ante-miles-de-feligreses-fue-formalizada-la-toma-de-posesion-de-jorge-alberto-cavazos-arizpe-como-arzobispo-de-san-luis-potosi\\\/#primaryimage\"},\"thumbnailUrl\":\"https:\\\/\\\/canal7slp.tv\\\/2022\\\/wp-content\\\/uploads\\\/2022\\\/07\\\/Vazquez04Misa.jpg\",\"articleSection\":[\"DESTACADAS\",\"LOCALES Y REGIONALES\"],\"inLanguage\":\"es\"},{\"@type\":\"WebPage\",\"@id\":\"https:\\\/\\\/canal7slp.tv\\\/2022\\\/ante-miles-de-feligreses-fue-formalizada-la-toma-de-posesion-de-jorge-alberto-cavazos-arizpe-como-arzobispo-de-san-luis-potosi\\\/\",\"url\":\"https:\\\/\\\/canal7slp.tv\\\/2022\\\/ante-miles-de-feligreses-fue-formalizada-la-toma-de-posesion-de-jorge-alberto-cavazos-arizpe-como-arzobispo-de-san-luis-potosi\\\/\",\"name\":\"Ante miles de feligreses, fue formalizada la toma de posesi\u00f3n de Jorge Alberto Cavazos Arizpe como Arzobispo de San Luis Potos\u00ed. - Canal 7 SLP - 2022\",\"isPartOf\":{\"@id\":\"https:\\\/\\\/canal7slp.tv\\\/2022\\\/#website\"},\"primaryImageOfPage\":{\"@id\":\"https:\\\/\\\/canal7slp.tv\\\/2022\\\/ante-miles-de-feligreses-fue-formalizada-la-toma-de-posesion-de-jorge-alberto-cavazos-arizpe-como-arzobispo-de-san-luis-potosi\\\/#primaryimage\"},\"image\":{\"@id\":\"https:\\\/\\\/canal7slp.tv\\\/2022\\\/ante-miles-de-feligreses-fue-formalizada-la-toma-de-posesion-de-jorge-alberto-cavazos-arizpe-como-arzobispo-de-san-luis-potosi\\\/#primaryimage\"},\"thumbnailUrl\":\"https:\\\/\\\/canal7slp.tv\\\/2022\\\/wp-content\\\/uploads\\\/2022\\\/07\\\/Vazquez04Misa.jpg\",\"datePublished\":\"2022-07-01T23:56:31+00:00\",\"breadcrumb\":{\"@id\":\"https:\\\/\\\/canal7slp.tv\\\/2022\\\/ante-miles-de-feligreses-fue-formalizada-la-toma-de-posesion-de-jorge-alberto-cavazos-arizpe-como-arzobispo-de-san-luis-potosi\\\/#breadcrumb\"},\"inLanguage\":\"es\",\"potentialAction\":[{\"@type\":\"ReadAction\",\"target\":[\"https:\\\/\\\/canal7slp.tv\\\/2022\\\/ante-miles-de-feligreses-fue-formalizada-la-toma-de-posesion-de-jorge-alberto-cavazos-arizpe-como-arzobispo-de-san-luis-potosi\\\/\"]}]},{\"@type\":\"ImageObject\",\"inLanguage\":\"es\",\"@id\":\"https:\\\/\\\/canal7slp.tv\\\/2022\\\/ante-miles-de-feligreses-fue-formalizada-la-toma-de-posesion-de-jorge-alberto-cavazos-arizpe-como-arzobispo-de-san-luis-potosi\\\/#primaryimage\",\"url\":\"https:\\\/\\\/canal7slp.tv\\\/2022\\\/wp-content\\\/uploads\\\/2022\\\/07\\\/Vazquez04Misa.jpg\",\"contentUrl\":\"https:\\\/\\\/canal7slp.tv\\\/2022\\\/wp-content\\\/uploads\\\/2022\\\/07\\\/Vazquez04Misa.jpg\",\"width\":888,\"height\":500},{\"@type\":\"BreadcrumbList\",\"@id\":\"https:\\\/\\\/canal7slp.tv\\\/2022\\\/ante-miles-de-feligreses-fue-formalizada-la-toma-de-posesion-de-jorge-alberto-cavazos-arizpe-como-arzobispo-de-san-luis-potosi\\\/#breadcrumb\",\"itemListElement\":[{\"@type\":\"ListItem\",\"position\":1,\"name\":\"Portada\",\"item\":\"https:\\\/\\\/canal7slp.tv\\\/2022\\\/\"},{\"@type\":\"ListItem\",\"position\":2,\"name\":\"Ante miles de feligreses, fue formalizada la toma de posesi\u00f3n de Jorge Alberto Cavazos Arizpe como Arzobispo de San Luis Potos\u00ed.\"}]},{\"@type\":\"WebSite\",\"@id\":\"https:\\\/\\\/canal7slp.tv\\\/2022\\\/#website\",\"url\":\"https:\\\/\\\/canal7slp.tv\\\/2022\\\/\",\"name\":\"N7 - Noticieros Canal 7\",\"description\":\"Somos Televisi\u00f3n\",\"publisher\":{\"@id\":\"https:\\\/\\\/canal7slp.tv\\\/2022\\\/#organization\"},\"potentialAction\":[{\"@type\":\"SearchAction\",\"target\":{\"@type\":\"EntryPoint\",\"urlTemplate\":\"https:\\\/\\\/canal7slp.tv\\\/2022\\\/?s={search_term_string}\"},\"query-input\":{\"@type\":\"PropertyValueSpecification\",\"valueRequired\":true,\"valueName\":\"search_term_string\"}}],\"inLanguage\":\"es\"},{\"@type\":\"Organization\",\"@id\":\"https:\\\/\\\/canal7slp.tv\\\/2022\\\/#organization\",\"name\":\"Noticieros Canal 7\",\"url\":\"https:\\\/\\\/canal7slp.tv\\\/2022\\\/\",\"logo\":{\"@type\":\"ImageObject\",\"inLanguage\":\"es\",\"@id\":\"https:\\\/\\\/canal7slp.tv\\\/2022\\\/#\\\/schema\\\/logo\\\/image\\\/\",\"url\":\"https:\\\/\\\/canal7slp.tv\\\/2022\\\/wp-content\\\/uploads\\\/2021\\\/01\\\/logo-noticieros@2x.png\",\"contentUrl\":\"https:\\\/\\\/canal7slp.tv\\\/2022\\\/wp-content\\\/uploads\\\/2021\\\/01\\\/logo-noticieros@2x.png\",\"width\":1017,\"height\":268,\"caption\":\"Noticieros Canal 7\"},\"image\":{\"@id\":\"https:\\\/\\\/canal7slp.tv\\\/2022\\\/#\\\/schema\\\/logo\\\/image\\\/\"},\"sameAs\":[\"https:\\\/\\\/www.facebook.com\\\/noticieroscanalsiete\",\"https:\\\/\\\/x.com\\\/NOTICIEROS7\",\"https:\\\/\\\/www.instagram.com\\\/canal7_slp\",\"https:\\\/\\\/www.youtube.com\\\/channel\\\/UCliiYs-gP3JfJeqdPrNdd5A\"]},{\"@type\":\"Person\",\"@id\":\"https:\\\/\\\/canal7slp.tv\\\/2022\\\/#\\\/schema\\\/person\\\/429704152a21f5f856ce29aa69a238da\",\"name\":\"Edici\u00f3n Web\",\"image\":{\"@type\":\"ImageObject\",\"inLanguage\":\"es\",\"@id\":\"https:\\\/\\\/secure.gravatar.com\\\/avatar\\\/eee448fc3f7164808013b816ba91ac7e43bbe82a70bebac296f8bc6f0addaa1a?s=96&d=mm&r=g\",\"url\":\"https:\\\/\\\/secure.gravatar.com\\\/avatar\\\/eee448fc3f7164808013b816ba91ac7e43bbe82a70bebac296f8bc6f0addaa1a?s=96&d=mm&r=g\",\"contentUrl\":\"https:\\\/\\\/secure.gravatar.com\\\/avatar\\\/eee448fc3f7164808013b816ba91ac7e43bbe82a70bebac296f8bc6f0addaa1a?s=96&d=mm&r=g\",\"caption\":\"Edici\u00f3n Web\"},\"url\":\"https:\\\/\\\/canal7slp.tv\\\/2022\\\/author\\\/edicionweb\\\/\"}]}<\/script>\n<!-- \/ Yoast SEO plugin. -->","yoast_head_json":{"title":"Ante miles de feligreses, fue formalizada la toma de posesi\u00f3n de Jorge Alberto Cavazos Arizpe como Arzobispo de San Luis Potos\u00ed. - Canal 7 SLP - 2022","robots":{"index":"index","follow":"follow","max-snippet":"max-snippet:-1","max-image-preview":"max-image-preview:large","max-video-preview":"max-video-preview:-1"},"canonical":"https:\/\/canal7slp.tv\/2022\/ante-miles-de-feligreses-fue-formalizada-la-toma-de-posesion-de-jorge-alberto-cavazos-arizpe-como-arzobispo-de-san-luis-potosi\/","og_locale":"es_ES","og_type":"article","og_title":"Ante miles de feligreses, fue formalizada la toma de posesi\u00f3n de Jorge Alberto Cavazos Arizpe como Arzobispo de San Luis Potos\u00ed. - Canal 7 SLP - 2022","og_description":"La misa estuvo a cargo del cardenal de Guadalajara, Jos\u00e9 Francisco Robles Ortega. SLP.- Este viernes, se llev\u00f3 a cabo la misa de nombramiento del cuarto arzobispo metropolitano de San Luis Potos\u00ed, Monse\u00f1or Jorge Alberto Cavazos Arizpe. La celebraci\u00f3n se llev\u00f3 a cabo en las inmediaciones del Centro de Convenciones donde se dieron cita m\u00e1s de mil 800 fieles de la Iglesia cat\u00f3lica y arzobispos provenientes de todo el pa\u00eds El evento inici\u00f3 con palabras del arzobispo em\u00e9rito, Jes\u00fas Carlos Cabrero Romero, quien agradeci\u00f3 su paso al frente de le iglesia potosina y destac\u00f3 las experiencias de su vida religiosa. [&hellip;]","og_url":"https:\/\/canal7slp.tv\/2022\/ante-miles-de-feligreses-fue-formalizada-la-toma-de-posesion-de-jorge-alberto-cavazos-arizpe-como-arzobispo-de-san-luis-potosi\/","og_site_name":"Canal 7 SLP - 2022","article_publisher":"https:\/\/www.facebook.com\/noticieroscanalsiete","article_published_time":"2022-07-01T23:56:31+00:00","og_image":[{"width":888,"height":500,"url":"https:\/\/canal7slp.tv\/2022\/wp-content\/uploads\/2022\/07\/Vazquez04Misa.jpg","type":"image\/jpeg"}],"author":"Edici\u00f3n Web","twitter_card":"summary_large_image","twitter_creator":"@NOTICIEROS7","twitter_site":"@NOTICIEROS7","twitter_misc":{"Escrito por":"Edici\u00f3n Web","Tiempo de lectura":"3 minutos"},"schema":{"@context":"https:\/\/schema.org","@graph":[{"@type":"Article","@id":"https:\/\/canal7slp.tv\/2022\/ante-miles-de-feligreses-fue-formalizada-la-toma-de-posesion-de-jorge-alberto-cavazos-arizpe-como-arzobispo-de-san-luis-potosi\/#article","isPartOf":{"@id":"https:\/\/canal7slp.tv\/2022\/ante-miles-de-feligreses-fue-formalizada-la-toma-de-posesion-de-jorge-alberto-cavazos-arizpe-como-arzobispo-de-san-luis-potosi\/"},"author":{"name":"Edici\u00f3n Web","@id":"https:\/\/canal7slp.tv\/2022\/#\/schema\/person\/429704152a21f5f856ce29aa69a238da"},"headline":"Ante miles de feligreses, fue formalizada la toma de posesi\u00f3n de Jorge Alberto Cavazos Arizpe como Arzobispo de San Luis Potos\u00ed.","datePublished":"2022-07-01T23:56:31+00:00","mainEntityOfPage":{"@id":"https:\/\/canal7slp.tv\/2022\/ante-miles-de-feligreses-fue-formalizada-la-toma-de-posesion-de-jorge-alberto-cavazos-arizpe-como-arzobispo-de-san-luis-potosi\/"},"wordCount":561,"publisher":{"@id":"https:\/\/canal7slp.tv\/2022\/#organization"},"image":{"@id":"https:\/\/canal7slp.tv\/2022\/ante-miles-de-feligreses-fue-formalizada-la-toma-de-posesion-de-jorge-alberto-cavazos-arizpe-como-arzobispo-de-san-luis-potosi\/#primaryimage"},"thumbnailUrl":"https:\/\/canal7slp.tv\/2022\/wp-content\/uploads\/2022\/07\/Vazquez04Misa.jpg","articleSection":["DESTACADAS","LOCALES Y REGIONALES"],"inLanguage":"es"},{"@type":"WebPage","@id":"https:\/\/canal7slp.tv\/2022\/ante-miles-de-feligreses-fue-formalizada-la-toma-de-posesion-de-jorge-alberto-cavazos-arizpe-como-arzobispo-de-san-luis-potosi\/","url":"https:\/\/canal7slp.tv\/2022\/ante-miles-de-feligreses-fue-formalizada-la-toma-de-posesion-de-jorge-alberto-cavazos-arizpe-como-arzobispo-de-san-luis-potosi\/","name":"Ante miles de feligreses, fue formalizada la toma de posesi\u00f3n de Jorge Alberto Cavazos Arizpe como Arzobispo de San Luis Potos\u00ed. - Canal 7 SLP - 2022","isPartOf":{"@id":"https:\/\/canal7slp.tv\/2022\/#website"},"primaryImageOfPage":{"@id":"https:\/\/canal7slp.tv\/2022\/ante-miles-de-feligreses-fue-formalizada-la-toma-de-posesion-de-jorge-alberto-cavazos-arizpe-como-arzobispo-de-san-luis-potosi\/#primaryimage"},"image":{"@id":"https:\/\/canal7slp.tv\/2022\/ante-miles-de-feligreses-fue-formalizada-la-toma-de-posesion-de-jorge-alberto-cavazos-arizpe-como-arzobispo-de-san-luis-potosi\/#primaryimage"},"thumbnailUrl":"https:\/\/canal7slp.tv\/2022\/wp-content\/uploads\/2022\/07\/Vazquez04Misa.jpg","datePublished":"2022-07-01T23:56:31+00:00","breadcrumb":{"@id":"https:\/\/canal7slp.tv\/2022\/ante-miles-de-feligreses-fue-formalizada-la-toma-de-posesion-de-jorge-alberto-cavazos-arizpe-como-arzobispo-de-san-luis-potosi\/#breadcrumb"},"inLanguage":"es","potentialAction":[{"@type":"ReadAction","target":["https:\/\/canal7slp.tv\/2022\/ante-miles-de-feligreses-fue-formalizada-la-toma-de-posesion-de-jorge-alberto-cavazos-arizpe-como-arzobispo-de-san-luis-potosi\/"]}]},{"@type":"ImageObject","inLanguage":"es","@id":"https:\/\/canal7slp.tv\/2022\/ante-miles-de-feligreses-fue-formalizada-la-toma-de-posesion-de-jorge-alberto-cavazos-arizpe-como-arzobispo-de-san-luis-potosi\/#primaryimage","url":"https:\/\/canal7slp.tv\/2022\/wp-content\/uploads\/2022\/07\/Vazquez04Misa.jpg","contentUrl":"https:\/\/canal7slp.tv\/2022\/wp-content\/uploads\/2022\/07\/Vazquez04Misa.jpg","width":888,"height":500},{"@type":"BreadcrumbList","@id":"https:\/\/canal7slp.tv\/2022\/ante-miles-de-feligreses-fue-formalizada-la-toma-de-posesion-de-jorge-alberto-cavazos-arizpe-como-arzobispo-de-san-luis-potosi\/#breadcrumb","itemListElement":[{"@type":"ListItem","position":1,"name":"Portada","item":"https:\/\/canal7slp.tv\/2022\/"},{"@type":"ListItem","position":2,"name":"Ante miles de feligreses, fue formalizada la toma de posesi\u00f3n de Jorge Alberto Cavazos Arizpe como Arzobispo de San Luis Potos\u00ed."}]},{"@type":"WebSite","@id":"https:\/\/canal7slp.tv\/2022\/#website","url":"https:\/\/canal7slp.tv\/2022\/","name":"N7 - Noticieros Canal 7","description":"Somos Televisi\u00f3n","publisher":{"@id":"https:\/\/canal7slp.tv\/2022\/#organization"},"potentialAction":[{"@type":"SearchAction","target":{"@type":"EntryPoint","urlTemplate":"https:\/\/canal7slp.tv\/2022\/?s={search_term_string}"},"query-input":{"@type":"PropertyValueSpecification","valueRequired":true,"valueName":"search_term_string"}}],"inLanguage":"es"},{"@type":"Organization","@id":"https:\/\/canal7slp.tv\/2022\/#organization","name":"Noticieros Canal 7","url":"https:\/\/canal7slp.tv\/2022\/","logo":{"@type":"ImageObject","inLanguage":"es","@id":"https:\/\/canal7slp.tv\/2022\/#\/schema\/logo\/image\/","url":"https:\/\/canal7slp.tv\/2022\/wp-content\/uploads\/2021\/01\/logo-noticieros@2x.png","contentUrl":"https:\/\/canal7slp.tv\/2022\/wp-content\/uploads\/2021\/01\/logo-noticieros@2x.png","width":1017,"height":268,"caption":"Noticieros Canal 7"},"image":{"@id":"https:\/\/canal7slp.tv\/2022\/#\/schema\/logo\/image\/"},"sameAs":["https:\/\/www.facebook.com\/noticieroscanalsiete","https:\/\/x.com\/NOTICIEROS7","https:\/\/www.instagram.com\/canal7_slp","https:\/\/www.youtube.com\/channel\/UCliiYs-gP3JfJeqdPrNdd5A"]},{"@type":"Person","@id":"https:\/\/canal7slp.tv\/2022\/#\/schema\/person\/429704152a21f5f856ce29aa69a238da","name":"Edici\u00f3n Web","image":{"@type":"ImageObject","inLanguage":"es","@id":"https:\/\/secure.gravatar.com\/avatar\/eee448fc3f7164808013b816ba91ac7e43bbe82a70bebac296f8bc6f0addaa1a?s=96&d=mm&r=g","url":"https:\/\/secure.gravatar.com\/avatar\/eee448fc3f7164808013b816ba91ac7e43bbe82a70bebac296f8bc6f0addaa1a?s=96&d=mm&r=g","contentUrl":"https:\/\/secure.gravatar.com\/avatar\/eee448fc3f7164808013b816ba91ac7e43bbe82a70bebac296f8bc6f0addaa1a?s=96&d=mm&r=g","caption":"Edici\u00f3n Web"},"url":"https:\/\/canal7slp.tv\/2022\/author\/edicionweb\/"}]}},"amp_enabled":true,"_links":{"self":[{"href":"https:\/\/canal7slp.tv\/2022\/wp-json\/wp\/v2\/posts\/65314","targetHints":{"allow":["GET"]}}],"collection":[{"href":"https:\/\/canal7slp.tv\/2022\/wp-json\/wp\/v2\/posts"}],"about":[{"href":"https:\/\/canal7slp.tv\/2022\/wp-json\/wp\/v2\/types\/post"}],"author":[{"embeddable":true,"href":"https:\/\/canal7slp.tv\/2022\/wp-json\/wp\/v2\/users\/2"}],"replies":[{"embeddable":true,"href":"https:\/\/canal7slp.tv\/2022\/wp-json\/wp\/v2\/comments?post=65314"}],"version-history":[{"count":3,"href":"https:\/\/canal7slp.tv\/2022\/wp-json\/wp\/v2\/posts\/65314\/revisions"}],"predecessor-version":[{"id":65348,"href":"https:\/\/canal7slp.tv\/2022\/wp-json\/wp\/v2\/posts\/65314\/revisions\/65348"}],"wp:featuredmedia":[{"embeddable":true,"href":"https:\/\/canal7slp.tv\/2022\/wp-json\/wp\/v2\/media\/65347"}],"wp:attachment":[{"href":"https:\/\/canal7slp.tv\/2022\/wp-json\/wp\/v2\/media?parent=65314"}],"wp:term":[{"taxonomy":"category","embeddable":true,"href":"https:\/\/canal7slp.tv\/2022\/wp-json\/wp\/v2\/categories?post=65314"},{"taxonomy":"post_tag","embeddable":true,"href":"https:\/\/canal7slp.tv\/2022\/wp-json\/wp\/v2\/tags?post=65314"}],"curies":[{"name":"wp","href":"https:\/\/api.w.org\/{rel}","templated":true}]}}