{"id":65299,"date":"2022-07-01T15:26:52","date_gmt":"2022-07-01T21:26:52","guid":{"rendered":"https:\/\/canal7slp.tv\/2022\/?p=65299"},"modified":"2022-07-01T15:26:52","modified_gmt":"2022-07-01T21:26:52","slug":"cordero-recibio-su-segundo-casco-de-oro","status":"publish","type":"post","link":"https:\/\/canal7slp.tv\/2022\/cordero-recibio-su-segundo-casco-de-oro\/","title":{"rendered":"Cordero recibi\u00f3 su segundo Casco de Oro."},"content":{"rendered":"<p style=\"text-align: justify;\">SLP.- Se llev\u00f3 a cabo en la capital del pa\u00eds, la entrega de los cascos de oro, m\u00e1ximo galard\u00f3n que se otorga a lo m\u00e1s sobresaliente del automovilismo deportivo en M\u00e9xico, las instalaciones de la Federaci\u00f3n Mexicana de Automovilismo Deportivo fueron sede para la entrega de los galardones, de manos del Lic. Alfonso Oros Trigueros le fue entregado su casco de Oro al piloto potosino Ricardo Cordero por los logros obtenidos en el 2021.<\/p>\n<p style=\"text-align: justify;\">Ricardo Cordero junto a su navegante Marco Hern\u00e1ndez se apersonaron en las instalaciones del organismo para recibir el prestigioso galard\u00f3n, segundo de esta magnitud en su carrera en el automovilismo.<\/p>\n<p style=\"text-align: justify;\">Cordero y Hern\u00e1ndez suman dos cascos de oro, logro que pocos pilotos han podido conseguir, ahora, van hacia Canad\u00e1 para su compromiso en el inicio de la tercera fecha del Nacam Rally Championship efectuarse el 2 y 3 de Julio en aquel pa\u00eds.<\/p>\n","protected":false},"excerpt":{"rendered":"<p>SLP.- Se llev\u00f3 a cabo en la capital del pa\u00eds, la entrega de los cascos de oro, m\u00e1ximo galard\u00f3n que se otorga a lo m\u00e1s sobresaliente del automovilismo deportivo en M\u00e9xico, las instalaciones de la Federaci\u00f3n Mexicana de Automovilismo Deportivo fueron sede para la entrega de los galardones, de manos del Lic. Alfonso Oros Trigueros le fue entregado su casco de Oro al piloto potosino Ricardo Cordero por los logros obtenidos en el 2021. Ricardo Cordero junto a su navegante Marco Hern\u00e1ndez se apersonaron en las instalaciones del organismo para recibir el prestigioso galard\u00f3n, segundo de esta magnitud en su [&hellip;]<\/p>\n","protected":false},"author":2,"featured_media":65306,"comment_status":"closed","ping_status":"closed","sticky":false,"template":"","format":"video","meta":{"footnotes":""},"categories":[7,5],"tags":[],"class_list":["post-65299","post","type-post","status-publish","format-video","has-post-thumbnail","hentry","category-deportes","category-destacadas","post_format-post-format-video","post--single"],"yoast_head":"<!-- This site is optimized with the Yoast SEO plugin v27.4 - https:\/\/yoast.com\/product\/yoast-seo-wordpress\/ -->\n<title>Cordero recibi\u00f3 su segundo Casco de Oro. - Canal 7 SLP - 2022<\/title>\n<meta name=\"robots\" content=\"index, follow, max-snippet:-1, max-image-preview:large, max-video-preview:-1\" \/>\n<link rel=\"canonical\" href=\"https:\/\/canal7slp.tv\/2022\/cordero-recibio-su-segundo-casco-de-oro\/\" \/>\n<meta property=\"og:locale\" content=\"es_ES\" \/>\n<meta property=\"og:type\" content=\"article\" \/>\n<meta property=\"og:title\" content=\"Cordero recibi\u00f3 su segundo Casco de Oro. - Canal 7 SLP - 2022\" \/>\n<meta property=\"og:description\" content=\"SLP.- Se llev\u00f3 a cabo en la capital del pa\u00eds, la entrega de los cascos de oro, m\u00e1ximo galard\u00f3n que se otorga a lo m\u00e1s sobresaliente del automovilismo deportivo en M\u00e9xico, las instalaciones de la Federaci\u00f3n Mexicana de Automovilismo Deportivo fueron sede para la entrega de los galardones, de manos del Lic. Alfonso Oros Trigueros le fue entregado su casco de Oro al piloto potosino Ricardo Cordero por los logros obtenidos en el 2021. Ricardo Cordero junto a su navegante Marco Hern\u00e1ndez se apersonaron en las instalaciones del organismo para recibir el prestigioso galard\u00f3n, segundo de esta magnitud en su [&hellip;]\" \/>\n<meta property=\"og:url\" content=\"https:\/\/canal7slp.tv\/2022\/cordero-recibio-su-segundo-casco-de-oro\/\" \/>\n<meta property=\"og:site_name\" content=\"Canal 7 SLP - 2022\" \/>\n<meta property=\"article:publisher\" content=\"https:\/\/www.facebook.com\/noticieroscanalsiete\" \/>\n<meta property=\"article:published_time\" content=\"2022-07-01T21:26:52+00:00\" \/>\n<meta property=\"og:image\" content=\"https:\/\/canal7slp.tv\/2022\/wp-content\/uploads\/2022\/07\/vlcsnap-2022-07-01-16h24m15s264.jpg\" \/>\n\t<meta property=\"og:image:width\" content=\"888\" \/>\n\t<meta property=\"og:image:height\" content=\"500\" \/>\n\t<meta property=\"og:image:type\" content=\"image\/jpeg\" \/>\n<meta name=\"author\" content=\"Edici\u00f3n Web\" \/>\n<meta name=\"twitter:card\" content=\"summary_large_image\" \/>\n<meta name=\"twitter:creator\" content=\"@NOTICIEROS7\" \/>\n<meta name=\"twitter:site\" content=\"@NOTICIEROS7\" \/>\n<meta name=\"twitter:label1\" content=\"Escrito por\" \/>\n\t<meta name=\"twitter:data1\" content=\"Edici\u00f3n Web\" \/>\n\t<meta name=\"twitter:label2\" content=\"Tiempo de lectura\" \/>\n\t<meta name=\"twitter:data2\" content=\"1 minuto\" \/>\n<script type=\"application\/ld+json\" class=\"yoast-schema-graph\">{\"@context\":\"https:\\\/\\\/schema.org\",\"@graph\":[{\"@type\":\"Article\",\"@id\":\"https:\\\/\\\/canal7slp.tv\\\/2022\\\/cordero-recibio-su-segundo-casco-de-oro\\\/#article\",\"isPartOf\":{\"@id\":\"https:\\\/\\\/canal7slp.tv\\\/2022\\\/cordero-recibio-su-segundo-casco-de-oro\\\/\"},\"author\":{\"name\":\"Edici\u00f3n Web\",\"@id\":\"https:\\\/\\\/canal7slp.tv\\\/2022\\\/#\\\/schema\\\/person\\\/429704152a21f5f856ce29aa69a238da\"},\"headline\":\"Cordero recibi\u00f3 su segundo Casco de Oro.\",\"datePublished\":\"2022-07-01T21:26:52+00:00\",\"mainEntityOfPage\":{\"@id\":\"https:\\\/\\\/canal7slp.tv\\\/2022\\\/cordero-recibio-su-segundo-casco-de-oro\\\/\"},\"wordCount\":162,\"publisher\":{\"@id\":\"https:\\\/\\\/canal7slp.tv\\\/2022\\\/#organization\"},\"image\":{\"@id\":\"https:\\\/\\\/canal7slp.tv\\\/2022\\\/cordero-recibio-su-segundo-casco-de-oro\\\/#primaryimage\"},\"thumbnailUrl\":\"https:\\\/\\\/canal7slp.tv\\\/2022\\\/wp-content\\\/uploads\\\/2022\\\/07\\\/vlcsnap-2022-07-01-16h24m15s264.jpg\",\"articleSection\":[\"DEPORTES\",\"DESTACADAS\"],\"inLanguage\":\"es\"},{\"@type\":\"WebPage\",\"@id\":\"https:\\\/\\\/canal7slp.tv\\\/2022\\\/cordero-recibio-su-segundo-casco-de-oro\\\/\",\"url\":\"https:\\\/\\\/canal7slp.tv\\\/2022\\\/cordero-recibio-su-segundo-casco-de-oro\\\/\",\"name\":\"Cordero recibi\u00f3 su segundo Casco de Oro. - Canal 7 SLP - 2022\",\"isPartOf\":{\"@id\":\"https:\\\/\\\/canal7slp.tv\\\/2022\\\/#website\"},\"primaryImageOfPage\":{\"@id\":\"https:\\\/\\\/canal7slp.tv\\\/2022\\\/cordero-recibio-su-segundo-casco-de-oro\\\/#primaryimage\"},\"image\":{\"@id\":\"https:\\\/\\\/canal7slp.tv\\\/2022\\\/cordero-recibio-su-segundo-casco-de-oro\\\/#primaryimage\"},\"thumbnailUrl\":\"https:\\\/\\\/canal7slp.tv\\\/2022\\\/wp-content\\\/uploads\\\/2022\\\/07\\\/vlcsnap-2022-07-01-16h24m15s264.jpg\",\"datePublished\":\"2022-07-01T21:26:52+00:00\",\"breadcrumb\":{\"@id\":\"https:\\\/\\\/canal7slp.tv\\\/2022\\\/cordero-recibio-su-segundo-casco-de-oro\\\/#breadcrumb\"},\"inLanguage\":\"es\",\"potentialAction\":[{\"@type\":\"ReadAction\",\"target\":[\"https:\\\/\\\/canal7slp.tv\\\/2022\\\/cordero-recibio-su-segundo-casco-de-oro\\\/\"]}]},{\"@type\":\"ImageObject\",\"inLanguage\":\"es\",\"@id\":\"https:\\\/\\\/canal7slp.tv\\\/2022\\\/cordero-recibio-su-segundo-casco-de-oro\\\/#primaryimage\",\"url\":\"https:\\\/\\\/canal7slp.tv\\\/2022\\\/wp-content\\\/uploads\\\/2022\\\/07\\\/vlcsnap-2022-07-01-16h24m15s264.jpg\",\"contentUrl\":\"https:\\\/\\\/canal7slp.tv\\\/2022\\\/wp-content\\\/uploads\\\/2022\\\/07\\\/vlcsnap-2022-07-01-16h24m15s264.jpg\",\"width\":888,\"height\":500},{\"@type\":\"BreadcrumbList\",\"@id\":\"https:\\\/\\\/canal7slp.tv\\\/2022\\\/cordero-recibio-su-segundo-casco-de-oro\\\/#breadcrumb\",\"itemListElement\":[{\"@type\":\"ListItem\",\"position\":1,\"name\":\"Portada\",\"item\":\"https:\\\/\\\/canal7slp.tv\\\/2022\\\/\"},{\"@type\":\"ListItem\",\"position\":2,\"name\":\"Cordero recibi\u00f3 su segundo Casco de Oro.\"}]},{\"@type\":\"WebSite\",\"@id\":\"https:\\\/\\\/canal7slp.tv\\\/2022\\\/#website\",\"url\":\"https:\\\/\\\/canal7slp.tv\\\/2022\\\/\",\"name\":\"N7 - Noticieros Canal 7\",\"description\":\"Somos Televisi\u00f3n\",\"publisher\":{\"@id\":\"https:\\\/\\\/canal7slp.tv\\\/2022\\\/#organization\"},\"potentialAction\":[{\"@type\":\"SearchAction\",\"target\":{\"@type\":\"EntryPoint\",\"urlTemplate\":\"https:\\\/\\\/canal7slp.tv\\\/2022\\\/?s={search_term_string}\"},\"query-input\":{\"@type\":\"PropertyValueSpecification\",\"valueRequired\":true,\"valueName\":\"search_term_string\"}}],\"inLanguage\":\"es\"},{\"@type\":\"Organization\",\"@id\":\"https:\\\/\\\/canal7slp.tv\\\/2022\\\/#organization\",\"name\":\"Noticieros Canal 7\",\"url\":\"https:\\\/\\\/canal7slp.tv\\\/2022\\\/\",\"logo\":{\"@type\":\"ImageObject\",\"inLanguage\":\"es\",\"@id\":\"https:\\\/\\\/canal7slp.tv\\\/2022\\\/#\\\/schema\\\/logo\\\/image\\\/\",\"url\":\"https:\\\/\\\/canal7slp.tv\\\/2022\\\/wp-content\\\/uploads\\\/2021\\\/01\\\/logo-noticieros@2x.png\",\"contentUrl\":\"https:\\\/\\\/canal7slp.tv\\\/2022\\\/wp-content\\\/uploads\\\/2021\\\/01\\\/logo-noticieros@2x.png\",\"width\":1017,\"height\":268,\"caption\":\"Noticieros Canal 7\"},\"image\":{\"@id\":\"https:\\\/\\\/canal7slp.tv\\\/2022\\\/#\\\/schema\\\/logo\\\/image\\\/\"},\"sameAs\":[\"https:\\\/\\\/www.facebook.com\\\/noticieroscanalsiete\",\"https:\\\/\\\/x.com\\\/NOTICIEROS7\",\"https:\\\/\\\/www.instagram.com\\\/canal7_slp\",\"https:\\\/\\\/www.youtube.com\\\/channel\\\/UCliiYs-gP3JfJeqdPrNdd5A\"]},{\"@type\":\"Person\",\"@id\":\"https:\\\/\\\/canal7slp.tv\\\/2022\\\/#\\\/schema\\\/person\\\/429704152a21f5f856ce29aa69a238da\",\"name\":\"Edici\u00f3n Web\",\"image\":{\"@type\":\"ImageObject\",\"inLanguage\":\"es\",\"@id\":\"https:\\\/\\\/secure.gravatar.com\\\/avatar\\\/eee448fc3f7164808013b816ba91ac7e43bbe82a70bebac296f8bc6f0addaa1a?s=96&d=mm&r=g\",\"url\":\"https:\\\/\\\/secure.gravatar.com\\\/avatar\\\/eee448fc3f7164808013b816ba91ac7e43bbe82a70bebac296f8bc6f0addaa1a?s=96&d=mm&r=g\",\"contentUrl\":\"https:\\\/\\\/secure.gravatar.com\\\/avatar\\\/eee448fc3f7164808013b816ba91ac7e43bbe82a70bebac296f8bc6f0addaa1a?s=96&d=mm&r=g\",\"caption\":\"Edici\u00f3n Web\"},\"url\":\"https:\\\/\\\/canal7slp.tv\\\/2022\\\/author\\\/edicionweb\\\/\"}]}<\/script>\n<!-- \/ Yoast SEO plugin. -->","yoast_head_json":{"title":"Cordero recibi\u00f3 su segundo Casco de Oro. - Canal 7 SLP - 2022","robots":{"index":"index","follow":"follow","max-snippet":"max-snippet:-1","max-image-preview":"max-image-preview:large","max-video-preview":"max-video-preview:-1"},"canonical":"https:\/\/canal7slp.tv\/2022\/cordero-recibio-su-segundo-casco-de-oro\/","og_locale":"es_ES","og_type":"article","og_title":"Cordero recibi\u00f3 su segundo Casco de Oro. - Canal 7 SLP - 2022","og_description":"SLP.- Se llev\u00f3 a cabo en la capital del pa\u00eds, la entrega de los cascos de oro, m\u00e1ximo galard\u00f3n que se otorga a lo m\u00e1s sobresaliente del automovilismo deportivo en M\u00e9xico, las instalaciones de la Federaci\u00f3n Mexicana de Automovilismo Deportivo fueron sede para la entrega de los galardones, de manos del Lic. Alfonso Oros Trigueros le fue entregado su casco de Oro al piloto potosino Ricardo Cordero por los logros obtenidos en el 2021. Ricardo Cordero junto a su navegante Marco Hern\u00e1ndez se apersonaron en las instalaciones del organismo para recibir el prestigioso galard\u00f3n, segundo de esta magnitud en su [&hellip;]","og_url":"https:\/\/canal7slp.tv\/2022\/cordero-recibio-su-segundo-casco-de-oro\/","og_site_name":"Canal 7 SLP - 2022","article_publisher":"https:\/\/www.facebook.com\/noticieroscanalsiete","article_published_time":"2022-07-01T21:26:52+00:00","og_image":[{"width":888,"height":500,"url":"https:\/\/canal7slp.tv\/2022\/wp-content\/uploads\/2022\/07\/vlcsnap-2022-07-01-16h24m15s264.jpg","type":"image\/jpeg"}],"author":"Edici\u00f3n Web","twitter_card":"summary_large_image","twitter_creator":"@NOTICIEROS7","twitter_site":"@NOTICIEROS7","twitter_misc":{"Escrito por":"Edici\u00f3n Web","Tiempo de lectura":"1 minuto"},"schema":{"@context":"https:\/\/schema.org","@graph":[{"@type":"Article","@id":"https:\/\/canal7slp.tv\/2022\/cordero-recibio-su-segundo-casco-de-oro\/#article","isPartOf":{"@id":"https:\/\/canal7slp.tv\/2022\/cordero-recibio-su-segundo-casco-de-oro\/"},"author":{"name":"Edici\u00f3n Web","@id":"https:\/\/canal7slp.tv\/2022\/#\/schema\/person\/429704152a21f5f856ce29aa69a238da"},"headline":"Cordero recibi\u00f3 su segundo Casco de Oro.","datePublished":"2022-07-01T21:26:52+00:00","mainEntityOfPage":{"@id":"https:\/\/canal7slp.tv\/2022\/cordero-recibio-su-segundo-casco-de-oro\/"},"wordCount":162,"publisher":{"@id":"https:\/\/canal7slp.tv\/2022\/#organization"},"image":{"@id":"https:\/\/canal7slp.tv\/2022\/cordero-recibio-su-segundo-casco-de-oro\/#primaryimage"},"thumbnailUrl":"https:\/\/canal7slp.tv\/2022\/wp-content\/uploads\/2022\/07\/vlcsnap-2022-07-01-16h24m15s264.jpg","articleSection":["DEPORTES","DESTACADAS"],"inLanguage":"es"},{"@type":"WebPage","@id":"https:\/\/canal7slp.tv\/2022\/cordero-recibio-su-segundo-casco-de-oro\/","url":"https:\/\/canal7slp.tv\/2022\/cordero-recibio-su-segundo-casco-de-oro\/","name":"Cordero recibi\u00f3 su segundo Casco de Oro. - Canal 7 SLP - 2022","isPartOf":{"@id":"https:\/\/canal7slp.tv\/2022\/#website"},"primaryImageOfPage":{"@id":"https:\/\/canal7slp.tv\/2022\/cordero-recibio-su-segundo-casco-de-oro\/#primaryimage"},"image":{"@id":"https:\/\/canal7slp.tv\/2022\/cordero-recibio-su-segundo-casco-de-oro\/#primaryimage"},"thumbnailUrl":"https:\/\/canal7slp.tv\/2022\/wp-content\/uploads\/2022\/07\/vlcsnap-2022-07-01-16h24m15s264.jpg","datePublished":"2022-07-01T21:26:52+00:00","breadcrumb":{"@id":"https:\/\/canal7slp.tv\/2022\/cordero-recibio-su-segundo-casco-de-oro\/#breadcrumb"},"inLanguage":"es","potentialAction":[{"@type":"ReadAction","target":["https:\/\/canal7slp.tv\/2022\/cordero-recibio-su-segundo-casco-de-oro\/"]}]},{"@type":"ImageObject","inLanguage":"es","@id":"https:\/\/canal7slp.tv\/2022\/cordero-recibio-su-segundo-casco-de-oro\/#primaryimage","url":"https:\/\/canal7slp.tv\/2022\/wp-content\/uploads\/2022\/07\/vlcsnap-2022-07-01-16h24m15s264.jpg","contentUrl":"https:\/\/canal7slp.tv\/2022\/wp-content\/uploads\/2022\/07\/vlcsnap-2022-07-01-16h24m15s264.jpg","width":888,"height":500},{"@type":"BreadcrumbList","@id":"https:\/\/canal7slp.tv\/2022\/cordero-recibio-su-segundo-casco-de-oro\/#breadcrumb","itemListElement":[{"@type":"ListItem","position":1,"name":"Portada","item":"https:\/\/canal7slp.tv\/2022\/"},{"@type":"ListItem","position":2,"name":"Cordero recibi\u00f3 su segundo Casco de Oro."}]},{"@type":"WebSite","@id":"https:\/\/canal7slp.tv\/2022\/#website","url":"https:\/\/canal7slp.tv\/2022\/","name":"N7 - Noticieros Canal 7","description":"Somos Televisi\u00f3n","publisher":{"@id":"https:\/\/canal7slp.tv\/2022\/#organization"},"potentialAction":[{"@type":"SearchAction","target":{"@type":"EntryPoint","urlTemplate":"https:\/\/canal7slp.tv\/2022\/?s={search_term_string}"},"query-input":{"@type":"PropertyValueSpecification","valueRequired":true,"valueName":"search_term_string"}}],"inLanguage":"es"},{"@type":"Organization","@id":"https:\/\/canal7slp.tv\/2022\/#organization","name":"Noticieros Canal 7","url":"https:\/\/canal7slp.tv\/2022\/","logo":{"@type":"ImageObject","inLanguage":"es","@id":"https:\/\/canal7slp.tv\/2022\/#\/schema\/logo\/image\/","url":"https:\/\/canal7slp.tv\/2022\/wp-content\/uploads\/2021\/01\/logo-noticieros@2x.png","contentUrl":"https:\/\/canal7slp.tv\/2022\/wp-content\/uploads\/2021\/01\/logo-noticieros@2x.png","width":1017,"height":268,"caption":"Noticieros Canal 7"},"image":{"@id":"https:\/\/canal7slp.tv\/2022\/#\/schema\/logo\/image\/"},"sameAs":["https:\/\/www.facebook.com\/noticieroscanalsiete","https:\/\/x.com\/NOTICIEROS7","https:\/\/www.instagram.com\/canal7_slp","https:\/\/www.youtube.com\/channel\/UCliiYs-gP3JfJeqdPrNdd5A"]},{"@type":"Person","@id":"https:\/\/canal7slp.tv\/2022\/#\/schema\/person\/429704152a21f5f856ce29aa69a238da","name":"Edici\u00f3n Web","image":{"@type":"ImageObject","inLanguage":"es","@id":"https:\/\/secure.gravatar.com\/avatar\/eee448fc3f7164808013b816ba91ac7e43bbe82a70bebac296f8bc6f0addaa1a?s=96&d=mm&r=g","url":"https:\/\/secure.gravatar.com\/avatar\/eee448fc3f7164808013b816ba91ac7e43bbe82a70bebac296f8bc6f0addaa1a?s=96&d=mm&r=g","contentUrl":"https:\/\/secure.gravatar.com\/avatar\/eee448fc3f7164808013b816ba91ac7e43bbe82a70bebac296f8bc6f0addaa1a?s=96&d=mm&r=g","caption":"Edici\u00f3n Web"},"url":"https:\/\/canal7slp.tv\/2022\/author\/edicionweb\/"}]}},"amp_enabled":true,"_links":{"self":[{"href":"https:\/\/canal7slp.tv\/2022\/wp-json\/wp\/v2\/posts\/65299","targetHints":{"allow":["GET"]}}],"collection":[{"href":"https:\/\/canal7slp.tv\/2022\/wp-json\/wp\/v2\/posts"}],"about":[{"href":"https:\/\/canal7slp.tv\/2022\/wp-json\/wp\/v2\/types\/post"}],"author":[{"embeddable":true,"href":"https:\/\/canal7slp.tv\/2022\/wp-json\/wp\/v2\/users\/2"}],"replies":[{"embeddable":true,"href":"https:\/\/canal7slp.tv\/2022\/wp-json\/wp\/v2\/comments?post=65299"}],"version-history":[{"count":2,"href":"https:\/\/canal7slp.tv\/2022\/wp-json\/wp\/v2\/posts\/65299\/revisions"}],"predecessor-version":[{"id":65307,"href":"https:\/\/canal7slp.tv\/2022\/wp-json\/wp\/v2\/posts\/65299\/revisions\/65307"}],"wp:featuredmedia":[{"embeddable":true,"href":"https:\/\/canal7slp.tv\/2022\/wp-json\/wp\/v2\/media\/65306"}],"wp:attachment":[{"href":"https:\/\/canal7slp.tv\/2022\/wp-json\/wp\/v2\/media?parent=65299"}],"wp:term":[{"taxonomy":"category","embeddable":true,"href":"https:\/\/canal7slp.tv\/2022\/wp-json\/wp\/v2\/categories?post=65299"},{"taxonomy":"post_tag","embeddable":true,"href":"https:\/\/canal7slp.tv\/2022\/wp-json\/wp\/v2\/tags?post=65299"}],"curies":[{"name":"wp","href":"https:\/\/api.w.org\/{rel}","templated":true}]}}