{"id":65278,"date":"2022-07-01T16:20:57","date_gmt":"2022-07-01T22:20:57","guid":{"rendered":"https:\/\/canal7slp.tv\/2022\/?p=65278"},"modified":"2022-07-01T16:20:57","modified_gmt":"2022-07-01T22:20:57","slug":"oms-exhorta-a-paises-europeos-tomar-medidas-urgentes-ante-alza-de-casos-de-viruela-del-mono","status":"publish","type":"post","link":"https:\/\/canal7slp.tv\/2022\/oms-exhorta-a-paises-europeos-tomar-medidas-urgentes-ante-alza-de-casos-de-viruela-del-mono\/","title":{"rendered":"OMS exhorta a pa\u00edses europeos tomar medidas urgentes ante alza de casos de Viruela del Mono"},"content":{"rendered":"<p style=\"text-align: justify;\">Ginebra.- La Organizaci\u00f3n Mundial de la Salud (OMS) pidi\u00f3 este viernes tomar medidas \u00aburgentes\u00bb para contener la propagaci\u00f3n de la viruela del mono en Europa, donde los casos se han triplicado las \u00faltimas dos semanas.<\/p>\n<p style=\"text-align: justify;\">\u00abEs imperativa una acci\u00f3n urgente y coordinada\u00bb en los pr\u00f3ximos meses para evitar que la enfermedad se implante \u00aben zonas geogr\u00e1ficas m\u00e1s amplias\u00bb, alert\u00f3 en un comunicado el director regional para Europa de la OMS, Hans Henri Kluge.<\/p>\n<p style=\"text-align: justify;\">Seg\u00fan los \u00faltimos datos del organismo de la ONU, Europa contabiliza en este brote unos cuatro mil 500 casos de viruela del mono, el triple que a mediados de junio.<\/p>\n<p style=\"text-align: justify;\">Ese n\u00famero corresponde al 90% de los registrados en todo el mundo desde mediados de mayo, cuando la enfermedad, hasta entonces considerada end\u00e9mica solo en unos diez pa\u00edses africanos, empez\u00f3 a se\u00f1alarse en Europa.<\/p>\n<p style=\"text-align: justify;\">Hasta el momento, 31 pa\u00edses europeos registraron casos.<\/p>\n<p style=\"text-align: justify;\">La viruela del mono, u ortopoxvirus s\u00edmico, fue identificada en humanos en 1970 y es considerada menos peligrosa que la viruela, de la misma familia, erradicada en 1980.<\/p>\n<p style=\"text-align: justify;\">Se trata de una enfermedad rara, provocada por un virus transmitido por animales infectados.<\/p>\n","protected":false},"excerpt":{"rendered":"<p>Ginebra.- La Organizaci\u00f3n Mundial de la Salud (OMS) pidi\u00f3 este viernes tomar medidas \u00aburgentes\u00bb para contener la propagaci\u00f3n de la viruela del mono en Europa, donde los casos se han triplicado las \u00faltimas dos semanas. \u00abEs imperativa una acci\u00f3n urgente y coordinada\u00bb en los pr\u00f3ximos meses para evitar que la enfermedad se implante \u00aben zonas geogr\u00e1ficas m\u00e1s amplias\u00bb, alert\u00f3 en un comunicado el director regional para Europa de la OMS, Hans Henri Kluge. Seg\u00fan los \u00faltimos datos del organismo de la ONU, Europa contabiliza en este brote unos cuatro mil 500 casos de viruela del mono, el triple que a [&hellip;]<\/p>\n","protected":false},"author":2,"featured_media":65291,"comment_status":"closed","ping_status":"closed","sticky":false,"template":"","format":"standard","meta":{"footnotes":""},"categories":[44],"tags":[],"class_list":["post-65278","post","type-post","status-publish","format-standard","has-post-thumbnail","hentry","category-internacional","post--single"],"yoast_head":"<!-- This site is optimized with the Yoast SEO plugin v27.4 - https:\/\/yoast.com\/product\/yoast-seo-wordpress\/ -->\n<title>OMS exhorta a pa\u00edses europeos tomar medidas urgentes ante alza de casos de Viruela del Mono - Canal 7 SLP - 2022<\/title>\n<meta name=\"robots\" content=\"index, follow, max-snippet:-1, max-image-preview:large, max-video-preview:-1\" \/>\n<link rel=\"canonical\" href=\"https:\/\/canal7slp.tv\/2022\/oms-exhorta-a-paises-europeos-tomar-medidas-urgentes-ante-alza-de-casos-de-viruela-del-mono\/\" \/>\n<meta property=\"og:locale\" content=\"es_ES\" \/>\n<meta property=\"og:type\" content=\"article\" \/>\n<meta property=\"og:title\" content=\"OMS exhorta a pa\u00edses europeos tomar medidas urgentes ante alza de casos de Viruela del Mono - Canal 7 SLP - 2022\" \/>\n<meta property=\"og:description\" content=\"Ginebra.- La Organizaci\u00f3n Mundial de la Salud (OMS) pidi\u00f3 este viernes tomar medidas \u00aburgentes\u00bb para contener la propagaci\u00f3n de la viruela del mono en Europa, donde los casos se han triplicado las \u00faltimas dos semanas. \u00abEs imperativa una acci\u00f3n urgente y coordinada\u00bb en los pr\u00f3ximos meses para evitar que la enfermedad se implante \u00aben zonas geogr\u00e1ficas m\u00e1s amplias\u00bb, alert\u00f3 en un comunicado el director regional para Europa de la OMS, Hans Henri Kluge. Seg\u00fan los \u00faltimos datos del organismo de la ONU, Europa contabiliza en este brote unos cuatro mil 500 casos de viruela del mono, el triple que a [&hellip;]\" \/>\n<meta property=\"og:url\" content=\"https:\/\/canal7slp.tv\/2022\/oms-exhorta-a-paises-europeos-tomar-medidas-urgentes-ante-alza-de-casos-de-viruela-del-mono\/\" \/>\n<meta property=\"og:site_name\" content=\"Canal 7 SLP - 2022\" \/>\n<meta property=\"article:publisher\" content=\"https:\/\/www.facebook.com\/noticieroscanalsiete\" \/>\n<meta property=\"article:published_time\" content=\"2022-07-01T22:20:57+00:00\" \/>\n<meta property=\"og:image\" content=\"https:\/\/canal7slp.tv\/2022\/wp-content\/uploads\/2022\/07\/06.jpg\" \/>\n\t<meta property=\"og:image:width\" content=\"1600\" \/>\n\t<meta property=\"og:image:height\" content=\"900\" \/>\n\t<meta property=\"og:image:type\" content=\"image\/jpeg\" \/>\n<meta name=\"author\" content=\"Edici\u00f3n Web\" \/>\n<meta name=\"twitter:card\" content=\"summary_large_image\" \/>\n<meta name=\"twitter:creator\" content=\"@NOTICIEROS7\" \/>\n<meta name=\"twitter:site\" content=\"@NOTICIEROS7\" \/>\n<meta name=\"twitter:label1\" content=\"Escrito por\" \/>\n\t<meta name=\"twitter:data1\" content=\"Edici\u00f3n Web\" \/>\n\t<meta name=\"twitter:label2\" content=\"Tiempo de lectura\" \/>\n\t<meta name=\"twitter:data2\" content=\"1 minuto\" \/>\n<script type=\"application\/ld+json\" class=\"yoast-schema-graph\">{\"@context\":\"https:\\\/\\\/schema.org\",\"@graph\":[{\"@type\":\"Article\",\"@id\":\"https:\\\/\\\/canal7slp.tv\\\/2022\\\/oms-exhorta-a-paises-europeos-tomar-medidas-urgentes-ante-alza-de-casos-de-viruela-del-mono\\\/#article\",\"isPartOf\":{\"@id\":\"https:\\\/\\\/canal7slp.tv\\\/2022\\\/oms-exhorta-a-paises-europeos-tomar-medidas-urgentes-ante-alza-de-casos-de-viruela-del-mono\\\/\"},\"author\":{\"name\":\"Edici\u00f3n Web\",\"@id\":\"https:\\\/\\\/canal7slp.tv\\\/2022\\\/#\\\/schema\\\/person\\\/429704152a21f5f856ce29aa69a238da\"},\"headline\":\"OMS exhorta a pa\u00edses europeos tomar medidas urgentes ante alza de casos de Viruela del Mono\",\"datePublished\":\"2022-07-01T22:20:57+00:00\",\"mainEntityOfPage\":{\"@id\":\"https:\\\/\\\/canal7slp.tv\\\/2022\\\/oms-exhorta-a-paises-europeos-tomar-medidas-urgentes-ante-alza-de-casos-de-viruela-del-mono\\\/\"},\"wordCount\":213,\"publisher\":{\"@id\":\"https:\\\/\\\/canal7slp.tv\\\/2022\\\/#organization\"},\"image\":{\"@id\":\"https:\\\/\\\/canal7slp.tv\\\/2022\\\/oms-exhorta-a-paises-europeos-tomar-medidas-urgentes-ante-alza-de-casos-de-viruela-del-mono\\\/#primaryimage\"},\"thumbnailUrl\":\"https:\\\/\\\/canal7slp.tv\\\/2022\\\/wp-content\\\/uploads\\\/2022\\\/07\\\/06.jpg\",\"articleSection\":[\"INTERNACIONALES\"],\"inLanguage\":\"es\"},{\"@type\":\"WebPage\",\"@id\":\"https:\\\/\\\/canal7slp.tv\\\/2022\\\/oms-exhorta-a-paises-europeos-tomar-medidas-urgentes-ante-alza-de-casos-de-viruela-del-mono\\\/\",\"url\":\"https:\\\/\\\/canal7slp.tv\\\/2022\\\/oms-exhorta-a-paises-europeos-tomar-medidas-urgentes-ante-alza-de-casos-de-viruela-del-mono\\\/\",\"name\":\"OMS exhorta a pa\u00edses europeos tomar medidas urgentes ante alza de casos de Viruela del Mono - Canal 7 SLP - 2022\",\"isPartOf\":{\"@id\":\"https:\\\/\\\/canal7slp.tv\\\/2022\\\/#website\"},\"primaryImageOfPage\":{\"@id\":\"https:\\\/\\\/canal7slp.tv\\\/2022\\\/oms-exhorta-a-paises-europeos-tomar-medidas-urgentes-ante-alza-de-casos-de-viruela-del-mono\\\/#primaryimage\"},\"image\":{\"@id\":\"https:\\\/\\\/canal7slp.tv\\\/2022\\\/oms-exhorta-a-paises-europeos-tomar-medidas-urgentes-ante-alza-de-casos-de-viruela-del-mono\\\/#primaryimage\"},\"thumbnailUrl\":\"https:\\\/\\\/canal7slp.tv\\\/2022\\\/wp-content\\\/uploads\\\/2022\\\/07\\\/06.jpg\",\"datePublished\":\"2022-07-01T22:20:57+00:00\",\"breadcrumb\":{\"@id\":\"https:\\\/\\\/canal7slp.tv\\\/2022\\\/oms-exhorta-a-paises-europeos-tomar-medidas-urgentes-ante-alza-de-casos-de-viruela-del-mono\\\/#breadcrumb\"},\"inLanguage\":\"es\",\"potentialAction\":[{\"@type\":\"ReadAction\",\"target\":[\"https:\\\/\\\/canal7slp.tv\\\/2022\\\/oms-exhorta-a-paises-europeos-tomar-medidas-urgentes-ante-alza-de-casos-de-viruela-del-mono\\\/\"]}]},{\"@type\":\"ImageObject\",\"inLanguage\":\"es\",\"@id\":\"https:\\\/\\\/canal7slp.tv\\\/2022\\\/oms-exhorta-a-paises-europeos-tomar-medidas-urgentes-ante-alza-de-casos-de-viruela-del-mono\\\/#primaryimage\",\"url\":\"https:\\\/\\\/canal7slp.tv\\\/2022\\\/wp-content\\\/uploads\\\/2022\\\/07\\\/06.jpg\",\"contentUrl\":\"https:\\\/\\\/canal7slp.tv\\\/2022\\\/wp-content\\\/uploads\\\/2022\\\/07\\\/06.jpg\",\"width\":1600,\"height\":900},{\"@type\":\"BreadcrumbList\",\"@id\":\"https:\\\/\\\/canal7slp.tv\\\/2022\\\/oms-exhorta-a-paises-europeos-tomar-medidas-urgentes-ante-alza-de-casos-de-viruela-del-mono\\\/#breadcrumb\",\"itemListElement\":[{\"@type\":\"ListItem\",\"position\":1,\"name\":\"Portada\",\"item\":\"https:\\\/\\\/canal7slp.tv\\\/2022\\\/\"},{\"@type\":\"ListItem\",\"position\":2,\"name\":\"OMS exhorta a pa\u00edses europeos tomar medidas urgentes ante alza de casos de Viruela del Mono\"}]},{\"@type\":\"WebSite\",\"@id\":\"https:\\\/\\\/canal7slp.tv\\\/2022\\\/#website\",\"url\":\"https:\\\/\\\/canal7slp.tv\\\/2022\\\/\",\"name\":\"N7 - Noticieros Canal 7\",\"description\":\"Somos Televisi\u00f3n\",\"publisher\":{\"@id\":\"https:\\\/\\\/canal7slp.tv\\\/2022\\\/#organization\"},\"potentialAction\":[{\"@type\":\"SearchAction\",\"target\":{\"@type\":\"EntryPoint\",\"urlTemplate\":\"https:\\\/\\\/canal7slp.tv\\\/2022\\\/?s={search_term_string}\"},\"query-input\":{\"@type\":\"PropertyValueSpecification\",\"valueRequired\":true,\"valueName\":\"search_term_string\"}}],\"inLanguage\":\"es\"},{\"@type\":\"Organization\",\"@id\":\"https:\\\/\\\/canal7slp.tv\\\/2022\\\/#organization\",\"name\":\"Noticieros Canal 7\",\"url\":\"https:\\\/\\\/canal7slp.tv\\\/2022\\\/\",\"logo\":{\"@type\":\"ImageObject\",\"inLanguage\":\"es\",\"@id\":\"https:\\\/\\\/canal7slp.tv\\\/2022\\\/#\\\/schema\\\/logo\\\/image\\\/\",\"url\":\"https:\\\/\\\/canal7slp.tv\\\/2022\\\/wp-content\\\/uploads\\\/2021\\\/01\\\/logo-noticieros@2x.png\",\"contentUrl\":\"https:\\\/\\\/canal7slp.tv\\\/2022\\\/wp-content\\\/uploads\\\/2021\\\/01\\\/logo-noticieros@2x.png\",\"width\":1017,\"height\":268,\"caption\":\"Noticieros Canal 7\"},\"image\":{\"@id\":\"https:\\\/\\\/canal7slp.tv\\\/2022\\\/#\\\/schema\\\/logo\\\/image\\\/\"},\"sameAs\":[\"https:\\\/\\\/www.facebook.com\\\/noticieroscanalsiete\",\"https:\\\/\\\/x.com\\\/NOTICIEROS7\",\"https:\\\/\\\/www.instagram.com\\\/canal7_slp\",\"https:\\\/\\\/www.youtube.com\\\/channel\\\/UCliiYs-gP3JfJeqdPrNdd5A\"]},{\"@type\":\"Person\",\"@id\":\"https:\\\/\\\/canal7slp.tv\\\/2022\\\/#\\\/schema\\\/person\\\/429704152a21f5f856ce29aa69a238da\",\"name\":\"Edici\u00f3n Web\",\"image\":{\"@type\":\"ImageObject\",\"inLanguage\":\"es\",\"@id\":\"https:\\\/\\\/secure.gravatar.com\\\/avatar\\\/eee448fc3f7164808013b816ba91ac7e43bbe82a70bebac296f8bc6f0addaa1a?s=96&d=mm&r=g\",\"url\":\"https:\\\/\\\/secure.gravatar.com\\\/avatar\\\/eee448fc3f7164808013b816ba91ac7e43bbe82a70bebac296f8bc6f0addaa1a?s=96&d=mm&r=g\",\"contentUrl\":\"https:\\\/\\\/secure.gravatar.com\\\/avatar\\\/eee448fc3f7164808013b816ba91ac7e43bbe82a70bebac296f8bc6f0addaa1a?s=96&d=mm&r=g\",\"caption\":\"Edici\u00f3n Web\"},\"url\":\"https:\\\/\\\/canal7slp.tv\\\/2022\\\/author\\\/edicionweb\\\/\"}]}<\/script>\n<!-- \/ Yoast SEO plugin. -->","yoast_head_json":{"title":"OMS exhorta a pa\u00edses europeos tomar medidas urgentes ante alza de casos de Viruela del Mono - Canal 7 SLP - 2022","robots":{"index":"index","follow":"follow","max-snippet":"max-snippet:-1","max-image-preview":"max-image-preview:large","max-video-preview":"max-video-preview:-1"},"canonical":"https:\/\/canal7slp.tv\/2022\/oms-exhorta-a-paises-europeos-tomar-medidas-urgentes-ante-alza-de-casos-de-viruela-del-mono\/","og_locale":"es_ES","og_type":"article","og_title":"OMS exhorta a pa\u00edses europeos tomar medidas urgentes ante alza de casos de Viruela del Mono - Canal 7 SLP - 2022","og_description":"Ginebra.- La Organizaci\u00f3n Mundial de la Salud (OMS) pidi\u00f3 este viernes tomar medidas \u00aburgentes\u00bb para contener la propagaci\u00f3n de la viruela del mono en Europa, donde los casos se han triplicado las \u00faltimas dos semanas. \u00abEs imperativa una acci\u00f3n urgente y coordinada\u00bb en los pr\u00f3ximos meses para evitar que la enfermedad se implante \u00aben zonas geogr\u00e1ficas m\u00e1s amplias\u00bb, alert\u00f3 en un comunicado el director regional para Europa de la OMS, Hans Henri Kluge. Seg\u00fan los \u00faltimos datos del organismo de la ONU, Europa contabiliza en este brote unos cuatro mil 500 casos de viruela del mono, el triple que a [&hellip;]","og_url":"https:\/\/canal7slp.tv\/2022\/oms-exhorta-a-paises-europeos-tomar-medidas-urgentes-ante-alza-de-casos-de-viruela-del-mono\/","og_site_name":"Canal 7 SLP - 2022","article_publisher":"https:\/\/www.facebook.com\/noticieroscanalsiete","article_published_time":"2022-07-01T22:20:57+00:00","og_image":[{"width":1600,"height":900,"url":"https:\/\/canal7slp.tv\/2022\/wp-content\/uploads\/2022\/07\/06.jpg","type":"image\/jpeg"}],"author":"Edici\u00f3n Web","twitter_card":"summary_large_image","twitter_creator":"@NOTICIEROS7","twitter_site":"@NOTICIEROS7","twitter_misc":{"Escrito por":"Edici\u00f3n Web","Tiempo de lectura":"1 minuto"},"schema":{"@context":"https:\/\/schema.org","@graph":[{"@type":"Article","@id":"https:\/\/canal7slp.tv\/2022\/oms-exhorta-a-paises-europeos-tomar-medidas-urgentes-ante-alza-de-casos-de-viruela-del-mono\/#article","isPartOf":{"@id":"https:\/\/canal7slp.tv\/2022\/oms-exhorta-a-paises-europeos-tomar-medidas-urgentes-ante-alza-de-casos-de-viruela-del-mono\/"},"author":{"name":"Edici\u00f3n Web","@id":"https:\/\/canal7slp.tv\/2022\/#\/schema\/person\/429704152a21f5f856ce29aa69a238da"},"headline":"OMS exhorta a pa\u00edses europeos tomar medidas urgentes ante alza de casos de Viruela del Mono","datePublished":"2022-07-01T22:20:57+00:00","mainEntityOfPage":{"@id":"https:\/\/canal7slp.tv\/2022\/oms-exhorta-a-paises-europeos-tomar-medidas-urgentes-ante-alza-de-casos-de-viruela-del-mono\/"},"wordCount":213,"publisher":{"@id":"https:\/\/canal7slp.tv\/2022\/#organization"},"image":{"@id":"https:\/\/canal7slp.tv\/2022\/oms-exhorta-a-paises-europeos-tomar-medidas-urgentes-ante-alza-de-casos-de-viruela-del-mono\/#primaryimage"},"thumbnailUrl":"https:\/\/canal7slp.tv\/2022\/wp-content\/uploads\/2022\/07\/06.jpg","articleSection":["INTERNACIONALES"],"inLanguage":"es"},{"@type":"WebPage","@id":"https:\/\/canal7slp.tv\/2022\/oms-exhorta-a-paises-europeos-tomar-medidas-urgentes-ante-alza-de-casos-de-viruela-del-mono\/","url":"https:\/\/canal7slp.tv\/2022\/oms-exhorta-a-paises-europeos-tomar-medidas-urgentes-ante-alza-de-casos-de-viruela-del-mono\/","name":"OMS exhorta a pa\u00edses europeos tomar medidas urgentes ante alza de casos de Viruela del Mono - Canal 7 SLP - 2022","isPartOf":{"@id":"https:\/\/canal7slp.tv\/2022\/#website"},"primaryImageOfPage":{"@id":"https:\/\/canal7slp.tv\/2022\/oms-exhorta-a-paises-europeos-tomar-medidas-urgentes-ante-alza-de-casos-de-viruela-del-mono\/#primaryimage"},"image":{"@id":"https:\/\/canal7slp.tv\/2022\/oms-exhorta-a-paises-europeos-tomar-medidas-urgentes-ante-alza-de-casos-de-viruela-del-mono\/#primaryimage"},"thumbnailUrl":"https:\/\/canal7slp.tv\/2022\/wp-content\/uploads\/2022\/07\/06.jpg","datePublished":"2022-07-01T22:20:57+00:00","breadcrumb":{"@id":"https:\/\/canal7slp.tv\/2022\/oms-exhorta-a-paises-europeos-tomar-medidas-urgentes-ante-alza-de-casos-de-viruela-del-mono\/#breadcrumb"},"inLanguage":"es","potentialAction":[{"@type":"ReadAction","target":["https:\/\/canal7slp.tv\/2022\/oms-exhorta-a-paises-europeos-tomar-medidas-urgentes-ante-alza-de-casos-de-viruela-del-mono\/"]}]},{"@type":"ImageObject","inLanguage":"es","@id":"https:\/\/canal7slp.tv\/2022\/oms-exhorta-a-paises-europeos-tomar-medidas-urgentes-ante-alza-de-casos-de-viruela-del-mono\/#primaryimage","url":"https:\/\/canal7slp.tv\/2022\/wp-content\/uploads\/2022\/07\/06.jpg","contentUrl":"https:\/\/canal7slp.tv\/2022\/wp-content\/uploads\/2022\/07\/06.jpg","width":1600,"height":900},{"@type":"BreadcrumbList","@id":"https:\/\/canal7slp.tv\/2022\/oms-exhorta-a-paises-europeos-tomar-medidas-urgentes-ante-alza-de-casos-de-viruela-del-mono\/#breadcrumb","itemListElement":[{"@type":"ListItem","position":1,"name":"Portada","item":"https:\/\/canal7slp.tv\/2022\/"},{"@type":"ListItem","position":2,"name":"OMS exhorta a pa\u00edses europeos tomar medidas urgentes ante alza de casos de Viruela del Mono"}]},{"@type":"WebSite","@id":"https:\/\/canal7slp.tv\/2022\/#website","url":"https:\/\/canal7slp.tv\/2022\/","name":"N7 - Noticieros Canal 7","description":"Somos Televisi\u00f3n","publisher":{"@id":"https:\/\/canal7slp.tv\/2022\/#organization"},"potentialAction":[{"@type":"SearchAction","target":{"@type":"EntryPoint","urlTemplate":"https:\/\/canal7slp.tv\/2022\/?s={search_term_string}"},"query-input":{"@type":"PropertyValueSpecification","valueRequired":true,"valueName":"search_term_string"}}],"inLanguage":"es"},{"@type":"Organization","@id":"https:\/\/canal7slp.tv\/2022\/#organization","name":"Noticieros Canal 7","url":"https:\/\/canal7slp.tv\/2022\/","logo":{"@type":"ImageObject","inLanguage":"es","@id":"https:\/\/canal7slp.tv\/2022\/#\/schema\/logo\/image\/","url":"https:\/\/canal7slp.tv\/2022\/wp-content\/uploads\/2021\/01\/logo-noticieros@2x.png","contentUrl":"https:\/\/canal7slp.tv\/2022\/wp-content\/uploads\/2021\/01\/logo-noticieros@2x.png","width":1017,"height":268,"caption":"Noticieros Canal 7"},"image":{"@id":"https:\/\/canal7slp.tv\/2022\/#\/schema\/logo\/image\/"},"sameAs":["https:\/\/www.facebook.com\/noticieroscanalsiete","https:\/\/x.com\/NOTICIEROS7","https:\/\/www.instagram.com\/canal7_slp","https:\/\/www.youtube.com\/channel\/UCliiYs-gP3JfJeqdPrNdd5A"]},{"@type":"Person","@id":"https:\/\/canal7slp.tv\/2022\/#\/schema\/person\/429704152a21f5f856ce29aa69a238da","name":"Edici\u00f3n Web","image":{"@type":"ImageObject","inLanguage":"es","@id":"https:\/\/secure.gravatar.com\/avatar\/eee448fc3f7164808013b816ba91ac7e43bbe82a70bebac296f8bc6f0addaa1a?s=96&d=mm&r=g","url":"https:\/\/secure.gravatar.com\/avatar\/eee448fc3f7164808013b816ba91ac7e43bbe82a70bebac296f8bc6f0addaa1a?s=96&d=mm&r=g","contentUrl":"https:\/\/secure.gravatar.com\/avatar\/eee448fc3f7164808013b816ba91ac7e43bbe82a70bebac296f8bc6f0addaa1a?s=96&d=mm&r=g","caption":"Edici\u00f3n Web"},"url":"https:\/\/canal7slp.tv\/2022\/author\/edicionweb\/"}]}},"amp_enabled":true,"_links":{"self":[{"href":"https:\/\/canal7slp.tv\/2022\/wp-json\/wp\/v2\/posts\/65278","targetHints":{"allow":["GET"]}}],"collection":[{"href":"https:\/\/canal7slp.tv\/2022\/wp-json\/wp\/v2\/posts"}],"about":[{"href":"https:\/\/canal7slp.tv\/2022\/wp-json\/wp\/v2\/types\/post"}],"author":[{"embeddable":true,"href":"https:\/\/canal7slp.tv\/2022\/wp-json\/wp\/v2\/users\/2"}],"replies":[{"embeddable":true,"href":"https:\/\/canal7slp.tv\/2022\/wp-json\/wp\/v2\/comments?post=65278"}],"version-history":[{"count":2,"href":"https:\/\/canal7slp.tv\/2022\/wp-json\/wp\/v2\/posts\/65278\/revisions"}],"predecessor-version":[{"id":65297,"href":"https:\/\/canal7slp.tv\/2022\/wp-json\/wp\/v2\/posts\/65278\/revisions\/65297"}],"wp:featuredmedia":[{"embeddable":true,"href":"https:\/\/canal7slp.tv\/2022\/wp-json\/wp\/v2\/media\/65291"}],"wp:attachment":[{"href":"https:\/\/canal7slp.tv\/2022\/wp-json\/wp\/v2\/media?parent=65278"}],"wp:term":[{"taxonomy":"category","embeddable":true,"href":"https:\/\/canal7slp.tv\/2022\/wp-json\/wp\/v2\/categories?post=65278"},{"taxonomy":"post_tag","embeddable":true,"href":"https:\/\/canal7slp.tv\/2022\/wp-json\/wp\/v2\/tags?post=65278"}],"curies":[{"name":"wp","href":"https:\/\/api.w.org\/{rel}","templated":true}]}}