{"id":65277,"date":"2022-07-01T16:20:59","date_gmt":"2022-07-01T22:20:59","guid":{"rendered":"https:\/\/canal7slp.tv\/2022\/?p=65277"},"modified":"2022-07-01T16:20:59","modified_gmt":"2022-07-01T22:20:59","slug":"se-forma-en-el-caribe-la-tormenta-tropical-bonnie","status":"publish","type":"post","link":"https:\/\/canal7slp.tv\/2022\/se-forma-en-el-caribe-la-tormenta-tropical-bonnie\/","title":{"rendered":"Se forma en el Caribe la Tormenta Tropical \u201cBonnie\u201d"},"content":{"rendered":"<p style=\"text-align: justify;\">EUA.- Este viernes se form\u00f3 la tormenta tropical \u00abBonnie\u00bb en el Caribe, mientras se dirig\u00eda a la costa atl\u00e1ntica de Centroam\u00e9rica. El cicl\u00f3n podr\u00eda convertirse en hurac\u00e1n despu\u00e9s de cruzar el continente y volver a emerger en el Pac\u00edfico.<\/p>\n<p style=\"text-align: justify;\">El Centro Nacional de Huracanes de Estados Unidos dijo que el ojo de la tormenta tropical \u00abBonnie\u00bb se dirig\u00eda a la regi\u00f3n fronteriza entre Nicaragua y Costa Rica. Se espera que provoque inundaciones importantes, con lluvias de hasta 200 mil\u00edmetros y a\u00fan m\u00e1s en lugares aislados.<\/p>\n<p style=\"text-align: justify;\">Esta ma\u00f1ana, la tormenta tropical \u00abBonnie\u00bb presentaba vientos m\u00e1ximos sostenidos de 65 km\/h y su centro estaba a unos 370 kil\u00f3metros al este de Bluefields en la costa atl\u00e1ntica de Nicaragua, mientras se desplazaba hacia el oeste a 31 km\/h.<\/p>\n<p style=\"text-align: justify;\">El Centro de Huracanes dijo que se proyecta que \u00abBonnie\u00bb emerja sobre el Pac\u00edfico ma\u00f1ana s\u00e1bado y gane fuerza mientras se desplace sobre de forma casi paralela a la costa durante los d\u00edas siguientes.<\/p>\n<p style=\"text-align: justify;\">Est\u00e1 vigente una advertencia de tormenta tropical para la isla de San Andr\u00e9s en Colombia y desde Cabo Blanco en Costa Rica hacia el norte hasta Puerto Sandino en Nicaragua.<\/p>\n<p style=\"text-align: justify;\">El meteoro, de r\u00e1pido movimiento, ha dejado lluvias en partes de la regi\u00f3n del Caribe desde el pasado lunes, pero fue hasta hoy viernes que cumpli\u00f3 con los criterios para ser catalogado como tormenta tropical con nombre.<\/p>\n","protected":false},"excerpt":{"rendered":"<p>EUA.- Este viernes se form\u00f3 la tormenta tropical \u00abBonnie\u00bb en el Caribe, mientras se dirig\u00eda a la costa atl\u00e1ntica de Centroam\u00e9rica. El cicl\u00f3n podr\u00eda convertirse en hurac\u00e1n despu\u00e9s de cruzar el continente y volver a emerger en el Pac\u00edfico. El Centro Nacional de Huracanes de Estados Unidos dijo que el ojo de la tormenta tropical \u00abBonnie\u00bb se dirig\u00eda a la regi\u00f3n fronteriza entre Nicaragua y Costa Rica. Se espera que provoque inundaciones importantes, con lluvias de hasta 200 mil\u00edmetros y a\u00fan m\u00e1s en lugares aislados. Esta ma\u00f1ana, la tormenta tropical \u00abBonnie\u00bb presentaba vientos m\u00e1ximos sostenidos de 65 km\/h y su [&hellip;]<\/p>\n","protected":false},"author":2,"featured_media":65290,"comment_status":"closed","ping_status":"closed","sticky":false,"template":"","format":"standard","meta":{"footnotes":""},"categories":[44],"tags":[],"class_list":["post-65277","post","type-post","status-publish","format-standard","has-post-thumbnail","hentry","category-internacional","post--single"],"yoast_head":"<!-- This site is optimized with the Yoast SEO plugin v27.4 - https:\/\/yoast.com\/product\/yoast-seo-wordpress\/ -->\n<title>Se forma en el Caribe la Tormenta Tropical \u201cBonnie\u201d - Canal 7 SLP - 2022<\/title>\n<meta name=\"robots\" content=\"index, follow, max-snippet:-1, max-image-preview:large, max-video-preview:-1\" \/>\n<link rel=\"canonical\" href=\"https:\/\/canal7slp.tv\/2022\/se-forma-en-el-caribe-la-tormenta-tropical-bonnie\/\" \/>\n<meta property=\"og:locale\" content=\"es_ES\" \/>\n<meta property=\"og:type\" content=\"article\" \/>\n<meta property=\"og:title\" content=\"Se forma en el Caribe la Tormenta Tropical \u201cBonnie\u201d - Canal 7 SLP - 2022\" \/>\n<meta property=\"og:description\" content=\"EUA.- Este viernes se form\u00f3 la tormenta tropical \u00abBonnie\u00bb en el Caribe, mientras se dirig\u00eda a la costa atl\u00e1ntica de Centroam\u00e9rica. El cicl\u00f3n podr\u00eda convertirse en hurac\u00e1n despu\u00e9s de cruzar el continente y volver a emerger en el Pac\u00edfico. El Centro Nacional de Huracanes de Estados Unidos dijo que el ojo de la tormenta tropical \u00abBonnie\u00bb se dirig\u00eda a la regi\u00f3n fronteriza entre Nicaragua y Costa Rica. Se espera que provoque inundaciones importantes, con lluvias de hasta 200 mil\u00edmetros y a\u00fan m\u00e1s en lugares aislados. Esta ma\u00f1ana, la tormenta tropical \u00abBonnie\u00bb presentaba vientos m\u00e1ximos sostenidos de 65 km\/h y su [&hellip;]\" \/>\n<meta property=\"og:url\" content=\"https:\/\/canal7slp.tv\/2022\/se-forma-en-el-caribe-la-tormenta-tropical-bonnie\/\" \/>\n<meta property=\"og:site_name\" content=\"Canal 7 SLP - 2022\" \/>\n<meta property=\"article:publisher\" content=\"https:\/\/www.facebook.com\/noticieroscanalsiete\" \/>\n<meta property=\"article:published_time\" content=\"2022-07-01T22:20:59+00:00\" \/>\n<meta property=\"og:image\" content=\"https:\/\/canal7slp.tv\/2022\/wp-content\/uploads\/2022\/07\/05.jpeg\" \/>\n\t<meta property=\"og:image:width\" content=\"1200\" \/>\n\t<meta property=\"og:image:height\" content=\"680\" \/>\n\t<meta property=\"og:image:type\" content=\"image\/jpeg\" \/>\n<meta name=\"author\" content=\"Edici\u00f3n Web\" \/>\n<meta name=\"twitter:card\" content=\"summary_large_image\" \/>\n<meta name=\"twitter:creator\" content=\"@NOTICIEROS7\" \/>\n<meta name=\"twitter:site\" content=\"@NOTICIEROS7\" \/>\n<meta name=\"twitter:label1\" content=\"Escrito por\" \/>\n\t<meta name=\"twitter:data1\" content=\"Edici\u00f3n Web\" \/>\n\t<meta name=\"twitter:label2\" content=\"Tiempo de lectura\" \/>\n\t<meta name=\"twitter:data2\" content=\"2 minutos\" \/>\n<script type=\"application\/ld+json\" class=\"yoast-schema-graph\">{\"@context\":\"https:\\\/\\\/schema.org\",\"@graph\":[{\"@type\":\"Article\",\"@id\":\"https:\\\/\\\/canal7slp.tv\\\/2022\\\/se-forma-en-el-caribe-la-tormenta-tropical-bonnie\\\/#article\",\"isPartOf\":{\"@id\":\"https:\\\/\\\/canal7slp.tv\\\/2022\\\/se-forma-en-el-caribe-la-tormenta-tropical-bonnie\\\/\"},\"author\":{\"name\":\"Edici\u00f3n Web\",\"@id\":\"https:\\\/\\\/canal7slp.tv\\\/2022\\\/#\\\/schema\\\/person\\\/429704152a21f5f856ce29aa69a238da\"},\"headline\":\"Se forma en el Caribe la Tormenta Tropical \u201cBonnie\u201d\",\"datePublished\":\"2022-07-01T22:20:59+00:00\",\"mainEntityOfPage\":{\"@id\":\"https:\\\/\\\/canal7slp.tv\\\/2022\\\/se-forma-en-el-caribe-la-tormenta-tropical-bonnie\\\/\"},\"wordCount\":258,\"publisher\":{\"@id\":\"https:\\\/\\\/canal7slp.tv\\\/2022\\\/#organization\"},\"image\":{\"@id\":\"https:\\\/\\\/canal7slp.tv\\\/2022\\\/se-forma-en-el-caribe-la-tormenta-tropical-bonnie\\\/#primaryimage\"},\"thumbnailUrl\":\"https:\\\/\\\/canal7slp.tv\\\/2022\\\/wp-content\\\/uploads\\\/2022\\\/07\\\/05.jpeg\",\"articleSection\":[\"INTERNACIONALES\"],\"inLanguage\":\"es\"},{\"@type\":\"WebPage\",\"@id\":\"https:\\\/\\\/canal7slp.tv\\\/2022\\\/se-forma-en-el-caribe-la-tormenta-tropical-bonnie\\\/\",\"url\":\"https:\\\/\\\/canal7slp.tv\\\/2022\\\/se-forma-en-el-caribe-la-tormenta-tropical-bonnie\\\/\",\"name\":\"Se forma en el Caribe la Tormenta Tropical \u201cBonnie\u201d - Canal 7 SLP - 2022\",\"isPartOf\":{\"@id\":\"https:\\\/\\\/canal7slp.tv\\\/2022\\\/#website\"},\"primaryImageOfPage\":{\"@id\":\"https:\\\/\\\/canal7slp.tv\\\/2022\\\/se-forma-en-el-caribe-la-tormenta-tropical-bonnie\\\/#primaryimage\"},\"image\":{\"@id\":\"https:\\\/\\\/canal7slp.tv\\\/2022\\\/se-forma-en-el-caribe-la-tormenta-tropical-bonnie\\\/#primaryimage\"},\"thumbnailUrl\":\"https:\\\/\\\/canal7slp.tv\\\/2022\\\/wp-content\\\/uploads\\\/2022\\\/07\\\/05.jpeg\",\"datePublished\":\"2022-07-01T22:20:59+00:00\",\"breadcrumb\":{\"@id\":\"https:\\\/\\\/canal7slp.tv\\\/2022\\\/se-forma-en-el-caribe-la-tormenta-tropical-bonnie\\\/#breadcrumb\"},\"inLanguage\":\"es\",\"potentialAction\":[{\"@type\":\"ReadAction\",\"target\":[\"https:\\\/\\\/canal7slp.tv\\\/2022\\\/se-forma-en-el-caribe-la-tormenta-tropical-bonnie\\\/\"]}]},{\"@type\":\"ImageObject\",\"inLanguage\":\"es\",\"@id\":\"https:\\\/\\\/canal7slp.tv\\\/2022\\\/se-forma-en-el-caribe-la-tormenta-tropical-bonnie\\\/#primaryimage\",\"url\":\"https:\\\/\\\/canal7slp.tv\\\/2022\\\/wp-content\\\/uploads\\\/2022\\\/07\\\/05.jpeg\",\"contentUrl\":\"https:\\\/\\\/canal7slp.tv\\\/2022\\\/wp-content\\\/uploads\\\/2022\\\/07\\\/05.jpeg\",\"width\":1200,\"height\":680},{\"@type\":\"BreadcrumbList\",\"@id\":\"https:\\\/\\\/canal7slp.tv\\\/2022\\\/se-forma-en-el-caribe-la-tormenta-tropical-bonnie\\\/#breadcrumb\",\"itemListElement\":[{\"@type\":\"ListItem\",\"position\":1,\"name\":\"Portada\",\"item\":\"https:\\\/\\\/canal7slp.tv\\\/2022\\\/\"},{\"@type\":\"ListItem\",\"position\":2,\"name\":\"Se forma en el Caribe la Tormenta Tropical \u201cBonnie\u201d\"}]},{\"@type\":\"WebSite\",\"@id\":\"https:\\\/\\\/canal7slp.tv\\\/2022\\\/#website\",\"url\":\"https:\\\/\\\/canal7slp.tv\\\/2022\\\/\",\"name\":\"N7 - Noticieros Canal 7\",\"description\":\"Somos Televisi\u00f3n\",\"publisher\":{\"@id\":\"https:\\\/\\\/canal7slp.tv\\\/2022\\\/#organization\"},\"potentialAction\":[{\"@type\":\"SearchAction\",\"target\":{\"@type\":\"EntryPoint\",\"urlTemplate\":\"https:\\\/\\\/canal7slp.tv\\\/2022\\\/?s={search_term_string}\"},\"query-input\":{\"@type\":\"PropertyValueSpecification\",\"valueRequired\":true,\"valueName\":\"search_term_string\"}}],\"inLanguage\":\"es\"},{\"@type\":\"Organization\",\"@id\":\"https:\\\/\\\/canal7slp.tv\\\/2022\\\/#organization\",\"name\":\"Noticieros Canal 7\",\"url\":\"https:\\\/\\\/canal7slp.tv\\\/2022\\\/\",\"logo\":{\"@type\":\"ImageObject\",\"inLanguage\":\"es\",\"@id\":\"https:\\\/\\\/canal7slp.tv\\\/2022\\\/#\\\/schema\\\/logo\\\/image\\\/\",\"url\":\"https:\\\/\\\/canal7slp.tv\\\/2022\\\/wp-content\\\/uploads\\\/2021\\\/01\\\/logo-noticieros@2x.png\",\"contentUrl\":\"https:\\\/\\\/canal7slp.tv\\\/2022\\\/wp-content\\\/uploads\\\/2021\\\/01\\\/logo-noticieros@2x.png\",\"width\":1017,\"height\":268,\"caption\":\"Noticieros Canal 7\"},\"image\":{\"@id\":\"https:\\\/\\\/canal7slp.tv\\\/2022\\\/#\\\/schema\\\/logo\\\/image\\\/\"},\"sameAs\":[\"https:\\\/\\\/www.facebook.com\\\/noticieroscanalsiete\",\"https:\\\/\\\/x.com\\\/NOTICIEROS7\",\"https:\\\/\\\/www.instagram.com\\\/canal7_slp\",\"https:\\\/\\\/www.youtube.com\\\/channel\\\/UCliiYs-gP3JfJeqdPrNdd5A\"]},{\"@type\":\"Person\",\"@id\":\"https:\\\/\\\/canal7slp.tv\\\/2022\\\/#\\\/schema\\\/person\\\/429704152a21f5f856ce29aa69a238da\",\"name\":\"Edici\u00f3n Web\",\"image\":{\"@type\":\"ImageObject\",\"inLanguage\":\"es\",\"@id\":\"https:\\\/\\\/secure.gravatar.com\\\/avatar\\\/eee448fc3f7164808013b816ba91ac7e43bbe82a70bebac296f8bc6f0addaa1a?s=96&d=mm&r=g\",\"url\":\"https:\\\/\\\/secure.gravatar.com\\\/avatar\\\/eee448fc3f7164808013b816ba91ac7e43bbe82a70bebac296f8bc6f0addaa1a?s=96&d=mm&r=g\",\"contentUrl\":\"https:\\\/\\\/secure.gravatar.com\\\/avatar\\\/eee448fc3f7164808013b816ba91ac7e43bbe82a70bebac296f8bc6f0addaa1a?s=96&d=mm&r=g\",\"caption\":\"Edici\u00f3n Web\"},\"url\":\"https:\\\/\\\/canal7slp.tv\\\/2022\\\/author\\\/edicionweb\\\/\"}]}<\/script>\n<!-- \/ Yoast SEO plugin. -->","yoast_head_json":{"title":"Se forma en el Caribe la Tormenta Tropical \u201cBonnie\u201d - Canal 7 SLP - 2022","robots":{"index":"index","follow":"follow","max-snippet":"max-snippet:-1","max-image-preview":"max-image-preview:large","max-video-preview":"max-video-preview:-1"},"canonical":"https:\/\/canal7slp.tv\/2022\/se-forma-en-el-caribe-la-tormenta-tropical-bonnie\/","og_locale":"es_ES","og_type":"article","og_title":"Se forma en el Caribe la Tormenta Tropical \u201cBonnie\u201d - Canal 7 SLP - 2022","og_description":"EUA.- Este viernes se form\u00f3 la tormenta tropical \u00abBonnie\u00bb en el Caribe, mientras se dirig\u00eda a la costa atl\u00e1ntica de Centroam\u00e9rica. El cicl\u00f3n podr\u00eda convertirse en hurac\u00e1n despu\u00e9s de cruzar el continente y volver a emerger en el Pac\u00edfico. El Centro Nacional de Huracanes de Estados Unidos dijo que el ojo de la tormenta tropical \u00abBonnie\u00bb se dirig\u00eda a la regi\u00f3n fronteriza entre Nicaragua y Costa Rica. Se espera que provoque inundaciones importantes, con lluvias de hasta 200 mil\u00edmetros y a\u00fan m\u00e1s en lugares aislados. Esta ma\u00f1ana, la tormenta tropical \u00abBonnie\u00bb presentaba vientos m\u00e1ximos sostenidos de 65 km\/h y su [&hellip;]","og_url":"https:\/\/canal7slp.tv\/2022\/se-forma-en-el-caribe-la-tormenta-tropical-bonnie\/","og_site_name":"Canal 7 SLP - 2022","article_publisher":"https:\/\/www.facebook.com\/noticieroscanalsiete","article_published_time":"2022-07-01T22:20:59+00:00","og_image":[{"width":1200,"height":680,"url":"https:\/\/canal7slp.tv\/2022\/wp-content\/uploads\/2022\/07\/05.jpeg","type":"image\/jpeg"}],"author":"Edici\u00f3n Web","twitter_card":"summary_large_image","twitter_creator":"@NOTICIEROS7","twitter_site":"@NOTICIEROS7","twitter_misc":{"Escrito por":"Edici\u00f3n Web","Tiempo de lectura":"2 minutos"},"schema":{"@context":"https:\/\/schema.org","@graph":[{"@type":"Article","@id":"https:\/\/canal7slp.tv\/2022\/se-forma-en-el-caribe-la-tormenta-tropical-bonnie\/#article","isPartOf":{"@id":"https:\/\/canal7slp.tv\/2022\/se-forma-en-el-caribe-la-tormenta-tropical-bonnie\/"},"author":{"name":"Edici\u00f3n Web","@id":"https:\/\/canal7slp.tv\/2022\/#\/schema\/person\/429704152a21f5f856ce29aa69a238da"},"headline":"Se forma en el Caribe la Tormenta Tropical \u201cBonnie\u201d","datePublished":"2022-07-01T22:20:59+00:00","mainEntityOfPage":{"@id":"https:\/\/canal7slp.tv\/2022\/se-forma-en-el-caribe-la-tormenta-tropical-bonnie\/"},"wordCount":258,"publisher":{"@id":"https:\/\/canal7slp.tv\/2022\/#organization"},"image":{"@id":"https:\/\/canal7slp.tv\/2022\/se-forma-en-el-caribe-la-tormenta-tropical-bonnie\/#primaryimage"},"thumbnailUrl":"https:\/\/canal7slp.tv\/2022\/wp-content\/uploads\/2022\/07\/05.jpeg","articleSection":["INTERNACIONALES"],"inLanguage":"es"},{"@type":"WebPage","@id":"https:\/\/canal7slp.tv\/2022\/se-forma-en-el-caribe-la-tormenta-tropical-bonnie\/","url":"https:\/\/canal7slp.tv\/2022\/se-forma-en-el-caribe-la-tormenta-tropical-bonnie\/","name":"Se forma en el Caribe la Tormenta Tropical \u201cBonnie\u201d - Canal 7 SLP - 2022","isPartOf":{"@id":"https:\/\/canal7slp.tv\/2022\/#website"},"primaryImageOfPage":{"@id":"https:\/\/canal7slp.tv\/2022\/se-forma-en-el-caribe-la-tormenta-tropical-bonnie\/#primaryimage"},"image":{"@id":"https:\/\/canal7slp.tv\/2022\/se-forma-en-el-caribe-la-tormenta-tropical-bonnie\/#primaryimage"},"thumbnailUrl":"https:\/\/canal7slp.tv\/2022\/wp-content\/uploads\/2022\/07\/05.jpeg","datePublished":"2022-07-01T22:20:59+00:00","breadcrumb":{"@id":"https:\/\/canal7slp.tv\/2022\/se-forma-en-el-caribe-la-tormenta-tropical-bonnie\/#breadcrumb"},"inLanguage":"es","potentialAction":[{"@type":"ReadAction","target":["https:\/\/canal7slp.tv\/2022\/se-forma-en-el-caribe-la-tormenta-tropical-bonnie\/"]}]},{"@type":"ImageObject","inLanguage":"es","@id":"https:\/\/canal7slp.tv\/2022\/se-forma-en-el-caribe-la-tormenta-tropical-bonnie\/#primaryimage","url":"https:\/\/canal7slp.tv\/2022\/wp-content\/uploads\/2022\/07\/05.jpeg","contentUrl":"https:\/\/canal7slp.tv\/2022\/wp-content\/uploads\/2022\/07\/05.jpeg","width":1200,"height":680},{"@type":"BreadcrumbList","@id":"https:\/\/canal7slp.tv\/2022\/se-forma-en-el-caribe-la-tormenta-tropical-bonnie\/#breadcrumb","itemListElement":[{"@type":"ListItem","position":1,"name":"Portada","item":"https:\/\/canal7slp.tv\/2022\/"},{"@type":"ListItem","position":2,"name":"Se forma en el Caribe la Tormenta Tropical \u201cBonnie\u201d"}]},{"@type":"WebSite","@id":"https:\/\/canal7slp.tv\/2022\/#website","url":"https:\/\/canal7slp.tv\/2022\/","name":"N7 - Noticieros Canal 7","description":"Somos Televisi\u00f3n","publisher":{"@id":"https:\/\/canal7slp.tv\/2022\/#organization"},"potentialAction":[{"@type":"SearchAction","target":{"@type":"EntryPoint","urlTemplate":"https:\/\/canal7slp.tv\/2022\/?s={search_term_string}"},"query-input":{"@type":"PropertyValueSpecification","valueRequired":true,"valueName":"search_term_string"}}],"inLanguage":"es"},{"@type":"Organization","@id":"https:\/\/canal7slp.tv\/2022\/#organization","name":"Noticieros Canal 7","url":"https:\/\/canal7slp.tv\/2022\/","logo":{"@type":"ImageObject","inLanguage":"es","@id":"https:\/\/canal7slp.tv\/2022\/#\/schema\/logo\/image\/","url":"https:\/\/canal7slp.tv\/2022\/wp-content\/uploads\/2021\/01\/logo-noticieros@2x.png","contentUrl":"https:\/\/canal7slp.tv\/2022\/wp-content\/uploads\/2021\/01\/logo-noticieros@2x.png","width":1017,"height":268,"caption":"Noticieros Canal 7"},"image":{"@id":"https:\/\/canal7slp.tv\/2022\/#\/schema\/logo\/image\/"},"sameAs":["https:\/\/www.facebook.com\/noticieroscanalsiete","https:\/\/x.com\/NOTICIEROS7","https:\/\/www.instagram.com\/canal7_slp","https:\/\/www.youtube.com\/channel\/UCliiYs-gP3JfJeqdPrNdd5A"]},{"@type":"Person","@id":"https:\/\/canal7slp.tv\/2022\/#\/schema\/person\/429704152a21f5f856ce29aa69a238da","name":"Edici\u00f3n Web","image":{"@type":"ImageObject","inLanguage":"es","@id":"https:\/\/secure.gravatar.com\/avatar\/eee448fc3f7164808013b816ba91ac7e43bbe82a70bebac296f8bc6f0addaa1a?s=96&d=mm&r=g","url":"https:\/\/secure.gravatar.com\/avatar\/eee448fc3f7164808013b816ba91ac7e43bbe82a70bebac296f8bc6f0addaa1a?s=96&d=mm&r=g","contentUrl":"https:\/\/secure.gravatar.com\/avatar\/eee448fc3f7164808013b816ba91ac7e43bbe82a70bebac296f8bc6f0addaa1a?s=96&d=mm&r=g","caption":"Edici\u00f3n Web"},"url":"https:\/\/canal7slp.tv\/2022\/author\/edicionweb\/"}]}},"amp_enabled":true,"_links":{"self":[{"href":"https:\/\/canal7slp.tv\/2022\/wp-json\/wp\/v2\/posts\/65277","targetHints":{"allow":["GET"]}}],"collection":[{"href":"https:\/\/canal7slp.tv\/2022\/wp-json\/wp\/v2\/posts"}],"about":[{"href":"https:\/\/canal7slp.tv\/2022\/wp-json\/wp\/v2\/types\/post"}],"author":[{"embeddable":true,"href":"https:\/\/canal7slp.tv\/2022\/wp-json\/wp\/v2\/users\/2"}],"replies":[{"embeddable":true,"href":"https:\/\/canal7slp.tv\/2022\/wp-json\/wp\/v2\/comments?post=65277"}],"version-history":[{"count":2,"href":"https:\/\/canal7slp.tv\/2022\/wp-json\/wp\/v2\/posts\/65277\/revisions"}],"predecessor-version":[{"id":65296,"href":"https:\/\/canal7slp.tv\/2022\/wp-json\/wp\/v2\/posts\/65277\/revisions\/65296"}],"wp:featuredmedia":[{"embeddable":true,"href":"https:\/\/canal7slp.tv\/2022\/wp-json\/wp\/v2\/media\/65290"}],"wp:attachment":[{"href":"https:\/\/canal7slp.tv\/2022\/wp-json\/wp\/v2\/media?parent=65277"}],"wp:term":[{"taxonomy":"category","embeddable":true,"href":"https:\/\/canal7slp.tv\/2022\/wp-json\/wp\/v2\/categories?post=65277"},{"taxonomy":"post_tag","embeddable":true,"href":"https:\/\/canal7slp.tv\/2022\/wp-json\/wp\/v2\/tags?post=65277"}],"curies":[{"name":"wp","href":"https:\/\/api.w.org\/{rel}","templated":true}]}}