{"id":65274,"date":"2022-07-01T16:21:11","date_gmt":"2022-07-01T22:21:11","guid":{"rendered":"https:\/\/canal7slp.tv\/2022\/?p=65274"},"modified":"2022-07-01T16:21:11","modified_gmt":"2022-07-01T22:21:11","slug":"inauguran-la-primera-etapa-de-la-refineria-dos-bocas","status":"publish","type":"post","link":"https:\/\/canal7slp.tv\/2022\/inauguran-la-primera-etapa-de-la-refineria-dos-bocas\/","title":{"rendered":"Inauguran la primera etapa de la refiner\u00eda Dos Bocas"},"content":{"rendered":"<p style=\"text-align: justify;\">Para\u00edso.- Este 1 de Julio, el presidente Andr\u00e9s Manuel L\u00f3pez Obrador cort\u00f3 el list\u00f3n inaugural de la primera etapa de la nueva refiner\u00eda de Dos Bocas en Para\u00edso, Tabasco.<\/p>\n<p style=\"text-align: justify;\">En el evento estuvieron presentes:<\/p>\n<ul style=\"text-align: justify;\">\n<li>Beatriz Gutierrez M\u00fcller<\/li>\n<li>Roc\u00edo Nahle, secretaria de Energ\u00eda (SENER) y encargada de la obra<\/li>\n<li>El General Luis Cresencio Sandoval, titular de la Defensa Nacional (SEDENA)<\/li>\n<li>El almirante Jos\u00e9 Rafael Ojeda Dur\u00e1n, titular de Marina (SEMAR)<\/li>\n<li>Carlos Manuel Merino Campos, gobernador de Tabasco<\/li>\n<li>Octavio Romero Oropeza, director general de Pemex<\/li>\n<li>Juan Pablo de Botton Falc\u00f3n, subsecretario de Egresos de la Secretar\u00eda de Hacienda y Cr\u00e9dito P\u00fablico (SHCP)<\/li>\n<\/ul>\n<p style=\"text-align: justify;\">El mandatario realiz\u00f3 un recorrido por las instalaciones de la nueva refiner\u00eda.<\/p>\n","protected":false},"excerpt":{"rendered":"<p>Para\u00edso.- Este 1 de Julio, el presidente Andr\u00e9s Manuel L\u00f3pez Obrador cort\u00f3 el list\u00f3n inaugural de la primera etapa de la nueva refiner\u00eda de Dos Bocas en Para\u00edso, Tabasco. En el evento estuvieron presentes: Beatriz Gutierrez M\u00fcller Roc\u00edo Nahle, secretaria de Energ\u00eda (SENER) y encargada de la obra El General Luis Cresencio Sandoval, titular de la Defensa Nacional (SEDENA) El almirante Jos\u00e9 Rafael Ojeda Dur\u00e1n, titular de Marina (SEMAR) Carlos Manuel Merino Campos, gobernador de Tabasco Octavio Romero Oropeza, director general de Pemex Juan Pablo de Botton Falc\u00f3n, subsecretario de Egresos de la Secretar\u00eda de Hacienda y Cr\u00e9dito P\u00fablico (SHCP) [&hellip;]<\/p>\n","protected":false},"author":2,"featured_media":65286,"comment_status":"closed","ping_status":"closed","sticky":false,"template":"","format":"standard","meta":{"footnotes":""},"categories":[46],"tags":[],"class_list":["post-65274","post","type-post","status-publish","format-standard","has-post-thumbnail","hentry","category-nacional","post--single"],"yoast_head":"<!-- This site is optimized with the Yoast SEO plugin v27.4 - https:\/\/yoast.com\/product\/yoast-seo-wordpress\/ -->\n<title>Inauguran la primera etapa de la refiner\u00eda Dos Bocas - Canal 7 SLP - 2022<\/title>\n<meta name=\"robots\" content=\"index, follow, max-snippet:-1, max-image-preview:large, max-video-preview:-1\" \/>\n<link rel=\"canonical\" href=\"https:\/\/canal7slp.tv\/2022\/inauguran-la-primera-etapa-de-la-refineria-dos-bocas\/\" \/>\n<meta property=\"og:locale\" content=\"es_ES\" \/>\n<meta property=\"og:type\" content=\"article\" \/>\n<meta property=\"og:title\" content=\"Inauguran la primera etapa de la refiner\u00eda Dos Bocas - Canal 7 SLP - 2022\" \/>\n<meta property=\"og:description\" content=\"Para\u00edso.- Este 1 de Julio, el presidente Andr\u00e9s Manuel L\u00f3pez Obrador cort\u00f3 el list\u00f3n inaugural de la primera etapa de la nueva refiner\u00eda de Dos Bocas en Para\u00edso, Tabasco. En el evento estuvieron presentes: Beatriz Gutierrez M\u00fcller Roc\u00edo Nahle, secretaria de Energ\u00eda (SENER) y encargada de la obra El General Luis Cresencio Sandoval, titular de la Defensa Nacional (SEDENA) El almirante Jos\u00e9 Rafael Ojeda Dur\u00e1n, titular de Marina (SEMAR) Carlos Manuel Merino Campos, gobernador de Tabasco Octavio Romero Oropeza, director general de Pemex Juan Pablo de Botton Falc\u00f3n, subsecretario de Egresos de la Secretar\u00eda de Hacienda y Cr\u00e9dito P\u00fablico (SHCP) [&hellip;]\" \/>\n<meta property=\"og:url\" content=\"https:\/\/canal7slp.tv\/2022\/inauguran-la-primera-etapa-de-la-refineria-dos-bocas\/\" \/>\n<meta property=\"og:site_name\" content=\"Canal 7 SLP - 2022\" \/>\n<meta property=\"article:publisher\" content=\"https:\/\/www.facebook.com\/noticieroscanalsiete\" \/>\n<meta property=\"article:published_time\" content=\"2022-07-01T22:21:11+00:00\" \/>\n<meta property=\"og:image\" content=\"https:\/\/canal7slp.tv\/2022\/wp-content\/uploads\/2022\/07\/01.jpg\" \/>\n\t<meta property=\"og:image:width\" content=\"1080\" \/>\n\t<meta property=\"og:image:height\" content=\"608\" \/>\n\t<meta property=\"og:image:type\" content=\"image\/jpeg\" \/>\n<meta name=\"author\" content=\"Edici\u00f3n Web\" \/>\n<meta name=\"twitter:card\" content=\"summary_large_image\" \/>\n<meta name=\"twitter:creator\" content=\"@NOTICIEROS7\" \/>\n<meta name=\"twitter:site\" content=\"@NOTICIEROS7\" \/>\n<meta name=\"twitter:label1\" content=\"Escrito por\" \/>\n\t<meta name=\"twitter:data1\" content=\"Edici\u00f3n Web\" \/>\n\t<meta name=\"twitter:label2\" content=\"Tiempo de lectura\" \/>\n\t<meta name=\"twitter:data2\" content=\"1 minuto\" \/>\n<script type=\"application\/ld+json\" class=\"yoast-schema-graph\">{\"@context\":\"https:\\\/\\\/schema.org\",\"@graph\":[{\"@type\":\"Article\",\"@id\":\"https:\\\/\\\/canal7slp.tv\\\/2022\\\/inauguran-la-primera-etapa-de-la-refineria-dos-bocas\\\/#article\",\"isPartOf\":{\"@id\":\"https:\\\/\\\/canal7slp.tv\\\/2022\\\/inauguran-la-primera-etapa-de-la-refineria-dos-bocas\\\/\"},\"author\":{\"name\":\"Edici\u00f3n Web\",\"@id\":\"https:\\\/\\\/canal7slp.tv\\\/2022\\\/#\\\/schema\\\/person\\\/429704152a21f5f856ce29aa69a238da\"},\"headline\":\"Inauguran la primera etapa de la refiner\u00eda Dos Bocas\",\"datePublished\":\"2022-07-01T22:21:11+00:00\",\"mainEntityOfPage\":{\"@id\":\"https:\\\/\\\/canal7slp.tv\\\/2022\\\/inauguran-la-primera-etapa-de-la-refineria-dos-bocas\\\/\"},\"wordCount\":137,\"publisher\":{\"@id\":\"https:\\\/\\\/canal7slp.tv\\\/2022\\\/#organization\"},\"image\":{\"@id\":\"https:\\\/\\\/canal7slp.tv\\\/2022\\\/inauguran-la-primera-etapa-de-la-refineria-dos-bocas\\\/#primaryimage\"},\"thumbnailUrl\":\"https:\\\/\\\/canal7slp.tv\\\/2022\\\/wp-content\\\/uploads\\\/2022\\\/07\\\/01.jpg\",\"articleSection\":[\"NACIONALES\"],\"inLanguage\":\"es\"},{\"@type\":\"WebPage\",\"@id\":\"https:\\\/\\\/canal7slp.tv\\\/2022\\\/inauguran-la-primera-etapa-de-la-refineria-dos-bocas\\\/\",\"url\":\"https:\\\/\\\/canal7slp.tv\\\/2022\\\/inauguran-la-primera-etapa-de-la-refineria-dos-bocas\\\/\",\"name\":\"Inauguran la primera etapa de la refiner\u00eda Dos Bocas - Canal 7 SLP - 2022\",\"isPartOf\":{\"@id\":\"https:\\\/\\\/canal7slp.tv\\\/2022\\\/#website\"},\"primaryImageOfPage\":{\"@id\":\"https:\\\/\\\/canal7slp.tv\\\/2022\\\/inauguran-la-primera-etapa-de-la-refineria-dos-bocas\\\/#primaryimage\"},\"image\":{\"@id\":\"https:\\\/\\\/canal7slp.tv\\\/2022\\\/inauguran-la-primera-etapa-de-la-refineria-dos-bocas\\\/#primaryimage\"},\"thumbnailUrl\":\"https:\\\/\\\/canal7slp.tv\\\/2022\\\/wp-content\\\/uploads\\\/2022\\\/07\\\/01.jpg\",\"datePublished\":\"2022-07-01T22:21:11+00:00\",\"breadcrumb\":{\"@id\":\"https:\\\/\\\/canal7slp.tv\\\/2022\\\/inauguran-la-primera-etapa-de-la-refineria-dos-bocas\\\/#breadcrumb\"},\"inLanguage\":\"es\",\"potentialAction\":[{\"@type\":\"ReadAction\",\"target\":[\"https:\\\/\\\/canal7slp.tv\\\/2022\\\/inauguran-la-primera-etapa-de-la-refineria-dos-bocas\\\/\"]}]},{\"@type\":\"ImageObject\",\"inLanguage\":\"es\",\"@id\":\"https:\\\/\\\/canal7slp.tv\\\/2022\\\/inauguran-la-primera-etapa-de-la-refineria-dos-bocas\\\/#primaryimage\",\"url\":\"https:\\\/\\\/canal7slp.tv\\\/2022\\\/wp-content\\\/uploads\\\/2022\\\/07\\\/01.jpg\",\"contentUrl\":\"https:\\\/\\\/canal7slp.tv\\\/2022\\\/wp-content\\\/uploads\\\/2022\\\/07\\\/01.jpg\",\"width\":1080,\"height\":608},{\"@type\":\"BreadcrumbList\",\"@id\":\"https:\\\/\\\/canal7slp.tv\\\/2022\\\/inauguran-la-primera-etapa-de-la-refineria-dos-bocas\\\/#breadcrumb\",\"itemListElement\":[{\"@type\":\"ListItem\",\"position\":1,\"name\":\"Portada\",\"item\":\"https:\\\/\\\/canal7slp.tv\\\/2022\\\/\"},{\"@type\":\"ListItem\",\"position\":2,\"name\":\"Inauguran la primera etapa de la refiner\u00eda Dos Bocas\"}]},{\"@type\":\"WebSite\",\"@id\":\"https:\\\/\\\/canal7slp.tv\\\/2022\\\/#website\",\"url\":\"https:\\\/\\\/canal7slp.tv\\\/2022\\\/\",\"name\":\"N7 - Noticieros Canal 7\",\"description\":\"Somos Televisi\u00f3n\",\"publisher\":{\"@id\":\"https:\\\/\\\/canal7slp.tv\\\/2022\\\/#organization\"},\"potentialAction\":[{\"@type\":\"SearchAction\",\"target\":{\"@type\":\"EntryPoint\",\"urlTemplate\":\"https:\\\/\\\/canal7slp.tv\\\/2022\\\/?s={search_term_string}\"},\"query-input\":{\"@type\":\"PropertyValueSpecification\",\"valueRequired\":true,\"valueName\":\"search_term_string\"}}],\"inLanguage\":\"es\"},{\"@type\":\"Organization\",\"@id\":\"https:\\\/\\\/canal7slp.tv\\\/2022\\\/#organization\",\"name\":\"Noticieros Canal 7\",\"url\":\"https:\\\/\\\/canal7slp.tv\\\/2022\\\/\",\"logo\":{\"@type\":\"ImageObject\",\"inLanguage\":\"es\",\"@id\":\"https:\\\/\\\/canal7slp.tv\\\/2022\\\/#\\\/schema\\\/logo\\\/image\\\/\",\"url\":\"https:\\\/\\\/canal7slp.tv\\\/2022\\\/wp-content\\\/uploads\\\/2021\\\/01\\\/logo-noticieros@2x.png\",\"contentUrl\":\"https:\\\/\\\/canal7slp.tv\\\/2022\\\/wp-content\\\/uploads\\\/2021\\\/01\\\/logo-noticieros@2x.png\",\"width\":1017,\"height\":268,\"caption\":\"Noticieros Canal 7\"},\"image\":{\"@id\":\"https:\\\/\\\/canal7slp.tv\\\/2022\\\/#\\\/schema\\\/logo\\\/image\\\/\"},\"sameAs\":[\"https:\\\/\\\/www.facebook.com\\\/noticieroscanalsiete\",\"https:\\\/\\\/x.com\\\/NOTICIEROS7\",\"https:\\\/\\\/www.instagram.com\\\/canal7_slp\",\"https:\\\/\\\/www.youtube.com\\\/channel\\\/UCliiYs-gP3JfJeqdPrNdd5A\"]},{\"@type\":\"Person\",\"@id\":\"https:\\\/\\\/canal7slp.tv\\\/2022\\\/#\\\/schema\\\/person\\\/429704152a21f5f856ce29aa69a238da\",\"name\":\"Edici\u00f3n Web\",\"image\":{\"@type\":\"ImageObject\",\"inLanguage\":\"es\",\"@id\":\"https:\\\/\\\/secure.gravatar.com\\\/avatar\\\/eee448fc3f7164808013b816ba91ac7e43bbe82a70bebac296f8bc6f0addaa1a?s=96&d=mm&r=g\",\"url\":\"https:\\\/\\\/secure.gravatar.com\\\/avatar\\\/eee448fc3f7164808013b816ba91ac7e43bbe82a70bebac296f8bc6f0addaa1a?s=96&d=mm&r=g\",\"contentUrl\":\"https:\\\/\\\/secure.gravatar.com\\\/avatar\\\/eee448fc3f7164808013b816ba91ac7e43bbe82a70bebac296f8bc6f0addaa1a?s=96&d=mm&r=g\",\"caption\":\"Edici\u00f3n Web\"},\"url\":\"https:\\\/\\\/canal7slp.tv\\\/2022\\\/author\\\/edicionweb\\\/\"}]}<\/script>\n<!-- \/ Yoast SEO plugin. -->","yoast_head_json":{"title":"Inauguran la primera etapa de la refiner\u00eda Dos Bocas - Canal 7 SLP - 2022","robots":{"index":"index","follow":"follow","max-snippet":"max-snippet:-1","max-image-preview":"max-image-preview:large","max-video-preview":"max-video-preview:-1"},"canonical":"https:\/\/canal7slp.tv\/2022\/inauguran-la-primera-etapa-de-la-refineria-dos-bocas\/","og_locale":"es_ES","og_type":"article","og_title":"Inauguran la primera etapa de la refiner\u00eda Dos Bocas - Canal 7 SLP - 2022","og_description":"Para\u00edso.- Este 1 de Julio, el presidente Andr\u00e9s Manuel L\u00f3pez Obrador cort\u00f3 el list\u00f3n inaugural de la primera etapa de la nueva refiner\u00eda de Dos Bocas en Para\u00edso, Tabasco. En el evento estuvieron presentes: Beatriz Gutierrez M\u00fcller Roc\u00edo Nahle, secretaria de Energ\u00eda (SENER) y encargada de la obra El General Luis Cresencio Sandoval, titular de la Defensa Nacional (SEDENA) El almirante Jos\u00e9 Rafael Ojeda Dur\u00e1n, titular de Marina (SEMAR) Carlos Manuel Merino Campos, gobernador de Tabasco Octavio Romero Oropeza, director general de Pemex Juan Pablo de Botton Falc\u00f3n, subsecretario de Egresos de la Secretar\u00eda de Hacienda y Cr\u00e9dito P\u00fablico (SHCP) [&hellip;]","og_url":"https:\/\/canal7slp.tv\/2022\/inauguran-la-primera-etapa-de-la-refineria-dos-bocas\/","og_site_name":"Canal 7 SLP - 2022","article_publisher":"https:\/\/www.facebook.com\/noticieroscanalsiete","article_published_time":"2022-07-01T22:21:11+00:00","og_image":[{"width":1080,"height":608,"url":"https:\/\/canal7slp.tv\/2022\/wp-content\/uploads\/2022\/07\/01.jpg","type":"image\/jpeg"}],"author":"Edici\u00f3n Web","twitter_card":"summary_large_image","twitter_creator":"@NOTICIEROS7","twitter_site":"@NOTICIEROS7","twitter_misc":{"Escrito por":"Edici\u00f3n Web","Tiempo de lectura":"1 minuto"},"schema":{"@context":"https:\/\/schema.org","@graph":[{"@type":"Article","@id":"https:\/\/canal7slp.tv\/2022\/inauguran-la-primera-etapa-de-la-refineria-dos-bocas\/#article","isPartOf":{"@id":"https:\/\/canal7slp.tv\/2022\/inauguran-la-primera-etapa-de-la-refineria-dos-bocas\/"},"author":{"name":"Edici\u00f3n Web","@id":"https:\/\/canal7slp.tv\/2022\/#\/schema\/person\/429704152a21f5f856ce29aa69a238da"},"headline":"Inauguran la primera etapa de la refiner\u00eda Dos Bocas","datePublished":"2022-07-01T22:21:11+00:00","mainEntityOfPage":{"@id":"https:\/\/canal7slp.tv\/2022\/inauguran-la-primera-etapa-de-la-refineria-dos-bocas\/"},"wordCount":137,"publisher":{"@id":"https:\/\/canal7slp.tv\/2022\/#organization"},"image":{"@id":"https:\/\/canal7slp.tv\/2022\/inauguran-la-primera-etapa-de-la-refineria-dos-bocas\/#primaryimage"},"thumbnailUrl":"https:\/\/canal7slp.tv\/2022\/wp-content\/uploads\/2022\/07\/01.jpg","articleSection":["NACIONALES"],"inLanguage":"es"},{"@type":"WebPage","@id":"https:\/\/canal7slp.tv\/2022\/inauguran-la-primera-etapa-de-la-refineria-dos-bocas\/","url":"https:\/\/canal7slp.tv\/2022\/inauguran-la-primera-etapa-de-la-refineria-dos-bocas\/","name":"Inauguran la primera etapa de la refiner\u00eda Dos Bocas - Canal 7 SLP - 2022","isPartOf":{"@id":"https:\/\/canal7slp.tv\/2022\/#website"},"primaryImageOfPage":{"@id":"https:\/\/canal7slp.tv\/2022\/inauguran-la-primera-etapa-de-la-refineria-dos-bocas\/#primaryimage"},"image":{"@id":"https:\/\/canal7slp.tv\/2022\/inauguran-la-primera-etapa-de-la-refineria-dos-bocas\/#primaryimage"},"thumbnailUrl":"https:\/\/canal7slp.tv\/2022\/wp-content\/uploads\/2022\/07\/01.jpg","datePublished":"2022-07-01T22:21:11+00:00","breadcrumb":{"@id":"https:\/\/canal7slp.tv\/2022\/inauguran-la-primera-etapa-de-la-refineria-dos-bocas\/#breadcrumb"},"inLanguage":"es","potentialAction":[{"@type":"ReadAction","target":["https:\/\/canal7slp.tv\/2022\/inauguran-la-primera-etapa-de-la-refineria-dos-bocas\/"]}]},{"@type":"ImageObject","inLanguage":"es","@id":"https:\/\/canal7slp.tv\/2022\/inauguran-la-primera-etapa-de-la-refineria-dos-bocas\/#primaryimage","url":"https:\/\/canal7slp.tv\/2022\/wp-content\/uploads\/2022\/07\/01.jpg","contentUrl":"https:\/\/canal7slp.tv\/2022\/wp-content\/uploads\/2022\/07\/01.jpg","width":1080,"height":608},{"@type":"BreadcrumbList","@id":"https:\/\/canal7slp.tv\/2022\/inauguran-la-primera-etapa-de-la-refineria-dos-bocas\/#breadcrumb","itemListElement":[{"@type":"ListItem","position":1,"name":"Portada","item":"https:\/\/canal7slp.tv\/2022\/"},{"@type":"ListItem","position":2,"name":"Inauguran la primera etapa de la refiner\u00eda Dos Bocas"}]},{"@type":"WebSite","@id":"https:\/\/canal7slp.tv\/2022\/#website","url":"https:\/\/canal7slp.tv\/2022\/","name":"N7 - Noticieros Canal 7","description":"Somos Televisi\u00f3n","publisher":{"@id":"https:\/\/canal7slp.tv\/2022\/#organization"},"potentialAction":[{"@type":"SearchAction","target":{"@type":"EntryPoint","urlTemplate":"https:\/\/canal7slp.tv\/2022\/?s={search_term_string}"},"query-input":{"@type":"PropertyValueSpecification","valueRequired":true,"valueName":"search_term_string"}}],"inLanguage":"es"},{"@type":"Organization","@id":"https:\/\/canal7slp.tv\/2022\/#organization","name":"Noticieros Canal 7","url":"https:\/\/canal7slp.tv\/2022\/","logo":{"@type":"ImageObject","inLanguage":"es","@id":"https:\/\/canal7slp.tv\/2022\/#\/schema\/logo\/image\/","url":"https:\/\/canal7slp.tv\/2022\/wp-content\/uploads\/2021\/01\/logo-noticieros@2x.png","contentUrl":"https:\/\/canal7slp.tv\/2022\/wp-content\/uploads\/2021\/01\/logo-noticieros@2x.png","width":1017,"height":268,"caption":"Noticieros Canal 7"},"image":{"@id":"https:\/\/canal7slp.tv\/2022\/#\/schema\/logo\/image\/"},"sameAs":["https:\/\/www.facebook.com\/noticieroscanalsiete","https:\/\/x.com\/NOTICIEROS7","https:\/\/www.instagram.com\/canal7_slp","https:\/\/www.youtube.com\/channel\/UCliiYs-gP3JfJeqdPrNdd5A"]},{"@type":"Person","@id":"https:\/\/canal7slp.tv\/2022\/#\/schema\/person\/429704152a21f5f856ce29aa69a238da","name":"Edici\u00f3n Web","image":{"@type":"ImageObject","inLanguage":"es","@id":"https:\/\/secure.gravatar.com\/avatar\/eee448fc3f7164808013b816ba91ac7e43bbe82a70bebac296f8bc6f0addaa1a?s=96&d=mm&r=g","url":"https:\/\/secure.gravatar.com\/avatar\/eee448fc3f7164808013b816ba91ac7e43bbe82a70bebac296f8bc6f0addaa1a?s=96&d=mm&r=g","contentUrl":"https:\/\/secure.gravatar.com\/avatar\/eee448fc3f7164808013b816ba91ac7e43bbe82a70bebac296f8bc6f0addaa1a?s=96&d=mm&r=g","caption":"Edici\u00f3n Web"},"url":"https:\/\/canal7slp.tv\/2022\/author\/edicionweb\/"}]}},"amp_enabled":true,"_links":{"self":[{"href":"https:\/\/canal7slp.tv\/2022\/wp-json\/wp\/v2\/posts\/65274","targetHints":{"allow":["GET"]}}],"collection":[{"href":"https:\/\/canal7slp.tv\/2022\/wp-json\/wp\/v2\/posts"}],"about":[{"href":"https:\/\/canal7slp.tv\/2022\/wp-json\/wp\/v2\/types\/post"}],"author":[{"embeddable":true,"href":"https:\/\/canal7slp.tv\/2022\/wp-json\/wp\/v2\/users\/2"}],"replies":[{"embeddable":true,"href":"https:\/\/canal7slp.tv\/2022\/wp-json\/wp\/v2\/comments?post=65274"}],"version-history":[{"count":2,"href":"https:\/\/canal7slp.tv\/2022\/wp-json\/wp\/v2\/posts\/65274\/revisions"}],"predecessor-version":[{"id":65292,"href":"https:\/\/canal7slp.tv\/2022\/wp-json\/wp\/v2\/posts\/65274\/revisions\/65292"}],"wp:featuredmedia":[{"embeddable":true,"href":"https:\/\/canal7slp.tv\/2022\/wp-json\/wp\/v2\/media\/65286"}],"wp:attachment":[{"href":"https:\/\/canal7slp.tv\/2022\/wp-json\/wp\/v2\/media?parent=65274"}],"wp:term":[{"taxonomy":"category","embeddable":true,"href":"https:\/\/canal7slp.tv\/2022\/wp-json\/wp\/v2\/categories?post=65274"},{"taxonomy":"post_tag","embeddable":true,"href":"https:\/\/canal7slp.tv\/2022\/wp-json\/wp\/v2\/tags?post=65274"}],"curies":[{"name":"wp","href":"https:\/\/api.w.org\/{rel}","templated":true}]}}