{"id":64419,"date":"2022-06-22T18:54:14","date_gmt":"2022-06-23T00:54:14","guid":{"rendered":"https:\/\/canal7slp.tv\/2022\/?p=64419"},"modified":"2022-06-22T18:54:14","modified_gmt":"2022-06-23T00:54:14","slug":"secult-da-a-conocer-actividades-que-realizara-en-esta-temporada-de-verano","status":"publish","type":"post","link":"https:\/\/canal7slp.tv\/2022\/secult-da-a-conocer-actividades-que-realizara-en-esta-temporada-de-verano\/","title":{"rendered":"SECULT da a conocer actividades que realizar\u00e1 en esta temporada de verano."},"content":{"rendered":"<p style=\"text-align: justify;\">SLP.- La secretaria de Cultura del Gobierno del Estado Elizabeth Torres M\u00e9ndez dio a conocer la agenda art\u00edstica y cultural que se tiene preparada para esta temporada vacacional de verano.<\/p>\n<p style=\"text-align: justify;\">La funcionaria estatal se\u00f1al\u00f3 que por su relevancia destacan dos eventos, uno de ellos, el Festival Internacional de Danza Contempor\u00e1nea \u201cLila L\u00f3pez\u201d, y en el que participan compa\u00f1\u00edas de danza de varios pa\u00edses del mundo.<\/p>\n<p style=\"text-align: justify;\">Asimismo, la titular de la Secretar\u00eda\u00a0 de Cultura inform\u00f3 que para el mes de Agosto se montar\u00e1 un stand en la Feria Nacional Potosina, adem\u00e1s de una serie de eventos en el mes de Septiembre por los festejos patrios.<\/p>\n<p style=\"text-align: justify;\">Asimismo, Torres M\u00e9ndez inform\u00f3 tambi\u00e9n que en este a\u00f1o se tiene previsto el Festival de las Huastecas del que San Luis Potos\u00ed ser\u00e1 sede.<\/p>\n<p style=\"text-align: justify;\">Por \u00faltimo, como parte de las actividades art\u00edstico-culturales de este a\u00f1o la secretaria de Cultura record\u00f3 que en el mes de Octubre se presenta el Festival de Xantolo y los eventos alusivos al d\u00eda de muertos.<\/p>\n<p style=\"text-align: justify;\">La titular de la SECULT dijo tambi\u00e9n que ante la nueva ola de COVID 19 estar\u00e1n a la espera de las indicaciones de las autoridades de salud, al decir que en eventos en espacios cerrados como por ejemplo obras de teatro, no permitir\u00e1n un aforo mayor al 70 por ciento de personas.<\/p>\n<p style=\"text-align: justify;\">Por: Claudio Ibarra<\/p>\n","protected":false},"excerpt":{"rendered":"<p>SLP.- La secretaria de Cultura del Gobierno del Estado Elizabeth Torres M\u00e9ndez dio a conocer la agenda art\u00edstica y cultural que se tiene preparada para esta temporada vacacional de verano. La funcionaria estatal se\u00f1al\u00f3 que por su relevancia destacan dos eventos, uno de ellos, el Festival Internacional de Danza Contempor\u00e1nea \u201cLila L\u00f3pez\u201d, y en el que participan compa\u00f1\u00edas de danza de varios pa\u00edses del mundo. Asimismo, la titular de la Secretar\u00eda\u00a0 de Cultura inform\u00f3 que para el mes de Agosto se montar\u00e1 un stand en la Feria Nacional Potosina, adem\u00e1s de una serie de eventos en el mes de Septiembre [&hellip;]<\/p>\n","protected":false},"author":2,"featured_media":64442,"comment_status":"closed","ping_status":"closed","sticky":false,"template":"","format":"video","meta":{"footnotes":""},"categories":[5,510,45],"tags":[],"class_list":["post-64419","post","type-post","status-publish","format-video","has-post-thumbnail","hentry","category-destacadas","category-gobedoslp","category-localesyregionales","post_format-post-format-video","post--single"],"yoast_head":"<!-- This site is optimized with the Yoast SEO plugin v27.4 - https:\/\/yoast.com\/product\/yoast-seo-wordpress\/ -->\n<title>SECULT da a conocer actividades que realizar\u00e1 en esta temporada de verano. - Canal 7 SLP - 2022<\/title>\n<meta name=\"robots\" content=\"index, follow, max-snippet:-1, max-image-preview:large, max-video-preview:-1\" \/>\n<link rel=\"canonical\" href=\"https:\/\/canal7slp.tv\/2022\/secult-da-a-conocer-actividades-que-realizara-en-esta-temporada-de-verano\/\" \/>\n<meta property=\"og:locale\" content=\"es_ES\" \/>\n<meta property=\"og:type\" content=\"article\" \/>\n<meta property=\"og:title\" content=\"SECULT da a conocer actividades que realizar\u00e1 en esta temporada de verano. - Canal 7 SLP - 2022\" \/>\n<meta property=\"og:description\" content=\"SLP.- La secretaria de Cultura del Gobierno del Estado Elizabeth Torres M\u00e9ndez dio a conocer la agenda art\u00edstica y cultural que se tiene preparada para esta temporada vacacional de verano. La funcionaria estatal se\u00f1al\u00f3 que por su relevancia destacan dos eventos, uno de ellos, el Festival Internacional de Danza Contempor\u00e1nea \u201cLila L\u00f3pez\u201d, y en el que participan compa\u00f1\u00edas de danza de varios pa\u00edses del mundo. Asimismo, la titular de la Secretar\u00eda\u00a0 de Cultura inform\u00f3 que para el mes de Agosto se montar\u00e1 un stand en la Feria Nacional Potosina, adem\u00e1s de una serie de eventos en el mes de Septiembre [&hellip;]\" \/>\n<meta property=\"og:url\" content=\"https:\/\/canal7slp.tv\/2022\/secult-da-a-conocer-actividades-que-realizara-en-esta-temporada-de-verano\/\" \/>\n<meta property=\"og:site_name\" content=\"Canal 7 SLP - 2022\" \/>\n<meta property=\"article:publisher\" content=\"https:\/\/www.facebook.com\/noticieroscanalsiete\" \/>\n<meta property=\"article:published_time\" content=\"2022-06-23T00:54:14+00:00\" \/>\n<meta property=\"og:image\" content=\"https:\/\/canal7slp.tv\/2022\/wp-content\/uploads\/2022\/06\/Claudio03Cultura.jpg\" \/>\n\t<meta property=\"og:image:width\" content=\"888\" \/>\n\t<meta property=\"og:image:height\" content=\"500\" \/>\n\t<meta property=\"og:image:type\" content=\"image\/jpeg\" \/>\n<meta name=\"author\" content=\"Edici\u00f3n Web\" \/>\n<meta name=\"twitter:card\" content=\"summary_large_image\" \/>\n<meta name=\"twitter:creator\" content=\"@NOTICIEROS7\" \/>\n<meta name=\"twitter:site\" content=\"@NOTICIEROS7\" \/>\n<meta name=\"twitter:label1\" content=\"Escrito por\" \/>\n\t<meta name=\"twitter:data1\" content=\"Edici\u00f3n Web\" \/>\n\t<meta name=\"twitter:label2\" content=\"Tiempo de lectura\" \/>\n\t<meta name=\"twitter:data2\" content=\"2 minutos\" \/>\n<script type=\"application\/ld+json\" class=\"yoast-schema-graph\">{\"@context\":\"https:\\\/\\\/schema.org\",\"@graph\":[{\"@type\":\"Article\",\"@id\":\"https:\\\/\\\/canal7slp.tv\\\/2022\\\/secult-da-a-conocer-actividades-que-realizara-en-esta-temporada-de-verano\\\/#article\",\"isPartOf\":{\"@id\":\"https:\\\/\\\/canal7slp.tv\\\/2022\\\/secult-da-a-conocer-actividades-que-realizara-en-esta-temporada-de-verano\\\/\"},\"author\":{\"name\":\"Edici\u00f3n Web\",\"@id\":\"https:\\\/\\\/canal7slp.tv\\\/2022\\\/#\\\/schema\\\/person\\\/429704152a21f5f856ce29aa69a238da\"},\"headline\":\"SECULT da a conocer actividades que realizar\u00e1 en esta temporada de verano.\",\"datePublished\":\"2022-06-23T00:54:14+00:00\",\"mainEntityOfPage\":{\"@id\":\"https:\\\/\\\/canal7slp.tv\\\/2022\\\/secult-da-a-conocer-actividades-que-realizara-en-esta-temporada-de-verano\\\/\"},\"wordCount\":248,\"publisher\":{\"@id\":\"https:\\\/\\\/canal7slp.tv\\\/2022\\\/#organization\"},\"image\":{\"@id\":\"https:\\\/\\\/canal7slp.tv\\\/2022\\\/secult-da-a-conocer-actividades-que-realizara-en-esta-temporada-de-verano\\\/#primaryimage\"},\"thumbnailUrl\":\"https:\\\/\\\/canal7slp.tv\\\/2022\\\/wp-content\\\/uploads\\\/2022\\\/06\\\/Claudio03Cultura.jpg\",\"articleSection\":[\"DESTACADAS\",\"GOBEDOSLP\",\"LOCALES Y REGIONALES\"],\"inLanguage\":\"es\"},{\"@type\":\"WebPage\",\"@id\":\"https:\\\/\\\/canal7slp.tv\\\/2022\\\/secult-da-a-conocer-actividades-que-realizara-en-esta-temporada-de-verano\\\/\",\"url\":\"https:\\\/\\\/canal7slp.tv\\\/2022\\\/secult-da-a-conocer-actividades-que-realizara-en-esta-temporada-de-verano\\\/\",\"name\":\"SECULT da a conocer actividades que realizar\u00e1 en esta temporada de verano. - Canal 7 SLP - 2022\",\"isPartOf\":{\"@id\":\"https:\\\/\\\/canal7slp.tv\\\/2022\\\/#website\"},\"primaryImageOfPage\":{\"@id\":\"https:\\\/\\\/canal7slp.tv\\\/2022\\\/secult-da-a-conocer-actividades-que-realizara-en-esta-temporada-de-verano\\\/#primaryimage\"},\"image\":{\"@id\":\"https:\\\/\\\/canal7slp.tv\\\/2022\\\/secult-da-a-conocer-actividades-que-realizara-en-esta-temporada-de-verano\\\/#primaryimage\"},\"thumbnailUrl\":\"https:\\\/\\\/canal7slp.tv\\\/2022\\\/wp-content\\\/uploads\\\/2022\\\/06\\\/Claudio03Cultura.jpg\",\"datePublished\":\"2022-06-23T00:54:14+00:00\",\"breadcrumb\":{\"@id\":\"https:\\\/\\\/canal7slp.tv\\\/2022\\\/secult-da-a-conocer-actividades-que-realizara-en-esta-temporada-de-verano\\\/#breadcrumb\"},\"inLanguage\":\"es\",\"potentialAction\":[{\"@type\":\"ReadAction\",\"target\":[\"https:\\\/\\\/canal7slp.tv\\\/2022\\\/secult-da-a-conocer-actividades-que-realizara-en-esta-temporada-de-verano\\\/\"]}]},{\"@type\":\"ImageObject\",\"inLanguage\":\"es\",\"@id\":\"https:\\\/\\\/canal7slp.tv\\\/2022\\\/secult-da-a-conocer-actividades-que-realizara-en-esta-temporada-de-verano\\\/#primaryimage\",\"url\":\"https:\\\/\\\/canal7slp.tv\\\/2022\\\/wp-content\\\/uploads\\\/2022\\\/06\\\/Claudio03Cultura.jpg\",\"contentUrl\":\"https:\\\/\\\/canal7slp.tv\\\/2022\\\/wp-content\\\/uploads\\\/2022\\\/06\\\/Claudio03Cultura.jpg\",\"width\":888,\"height\":500},{\"@type\":\"BreadcrumbList\",\"@id\":\"https:\\\/\\\/canal7slp.tv\\\/2022\\\/secult-da-a-conocer-actividades-que-realizara-en-esta-temporada-de-verano\\\/#breadcrumb\",\"itemListElement\":[{\"@type\":\"ListItem\",\"position\":1,\"name\":\"Portada\",\"item\":\"https:\\\/\\\/canal7slp.tv\\\/2022\\\/\"},{\"@type\":\"ListItem\",\"position\":2,\"name\":\"SECULT da a conocer actividades que realizar\u00e1 en esta temporada de verano.\"}]},{\"@type\":\"WebSite\",\"@id\":\"https:\\\/\\\/canal7slp.tv\\\/2022\\\/#website\",\"url\":\"https:\\\/\\\/canal7slp.tv\\\/2022\\\/\",\"name\":\"N7 - Noticieros Canal 7\",\"description\":\"Somos Televisi\u00f3n\",\"publisher\":{\"@id\":\"https:\\\/\\\/canal7slp.tv\\\/2022\\\/#organization\"},\"potentialAction\":[{\"@type\":\"SearchAction\",\"target\":{\"@type\":\"EntryPoint\",\"urlTemplate\":\"https:\\\/\\\/canal7slp.tv\\\/2022\\\/?s={search_term_string}\"},\"query-input\":{\"@type\":\"PropertyValueSpecification\",\"valueRequired\":true,\"valueName\":\"search_term_string\"}}],\"inLanguage\":\"es\"},{\"@type\":\"Organization\",\"@id\":\"https:\\\/\\\/canal7slp.tv\\\/2022\\\/#organization\",\"name\":\"Noticieros Canal 7\",\"url\":\"https:\\\/\\\/canal7slp.tv\\\/2022\\\/\",\"logo\":{\"@type\":\"ImageObject\",\"inLanguage\":\"es\",\"@id\":\"https:\\\/\\\/canal7slp.tv\\\/2022\\\/#\\\/schema\\\/logo\\\/image\\\/\",\"url\":\"https:\\\/\\\/canal7slp.tv\\\/2022\\\/wp-content\\\/uploads\\\/2021\\\/01\\\/logo-noticieros@2x.png\",\"contentUrl\":\"https:\\\/\\\/canal7slp.tv\\\/2022\\\/wp-content\\\/uploads\\\/2021\\\/01\\\/logo-noticieros@2x.png\",\"width\":1017,\"height\":268,\"caption\":\"Noticieros Canal 7\"},\"image\":{\"@id\":\"https:\\\/\\\/canal7slp.tv\\\/2022\\\/#\\\/schema\\\/logo\\\/image\\\/\"},\"sameAs\":[\"https:\\\/\\\/www.facebook.com\\\/noticieroscanalsiete\",\"https:\\\/\\\/x.com\\\/NOTICIEROS7\",\"https:\\\/\\\/www.instagram.com\\\/canal7_slp\",\"https:\\\/\\\/www.youtube.com\\\/channel\\\/UCliiYs-gP3JfJeqdPrNdd5A\"]},{\"@type\":\"Person\",\"@id\":\"https:\\\/\\\/canal7slp.tv\\\/2022\\\/#\\\/schema\\\/person\\\/429704152a21f5f856ce29aa69a238da\",\"name\":\"Edici\u00f3n Web\",\"image\":{\"@type\":\"ImageObject\",\"inLanguage\":\"es\",\"@id\":\"https:\\\/\\\/secure.gravatar.com\\\/avatar\\\/eee448fc3f7164808013b816ba91ac7e43bbe82a70bebac296f8bc6f0addaa1a?s=96&d=mm&r=g\",\"url\":\"https:\\\/\\\/secure.gravatar.com\\\/avatar\\\/eee448fc3f7164808013b816ba91ac7e43bbe82a70bebac296f8bc6f0addaa1a?s=96&d=mm&r=g\",\"contentUrl\":\"https:\\\/\\\/secure.gravatar.com\\\/avatar\\\/eee448fc3f7164808013b816ba91ac7e43bbe82a70bebac296f8bc6f0addaa1a?s=96&d=mm&r=g\",\"caption\":\"Edici\u00f3n Web\"},\"url\":\"https:\\\/\\\/canal7slp.tv\\\/2022\\\/author\\\/edicionweb\\\/\"}]}<\/script>\n<!-- \/ Yoast SEO plugin. -->","yoast_head_json":{"title":"SECULT da a conocer actividades que realizar\u00e1 en esta temporada de verano. - Canal 7 SLP - 2022","robots":{"index":"index","follow":"follow","max-snippet":"max-snippet:-1","max-image-preview":"max-image-preview:large","max-video-preview":"max-video-preview:-1"},"canonical":"https:\/\/canal7slp.tv\/2022\/secult-da-a-conocer-actividades-que-realizara-en-esta-temporada-de-verano\/","og_locale":"es_ES","og_type":"article","og_title":"SECULT da a conocer actividades que realizar\u00e1 en esta temporada de verano. - Canal 7 SLP - 2022","og_description":"SLP.- La secretaria de Cultura del Gobierno del Estado Elizabeth Torres M\u00e9ndez dio a conocer la agenda art\u00edstica y cultural que se tiene preparada para esta temporada vacacional de verano. La funcionaria estatal se\u00f1al\u00f3 que por su relevancia destacan dos eventos, uno de ellos, el Festival Internacional de Danza Contempor\u00e1nea \u201cLila L\u00f3pez\u201d, y en el que participan compa\u00f1\u00edas de danza de varios pa\u00edses del mundo. Asimismo, la titular de la Secretar\u00eda\u00a0 de Cultura inform\u00f3 que para el mes de Agosto se montar\u00e1 un stand en la Feria Nacional Potosina, adem\u00e1s de una serie de eventos en el mes de Septiembre [&hellip;]","og_url":"https:\/\/canal7slp.tv\/2022\/secult-da-a-conocer-actividades-que-realizara-en-esta-temporada-de-verano\/","og_site_name":"Canal 7 SLP - 2022","article_publisher":"https:\/\/www.facebook.com\/noticieroscanalsiete","article_published_time":"2022-06-23T00:54:14+00:00","og_image":[{"width":888,"height":500,"url":"https:\/\/canal7slp.tv\/2022\/wp-content\/uploads\/2022\/06\/Claudio03Cultura.jpg","type":"image\/jpeg"}],"author":"Edici\u00f3n Web","twitter_card":"summary_large_image","twitter_creator":"@NOTICIEROS7","twitter_site":"@NOTICIEROS7","twitter_misc":{"Escrito por":"Edici\u00f3n Web","Tiempo de lectura":"2 minutos"},"schema":{"@context":"https:\/\/schema.org","@graph":[{"@type":"Article","@id":"https:\/\/canal7slp.tv\/2022\/secult-da-a-conocer-actividades-que-realizara-en-esta-temporada-de-verano\/#article","isPartOf":{"@id":"https:\/\/canal7slp.tv\/2022\/secult-da-a-conocer-actividades-que-realizara-en-esta-temporada-de-verano\/"},"author":{"name":"Edici\u00f3n Web","@id":"https:\/\/canal7slp.tv\/2022\/#\/schema\/person\/429704152a21f5f856ce29aa69a238da"},"headline":"SECULT da a conocer actividades que realizar\u00e1 en esta temporada de verano.","datePublished":"2022-06-23T00:54:14+00:00","mainEntityOfPage":{"@id":"https:\/\/canal7slp.tv\/2022\/secult-da-a-conocer-actividades-que-realizara-en-esta-temporada-de-verano\/"},"wordCount":248,"publisher":{"@id":"https:\/\/canal7slp.tv\/2022\/#organization"},"image":{"@id":"https:\/\/canal7slp.tv\/2022\/secult-da-a-conocer-actividades-que-realizara-en-esta-temporada-de-verano\/#primaryimage"},"thumbnailUrl":"https:\/\/canal7slp.tv\/2022\/wp-content\/uploads\/2022\/06\/Claudio03Cultura.jpg","articleSection":["DESTACADAS","GOBEDOSLP","LOCALES Y REGIONALES"],"inLanguage":"es"},{"@type":"WebPage","@id":"https:\/\/canal7slp.tv\/2022\/secult-da-a-conocer-actividades-que-realizara-en-esta-temporada-de-verano\/","url":"https:\/\/canal7slp.tv\/2022\/secult-da-a-conocer-actividades-que-realizara-en-esta-temporada-de-verano\/","name":"SECULT da a conocer actividades que realizar\u00e1 en esta temporada de verano. - Canal 7 SLP - 2022","isPartOf":{"@id":"https:\/\/canal7slp.tv\/2022\/#website"},"primaryImageOfPage":{"@id":"https:\/\/canal7slp.tv\/2022\/secult-da-a-conocer-actividades-que-realizara-en-esta-temporada-de-verano\/#primaryimage"},"image":{"@id":"https:\/\/canal7slp.tv\/2022\/secult-da-a-conocer-actividades-que-realizara-en-esta-temporada-de-verano\/#primaryimage"},"thumbnailUrl":"https:\/\/canal7slp.tv\/2022\/wp-content\/uploads\/2022\/06\/Claudio03Cultura.jpg","datePublished":"2022-06-23T00:54:14+00:00","breadcrumb":{"@id":"https:\/\/canal7slp.tv\/2022\/secult-da-a-conocer-actividades-que-realizara-en-esta-temporada-de-verano\/#breadcrumb"},"inLanguage":"es","potentialAction":[{"@type":"ReadAction","target":["https:\/\/canal7slp.tv\/2022\/secult-da-a-conocer-actividades-que-realizara-en-esta-temporada-de-verano\/"]}]},{"@type":"ImageObject","inLanguage":"es","@id":"https:\/\/canal7slp.tv\/2022\/secult-da-a-conocer-actividades-que-realizara-en-esta-temporada-de-verano\/#primaryimage","url":"https:\/\/canal7slp.tv\/2022\/wp-content\/uploads\/2022\/06\/Claudio03Cultura.jpg","contentUrl":"https:\/\/canal7slp.tv\/2022\/wp-content\/uploads\/2022\/06\/Claudio03Cultura.jpg","width":888,"height":500},{"@type":"BreadcrumbList","@id":"https:\/\/canal7slp.tv\/2022\/secult-da-a-conocer-actividades-que-realizara-en-esta-temporada-de-verano\/#breadcrumb","itemListElement":[{"@type":"ListItem","position":1,"name":"Portada","item":"https:\/\/canal7slp.tv\/2022\/"},{"@type":"ListItem","position":2,"name":"SECULT da a conocer actividades que realizar\u00e1 en esta temporada de verano."}]},{"@type":"WebSite","@id":"https:\/\/canal7slp.tv\/2022\/#website","url":"https:\/\/canal7slp.tv\/2022\/","name":"N7 - Noticieros Canal 7","description":"Somos Televisi\u00f3n","publisher":{"@id":"https:\/\/canal7slp.tv\/2022\/#organization"},"potentialAction":[{"@type":"SearchAction","target":{"@type":"EntryPoint","urlTemplate":"https:\/\/canal7slp.tv\/2022\/?s={search_term_string}"},"query-input":{"@type":"PropertyValueSpecification","valueRequired":true,"valueName":"search_term_string"}}],"inLanguage":"es"},{"@type":"Organization","@id":"https:\/\/canal7slp.tv\/2022\/#organization","name":"Noticieros Canal 7","url":"https:\/\/canal7slp.tv\/2022\/","logo":{"@type":"ImageObject","inLanguage":"es","@id":"https:\/\/canal7slp.tv\/2022\/#\/schema\/logo\/image\/","url":"https:\/\/canal7slp.tv\/2022\/wp-content\/uploads\/2021\/01\/logo-noticieros@2x.png","contentUrl":"https:\/\/canal7slp.tv\/2022\/wp-content\/uploads\/2021\/01\/logo-noticieros@2x.png","width":1017,"height":268,"caption":"Noticieros Canal 7"},"image":{"@id":"https:\/\/canal7slp.tv\/2022\/#\/schema\/logo\/image\/"},"sameAs":["https:\/\/www.facebook.com\/noticieroscanalsiete","https:\/\/x.com\/NOTICIEROS7","https:\/\/www.instagram.com\/canal7_slp","https:\/\/www.youtube.com\/channel\/UCliiYs-gP3JfJeqdPrNdd5A"]},{"@type":"Person","@id":"https:\/\/canal7slp.tv\/2022\/#\/schema\/person\/429704152a21f5f856ce29aa69a238da","name":"Edici\u00f3n Web","image":{"@type":"ImageObject","inLanguage":"es","@id":"https:\/\/secure.gravatar.com\/avatar\/eee448fc3f7164808013b816ba91ac7e43bbe82a70bebac296f8bc6f0addaa1a?s=96&d=mm&r=g","url":"https:\/\/secure.gravatar.com\/avatar\/eee448fc3f7164808013b816ba91ac7e43bbe82a70bebac296f8bc6f0addaa1a?s=96&d=mm&r=g","contentUrl":"https:\/\/secure.gravatar.com\/avatar\/eee448fc3f7164808013b816ba91ac7e43bbe82a70bebac296f8bc6f0addaa1a?s=96&d=mm&r=g","caption":"Edici\u00f3n Web"},"url":"https:\/\/canal7slp.tv\/2022\/author\/edicionweb\/"}]}},"amp_enabled":true,"_links":{"self":[{"href":"https:\/\/canal7slp.tv\/2022\/wp-json\/wp\/v2\/posts\/64419","targetHints":{"allow":["GET"]}}],"collection":[{"href":"https:\/\/canal7slp.tv\/2022\/wp-json\/wp\/v2\/posts"}],"about":[{"href":"https:\/\/canal7slp.tv\/2022\/wp-json\/wp\/v2\/types\/post"}],"author":[{"embeddable":true,"href":"https:\/\/canal7slp.tv\/2022\/wp-json\/wp\/v2\/users\/2"}],"replies":[{"embeddable":true,"href":"https:\/\/canal7slp.tv\/2022\/wp-json\/wp\/v2\/comments?post=64419"}],"version-history":[{"count":3,"href":"https:\/\/canal7slp.tv\/2022\/wp-json\/wp\/v2\/posts\/64419\/revisions"}],"predecessor-version":[{"id":64443,"href":"https:\/\/canal7slp.tv\/2022\/wp-json\/wp\/v2\/posts\/64419\/revisions\/64443"}],"wp:featuredmedia":[{"embeddable":true,"href":"https:\/\/canal7slp.tv\/2022\/wp-json\/wp\/v2\/media\/64442"}],"wp:attachment":[{"href":"https:\/\/canal7slp.tv\/2022\/wp-json\/wp\/v2\/media?parent=64419"}],"wp:term":[{"taxonomy":"category","embeddable":true,"href":"https:\/\/canal7slp.tv\/2022\/wp-json\/wp\/v2\/categories?post=64419"},{"taxonomy":"post_tag","embeddable":true,"href":"https:\/\/canal7slp.tv\/2022\/wp-json\/wp\/v2\/tags?post=64419"}],"curies":[{"name":"wp","href":"https:\/\/api.w.org\/{rel}","templated":true}]}}