{"id":63850,"date":"2022-06-17T05:20:03","date_gmt":"2022-06-17T11:20:03","guid":{"rendered":"https:\/\/canal7slp.tv\/2022\/?p=63850"},"modified":"2022-06-17T05:20:03","modified_gmt":"2022-06-17T11:20:03","slug":"hombre-es-detenido-en-lomas-tras-presunto-allanamiento-y-dano-de-morada","status":"publish","type":"post","link":"https:\/\/canal7slp.tv\/2022\/hombre-es-detenido-en-lomas-tras-presunto-allanamiento-y-dano-de-morada\/","title":{"rendered":"Hombre es detenido en Lomas tras presunto allanamiento y da\u00f1o de morada."},"content":{"rendered":"<p style=\"text-align: justify;\">SLP.- En atenci\u00f3n a reporte sobre una supuesta agresi\u00f3n f\u00edsica entre una pareja, agentes municipales de la Secretar\u00eda de Seguridad y Protecci\u00f3n Ciudadana (SSPC) realizaron el aseguramiento de un hombre que al tratar de huir, fue se\u00f1alado de allanamiento y da\u00f1o de morada.<\/p>\n<p style=\"text-align: justify;\">Oficiales de Guardia Municipal realizaban patrullaje en el cuadrante poniente, cuando les fue reportado que una persona del sexo femenino era agredida por su pareja del sexo masculino; por lo que se les solicit\u00f3 acudir a la calle R\u00edo Kennedy en la colonia Lomas de los Filtros.<\/p>\n<p style=\"text-align: justify;\">Al arribar, oficiales visualizaron al sujeto descrito; \u00e9ste al ver la unidad policial comenz\u00f3 a huir del lugar, dirigi\u00e9ndose hacia la calle de Rio Papaolapan.<\/p>\n<p style=\"text-align: justify;\">En las inmediaciones ingres\u00f3 a un domicilio, en donde escal\u00f3 y descendi\u00f3 a trav\u00e9s de una barda por el acceso principal del inmueble, lo que provoc\u00f3 su ca\u00edda desde aproximadamente dos metros de altura, caus\u00e1ndole da\u00f1os a una estructura met\u00e1lica y un acr\u00edlico.<\/p>\n<p style=\"text-align: justify;\">Los propietarios del inmueble al percatarse de lo sucedido, dieron aviso a los agentes y solicitaron la detenci\u00f3n del sujeto por el allanamiento y los da\u00f1os causados.<\/p>\n<p style=\"text-align: justify;\">Posteriormente, se dio lectura de los derechos que le asisten como persona detenida a quien se identific\u00f3 como \u00c1ngel \u201cN\u201d de 23 a\u00f1os.<\/p>\n<p style=\"text-align: justify;\">Enseguida se traslad\u00f3 al individuo a instalaciones de Justicia C\u00edvica de la SSPC, donde el m\u00e9dico legista lo valor\u00f3 y expidi\u00f3 su certificado m\u00e9dico para finalmente ponerlo a disposici\u00f3n de la Fiscal\u00eda General del Estado ante presunta responsabilidad en los delitos de allanamiento de morada y da\u00f1os.<\/p>\n<p style=\"text-align: justify;\">Por: Maximiliano V\u00e1zquez<\/p>\n","protected":false},"excerpt":{"rendered":"<p>SLP.- En atenci\u00f3n a reporte sobre una supuesta agresi\u00f3n f\u00edsica entre una pareja, agentes municipales de la Secretar\u00eda de Seguridad y Protecci\u00f3n Ciudadana (SSPC) realizaron el aseguramiento de un hombre que al tratar de huir, fue se\u00f1alado de allanamiento y da\u00f1o de morada. Oficiales de Guardia Municipal realizaban patrullaje en el cuadrante poniente, cuando les fue reportado que una persona del sexo femenino era agredida por su pareja del sexo masculino; por lo que se les solicit\u00f3 acudir a la calle R\u00edo Kennedy en la colonia Lomas de los Filtros. Al arribar, oficiales visualizaron al sujeto descrito; \u00e9ste al ver [&hellip;]<\/p>\n","protected":false},"author":2,"featured_media":63878,"comment_status":"closed","ping_status":"closed","sticky":false,"template":"","format":"video","meta":{"footnotes":""},"categories":[5,45],"tags":[],"class_list":["post-63850","post","type-post","status-publish","format-video","has-post-thumbnail","hentry","category-destacadas","category-localesyregionales","post_format-post-format-video","post--single"],"yoast_head":"<!-- This site is optimized with the Yoast SEO plugin v27.5 - https:\/\/yoast.com\/product\/yoast-seo-wordpress\/ -->\n<title>Hombre es detenido en Lomas tras presunto allanamiento y da\u00f1o de morada. - Canal 7 SLP - 2022<\/title>\n<meta name=\"robots\" content=\"index, follow, max-snippet:-1, max-image-preview:large, max-video-preview:-1\" \/>\n<link rel=\"canonical\" href=\"https:\/\/canal7slp.tv\/2022\/hombre-es-detenido-en-lomas-tras-presunto-allanamiento-y-dano-de-morada\/\" \/>\n<meta property=\"og:locale\" content=\"es_ES\" \/>\n<meta property=\"og:type\" content=\"article\" \/>\n<meta property=\"og:title\" content=\"Hombre es detenido en Lomas tras presunto allanamiento y da\u00f1o de morada. - Canal 7 SLP - 2022\" \/>\n<meta property=\"og:description\" content=\"SLP.- En atenci\u00f3n a reporte sobre una supuesta agresi\u00f3n f\u00edsica entre una pareja, agentes municipales de la Secretar\u00eda de Seguridad y Protecci\u00f3n Ciudadana (SSPC) realizaron el aseguramiento de un hombre que al tratar de huir, fue se\u00f1alado de allanamiento y da\u00f1o de morada. Oficiales de Guardia Municipal realizaban patrullaje en el cuadrante poniente, cuando les fue reportado que una persona del sexo femenino era agredida por su pareja del sexo masculino; por lo que se les solicit\u00f3 acudir a la calle R\u00edo Kennedy en la colonia Lomas de los Filtros. Al arribar, oficiales visualizaron al sujeto descrito; \u00e9ste al ver [&hellip;]\" \/>\n<meta property=\"og:url\" content=\"https:\/\/canal7slp.tv\/2022\/hombre-es-detenido-en-lomas-tras-presunto-allanamiento-y-dano-de-morada\/\" \/>\n<meta property=\"og:site_name\" content=\"Canal 7 SLP - 2022\" \/>\n<meta property=\"article:publisher\" content=\"https:\/\/www.facebook.com\/noticieroscanalsiete\" \/>\n<meta property=\"article:published_time\" content=\"2022-06-17T11:20:03+00:00\" \/>\n<meta property=\"og:image\" content=\"https:\/\/canal7slp.tv\/2022\/wp-content\/uploads\/2022\/06\/Max03Detenido.jpg\" \/>\n\t<meta property=\"og:image:width\" content=\"743\" \/>\n\t<meta property=\"og:image:height\" content=\"500\" \/>\n\t<meta property=\"og:image:type\" content=\"image\/jpeg\" \/>\n<meta name=\"author\" content=\"Edici\u00f3n Web\" \/>\n<meta name=\"twitter:card\" content=\"summary_large_image\" \/>\n<meta name=\"twitter:creator\" content=\"@NOTICIEROS7\" \/>\n<meta name=\"twitter:site\" content=\"@NOTICIEROS7\" \/>\n<meta name=\"twitter:label1\" content=\"Escrito por\" \/>\n\t<meta name=\"twitter:data1\" content=\"Edici\u00f3n Web\" \/>\n\t<meta name=\"twitter:label2\" content=\"Tiempo de lectura\" \/>\n\t<meta name=\"twitter:data2\" content=\"2 minutos\" \/>\n<script type=\"application\/ld+json\" class=\"yoast-schema-graph\">{\"@context\":\"https:\\\/\\\/schema.org\",\"@graph\":[{\"@type\":\"Article\",\"@id\":\"https:\\\/\\\/canal7slp.tv\\\/2022\\\/hombre-es-detenido-en-lomas-tras-presunto-allanamiento-y-dano-de-morada\\\/#article\",\"isPartOf\":{\"@id\":\"https:\\\/\\\/canal7slp.tv\\\/2022\\\/hombre-es-detenido-en-lomas-tras-presunto-allanamiento-y-dano-de-morada\\\/\"},\"author\":{\"name\":\"Edici\u00f3n Web\",\"@id\":\"https:\\\/\\\/canal7slp.tv\\\/2022\\\/#\\\/schema\\\/person\\\/429704152a21f5f856ce29aa69a238da\"},\"headline\":\"Hombre es detenido en Lomas tras presunto allanamiento y da\u00f1o de morada.\",\"datePublished\":\"2022-06-17T11:20:03+00:00\",\"mainEntityOfPage\":{\"@id\":\"https:\\\/\\\/canal7slp.tv\\\/2022\\\/hombre-es-detenido-en-lomas-tras-presunto-allanamiento-y-dano-de-morada\\\/\"},\"wordCount\":296,\"publisher\":{\"@id\":\"https:\\\/\\\/canal7slp.tv\\\/2022\\\/#organization\"},\"image\":{\"@id\":\"https:\\\/\\\/canal7slp.tv\\\/2022\\\/hombre-es-detenido-en-lomas-tras-presunto-allanamiento-y-dano-de-morada\\\/#primaryimage\"},\"thumbnailUrl\":\"https:\\\/\\\/canal7slp.tv\\\/2022\\\/wp-content\\\/uploads\\\/2022\\\/06\\\/Max03Detenido.jpg\",\"articleSection\":[\"DESTACADAS\",\"LOCALES Y REGIONALES\"],\"inLanguage\":\"es\"},{\"@type\":\"WebPage\",\"@id\":\"https:\\\/\\\/canal7slp.tv\\\/2022\\\/hombre-es-detenido-en-lomas-tras-presunto-allanamiento-y-dano-de-morada\\\/\",\"url\":\"https:\\\/\\\/canal7slp.tv\\\/2022\\\/hombre-es-detenido-en-lomas-tras-presunto-allanamiento-y-dano-de-morada\\\/\",\"name\":\"Hombre es detenido en Lomas tras presunto allanamiento y da\u00f1o de morada. - Canal 7 SLP - 2022\",\"isPartOf\":{\"@id\":\"https:\\\/\\\/canal7slp.tv\\\/2022\\\/#website\"},\"primaryImageOfPage\":{\"@id\":\"https:\\\/\\\/canal7slp.tv\\\/2022\\\/hombre-es-detenido-en-lomas-tras-presunto-allanamiento-y-dano-de-morada\\\/#primaryimage\"},\"image\":{\"@id\":\"https:\\\/\\\/canal7slp.tv\\\/2022\\\/hombre-es-detenido-en-lomas-tras-presunto-allanamiento-y-dano-de-morada\\\/#primaryimage\"},\"thumbnailUrl\":\"https:\\\/\\\/canal7slp.tv\\\/2022\\\/wp-content\\\/uploads\\\/2022\\\/06\\\/Max03Detenido.jpg\",\"datePublished\":\"2022-06-17T11:20:03+00:00\",\"breadcrumb\":{\"@id\":\"https:\\\/\\\/canal7slp.tv\\\/2022\\\/hombre-es-detenido-en-lomas-tras-presunto-allanamiento-y-dano-de-morada\\\/#breadcrumb\"},\"inLanguage\":\"es\",\"potentialAction\":[{\"@type\":\"ReadAction\",\"target\":[\"https:\\\/\\\/canal7slp.tv\\\/2022\\\/hombre-es-detenido-en-lomas-tras-presunto-allanamiento-y-dano-de-morada\\\/\"]}]},{\"@type\":\"ImageObject\",\"inLanguage\":\"es\",\"@id\":\"https:\\\/\\\/canal7slp.tv\\\/2022\\\/hombre-es-detenido-en-lomas-tras-presunto-allanamiento-y-dano-de-morada\\\/#primaryimage\",\"url\":\"https:\\\/\\\/canal7slp.tv\\\/2022\\\/wp-content\\\/uploads\\\/2022\\\/06\\\/Max03Detenido.jpg\",\"contentUrl\":\"https:\\\/\\\/canal7slp.tv\\\/2022\\\/wp-content\\\/uploads\\\/2022\\\/06\\\/Max03Detenido.jpg\",\"width\":743,\"height\":500},{\"@type\":\"BreadcrumbList\",\"@id\":\"https:\\\/\\\/canal7slp.tv\\\/2022\\\/hombre-es-detenido-en-lomas-tras-presunto-allanamiento-y-dano-de-morada\\\/#breadcrumb\",\"itemListElement\":[{\"@type\":\"ListItem\",\"position\":1,\"name\":\"Portada\",\"item\":\"https:\\\/\\\/canal7slp.tv\\\/2022\\\/\"},{\"@type\":\"ListItem\",\"position\":2,\"name\":\"Hombre es detenido en Lomas tras presunto allanamiento y da\u00f1o de morada.\"}]},{\"@type\":\"WebSite\",\"@id\":\"https:\\\/\\\/canal7slp.tv\\\/2022\\\/#website\",\"url\":\"https:\\\/\\\/canal7slp.tv\\\/2022\\\/\",\"name\":\"N7 - Noticieros Canal 7\",\"description\":\"Somos Televisi\u00f3n\",\"publisher\":{\"@id\":\"https:\\\/\\\/canal7slp.tv\\\/2022\\\/#organization\"},\"potentialAction\":[{\"@type\":\"SearchAction\",\"target\":{\"@type\":\"EntryPoint\",\"urlTemplate\":\"https:\\\/\\\/canal7slp.tv\\\/2022\\\/?s={search_term_string}\"},\"query-input\":{\"@type\":\"PropertyValueSpecification\",\"valueRequired\":true,\"valueName\":\"search_term_string\"}}],\"inLanguage\":\"es\"},{\"@type\":\"Organization\",\"@id\":\"https:\\\/\\\/canal7slp.tv\\\/2022\\\/#organization\",\"name\":\"Noticieros Canal 7\",\"url\":\"https:\\\/\\\/canal7slp.tv\\\/2022\\\/\",\"logo\":{\"@type\":\"ImageObject\",\"inLanguage\":\"es\",\"@id\":\"https:\\\/\\\/canal7slp.tv\\\/2022\\\/#\\\/schema\\\/logo\\\/image\\\/\",\"url\":\"https:\\\/\\\/canal7slp.tv\\\/2022\\\/wp-content\\\/uploads\\\/2021\\\/01\\\/logo-noticieros@2x.png\",\"contentUrl\":\"https:\\\/\\\/canal7slp.tv\\\/2022\\\/wp-content\\\/uploads\\\/2021\\\/01\\\/logo-noticieros@2x.png\",\"width\":1017,\"height\":268,\"caption\":\"Noticieros Canal 7\"},\"image\":{\"@id\":\"https:\\\/\\\/canal7slp.tv\\\/2022\\\/#\\\/schema\\\/logo\\\/image\\\/\"},\"sameAs\":[\"https:\\\/\\\/www.facebook.com\\\/noticieroscanalsiete\",\"https:\\\/\\\/x.com\\\/NOTICIEROS7\",\"https:\\\/\\\/www.instagram.com\\\/canal7_slp\",\"https:\\\/\\\/www.youtube.com\\\/channel\\\/UCliiYs-gP3JfJeqdPrNdd5A\"]},{\"@type\":\"Person\",\"@id\":\"https:\\\/\\\/canal7slp.tv\\\/2022\\\/#\\\/schema\\\/person\\\/429704152a21f5f856ce29aa69a238da\",\"name\":\"Edici\u00f3n Web\",\"image\":{\"@type\":\"ImageObject\",\"inLanguage\":\"es\",\"@id\":\"https:\\\/\\\/secure.gravatar.com\\\/avatar\\\/eee448fc3f7164808013b816ba91ac7e43bbe82a70bebac296f8bc6f0addaa1a?s=96&d=mm&r=g\",\"url\":\"https:\\\/\\\/secure.gravatar.com\\\/avatar\\\/eee448fc3f7164808013b816ba91ac7e43bbe82a70bebac296f8bc6f0addaa1a?s=96&d=mm&r=g\",\"contentUrl\":\"https:\\\/\\\/secure.gravatar.com\\\/avatar\\\/eee448fc3f7164808013b816ba91ac7e43bbe82a70bebac296f8bc6f0addaa1a?s=96&d=mm&r=g\",\"caption\":\"Edici\u00f3n Web\"},\"url\":\"https:\\\/\\\/canal7slp.tv\\\/2022\\\/author\\\/edicionweb\\\/\"}]}<\/script>\n<!-- \/ Yoast SEO plugin. -->","yoast_head_json":{"title":"Hombre es detenido en Lomas tras presunto allanamiento y da\u00f1o de morada. - Canal 7 SLP - 2022","robots":{"index":"index","follow":"follow","max-snippet":"max-snippet:-1","max-image-preview":"max-image-preview:large","max-video-preview":"max-video-preview:-1"},"canonical":"https:\/\/canal7slp.tv\/2022\/hombre-es-detenido-en-lomas-tras-presunto-allanamiento-y-dano-de-morada\/","og_locale":"es_ES","og_type":"article","og_title":"Hombre es detenido en Lomas tras presunto allanamiento y da\u00f1o de morada. - Canal 7 SLP - 2022","og_description":"SLP.- En atenci\u00f3n a reporte sobre una supuesta agresi\u00f3n f\u00edsica entre una pareja, agentes municipales de la Secretar\u00eda de Seguridad y Protecci\u00f3n Ciudadana (SSPC) realizaron el aseguramiento de un hombre que al tratar de huir, fue se\u00f1alado de allanamiento y da\u00f1o de morada. Oficiales de Guardia Municipal realizaban patrullaje en el cuadrante poniente, cuando les fue reportado que una persona del sexo femenino era agredida por su pareja del sexo masculino; por lo que se les solicit\u00f3 acudir a la calle R\u00edo Kennedy en la colonia Lomas de los Filtros. Al arribar, oficiales visualizaron al sujeto descrito; \u00e9ste al ver [&hellip;]","og_url":"https:\/\/canal7slp.tv\/2022\/hombre-es-detenido-en-lomas-tras-presunto-allanamiento-y-dano-de-morada\/","og_site_name":"Canal 7 SLP - 2022","article_publisher":"https:\/\/www.facebook.com\/noticieroscanalsiete","article_published_time":"2022-06-17T11:20:03+00:00","og_image":[{"width":743,"height":500,"url":"https:\/\/canal7slp.tv\/2022\/wp-content\/uploads\/2022\/06\/Max03Detenido.jpg","type":"image\/jpeg"}],"author":"Edici\u00f3n Web","twitter_card":"summary_large_image","twitter_creator":"@NOTICIEROS7","twitter_site":"@NOTICIEROS7","twitter_misc":{"Escrito por":"Edici\u00f3n Web","Tiempo de lectura":"2 minutos"},"schema":{"@context":"https:\/\/schema.org","@graph":[{"@type":"Article","@id":"https:\/\/canal7slp.tv\/2022\/hombre-es-detenido-en-lomas-tras-presunto-allanamiento-y-dano-de-morada\/#article","isPartOf":{"@id":"https:\/\/canal7slp.tv\/2022\/hombre-es-detenido-en-lomas-tras-presunto-allanamiento-y-dano-de-morada\/"},"author":{"name":"Edici\u00f3n Web","@id":"https:\/\/canal7slp.tv\/2022\/#\/schema\/person\/429704152a21f5f856ce29aa69a238da"},"headline":"Hombre es detenido en Lomas tras presunto allanamiento y da\u00f1o de morada.","datePublished":"2022-06-17T11:20:03+00:00","mainEntityOfPage":{"@id":"https:\/\/canal7slp.tv\/2022\/hombre-es-detenido-en-lomas-tras-presunto-allanamiento-y-dano-de-morada\/"},"wordCount":296,"publisher":{"@id":"https:\/\/canal7slp.tv\/2022\/#organization"},"image":{"@id":"https:\/\/canal7slp.tv\/2022\/hombre-es-detenido-en-lomas-tras-presunto-allanamiento-y-dano-de-morada\/#primaryimage"},"thumbnailUrl":"https:\/\/canal7slp.tv\/2022\/wp-content\/uploads\/2022\/06\/Max03Detenido.jpg","articleSection":["DESTACADAS","LOCALES Y REGIONALES"],"inLanguage":"es"},{"@type":"WebPage","@id":"https:\/\/canal7slp.tv\/2022\/hombre-es-detenido-en-lomas-tras-presunto-allanamiento-y-dano-de-morada\/","url":"https:\/\/canal7slp.tv\/2022\/hombre-es-detenido-en-lomas-tras-presunto-allanamiento-y-dano-de-morada\/","name":"Hombre es detenido en Lomas tras presunto allanamiento y da\u00f1o de morada. - Canal 7 SLP - 2022","isPartOf":{"@id":"https:\/\/canal7slp.tv\/2022\/#website"},"primaryImageOfPage":{"@id":"https:\/\/canal7slp.tv\/2022\/hombre-es-detenido-en-lomas-tras-presunto-allanamiento-y-dano-de-morada\/#primaryimage"},"image":{"@id":"https:\/\/canal7slp.tv\/2022\/hombre-es-detenido-en-lomas-tras-presunto-allanamiento-y-dano-de-morada\/#primaryimage"},"thumbnailUrl":"https:\/\/canal7slp.tv\/2022\/wp-content\/uploads\/2022\/06\/Max03Detenido.jpg","datePublished":"2022-06-17T11:20:03+00:00","breadcrumb":{"@id":"https:\/\/canal7slp.tv\/2022\/hombre-es-detenido-en-lomas-tras-presunto-allanamiento-y-dano-de-morada\/#breadcrumb"},"inLanguage":"es","potentialAction":[{"@type":"ReadAction","target":["https:\/\/canal7slp.tv\/2022\/hombre-es-detenido-en-lomas-tras-presunto-allanamiento-y-dano-de-morada\/"]}]},{"@type":"ImageObject","inLanguage":"es","@id":"https:\/\/canal7slp.tv\/2022\/hombre-es-detenido-en-lomas-tras-presunto-allanamiento-y-dano-de-morada\/#primaryimage","url":"https:\/\/canal7slp.tv\/2022\/wp-content\/uploads\/2022\/06\/Max03Detenido.jpg","contentUrl":"https:\/\/canal7slp.tv\/2022\/wp-content\/uploads\/2022\/06\/Max03Detenido.jpg","width":743,"height":500},{"@type":"BreadcrumbList","@id":"https:\/\/canal7slp.tv\/2022\/hombre-es-detenido-en-lomas-tras-presunto-allanamiento-y-dano-de-morada\/#breadcrumb","itemListElement":[{"@type":"ListItem","position":1,"name":"Portada","item":"https:\/\/canal7slp.tv\/2022\/"},{"@type":"ListItem","position":2,"name":"Hombre es detenido en Lomas tras presunto allanamiento y da\u00f1o de morada."}]},{"@type":"WebSite","@id":"https:\/\/canal7slp.tv\/2022\/#website","url":"https:\/\/canal7slp.tv\/2022\/","name":"N7 - Noticieros Canal 7","description":"Somos Televisi\u00f3n","publisher":{"@id":"https:\/\/canal7slp.tv\/2022\/#organization"},"potentialAction":[{"@type":"SearchAction","target":{"@type":"EntryPoint","urlTemplate":"https:\/\/canal7slp.tv\/2022\/?s={search_term_string}"},"query-input":{"@type":"PropertyValueSpecification","valueRequired":true,"valueName":"search_term_string"}}],"inLanguage":"es"},{"@type":"Organization","@id":"https:\/\/canal7slp.tv\/2022\/#organization","name":"Noticieros Canal 7","url":"https:\/\/canal7slp.tv\/2022\/","logo":{"@type":"ImageObject","inLanguage":"es","@id":"https:\/\/canal7slp.tv\/2022\/#\/schema\/logo\/image\/","url":"https:\/\/canal7slp.tv\/2022\/wp-content\/uploads\/2021\/01\/logo-noticieros@2x.png","contentUrl":"https:\/\/canal7slp.tv\/2022\/wp-content\/uploads\/2021\/01\/logo-noticieros@2x.png","width":1017,"height":268,"caption":"Noticieros Canal 7"},"image":{"@id":"https:\/\/canal7slp.tv\/2022\/#\/schema\/logo\/image\/"},"sameAs":["https:\/\/www.facebook.com\/noticieroscanalsiete","https:\/\/x.com\/NOTICIEROS7","https:\/\/www.instagram.com\/canal7_slp","https:\/\/www.youtube.com\/channel\/UCliiYs-gP3JfJeqdPrNdd5A"]},{"@type":"Person","@id":"https:\/\/canal7slp.tv\/2022\/#\/schema\/person\/429704152a21f5f856ce29aa69a238da","name":"Edici\u00f3n Web","image":{"@type":"ImageObject","inLanguage":"es","@id":"https:\/\/secure.gravatar.com\/avatar\/eee448fc3f7164808013b816ba91ac7e43bbe82a70bebac296f8bc6f0addaa1a?s=96&d=mm&r=g","url":"https:\/\/secure.gravatar.com\/avatar\/eee448fc3f7164808013b816ba91ac7e43bbe82a70bebac296f8bc6f0addaa1a?s=96&d=mm&r=g","contentUrl":"https:\/\/secure.gravatar.com\/avatar\/eee448fc3f7164808013b816ba91ac7e43bbe82a70bebac296f8bc6f0addaa1a?s=96&d=mm&r=g","caption":"Edici\u00f3n Web"},"url":"https:\/\/canal7slp.tv\/2022\/author\/edicionweb\/"}]}},"amp_enabled":true,"_links":{"self":[{"href":"https:\/\/canal7slp.tv\/2022\/wp-json\/wp\/v2\/posts\/63850","targetHints":{"allow":["GET"]}}],"collection":[{"href":"https:\/\/canal7slp.tv\/2022\/wp-json\/wp\/v2\/posts"}],"about":[{"href":"https:\/\/canal7slp.tv\/2022\/wp-json\/wp\/v2\/types\/post"}],"author":[{"embeddable":true,"href":"https:\/\/canal7slp.tv\/2022\/wp-json\/wp\/v2\/users\/2"}],"replies":[{"embeddable":true,"href":"https:\/\/canal7slp.tv\/2022\/wp-json\/wp\/v2\/comments?post=63850"}],"version-history":[{"count":2,"href":"https:\/\/canal7slp.tv\/2022\/wp-json\/wp\/v2\/posts\/63850\/revisions"}],"predecessor-version":[{"id":63879,"href":"https:\/\/canal7slp.tv\/2022\/wp-json\/wp\/v2\/posts\/63850\/revisions\/63879"}],"wp:featuredmedia":[{"embeddable":true,"href":"https:\/\/canal7slp.tv\/2022\/wp-json\/wp\/v2\/media\/63878"}],"wp:attachment":[{"href":"https:\/\/canal7slp.tv\/2022\/wp-json\/wp\/v2\/media?parent=63850"}],"wp:term":[{"taxonomy":"category","embeddable":true,"href":"https:\/\/canal7slp.tv\/2022\/wp-json\/wp\/v2\/categories?post=63850"},{"taxonomy":"post_tag","embeddable":true,"href":"https:\/\/canal7slp.tv\/2022\/wp-json\/wp\/v2\/tags?post=63850"}],"curies":[{"name":"wp","href":"https:\/\/api.w.org\/{rel}","templated":true}]}}