{"id":63715,"date":"2022-06-15T16:57:34","date_gmt":"2022-06-15T22:57:34","guid":{"rendered":"https:\/\/canal7slp.tv\/2022\/?p=63715"},"modified":"2022-06-15T16:57:34","modified_gmt":"2022-06-15T22:57:34","slug":"de-abril-a-la-fecha-ciudadania-ha-entregado-45-armas-a-la-sedena","status":"publish","type":"post","link":"https:\/\/canal7slp.tv\/2022\/de-abril-a-la-fecha-ciudadania-ha-entregado-45-armas-a-la-sedena\/","title":{"rendered":"De abril a la fecha, ciudadan\u00eda ha entregado 45 armas a la SEDENA."},"content":{"rendered":"<p style=\"text-align: justify;\">SLP.- Al hablar sobre la Campa\u00f1a de Canje de Armas 2022 en el marco del Plan Nacional de Paz y Seguridad 2018-2024 el Teniente \u00a0Coronel de Infanter\u00eda \u00a0Diplomado de Estado Mayor Jos\u00e9 Rafael Jim\u00e9nez Berm\u00fadez, se\u00f1al\u00f3 que se han logrado los objetivos de esta campa\u00f1a que inicio el pasado 5 de Abril.<\/p>\n<p style=\"text-align: justify;\">En este contexto, el militar inform\u00f3 del n\u00famero de armas que se han destruido al ser entregadas de manera voluntaria por parte de sus propietarios, \u00a0a cambio de una remuneraci\u00f3n econ\u00f3mica.<\/p>\n<p style=\"text-align: justify;\">Se\u00f1al\u00f3 que esta campa\u00f1a tiene como finalidad el intercambio de armas de fuego por una remuneraci\u00f3n econ\u00f3mica con el objetivo de reducir la violencia y sus causas, as\u00ed como devolver la paz y la seguridad de la poblaci\u00f3n.<\/p>\n<p style=\"text-align: justify;\">El vocero de la Doceava Zona Militar record\u00f3 a la poblaci\u00f3n civil que la entrega de armas se hace de manera voluntaria y sin hacer ning\u00fan tipo de preguntas a quien las entrega, por las que se hace un pago econ\u00f3mico dependiendo del tipo de arma y calibre.<\/p>\n<p style=\"text-align: justify;\">Adem\u00e1s, el coronel de Infanter\u00eda destac\u00f3 la importancia de que las persona que tenga alg\u00fan arma la registre ante la Secretar\u00eda de la Defensa Nacional, sin que este tr\u00e1mite signifique que es un permiso para su portaci\u00f3n y al recordar tambi\u00e9n que es gratuito.<\/p>\n<p style=\"text-align: justify;\">Cabe se\u00f1alar que la \u00faltima vez que se realiz\u00f3 la campa\u00f1a de canje de armas fue en abril de 2020 y aunque generalmente se realizan tres fases anuales, en esa ocasi\u00f3n ya no se llevaron a cabo las dos restantes debido a la pandemia por COVID 19 y que incluy\u00f3 la de \u00a02021.<\/p>\n<p style=\"text-align: justify;\">Por: Claudio Ibarra<\/p>\n","protected":false},"excerpt":{"rendered":"<p>SLP.- Al hablar sobre la Campa\u00f1a de Canje de Armas 2022 en el marco del Plan Nacional de Paz y Seguridad 2018-2024 el Teniente \u00a0Coronel de Infanter\u00eda \u00a0Diplomado de Estado Mayor Jos\u00e9 Rafael Jim\u00e9nez Berm\u00fadez, se\u00f1al\u00f3 que se han logrado los objetivos de esta campa\u00f1a que inicio el pasado 5 de Abril. En este contexto, el militar inform\u00f3 del n\u00famero de armas que se han destruido al ser entregadas de manera voluntaria por parte de sus propietarios, \u00a0a cambio de una remuneraci\u00f3n econ\u00f3mica. Se\u00f1al\u00f3 que esta campa\u00f1a tiene como finalidad el intercambio de armas de fuego por una remuneraci\u00f3n econ\u00f3mica [&hellip;]<\/p>\n","protected":false},"author":2,"featured_media":63736,"comment_status":"closed","ping_status":"closed","sticky":false,"template":"","format":"video","meta":{"footnotes":""},"categories":[5,45],"tags":[],"class_list":["post-63715","post","type-post","status-publish","format-video","has-post-thumbnail","hentry","category-destacadas","category-localesyregionales","post_format-post-format-video","post--single"],"yoast_head":"<!-- This site is optimized with the Yoast SEO plugin v27.4 - https:\/\/yoast.com\/product\/yoast-seo-wordpress\/ -->\n<title>De abril a la fecha, ciudadan\u00eda ha entregado 45 armas a la SEDENA. - Canal 7 SLP - 2022<\/title>\n<meta name=\"robots\" content=\"index, follow, max-snippet:-1, max-image-preview:large, max-video-preview:-1\" \/>\n<link rel=\"canonical\" href=\"https:\/\/canal7slp.tv\/2022\/de-abril-a-la-fecha-ciudadania-ha-entregado-45-armas-a-la-sedena\/\" \/>\n<meta property=\"og:locale\" content=\"es_ES\" \/>\n<meta property=\"og:type\" content=\"article\" \/>\n<meta property=\"og:title\" content=\"De abril a la fecha, ciudadan\u00eda ha entregado 45 armas a la SEDENA. - Canal 7 SLP - 2022\" \/>\n<meta property=\"og:description\" content=\"SLP.- Al hablar sobre la Campa\u00f1a de Canje de Armas 2022 en el marco del Plan Nacional de Paz y Seguridad 2018-2024 el Teniente \u00a0Coronel de Infanter\u00eda \u00a0Diplomado de Estado Mayor Jos\u00e9 Rafael Jim\u00e9nez Berm\u00fadez, se\u00f1al\u00f3 que se han logrado los objetivos de esta campa\u00f1a que inicio el pasado 5 de Abril. En este contexto, el militar inform\u00f3 del n\u00famero de armas que se han destruido al ser entregadas de manera voluntaria por parte de sus propietarios, \u00a0a cambio de una remuneraci\u00f3n econ\u00f3mica. Se\u00f1al\u00f3 que esta campa\u00f1a tiene como finalidad el intercambio de armas de fuego por una remuneraci\u00f3n econ\u00f3mica [&hellip;]\" \/>\n<meta property=\"og:url\" content=\"https:\/\/canal7slp.tv\/2022\/de-abril-a-la-fecha-ciudadania-ha-entregado-45-armas-a-la-sedena\/\" \/>\n<meta property=\"og:site_name\" content=\"Canal 7 SLP - 2022\" \/>\n<meta property=\"article:publisher\" content=\"https:\/\/www.facebook.com\/noticieroscanalsiete\" \/>\n<meta property=\"article:published_time\" content=\"2022-06-15T22:57:34+00:00\" \/>\n<meta property=\"og:image\" content=\"https:\/\/canal7slp.tv\/2022\/wp-content\/uploads\/2022\/06\/Claudio01Canje.jpg\" \/>\n\t<meta property=\"og:image:width\" content=\"888\" \/>\n\t<meta property=\"og:image:height\" content=\"500\" \/>\n\t<meta property=\"og:image:type\" content=\"image\/jpeg\" \/>\n<meta name=\"author\" content=\"Edici\u00f3n Web\" \/>\n<meta name=\"twitter:card\" content=\"summary_large_image\" \/>\n<meta name=\"twitter:creator\" content=\"@NOTICIEROS7\" \/>\n<meta name=\"twitter:site\" content=\"@NOTICIEROS7\" \/>\n<meta name=\"twitter:label1\" content=\"Escrito por\" \/>\n\t<meta name=\"twitter:data1\" content=\"Edici\u00f3n Web\" \/>\n\t<meta name=\"twitter:label2\" content=\"Tiempo de lectura\" \/>\n\t<meta name=\"twitter:data2\" content=\"2 minutos\" \/>\n<script type=\"application\/ld+json\" class=\"yoast-schema-graph\">{\"@context\":\"https:\\\/\\\/schema.org\",\"@graph\":[{\"@type\":\"Article\",\"@id\":\"https:\\\/\\\/canal7slp.tv\\\/2022\\\/de-abril-a-la-fecha-ciudadania-ha-entregado-45-armas-a-la-sedena\\\/#article\",\"isPartOf\":{\"@id\":\"https:\\\/\\\/canal7slp.tv\\\/2022\\\/de-abril-a-la-fecha-ciudadania-ha-entregado-45-armas-a-la-sedena\\\/\"},\"author\":{\"name\":\"Edici\u00f3n Web\",\"@id\":\"https:\\\/\\\/canal7slp.tv\\\/2022\\\/#\\\/schema\\\/person\\\/429704152a21f5f856ce29aa69a238da\"},\"headline\":\"De abril a la fecha, ciudadan\u00eda ha entregado 45 armas a la SEDENA.\",\"datePublished\":\"2022-06-15T22:57:34+00:00\",\"mainEntityOfPage\":{\"@id\":\"https:\\\/\\\/canal7slp.tv\\\/2022\\\/de-abril-a-la-fecha-ciudadania-ha-entregado-45-armas-a-la-sedena\\\/\"},\"wordCount\":305,\"publisher\":{\"@id\":\"https:\\\/\\\/canal7slp.tv\\\/2022\\\/#organization\"},\"image\":{\"@id\":\"https:\\\/\\\/canal7slp.tv\\\/2022\\\/de-abril-a-la-fecha-ciudadania-ha-entregado-45-armas-a-la-sedena\\\/#primaryimage\"},\"thumbnailUrl\":\"https:\\\/\\\/canal7slp.tv\\\/2022\\\/wp-content\\\/uploads\\\/2022\\\/06\\\/Claudio01Canje.jpg\",\"articleSection\":[\"DESTACADAS\",\"LOCALES Y REGIONALES\"],\"inLanguage\":\"es\"},{\"@type\":\"WebPage\",\"@id\":\"https:\\\/\\\/canal7slp.tv\\\/2022\\\/de-abril-a-la-fecha-ciudadania-ha-entregado-45-armas-a-la-sedena\\\/\",\"url\":\"https:\\\/\\\/canal7slp.tv\\\/2022\\\/de-abril-a-la-fecha-ciudadania-ha-entregado-45-armas-a-la-sedena\\\/\",\"name\":\"De abril a la fecha, ciudadan\u00eda ha entregado 45 armas a la SEDENA. - Canal 7 SLP - 2022\",\"isPartOf\":{\"@id\":\"https:\\\/\\\/canal7slp.tv\\\/2022\\\/#website\"},\"primaryImageOfPage\":{\"@id\":\"https:\\\/\\\/canal7slp.tv\\\/2022\\\/de-abril-a-la-fecha-ciudadania-ha-entregado-45-armas-a-la-sedena\\\/#primaryimage\"},\"image\":{\"@id\":\"https:\\\/\\\/canal7slp.tv\\\/2022\\\/de-abril-a-la-fecha-ciudadania-ha-entregado-45-armas-a-la-sedena\\\/#primaryimage\"},\"thumbnailUrl\":\"https:\\\/\\\/canal7slp.tv\\\/2022\\\/wp-content\\\/uploads\\\/2022\\\/06\\\/Claudio01Canje.jpg\",\"datePublished\":\"2022-06-15T22:57:34+00:00\",\"breadcrumb\":{\"@id\":\"https:\\\/\\\/canal7slp.tv\\\/2022\\\/de-abril-a-la-fecha-ciudadania-ha-entregado-45-armas-a-la-sedena\\\/#breadcrumb\"},\"inLanguage\":\"es\",\"potentialAction\":[{\"@type\":\"ReadAction\",\"target\":[\"https:\\\/\\\/canal7slp.tv\\\/2022\\\/de-abril-a-la-fecha-ciudadania-ha-entregado-45-armas-a-la-sedena\\\/\"]}]},{\"@type\":\"ImageObject\",\"inLanguage\":\"es\",\"@id\":\"https:\\\/\\\/canal7slp.tv\\\/2022\\\/de-abril-a-la-fecha-ciudadania-ha-entregado-45-armas-a-la-sedena\\\/#primaryimage\",\"url\":\"https:\\\/\\\/canal7slp.tv\\\/2022\\\/wp-content\\\/uploads\\\/2022\\\/06\\\/Claudio01Canje.jpg\",\"contentUrl\":\"https:\\\/\\\/canal7slp.tv\\\/2022\\\/wp-content\\\/uploads\\\/2022\\\/06\\\/Claudio01Canje.jpg\",\"width\":888,\"height\":500},{\"@type\":\"BreadcrumbList\",\"@id\":\"https:\\\/\\\/canal7slp.tv\\\/2022\\\/de-abril-a-la-fecha-ciudadania-ha-entregado-45-armas-a-la-sedena\\\/#breadcrumb\",\"itemListElement\":[{\"@type\":\"ListItem\",\"position\":1,\"name\":\"Portada\",\"item\":\"https:\\\/\\\/canal7slp.tv\\\/2022\\\/\"},{\"@type\":\"ListItem\",\"position\":2,\"name\":\"De abril a la fecha, ciudadan\u00eda ha entregado 45 armas a la SEDENA.\"}]},{\"@type\":\"WebSite\",\"@id\":\"https:\\\/\\\/canal7slp.tv\\\/2022\\\/#website\",\"url\":\"https:\\\/\\\/canal7slp.tv\\\/2022\\\/\",\"name\":\"N7 - Noticieros Canal 7\",\"description\":\"Somos Televisi\u00f3n\",\"publisher\":{\"@id\":\"https:\\\/\\\/canal7slp.tv\\\/2022\\\/#organization\"},\"potentialAction\":[{\"@type\":\"SearchAction\",\"target\":{\"@type\":\"EntryPoint\",\"urlTemplate\":\"https:\\\/\\\/canal7slp.tv\\\/2022\\\/?s={search_term_string}\"},\"query-input\":{\"@type\":\"PropertyValueSpecification\",\"valueRequired\":true,\"valueName\":\"search_term_string\"}}],\"inLanguage\":\"es\"},{\"@type\":\"Organization\",\"@id\":\"https:\\\/\\\/canal7slp.tv\\\/2022\\\/#organization\",\"name\":\"Noticieros Canal 7\",\"url\":\"https:\\\/\\\/canal7slp.tv\\\/2022\\\/\",\"logo\":{\"@type\":\"ImageObject\",\"inLanguage\":\"es\",\"@id\":\"https:\\\/\\\/canal7slp.tv\\\/2022\\\/#\\\/schema\\\/logo\\\/image\\\/\",\"url\":\"https:\\\/\\\/canal7slp.tv\\\/2022\\\/wp-content\\\/uploads\\\/2021\\\/01\\\/logo-noticieros@2x.png\",\"contentUrl\":\"https:\\\/\\\/canal7slp.tv\\\/2022\\\/wp-content\\\/uploads\\\/2021\\\/01\\\/logo-noticieros@2x.png\",\"width\":1017,\"height\":268,\"caption\":\"Noticieros Canal 7\"},\"image\":{\"@id\":\"https:\\\/\\\/canal7slp.tv\\\/2022\\\/#\\\/schema\\\/logo\\\/image\\\/\"},\"sameAs\":[\"https:\\\/\\\/www.facebook.com\\\/noticieroscanalsiete\",\"https:\\\/\\\/x.com\\\/NOTICIEROS7\",\"https:\\\/\\\/www.instagram.com\\\/canal7_slp\",\"https:\\\/\\\/www.youtube.com\\\/channel\\\/UCliiYs-gP3JfJeqdPrNdd5A\"]},{\"@type\":\"Person\",\"@id\":\"https:\\\/\\\/canal7slp.tv\\\/2022\\\/#\\\/schema\\\/person\\\/429704152a21f5f856ce29aa69a238da\",\"name\":\"Edici\u00f3n Web\",\"image\":{\"@type\":\"ImageObject\",\"inLanguage\":\"es\",\"@id\":\"https:\\\/\\\/secure.gravatar.com\\\/avatar\\\/eee448fc3f7164808013b816ba91ac7e43bbe82a70bebac296f8bc6f0addaa1a?s=96&d=mm&r=g\",\"url\":\"https:\\\/\\\/secure.gravatar.com\\\/avatar\\\/eee448fc3f7164808013b816ba91ac7e43bbe82a70bebac296f8bc6f0addaa1a?s=96&d=mm&r=g\",\"contentUrl\":\"https:\\\/\\\/secure.gravatar.com\\\/avatar\\\/eee448fc3f7164808013b816ba91ac7e43bbe82a70bebac296f8bc6f0addaa1a?s=96&d=mm&r=g\",\"caption\":\"Edici\u00f3n Web\"},\"url\":\"https:\\\/\\\/canal7slp.tv\\\/2022\\\/author\\\/edicionweb\\\/\"}]}<\/script>\n<!-- \/ Yoast SEO plugin. -->","yoast_head_json":{"title":"De abril a la fecha, ciudadan\u00eda ha entregado 45 armas a la SEDENA. - Canal 7 SLP - 2022","robots":{"index":"index","follow":"follow","max-snippet":"max-snippet:-1","max-image-preview":"max-image-preview:large","max-video-preview":"max-video-preview:-1"},"canonical":"https:\/\/canal7slp.tv\/2022\/de-abril-a-la-fecha-ciudadania-ha-entregado-45-armas-a-la-sedena\/","og_locale":"es_ES","og_type":"article","og_title":"De abril a la fecha, ciudadan\u00eda ha entregado 45 armas a la SEDENA. - Canal 7 SLP - 2022","og_description":"SLP.- Al hablar sobre la Campa\u00f1a de Canje de Armas 2022 en el marco del Plan Nacional de Paz y Seguridad 2018-2024 el Teniente \u00a0Coronel de Infanter\u00eda \u00a0Diplomado de Estado Mayor Jos\u00e9 Rafael Jim\u00e9nez Berm\u00fadez, se\u00f1al\u00f3 que se han logrado los objetivos de esta campa\u00f1a que inicio el pasado 5 de Abril. En este contexto, el militar inform\u00f3 del n\u00famero de armas que se han destruido al ser entregadas de manera voluntaria por parte de sus propietarios, \u00a0a cambio de una remuneraci\u00f3n econ\u00f3mica. Se\u00f1al\u00f3 que esta campa\u00f1a tiene como finalidad el intercambio de armas de fuego por una remuneraci\u00f3n econ\u00f3mica [&hellip;]","og_url":"https:\/\/canal7slp.tv\/2022\/de-abril-a-la-fecha-ciudadania-ha-entregado-45-armas-a-la-sedena\/","og_site_name":"Canal 7 SLP - 2022","article_publisher":"https:\/\/www.facebook.com\/noticieroscanalsiete","article_published_time":"2022-06-15T22:57:34+00:00","og_image":[{"width":888,"height":500,"url":"https:\/\/canal7slp.tv\/2022\/wp-content\/uploads\/2022\/06\/Claudio01Canje.jpg","type":"image\/jpeg"}],"author":"Edici\u00f3n Web","twitter_card":"summary_large_image","twitter_creator":"@NOTICIEROS7","twitter_site":"@NOTICIEROS7","twitter_misc":{"Escrito por":"Edici\u00f3n Web","Tiempo de lectura":"2 minutos"},"schema":{"@context":"https:\/\/schema.org","@graph":[{"@type":"Article","@id":"https:\/\/canal7slp.tv\/2022\/de-abril-a-la-fecha-ciudadania-ha-entregado-45-armas-a-la-sedena\/#article","isPartOf":{"@id":"https:\/\/canal7slp.tv\/2022\/de-abril-a-la-fecha-ciudadania-ha-entregado-45-armas-a-la-sedena\/"},"author":{"name":"Edici\u00f3n Web","@id":"https:\/\/canal7slp.tv\/2022\/#\/schema\/person\/429704152a21f5f856ce29aa69a238da"},"headline":"De abril a la fecha, ciudadan\u00eda ha entregado 45 armas a la SEDENA.","datePublished":"2022-06-15T22:57:34+00:00","mainEntityOfPage":{"@id":"https:\/\/canal7slp.tv\/2022\/de-abril-a-la-fecha-ciudadania-ha-entregado-45-armas-a-la-sedena\/"},"wordCount":305,"publisher":{"@id":"https:\/\/canal7slp.tv\/2022\/#organization"},"image":{"@id":"https:\/\/canal7slp.tv\/2022\/de-abril-a-la-fecha-ciudadania-ha-entregado-45-armas-a-la-sedena\/#primaryimage"},"thumbnailUrl":"https:\/\/canal7slp.tv\/2022\/wp-content\/uploads\/2022\/06\/Claudio01Canje.jpg","articleSection":["DESTACADAS","LOCALES Y REGIONALES"],"inLanguage":"es"},{"@type":"WebPage","@id":"https:\/\/canal7slp.tv\/2022\/de-abril-a-la-fecha-ciudadania-ha-entregado-45-armas-a-la-sedena\/","url":"https:\/\/canal7slp.tv\/2022\/de-abril-a-la-fecha-ciudadania-ha-entregado-45-armas-a-la-sedena\/","name":"De abril a la fecha, ciudadan\u00eda ha entregado 45 armas a la SEDENA. - Canal 7 SLP - 2022","isPartOf":{"@id":"https:\/\/canal7slp.tv\/2022\/#website"},"primaryImageOfPage":{"@id":"https:\/\/canal7slp.tv\/2022\/de-abril-a-la-fecha-ciudadania-ha-entregado-45-armas-a-la-sedena\/#primaryimage"},"image":{"@id":"https:\/\/canal7slp.tv\/2022\/de-abril-a-la-fecha-ciudadania-ha-entregado-45-armas-a-la-sedena\/#primaryimage"},"thumbnailUrl":"https:\/\/canal7slp.tv\/2022\/wp-content\/uploads\/2022\/06\/Claudio01Canje.jpg","datePublished":"2022-06-15T22:57:34+00:00","breadcrumb":{"@id":"https:\/\/canal7slp.tv\/2022\/de-abril-a-la-fecha-ciudadania-ha-entregado-45-armas-a-la-sedena\/#breadcrumb"},"inLanguage":"es","potentialAction":[{"@type":"ReadAction","target":["https:\/\/canal7slp.tv\/2022\/de-abril-a-la-fecha-ciudadania-ha-entregado-45-armas-a-la-sedena\/"]}]},{"@type":"ImageObject","inLanguage":"es","@id":"https:\/\/canal7slp.tv\/2022\/de-abril-a-la-fecha-ciudadania-ha-entregado-45-armas-a-la-sedena\/#primaryimage","url":"https:\/\/canal7slp.tv\/2022\/wp-content\/uploads\/2022\/06\/Claudio01Canje.jpg","contentUrl":"https:\/\/canal7slp.tv\/2022\/wp-content\/uploads\/2022\/06\/Claudio01Canje.jpg","width":888,"height":500},{"@type":"BreadcrumbList","@id":"https:\/\/canal7slp.tv\/2022\/de-abril-a-la-fecha-ciudadania-ha-entregado-45-armas-a-la-sedena\/#breadcrumb","itemListElement":[{"@type":"ListItem","position":1,"name":"Portada","item":"https:\/\/canal7slp.tv\/2022\/"},{"@type":"ListItem","position":2,"name":"De abril a la fecha, ciudadan\u00eda ha entregado 45 armas a la SEDENA."}]},{"@type":"WebSite","@id":"https:\/\/canal7slp.tv\/2022\/#website","url":"https:\/\/canal7slp.tv\/2022\/","name":"N7 - Noticieros Canal 7","description":"Somos Televisi\u00f3n","publisher":{"@id":"https:\/\/canal7slp.tv\/2022\/#organization"},"potentialAction":[{"@type":"SearchAction","target":{"@type":"EntryPoint","urlTemplate":"https:\/\/canal7slp.tv\/2022\/?s={search_term_string}"},"query-input":{"@type":"PropertyValueSpecification","valueRequired":true,"valueName":"search_term_string"}}],"inLanguage":"es"},{"@type":"Organization","@id":"https:\/\/canal7slp.tv\/2022\/#organization","name":"Noticieros Canal 7","url":"https:\/\/canal7slp.tv\/2022\/","logo":{"@type":"ImageObject","inLanguage":"es","@id":"https:\/\/canal7slp.tv\/2022\/#\/schema\/logo\/image\/","url":"https:\/\/canal7slp.tv\/2022\/wp-content\/uploads\/2021\/01\/logo-noticieros@2x.png","contentUrl":"https:\/\/canal7slp.tv\/2022\/wp-content\/uploads\/2021\/01\/logo-noticieros@2x.png","width":1017,"height":268,"caption":"Noticieros Canal 7"},"image":{"@id":"https:\/\/canal7slp.tv\/2022\/#\/schema\/logo\/image\/"},"sameAs":["https:\/\/www.facebook.com\/noticieroscanalsiete","https:\/\/x.com\/NOTICIEROS7","https:\/\/www.instagram.com\/canal7_slp","https:\/\/www.youtube.com\/channel\/UCliiYs-gP3JfJeqdPrNdd5A"]},{"@type":"Person","@id":"https:\/\/canal7slp.tv\/2022\/#\/schema\/person\/429704152a21f5f856ce29aa69a238da","name":"Edici\u00f3n Web","image":{"@type":"ImageObject","inLanguage":"es","@id":"https:\/\/secure.gravatar.com\/avatar\/eee448fc3f7164808013b816ba91ac7e43bbe82a70bebac296f8bc6f0addaa1a?s=96&d=mm&r=g","url":"https:\/\/secure.gravatar.com\/avatar\/eee448fc3f7164808013b816ba91ac7e43bbe82a70bebac296f8bc6f0addaa1a?s=96&d=mm&r=g","contentUrl":"https:\/\/secure.gravatar.com\/avatar\/eee448fc3f7164808013b816ba91ac7e43bbe82a70bebac296f8bc6f0addaa1a?s=96&d=mm&r=g","caption":"Edici\u00f3n Web"},"url":"https:\/\/canal7slp.tv\/2022\/author\/edicionweb\/"}]}},"amp_enabled":true,"_links":{"self":[{"href":"https:\/\/canal7slp.tv\/2022\/wp-json\/wp\/v2\/posts\/63715","targetHints":{"allow":["GET"]}}],"collection":[{"href":"https:\/\/canal7slp.tv\/2022\/wp-json\/wp\/v2\/posts"}],"about":[{"href":"https:\/\/canal7slp.tv\/2022\/wp-json\/wp\/v2\/types\/post"}],"author":[{"embeddable":true,"href":"https:\/\/canal7slp.tv\/2022\/wp-json\/wp\/v2\/users\/2"}],"replies":[{"embeddable":true,"href":"https:\/\/canal7slp.tv\/2022\/wp-json\/wp\/v2\/comments?post=63715"}],"version-history":[{"count":3,"href":"https:\/\/canal7slp.tv\/2022\/wp-json\/wp\/v2\/posts\/63715\/revisions"}],"predecessor-version":[{"id":63737,"href":"https:\/\/canal7slp.tv\/2022\/wp-json\/wp\/v2\/posts\/63715\/revisions\/63737"}],"wp:featuredmedia":[{"embeddable":true,"href":"https:\/\/canal7slp.tv\/2022\/wp-json\/wp\/v2\/media\/63736"}],"wp:attachment":[{"href":"https:\/\/canal7slp.tv\/2022\/wp-json\/wp\/v2\/media?parent=63715"}],"wp:term":[{"taxonomy":"category","embeddable":true,"href":"https:\/\/canal7slp.tv\/2022\/wp-json\/wp\/v2\/categories?post=63715"},{"taxonomy":"post_tag","embeddable":true,"href":"https:\/\/canal7slp.tv\/2022\/wp-json\/wp\/v2\/tags?post=63715"}],"curies":[{"name":"wp","href":"https:\/\/api.w.org\/{rel}","templated":true}]}}