{"id":63713,"date":"2022-06-15T17:14:01","date_gmt":"2022-06-15T23:14:01","guid":{"rendered":"https:\/\/canal7slp.tv\/2022\/?p=63713"},"modified":"2022-06-15T17:14:01","modified_gmt":"2022-06-15T23:14:01","slug":"el-17-de-junio-se-conmemorara-el-56-aniversario-del-plan-dn-iii-de-la-sedena","status":"publish","type":"post","link":"https:\/\/canal7slp.tv\/2022\/el-17-de-junio-se-conmemorara-el-56-aniversario-del-plan-dn-iii-de-la-sedena\/","title":{"rendered":"El 17 de junio se conmemorar\u00e1 el 56 Aniversario del Plan DN III de la SEDENA."},"content":{"rendered":"<p style=\"text-align: justify;\">El pr\u00f3ximo 17 de junio de 2022 la Secretar\u00eda de la Defensa Nacional realizar\u00e1 una serie de actividades con motivo del 56 aniversario del \u00a0Plan DN III de la Secretar\u00eda de la Defensa Nacional, implementado por el entonces general secretario Marcelino Garc\u00eda Barrag\u00e1n en 1966 y quien fuera tambi\u00e9n comandante de la XII Zona Militar con sede en San Luis Potos\u00ed.<\/p>\n<p style=\"text-align: justify;\">As\u00ed lo dio a conocer el Mayor de Infanter\u00eda Jorge Hern\u00e1ndez Acosta, jefe de la Secci\u00f3n de Construcci\u00f3n, Formaci\u00f3n y Operaci\u00f3n del 40 Batall\u00f3n de Infanter\u00eda, al detallar en que situaci\u00f3n de desastre se aplic\u00f3 por primera vez este programa.<\/p>\n<p style=\"text-align: justify;\">Explic\u00f3 que el Plan DN III se conforma por tres fases y que son\u00a0 de prevenci\u00f3n, de auxilio y de recuperaci\u00f3n en apoyo a la poblaci\u00f3n civil, en casos de alguna contingencia\u00a0 \u00f3 desastre natural.<\/p>\n<p style=\"text-align: justify;\">El Mayor de Infanter\u00eda dijo que durante la pandemia por COVID 19 el ej\u00e9rcito apoy\u00f3 de manera importante al sector salud en el traslado y custodia de las vacunas as\u00ed como el resguardo de hospitales,\u00a0 adem\u00e1s de apoyar en el reparto del biol\u00f3gico a los puestos de vacunaci\u00f3n.<\/p>\n<p style=\"text-align: justify;\">Asimismo, el jefe de Construcci\u00f3n,\u00a0 Formaci\u00f3n y Operaci\u00f3n del 40 Batall\u00f3n de Infanter\u00eda hizo un llamado a la poblaci\u00f3n para prevenirse en esta temporada de lluvias, al decir que es en estos casos cuando el Plan DN II del Ej\u00e9rcito presta el apoyo a la poblaci\u00f3n civil, en coordinaci\u00f3n con otras dependencias p\u00fablicas de los tres niveles de gobierno realizando tambi\u00e9n labores de\u00a0 monitoreo y prevenci\u00f3n de manera constante.<\/p>\n<p style=\"text-align: justify;\">Por: Claudio Ibarra<\/p>\n","protected":false},"excerpt":{"rendered":"<p>El pr\u00f3ximo 17 de junio de 2022 la Secretar\u00eda de la Defensa Nacional realizar\u00e1 una serie de actividades con motivo del 56 aniversario del \u00a0Plan DN III de la Secretar\u00eda de la Defensa Nacional, implementado por el entonces general secretario Marcelino Garc\u00eda Barrag\u00e1n en 1966 y quien fuera tambi\u00e9n comandante de la XII Zona Militar con sede en San Luis Potos\u00ed. As\u00ed lo dio a conocer el Mayor de Infanter\u00eda Jorge Hern\u00e1ndez Acosta, jefe de la Secci\u00f3n de Construcci\u00f3n, Formaci\u00f3n y Operaci\u00f3n del 40 Batall\u00f3n de Infanter\u00eda, al detallar en que situaci\u00f3n de desastre se aplic\u00f3 por primera vez este [&hellip;]<\/p>\n","protected":false},"author":2,"featured_media":63738,"comment_status":"closed","ping_status":"closed","sticky":false,"template":"","format":"video","meta":{"footnotes":""},"categories":[5,45],"tags":[],"class_list":["post-63713","post","type-post","status-publish","format-video","has-post-thumbnail","hentry","category-destacadas","category-localesyregionales","post_format-post-format-video","post--single"],"yoast_head":"<!-- This site is optimized with the Yoast SEO plugin v27.4 - https:\/\/yoast.com\/product\/yoast-seo-wordpress\/ -->\n<title>El 17 de junio se conmemorar\u00e1 el 56 Aniversario del Plan DN III de la SEDENA. - Canal 7 SLP - 2022<\/title>\n<meta name=\"robots\" content=\"index, follow, max-snippet:-1, max-image-preview:large, max-video-preview:-1\" \/>\n<link rel=\"canonical\" href=\"https:\/\/canal7slp.tv\/2022\/el-17-de-junio-se-conmemorara-el-56-aniversario-del-plan-dn-iii-de-la-sedena\/\" \/>\n<meta property=\"og:locale\" content=\"es_ES\" \/>\n<meta property=\"og:type\" content=\"article\" \/>\n<meta property=\"og:title\" content=\"El 17 de junio se conmemorar\u00e1 el 56 Aniversario del Plan DN III de la SEDENA. - Canal 7 SLP - 2022\" \/>\n<meta property=\"og:description\" content=\"El pr\u00f3ximo 17 de junio de 2022 la Secretar\u00eda de la Defensa Nacional realizar\u00e1 una serie de actividades con motivo del 56 aniversario del \u00a0Plan DN III de la Secretar\u00eda de la Defensa Nacional, implementado por el entonces general secretario Marcelino Garc\u00eda Barrag\u00e1n en 1966 y quien fuera tambi\u00e9n comandante de la XII Zona Militar con sede en San Luis Potos\u00ed. As\u00ed lo dio a conocer el Mayor de Infanter\u00eda Jorge Hern\u00e1ndez Acosta, jefe de la Secci\u00f3n de Construcci\u00f3n, Formaci\u00f3n y Operaci\u00f3n del 40 Batall\u00f3n de Infanter\u00eda, al detallar en que situaci\u00f3n de desastre se aplic\u00f3 por primera vez este [&hellip;]\" \/>\n<meta property=\"og:url\" content=\"https:\/\/canal7slp.tv\/2022\/el-17-de-junio-se-conmemorara-el-56-aniversario-del-plan-dn-iii-de-la-sedena\/\" \/>\n<meta property=\"og:site_name\" content=\"Canal 7 SLP - 2022\" \/>\n<meta property=\"article:publisher\" content=\"https:\/\/www.facebook.com\/noticieroscanalsiete\" \/>\n<meta property=\"article:published_time\" content=\"2022-06-15T23:14:01+00:00\" \/>\n<meta property=\"og:image\" content=\"https:\/\/canal7slp.tv\/2022\/wp-content\/uploads\/2022\/06\/Claudio02DNIII.jpg\" \/>\n\t<meta property=\"og:image:width\" content=\"888\" \/>\n\t<meta property=\"og:image:height\" content=\"500\" \/>\n\t<meta property=\"og:image:type\" content=\"image\/jpeg\" \/>\n<meta name=\"author\" content=\"Edici\u00f3n Web\" \/>\n<meta name=\"twitter:card\" content=\"summary_large_image\" \/>\n<meta name=\"twitter:creator\" content=\"@NOTICIEROS7\" \/>\n<meta name=\"twitter:site\" content=\"@NOTICIEROS7\" \/>\n<meta name=\"twitter:label1\" content=\"Escrito por\" \/>\n\t<meta name=\"twitter:data1\" content=\"Edici\u00f3n Web\" \/>\n\t<meta name=\"twitter:label2\" content=\"Tiempo de lectura\" \/>\n\t<meta name=\"twitter:data2\" content=\"1 minuto\" \/>\n<script type=\"application\/ld+json\" class=\"yoast-schema-graph\">{\"@context\":\"https:\\\/\\\/schema.org\",\"@graph\":[{\"@type\":\"Article\",\"@id\":\"https:\\\/\\\/canal7slp.tv\\\/2022\\\/el-17-de-junio-se-conmemorara-el-56-aniversario-del-plan-dn-iii-de-la-sedena\\\/#article\",\"isPartOf\":{\"@id\":\"https:\\\/\\\/canal7slp.tv\\\/2022\\\/el-17-de-junio-se-conmemorara-el-56-aniversario-del-plan-dn-iii-de-la-sedena\\\/\"},\"author\":{\"name\":\"Edici\u00f3n Web\",\"@id\":\"https:\\\/\\\/canal7slp.tv\\\/2022\\\/#\\\/schema\\\/person\\\/429704152a21f5f856ce29aa69a238da\"},\"headline\":\"El 17 de junio se conmemorar\u00e1 el 56 Aniversario del Plan DN III de la SEDENA.\",\"datePublished\":\"2022-06-15T23:14:01+00:00\",\"mainEntityOfPage\":{\"@id\":\"https:\\\/\\\/canal7slp.tv\\\/2022\\\/el-17-de-junio-se-conmemorara-el-56-aniversario-del-plan-dn-iii-de-la-sedena\\\/\"},\"wordCount\":297,\"publisher\":{\"@id\":\"https:\\\/\\\/canal7slp.tv\\\/2022\\\/#organization\"},\"image\":{\"@id\":\"https:\\\/\\\/canal7slp.tv\\\/2022\\\/el-17-de-junio-se-conmemorara-el-56-aniversario-del-plan-dn-iii-de-la-sedena\\\/#primaryimage\"},\"thumbnailUrl\":\"https:\\\/\\\/canal7slp.tv\\\/2022\\\/wp-content\\\/uploads\\\/2022\\\/06\\\/Claudio02DNIII.jpg\",\"articleSection\":[\"DESTACADAS\",\"LOCALES Y REGIONALES\"],\"inLanguage\":\"es\"},{\"@type\":\"WebPage\",\"@id\":\"https:\\\/\\\/canal7slp.tv\\\/2022\\\/el-17-de-junio-se-conmemorara-el-56-aniversario-del-plan-dn-iii-de-la-sedena\\\/\",\"url\":\"https:\\\/\\\/canal7slp.tv\\\/2022\\\/el-17-de-junio-se-conmemorara-el-56-aniversario-del-plan-dn-iii-de-la-sedena\\\/\",\"name\":\"El 17 de junio se conmemorar\u00e1 el 56 Aniversario del Plan DN III de la SEDENA. - Canal 7 SLP - 2022\",\"isPartOf\":{\"@id\":\"https:\\\/\\\/canal7slp.tv\\\/2022\\\/#website\"},\"primaryImageOfPage\":{\"@id\":\"https:\\\/\\\/canal7slp.tv\\\/2022\\\/el-17-de-junio-se-conmemorara-el-56-aniversario-del-plan-dn-iii-de-la-sedena\\\/#primaryimage\"},\"image\":{\"@id\":\"https:\\\/\\\/canal7slp.tv\\\/2022\\\/el-17-de-junio-se-conmemorara-el-56-aniversario-del-plan-dn-iii-de-la-sedena\\\/#primaryimage\"},\"thumbnailUrl\":\"https:\\\/\\\/canal7slp.tv\\\/2022\\\/wp-content\\\/uploads\\\/2022\\\/06\\\/Claudio02DNIII.jpg\",\"datePublished\":\"2022-06-15T23:14:01+00:00\",\"breadcrumb\":{\"@id\":\"https:\\\/\\\/canal7slp.tv\\\/2022\\\/el-17-de-junio-se-conmemorara-el-56-aniversario-del-plan-dn-iii-de-la-sedena\\\/#breadcrumb\"},\"inLanguage\":\"es\",\"potentialAction\":[{\"@type\":\"ReadAction\",\"target\":[\"https:\\\/\\\/canal7slp.tv\\\/2022\\\/el-17-de-junio-se-conmemorara-el-56-aniversario-del-plan-dn-iii-de-la-sedena\\\/\"]}]},{\"@type\":\"ImageObject\",\"inLanguage\":\"es\",\"@id\":\"https:\\\/\\\/canal7slp.tv\\\/2022\\\/el-17-de-junio-se-conmemorara-el-56-aniversario-del-plan-dn-iii-de-la-sedena\\\/#primaryimage\",\"url\":\"https:\\\/\\\/canal7slp.tv\\\/2022\\\/wp-content\\\/uploads\\\/2022\\\/06\\\/Claudio02DNIII.jpg\",\"contentUrl\":\"https:\\\/\\\/canal7slp.tv\\\/2022\\\/wp-content\\\/uploads\\\/2022\\\/06\\\/Claudio02DNIII.jpg\",\"width\":888,\"height\":500},{\"@type\":\"BreadcrumbList\",\"@id\":\"https:\\\/\\\/canal7slp.tv\\\/2022\\\/el-17-de-junio-se-conmemorara-el-56-aniversario-del-plan-dn-iii-de-la-sedena\\\/#breadcrumb\",\"itemListElement\":[{\"@type\":\"ListItem\",\"position\":1,\"name\":\"Portada\",\"item\":\"https:\\\/\\\/canal7slp.tv\\\/2022\\\/\"},{\"@type\":\"ListItem\",\"position\":2,\"name\":\"El 17 de junio se conmemorar\u00e1 el 56 Aniversario del Plan DN III de la SEDENA.\"}]},{\"@type\":\"WebSite\",\"@id\":\"https:\\\/\\\/canal7slp.tv\\\/2022\\\/#website\",\"url\":\"https:\\\/\\\/canal7slp.tv\\\/2022\\\/\",\"name\":\"N7 - Noticieros Canal 7\",\"description\":\"Somos Televisi\u00f3n\",\"publisher\":{\"@id\":\"https:\\\/\\\/canal7slp.tv\\\/2022\\\/#organization\"},\"potentialAction\":[{\"@type\":\"SearchAction\",\"target\":{\"@type\":\"EntryPoint\",\"urlTemplate\":\"https:\\\/\\\/canal7slp.tv\\\/2022\\\/?s={search_term_string}\"},\"query-input\":{\"@type\":\"PropertyValueSpecification\",\"valueRequired\":true,\"valueName\":\"search_term_string\"}}],\"inLanguage\":\"es\"},{\"@type\":\"Organization\",\"@id\":\"https:\\\/\\\/canal7slp.tv\\\/2022\\\/#organization\",\"name\":\"Noticieros Canal 7\",\"url\":\"https:\\\/\\\/canal7slp.tv\\\/2022\\\/\",\"logo\":{\"@type\":\"ImageObject\",\"inLanguage\":\"es\",\"@id\":\"https:\\\/\\\/canal7slp.tv\\\/2022\\\/#\\\/schema\\\/logo\\\/image\\\/\",\"url\":\"https:\\\/\\\/canal7slp.tv\\\/2022\\\/wp-content\\\/uploads\\\/2021\\\/01\\\/logo-noticieros@2x.png\",\"contentUrl\":\"https:\\\/\\\/canal7slp.tv\\\/2022\\\/wp-content\\\/uploads\\\/2021\\\/01\\\/logo-noticieros@2x.png\",\"width\":1017,\"height\":268,\"caption\":\"Noticieros Canal 7\"},\"image\":{\"@id\":\"https:\\\/\\\/canal7slp.tv\\\/2022\\\/#\\\/schema\\\/logo\\\/image\\\/\"},\"sameAs\":[\"https:\\\/\\\/www.facebook.com\\\/noticieroscanalsiete\",\"https:\\\/\\\/x.com\\\/NOTICIEROS7\",\"https:\\\/\\\/www.instagram.com\\\/canal7_slp\",\"https:\\\/\\\/www.youtube.com\\\/channel\\\/UCliiYs-gP3JfJeqdPrNdd5A\"]},{\"@type\":\"Person\",\"@id\":\"https:\\\/\\\/canal7slp.tv\\\/2022\\\/#\\\/schema\\\/person\\\/429704152a21f5f856ce29aa69a238da\",\"name\":\"Edici\u00f3n Web\",\"image\":{\"@type\":\"ImageObject\",\"inLanguage\":\"es\",\"@id\":\"https:\\\/\\\/secure.gravatar.com\\\/avatar\\\/eee448fc3f7164808013b816ba91ac7e43bbe82a70bebac296f8bc6f0addaa1a?s=96&d=mm&r=g\",\"url\":\"https:\\\/\\\/secure.gravatar.com\\\/avatar\\\/eee448fc3f7164808013b816ba91ac7e43bbe82a70bebac296f8bc6f0addaa1a?s=96&d=mm&r=g\",\"contentUrl\":\"https:\\\/\\\/secure.gravatar.com\\\/avatar\\\/eee448fc3f7164808013b816ba91ac7e43bbe82a70bebac296f8bc6f0addaa1a?s=96&d=mm&r=g\",\"caption\":\"Edici\u00f3n Web\"},\"url\":\"https:\\\/\\\/canal7slp.tv\\\/2022\\\/author\\\/edicionweb\\\/\"}]}<\/script>\n<!-- \/ Yoast SEO plugin. -->","yoast_head_json":{"title":"El 17 de junio se conmemorar\u00e1 el 56 Aniversario del Plan DN III de la SEDENA. - Canal 7 SLP - 2022","robots":{"index":"index","follow":"follow","max-snippet":"max-snippet:-1","max-image-preview":"max-image-preview:large","max-video-preview":"max-video-preview:-1"},"canonical":"https:\/\/canal7slp.tv\/2022\/el-17-de-junio-se-conmemorara-el-56-aniversario-del-plan-dn-iii-de-la-sedena\/","og_locale":"es_ES","og_type":"article","og_title":"El 17 de junio se conmemorar\u00e1 el 56 Aniversario del Plan DN III de la SEDENA. - Canal 7 SLP - 2022","og_description":"El pr\u00f3ximo 17 de junio de 2022 la Secretar\u00eda de la Defensa Nacional realizar\u00e1 una serie de actividades con motivo del 56 aniversario del \u00a0Plan DN III de la Secretar\u00eda de la Defensa Nacional, implementado por el entonces general secretario Marcelino Garc\u00eda Barrag\u00e1n en 1966 y quien fuera tambi\u00e9n comandante de la XII Zona Militar con sede en San Luis Potos\u00ed. As\u00ed lo dio a conocer el Mayor de Infanter\u00eda Jorge Hern\u00e1ndez Acosta, jefe de la Secci\u00f3n de Construcci\u00f3n, Formaci\u00f3n y Operaci\u00f3n del 40 Batall\u00f3n de Infanter\u00eda, al detallar en que situaci\u00f3n de desastre se aplic\u00f3 por primera vez este [&hellip;]","og_url":"https:\/\/canal7slp.tv\/2022\/el-17-de-junio-se-conmemorara-el-56-aniversario-del-plan-dn-iii-de-la-sedena\/","og_site_name":"Canal 7 SLP - 2022","article_publisher":"https:\/\/www.facebook.com\/noticieroscanalsiete","article_published_time":"2022-06-15T23:14:01+00:00","og_image":[{"width":888,"height":500,"url":"https:\/\/canal7slp.tv\/2022\/wp-content\/uploads\/2022\/06\/Claudio02DNIII.jpg","type":"image\/jpeg"}],"author":"Edici\u00f3n Web","twitter_card":"summary_large_image","twitter_creator":"@NOTICIEROS7","twitter_site":"@NOTICIEROS7","twitter_misc":{"Escrito por":"Edici\u00f3n Web","Tiempo de lectura":"1 minuto"},"schema":{"@context":"https:\/\/schema.org","@graph":[{"@type":"Article","@id":"https:\/\/canal7slp.tv\/2022\/el-17-de-junio-se-conmemorara-el-56-aniversario-del-plan-dn-iii-de-la-sedena\/#article","isPartOf":{"@id":"https:\/\/canal7slp.tv\/2022\/el-17-de-junio-se-conmemorara-el-56-aniversario-del-plan-dn-iii-de-la-sedena\/"},"author":{"name":"Edici\u00f3n Web","@id":"https:\/\/canal7slp.tv\/2022\/#\/schema\/person\/429704152a21f5f856ce29aa69a238da"},"headline":"El 17 de junio se conmemorar\u00e1 el 56 Aniversario del Plan DN III de la SEDENA.","datePublished":"2022-06-15T23:14:01+00:00","mainEntityOfPage":{"@id":"https:\/\/canal7slp.tv\/2022\/el-17-de-junio-se-conmemorara-el-56-aniversario-del-plan-dn-iii-de-la-sedena\/"},"wordCount":297,"publisher":{"@id":"https:\/\/canal7slp.tv\/2022\/#organization"},"image":{"@id":"https:\/\/canal7slp.tv\/2022\/el-17-de-junio-se-conmemorara-el-56-aniversario-del-plan-dn-iii-de-la-sedena\/#primaryimage"},"thumbnailUrl":"https:\/\/canal7slp.tv\/2022\/wp-content\/uploads\/2022\/06\/Claudio02DNIII.jpg","articleSection":["DESTACADAS","LOCALES Y REGIONALES"],"inLanguage":"es"},{"@type":"WebPage","@id":"https:\/\/canal7slp.tv\/2022\/el-17-de-junio-se-conmemorara-el-56-aniversario-del-plan-dn-iii-de-la-sedena\/","url":"https:\/\/canal7slp.tv\/2022\/el-17-de-junio-se-conmemorara-el-56-aniversario-del-plan-dn-iii-de-la-sedena\/","name":"El 17 de junio se conmemorar\u00e1 el 56 Aniversario del Plan DN III de la SEDENA. - Canal 7 SLP - 2022","isPartOf":{"@id":"https:\/\/canal7slp.tv\/2022\/#website"},"primaryImageOfPage":{"@id":"https:\/\/canal7slp.tv\/2022\/el-17-de-junio-se-conmemorara-el-56-aniversario-del-plan-dn-iii-de-la-sedena\/#primaryimage"},"image":{"@id":"https:\/\/canal7slp.tv\/2022\/el-17-de-junio-se-conmemorara-el-56-aniversario-del-plan-dn-iii-de-la-sedena\/#primaryimage"},"thumbnailUrl":"https:\/\/canal7slp.tv\/2022\/wp-content\/uploads\/2022\/06\/Claudio02DNIII.jpg","datePublished":"2022-06-15T23:14:01+00:00","breadcrumb":{"@id":"https:\/\/canal7slp.tv\/2022\/el-17-de-junio-se-conmemorara-el-56-aniversario-del-plan-dn-iii-de-la-sedena\/#breadcrumb"},"inLanguage":"es","potentialAction":[{"@type":"ReadAction","target":["https:\/\/canal7slp.tv\/2022\/el-17-de-junio-se-conmemorara-el-56-aniversario-del-plan-dn-iii-de-la-sedena\/"]}]},{"@type":"ImageObject","inLanguage":"es","@id":"https:\/\/canal7slp.tv\/2022\/el-17-de-junio-se-conmemorara-el-56-aniversario-del-plan-dn-iii-de-la-sedena\/#primaryimage","url":"https:\/\/canal7slp.tv\/2022\/wp-content\/uploads\/2022\/06\/Claudio02DNIII.jpg","contentUrl":"https:\/\/canal7slp.tv\/2022\/wp-content\/uploads\/2022\/06\/Claudio02DNIII.jpg","width":888,"height":500},{"@type":"BreadcrumbList","@id":"https:\/\/canal7slp.tv\/2022\/el-17-de-junio-se-conmemorara-el-56-aniversario-del-plan-dn-iii-de-la-sedena\/#breadcrumb","itemListElement":[{"@type":"ListItem","position":1,"name":"Portada","item":"https:\/\/canal7slp.tv\/2022\/"},{"@type":"ListItem","position":2,"name":"El 17 de junio se conmemorar\u00e1 el 56 Aniversario del Plan DN III de la SEDENA."}]},{"@type":"WebSite","@id":"https:\/\/canal7slp.tv\/2022\/#website","url":"https:\/\/canal7slp.tv\/2022\/","name":"N7 - Noticieros Canal 7","description":"Somos Televisi\u00f3n","publisher":{"@id":"https:\/\/canal7slp.tv\/2022\/#organization"},"potentialAction":[{"@type":"SearchAction","target":{"@type":"EntryPoint","urlTemplate":"https:\/\/canal7slp.tv\/2022\/?s={search_term_string}"},"query-input":{"@type":"PropertyValueSpecification","valueRequired":true,"valueName":"search_term_string"}}],"inLanguage":"es"},{"@type":"Organization","@id":"https:\/\/canal7slp.tv\/2022\/#organization","name":"Noticieros Canal 7","url":"https:\/\/canal7slp.tv\/2022\/","logo":{"@type":"ImageObject","inLanguage":"es","@id":"https:\/\/canal7slp.tv\/2022\/#\/schema\/logo\/image\/","url":"https:\/\/canal7slp.tv\/2022\/wp-content\/uploads\/2021\/01\/logo-noticieros@2x.png","contentUrl":"https:\/\/canal7slp.tv\/2022\/wp-content\/uploads\/2021\/01\/logo-noticieros@2x.png","width":1017,"height":268,"caption":"Noticieros Canal 7"},"image":{"@id":"https:\/\/canal7slp.tv\/2022\/#\/schema\/logo\/image\/"},"sameAs":["https:\/\/www.facebook.com\/noticieroscanalsiete","https:\/\/x.com\/NOTICIEROS7","https:\/\/www.instagram.com\/canal7_slp","https:\/\/www.youtube.com\/channel\/UCliiYs-gP3JfJeqdPrNdd5A"]},{"@type":"Person","@id":"https:\/\/canal7slp.tv\/2022\/#\/schema\/person\/429704152a21f5f856ce29aa69a238da","name":"Edici\u00f3n Web","image":{"@type":"ImageObject","inLanguage":"es","@id":"https:\/\/secure.gravatar.com\/avatar\/eee448fc3f7164808013b816ba91ac7e43bbe82a70bebac296f8bc6f0addaa1a?s=96&d=mm&r=g","url":"https:\/\/secure.gravatar.com\/avatar\/eee448fc3f7164808013b816ba91ac7e43bbe82a70bebac296f8bc6f0addaa1a?s=96&d=mm&r=g","contentUrl":"https:\/\/secure.gravatar.com\/avatar\/eee448fc3f7164808013b816ba91ac7e43bbe82a70bebac296f8bc6f0addaa1a?s=96&d=mm&r=g","caption":"Edici\u00f3n Web"},"url":"https:\/\/canal7slp.tv\/2022\/author\/edicionweb\/"}]}},"amp_enabled":true,"_links":{"self":[{"href":"https:\/\/canal7slp.tv\/2022\/wp-json\/wp\/v2\/posts\/63713","targetHints":{"allow":["GET"]}}],"collection":[{"href":"https:\/\/canal7slp.tv\/2022\/wp-json\/wp\/v2\/posts"}],"about":[{"href":"https:\/\/canal7slp.tv\/2022\/wp-json\/wp\/v2\/types\/post"}],"author":[{"embeddable":true,"href":"https:\/\/canal7slp.tv\/2022\/wp-json\/wp\/v2\/users\/2"}],"replies":[{"embeddable":true,"href":"https:\/\/canal7slp.tv\/2022\/wp-json\/wp\/v2\/comments?post=63713"}],"version-history":[{"count":3,"href":"https:\/\/canal7slp.tv\/2022\/wp-json\/wp\/v2\/posts\/63713\/revisions"}],"predecessor-version":[{"id":63739,"href":"https:\/\/canal7slp.tv\/2022\/wp-json\/wp\/v2\/posts\/63713\/revisions\/63739"}],"wp:featuredmedia":[{"embeddable":true,"href":"https:\/\/canal7slp.tv\/2022\/wp-json\/wp\/v2\/media\/63738"}],"wp:attachment":[{"href":"https:\/\/canal7slp.tv\/2022\/wp-json\/wp\/v2\/media?parent=63713"}],"wp:term":[{"taxonomy":"category","embeddable":true,"href":"https:\/\/canal7slp.tv\/2022\/wp-json\/wp\/v2\/categories?post=63713"},{"taxonomy":"post_tag","embeddable":true,"href":"https:\/\/canal7slp.tv\/2022\/wp-json\/wp\/v2\/tags?post=63713"}],"curies":[{"name":"wp","href":"https:\/\/api.w.org\/{rel}","templated":true}]}}