{"id":63699,"date":"2022-06-15T16:47:49","date_gmt":"2022-06-15T22:47:49","guid":{"rendered":"https:\/\/canal7slp.tv\/2022\/?p=63699"},"modified":"2022-06-15T16:47:49","modified_gmt":"2022-06-15T22:47:49","slug":"gobernador-de-slp-asegura-que-fenapo-no-se-cancelara-pese-a-quinta-ola-de-contagios-por-covid-19","status":"publish","type":"post","link":"https:\/\/canal7slp.tv\/2022\/gobernador-de-slp-asegura-que-fenapo-no-se-cancelara-pese-a-quinta-ola-de-contagios-por-covid-19\/","title":{"rendered":"Gobernador de SLP asegura que FENAPO no se cancelar\u00e1 pese a quinta ola de contagios por COVID-19."},"content":{"rendered":"<p style=\"text-align: justify;\">SLP.- El gobernador del estado de San Luis Potos\u00ed, Jos\u00e9 Ricardo Gallardo Cardona, asegur\u00f3 que las actividades agendadas para la Feria Nacional Potosina en su edici\u00f3n 2022, no se ver\u00e1n suspendidas pese a la quinta ola de covid-19 que ya inici\u00f3 en el pa\u00eds.<\/p>\n<p style=\"text-align: justify;\">Record\u00f3 que ya se habilitaron varios puntos estrat\u00e9gicos para que aquellas personas que presenten s\u00edntomas de la enfermedad, acudan por una prueba gratuita para la detecci\u00f3n del virus y que de ser positiva puedan aislarse y as\u00ed evitar que el esparcimiento del virus.<\/p>\n<p style=\"text-align: justify;\">\u00abPues por eso no queremos poner en riesgo la FENAPO, vamos a tener las pruebas, incluso se instalar\u00e1n m\u00f3dulos para que en la entrada el que quiera hacerse la prueba se la puede hacer, va a haber todo lo que tengamos que hacer para que la FENAPO no sE clausure\u00bb, dijo.<\/p>\n<p style=\"text-align: justify;\">El funcionario a\u00f1adi\u00f3 que para enfrentar la quinta ola covid se est\u00e1 trabajando de distinta forma para que las afectaciones a la sociedad sean m\u00ednimas.<\/p>\n<p style=\"text-align: justify;\">\u00abVamos a regresar como si estuvi\u00e9ramos en pandemia para que no lleguemos a la quinta ola, vamos a darle un buen manejo y volver a tener abiertos todos los negocios con horarios m\u00e1s extendidos que como los ten\u00edamos antes para que no haya tumulto de gente, estamos manejando la ola de manera distinta\u00bb, reiter\u00f3.<\/p>\n<p style=\"text-align: justify;\">Gallardo Cardona hizo un llamado a la ciudadan\u00eda para aplicarse las vacunas de refuerzo contra el coronavirus, pues afirm\u00f3 que \u00faltimamente se ha registrado una resistencia por parte de la poblaci\u00f3n para ello.<\/p>\n<p style=\"text-align: justify;\">\u00abTenemos listas m\u00e1s de 40 mil dosis ya en congeladores y la gente ya no se las quiere poner porque piensa que ya se acab\u00f3; invitar a la gente a que se ponga un refuerzo, no pasa nada, hay gente que tiene hasta cuatro o cinco vacunas y est\u00e1n s\u00faper sanas\u00bb las que tienen 1 o 2 hay que ponerse los refuerzos, no nos cuesta nada\u00bb, termin\u00f3<\/p>\n<p style=\"text-align: justify;\">Por: Jos\u00e9 Luis V\u00e1zquez<\/p>\n","protected":false},"excerpt":{"rendered":"<p>SLP.- El gobernador del estado de San Luis Potos\u00ed, Jos\u00e9 Ricardo Gallardo Cardona, asegur\u00f3 que las actividades agendadas para la Feria Nacional Potosina en su edici\u00f3n 2022, no se ver\u00e1n suspendidas pese a la quinta ola de covid-19 que ya inici\u00f3 en el pa\u00eds. Record\u00f3 que ya se habilitaron varios puntos estrat\u00e9gicos para que aquellas personas que presenten s\u00edntomas de la enfermedad, acudan por una prueba gratuita para la detecci\u00f3n del virus y que de ser positiva puedan aislarse y as\u00ed evitar que el esparcimiento del virus. \u00abPues por eso no queremos poner en riesgo la FENAPO, vamos a tener [&hellip;]<\/p>\n","protected":false},"author":2,"featured_media":63728,"comment_status":"closed","ping_status":"closed","sticky":false,"template":"","format":"video","meta":{"footnotes":""},"categories":[4,5,510,45],"tags":[],"class_list":["post-63699","post","type-post","status-publish","format-video","has-post-thumbnail","hentry","category-covid-19","category-destacadas","category-gobedoslp","category-localesyregionales","post_format-post-format-video","post--single"],"yoast_head":"<!-- This site is optimized with the Yoast SEO plugin v27.4 - https:\/\/yoast.com\/product\/yoast-seo-wordpress\/ -->\n<title>Gobernador de SLP asegura que FENAPO no se cancelar\u00e1 pese a quinta ola de contagios por COVID-19. - Canal 7 SLP - 2022<\/title>\n<meta name=\"robots\" content=\"index, follow, max-snippet:-1, max-image-preview:large, max-video-preview:-1\" \/>\n<link rel=\"canonical\" href=\"https:\/\/canal7slp.tv\/2022\/gobernador-de-slp-asegura-que-fenapo-no-se-cancelara-pese-a-quinta-ola-de-contagios-por-covid-19\/\" \/>\n<meta property=\"og:locale\" content=\"es_ES\" \/>\n<meta property=\"og:type\" content=\"article\" \/>\n<meta property=\"og:title\" content=\"Gobernador de SLP asegura que FENAPO no se cancelar\u00e1 pese a quinta ola de contagios por COVID-19. - Canal 7 SLP - 2022\" \/>\n<meta property=\"og:description\" content=\"SLP.- El gobernador del estado de San Luis Potos\u00ed, Jos\u00e9 Ricardo Gallardo Cardona, asegur\u00f3 que las actividades agendadas para la Feria Nacional Potosina en su edici\u00f3n 2022, no se ver\u00e1n suspendidas pese a la quinta ola de covid-19 que ya inici\u00f3 en el pa\u00eds. Record\u00f3 que ya se habilitaron varios puntos estrat\u00e9gicos para que aquellas personas que presenten s\u00edntomas de la enfermedad, acudan por una prueba gratuita para la detecci\u00f3n del virus y que de ser positiva puedan aislarse y as\u00ed evitar que el esparcimiento del virus. \u00abPues por eso no queremos poner en riesgo la FENAPO, vamos a tener [&hellip;]\" \/>\n<meta property=\"og:url\" content=\"https:\/\/canal7slp.tv\/2022\/gobernador-de-slp-asegura-que-fenapo-no-se-cancelara-pese-a-quinta-ola-de-contagios-por-covid-19\/\" \/>\n<meta property=\"og:site_name\" content=\"Canal 7 SLP - 2022\" \/>\n<meta property=\"article:publisher\" content=\"https:\/\/www.facebook.com\/noticieroscanalsiete\" \/>\n<meta property=\"article:published_time\" content=\"2022-06-15T22:47:49+00:00\" \/>\n<meta property=\"og:image\" content=\"https:\/\/canal7slp.tv\/2022\/wp-content\/uploads\/2022\/06\/Vazquez03FENAPOCOVID.jpg\" \/>\n\t<meta property=\"og:image:width\" content=\"888\" \/>\n\t<meta property=\"og:image:height\" content=\"500\" \/>\n\t<meta property=\"og:image:type\" content=\"image\/jpeg\" \/>\n<meta name=\"author\" content=\"Edici\u00f3n Web\" \/>\n<meta name=\"twitter:card\" content=\"summary_large_image\" \/>\n<meta name=\"twitter:creator\" content=\"@NOTICIEROS7\" \/>\n<meta name=\"twitter:site\" content=\"@NOTICIEROS7\" \/>\n<meta name=\"twitter:label1\" content=\"Escrito por\" \/>\n\t<meta name=\"twitter:data1\" content=\"Edici\u00f3n Web\" \/>\n\t<meta name=\"twitter:label2\" content=\"Tiempo de lectura\" \/>\n\t<meta name=\"twitter:data2\" content=\"2 minutos\" \/>\n<script type=\"application\/ld+json\" class=\"yoast-schema-graph\">{\"@context\":\"https:\\\/\\\/schema.org\",\"@graph\":[{\"@type\":\"Article\",\"@id\":\"https:\\\/\\\/canal7slp.tv\\\/2022\\\/gobernador-de-slp-asegura-que-fenapo-no-se-cancelara-pese-a-quinta-ola-de-contagios-por-covid-19\\\/#article\",\"isPartOf\":{\"@id\":\"https:\\\/\\\/canal7slp.tv\\\/2022\\\/gobernador-de-slp-asegura-que-fenapo-no-se-cancelara-pese-a-quinta-ola-de-contagios-por-covid-19\\\/\"},\"author\":{\"name\":\"Edici\u00f3n Web\",\"@id\":\"https:\\\/\\\/canal7slp.tv\\\/2022\\\/#\\\/schema\\\/person\\\/429704152a21f5f856ce29aa69a238da\"},\"headline\":\"Gobernador de SLP asegura que FENAPO no se cancelar\u00e1 pese a quinta ola de contagios por COVID-19.\",\"datePublished\":\"2022-06-15T22:47:49+00:00\",\"mainEntityOfPage\":{\"@id\":\"https:\\\/\\\/canal7slp.tv\\\/2022\\\/gobernador-de-slp-asegura-que-fenapo-no-se-cancelara-pese-a-quinta-ola-de-contagios-por-covid-19\\\/\"},\"wordCount\":354,\"publisher\":{\"@id\":\"https:\\\/\\\/canal7slp.tv\\\/2022\\\/#organization\"},\"image\":{\"@id\":\"https:\\\/\\\/canal7slp.tv\\\/2022\\\/gobernador-de-slp-asegura-que-fenapo-no-se-cancelara-pese-a-quinta-ola-de-contagios-por-covid-19\\\/#primaryimage\"},\"thumbnailUrl\":\"https:\\\/\\\/canal7slp.tv\\\/2022\\\/wp-content\\\/uploads\\\/2022\\\/06\\\/Vazquez03FENAPOCOVID.jpg\",\"articleSection\":[\"COVID-19\",\"DESTACADAS\",\"GOBEDOSLP\",\"LOCALES Y REGIONALES\"],\"inLanguage\":\"es\"},{\"@type\":\"WebPage\",\"@id\":\"https:\\\/\\\/canal7slp.tv\\\/2022\\\/gobernador-de-slp-asegura-que-fenapo-no-se-cancelara-pese-a-quinta-ola-de-contagios-por-covid-19\\\/\",\"url\":\"https:\\\/\\\/canal7slp.tv\\\/2022\\\/gobernador-de-slp-asegura-que-fenapo-no-se-cancelara-pese-a-quinta-ola-de-contagios-por-covid-19\\\/\",\"name\":\"Gobernador de SLP asegura que FENAPO no se cancelar\u00e1 pese a quinta ola de contagios por COVID-19. - Canal 7 SLP - 2022\",\"isPartOf\":{\"@id\":\"https:\\\/\\\/canal7slp.tv\\\/2022\\\/#website\"},\"primaryImageOfPage\":{\"@id\":\"https:\\\/\\\/canal7slp.tv\\\/2022\\\/gobernador-de-slp-asegura-que-fenapo-no-se-cancelara-pese-a-quinta-ola-de-contagios-por-covid-19\\\/#primaryimage\"},\"image\":{\"@id\":\"https:\\\/\\\/canal7slp.tv\\\/2022\\\/gobernador-de-slp-asegura-que-fenapo-no-se-cancelara-pese-a-quinta-ola-de-contagios-por-covid-19\\\/#primaryimage\"},\"thumbnailUrl\":\"https:\\\/\\\/canal7slp.tv\\\/2022\\\/wp-content\\\/uploads\\\/2022\\\/06\\\/Vazquez03FENAPOCOVID.jpg\",\"datePublished\":\"2022-06-15T22:47:49+00:00\",\"breadcrumb\":{\"@id\":\"https:\\\/\\\/canal7slp.tv\\\/2022\\\/gobernador-de-slp-asegura-que-fenapo-no-se-cancelara-pese-a-quinta-ola-de-contagios-por-covid-19\\\/#breadcrumb\"},\"inLanguage\":\"es\",\"potentialAction\":[{\"@type\":\"ReadAction\",\"target\":[\"https:\\\/\\\/canal7slp.tv\\\/2022\\\/gobernador-de-slp-asegura-que-fenapo-no-se-cancelara-pese-a-quinta-ola-de-contagios-por-covid-19\\\/\"]}]},{\"@type\":\"ImageObject\",\"inLanguage\":\"es\",\"@id\":\"https:\\\/\\\/canal7slp.tv\\\/2022\\\/gobernador-de-slp-asegura-que-fenapo-no-se-cancelara-pese-a-quinta-ola-de-contagios-por-covid-19\\\/#primaryimage\",\"url\":\"https:\\\/\\\/canal7slp.tv\\\/2022\\\/wp-content\\\/uploads\\\/2022\\\/06\\\/Vazquez03FENAPOCOVID.jpg\",\"contentUrl\":\"https:\\\/\\\/canal7slp.tv\\\/2022\\\/wp-content\\\/uploads\\\/2022\\\/06\\\/Vazquez03FENAPOCOVID.jpg\",\"width\":888,\"height\":500},{\"@type\":\"BreadcrumbList\",\"@id\":\"https:\\\/\\\/canal7slp.tv\\\/2022\\\/gobernador-de-slp-asegura-que-fenapo-no-se-cancelara-pese-a-quinta-ola-de-contagios-por-covid-19\\\/#breadcrumb\",\"itemListElement\":[{\"@type\":\"ListItem\",\"position\":1,\"name\":\"Portada\",\"item\":\"https:\\\/\\\/canal7slp.tv\\\/2022\\\/\"},{\"@type\":\"ListItem\",\"position\":2,\"name\":\"Gobernador de SLP asegura que FENAPO no se cancelar\u00e1 pese a quinta ola de contagios por COVID-19.\"}]},{\"@type\":\"WebSite\",\"@id\":\"https:\\\/\\\/canal7slp.tv\\\/2022\\\/#website\",\"url\":\"https:\\\/\\\/canal7slp.tv\\\/2022\\\/\",\"name\":\"N7 - Noticieros Canal 7\",\"description\":\"Somos Televisi\u00f3n\",\"publisher\":{\"@id\":\"https:\\\/\\\/canal7slp.tv\\\/2022\\\/#organization\"},\"potentialAction\":[{\"@type\":\"SearchAction\",\"target\":{\"@type\":\"EntryPoint\",\"urlTemplate\":\"https:\\\/\\\/canal7slp.tv\\\/2022\\\/?s={search_term_string}\"},\"query-input\":{\"@type\":\"PropertyValueSpecification\",\"valueRequired\":true,\"valueName\":\"search_term_string\"}}],\"inLanguage\":\"es\"},{\"@type\":\"Organization\",\"@id\":\"https:\\\/\\\/canal7slp.tv\\\/2022\\\/#organization\",\"name\":\"Noticieros Canal 7\",\"url\":\"https:\\\/\\\/canal7slp.tv\\\/2022\\\/\",\"logo\":{\"@type\":\"ImageObject\",\"inLanguage\":\"es\",\"@id\":\"https:\\\/\\\/canal7slp.tv\\\/2022\\\/#\\\/schema\\\/logo\\\/image\\\/\",\"url\":\"https:\\\/\\\/canal7slp.tv\\\/2022\\\/wp-content\\\/uploads\\\/2021\\\/01\\\/logo-noticieros@2x.png\",\"contentUrl\":\"https:\\\/\\\/canal7slp.tv\\\/2022\\\/wp-content\\\/uploads\\\/2021\\\/01\\\/logo-noticieros@2x.png\",\"width\":1017,\"height\":268,\"caption\":\"Noticieros Canal 7\"},\"image\":{\"@id\":\"https:\\\/\\\/canal7slp.tv\\\/2022\\\/#\\\/schema\\\/logo\\\/image\\\/\"},\"sameAs\":[\"https:\\\/\\\/www.facebook.com\\\/noticieroscanalsiete\",\"https:\\\/\\\/x.com\\\/NOTICIEROS7\",\"https:\\\/\\\/www.instagram.com\\\/canal7_slp\",\"https:\\\/\\\/www.youtube.com\\\/channel\\\/UCliiYs-gP3JfJeqdPrNdd5A\"]},{\"@type\":\"Person\",\"@id\":\"https:\\\/\\\/canal7slp.tv\\\/2022\\\/#\\\/schema\\\/person\\\/429704152a21f5f856ce29aa69a238da\",\"name\":\"Edici\u00f3n Web\",\"image\":{\"@type\":\"ImageObject\",\"inLanguage\":\"es\",\"@id\":\"https:\\\/\\\/secure.gravatar.com\\\/avatar\\\/eee448fc3f7164808013b816ba91ac7e43bbe82a70bebac296f8bc6f0addaa1a?s=96&d=mm&r=g\",\"url\":\"https:\\\/\\\/secure.gravatar.com\\\/avatar\\\/eee448fc3f7164808013b816ba91ac7e43bbe82a70bebac296f8bc6f0addaa1a?s=96&d=mm&r=g\",\"contentUrl\":\"https:\\\/\\\/secure.gravatar.com\\\/avatar\\\/eee448fc3f7164808013b816ba91ac7e43bbe82a70bebac296f8bc6f0addaa1a?s=96&d=mm&r=g\",\"caption\":\"Edici\u00f3n Web\"},\"url\":\"https:\\\/\\\/canal7slp.tv\\\/2022\\\/author\\\/edicionweb\\\/\"}]}<\/script>\n<!-- \/ Yoast SEO plugin. -->","yoast_head_json":{"title":"Gobernador de SLP asegura que FENAPO no se cancelar\u00e1 pese a quinta ola de contagios por COVID-19. - Canal 7 SLP - 2022","robots":{"index":"index","follow":"follow","max-snippet":"max-snippet:-1","max-image-preview":"max-image-preview:large","max-video-preview":"max-video-preview:-1"},"canonical":"https:\/\/canal7slp.tv\/2022\/gobernador-de-slp-asegura-que-fenapo-no-se-cancelara-pese-a-quinta-ola-de-contagios-por-covid-19\/","og_locale":"es_ES","og_type":"article","og_title":"Gobernador de SLP asegura que FENAPO no se cancelar\u00e1 pese a quinta ola de contagios por COVID-19. - Canal 7 SLP - 2022","og_description":"SLP.- El gobernador del estado de San Luis Potos\u00ed, Jos\u00e9 Ricardo Gallardo Cardona, asegur\u00f3 que las actividades agendadas para la Feria Nacional Potosina en su edici\u00f3n 2022, no se ver\u00e1n suspendidas pese a la quinta ola de covid-19 que ya inici\u00f3 en el pa\u00eds. Record\u00f3 que ya se habilitaron varios puntos estrat\u00e9gicos para que aquellas personas que presenten s\u00edntomas de la enfermedad, acudan por una prueba gratuita para la detecci\u00f3n del virus y que de ser positiva puedan aislarse y as\u00ed evitar que el esparcimiento del virus. \u00abPues por eso no queremos poner en riesgo la FENAPO, vamos a tener [&hellip;]","og_url":"https:\/\/canal7slp.tv\/2022\/gobernador-de-slp-asegura-que-fenapo-no-se-cancelara-pese-a-quinta-ola-de-contagios-por-covid-19\/","og_site_name":"Canal 7 SLP - 2022","article_publisher":"https:\/\/www.facebook.com\/noticieroscanalsiete","article_published_time":"2022-06-15T22:47:49+00:00","og_image":[{"width":888,"height":500,"url":"https:\/\/canal7slp.tv\/2022\/wp-content\/uploads\/2022\/06\/Vazquez03FENAPOCOVID.jpg","type":"image\/jpeg"}],"author":"Edici\u00f3n Web","twitter_card":"summary_large_image","twitter_creator":"@NOTICIEROS7","twitter_site":"@NOTICIEROS7","twitter_misc":{"Escrito por":"Edici\u00f3n Web","Tiempo de lectura":"2 minutos"},"schema":{"@context":"https:\/\/schema.org","@graph":[{"@type":"Article","@id":"https:\/\/canal7slp.tv\/2022\/gobernador-de-slp-asegura-que-fenapo-no-se-cancelara-pese-a-quinta-ola-de-contagios-por-covid-19\/#article","isPartOf":{"@id":"https:\/\/canal7slp.tv\/2022\/gobernador-de-slp-asegura-que-fenapo-no-se-cancelara-pese-a-quinta-ola-de-contagios-por-covid-19\/"},"author":{"name":"Edici\u00f3n Web","@id":"https:\/\/canal7slp.tv\/2022\/#\/schema\/person\/429704152a21f5f856ce29aa69a238da"},"headline":"Gobernador de SLP asegura que FENAPO no se cancelar\u00e1 pese a quinta ola de contagios por COVID-19.","datePublished":"2022-06-15T22:47:49+00:00","mainEntityOfPage":{"@id":"https:\/\/canal7slp.tv\/2022\/gobernador-de-slp-asegura-que-fenapo-no-se-cancelara-pese-a-quinta-ola-de-contagios-por-covid-19\/"},"wordCount":354,"publisher":{"@id":"https:\/\/canal7slp.tv\/2022\/#organization"},"image":{"@id":"https:\/\/canal7slp.tv\/2022\/gobernador-de-slp-asegura-que-fenapo-no-se-cancelara-pese-a-quinta-ola-de-contagios-por-covid-19\/#primaryimage"},"thumbnailUrl":"https:\/\/canal7slp.tv\/2022\/wp-content\/uploads\/2022\/06\/Vazquez03FENAPOCOVID.jpg","articleSection":["COVID-19","DESTACADAS","GOBEDOSLP","LOCALES Y REGIONALES"],"inLanguage":"es"},{"@type":"WebPage","@id":"https:\/\/canal7slp.tv\/2022\/gobernador-de-slp-asegura-que-fenapo-no-se-cancelara-pese-a-quinta-ola-de-contagios-por-covid-19\/","url":"https:\/\/canal7slp.tv\/2022\/gobernador-de-slp-asegura-que-fenapo-no-se-cancelara-pese-a-quinta-ola-de-contagios-por-covid-19\/","name":"Gobernador de SLP asegura que FENAPO no se cancelar\u00e1 pese a quinta ola de contagios por COVID-19. - Canal 7 SLP - 2022","isPartOf":{"@id":"https:\/\/canal7slp.tv\/2022\/#website"},"primaryImageOfPage":{"@id":"https:\/\/canal7slp.tv\/2022\/gobernador-de-slp-asegura-que-fenapo-no-se-cancelara-pese-a-quinta-ola-de-contagios-por-covid-19\/#primaryimage"},"image":{"@id":"https:\/\/canal7slp.tv\/2022\/gobernador-de-slp-asegura-que-fenapo-no-se-cancelara-pese-a-quinta-ola-de-contagios-por-covid-19\/#primaryimage"},"thumbnailUrl":"https:\/\/canal7slp.tv\/2022\/wp-content\/uploads\/2022\/06\/Vazquez03FENAPOCOVID.jpg","datePublished":"2022-06-15T22:47:49+00:00","breadcrumb":{"@id":"https:\/\/canal7slp.tv\/2022\/gobernador-de-slp-asegura-que-fenapo-no-se-cancelara-pese-a-quinta-ola-de-contagios-por-covid-19\/#breadcrumb"},"inLanguage":"es","potentialAction":[{"@type":"ReadAction","target":["https:\/\/canal7slp.tv\/2022\/gobernador-de-slp-asegura-que-fenapo-no-se-cancelara-pese-a-quinta-ola-de-contagios-por-covid-19\/"]}]},{"@type":"ImageObject","inLanguage":"es","@id":"https:\/\/canal7slp.tv\/2022\/gobernador-de-slp-asegura-que-fenapo-no-se-cancelara-pese-a-quinta-ola-de-contagios-por-covid-19\/#primaryimage","url":"https:\/\/canal7slp.tv\/2022\/wp-content\/uploads\/2022\/06\/Vazquez03FENAPOCOVID.jpg","contentUrl":"https:\/\/canal7slp.tv\/2022\/wp-content\/uploads\/2022\/06\/Vazquez03FENAPOCOVID.jpg","width":888,"height":500},{"@type":"BreadcrumbList","@id":"https:\/\/canal7slp.tv\/2022\/gobernador-de-slp-asegura-que-fenapo-no-se-cancelara-pese-a-quinta-ola-de-contagios-por-covid-19\/#breadcrumb","itemListElement":[{"@type":"ListItem","position":1,"name":"Portada","item":"https:\/\/canal7slp.tv\/2022\/"},{"@type":"ListItem","position":2,"name":"Gobernador de SLP asegura que FENAPO no se cancelar\u00e1 pese a quinta ola de contagios por COVID-19."}]},{"@type":"WebSite","@id":"https:\/\/canal7slp.tv\/2022\/#website","url":"https:\/\/canal7slp.tv\/2022\/","name":"N7 - Noticieros Canal 7","description":"Somos Televisi\u00f3n","publisher":{"@id":"https:\/\/canal7slp.tv\/2022\/#organization"},"potentialAction":[{"@type":"SearchAction","target":{"@type":"EntryPoint","urlTemplate":"https:\/\/canal7slp.tv\/2022\/?s={search_term_string}"},"query-input":{"@type":"PropertyValueSpecification","valueRequired":true,"valueName":"search_term_string"}}],"inLanguage":"es"},{"@type":"Organization","@id":"https:\/\/canal7slp.tv\/2022\/#organization","name":"Noticieros Canal 7","url":"https:\/\/canal7slp.tv\/2022\/","logo":{"@type":"ImageObject","inLanguage":"es","@id":"https:\/\/canal7slp.tv\/2022\/#\/schema\/logo\/image\/","url":"https:\/\/canal7slp.tv\/2022\/wp-content\/uploads\/2021\/01\/logo-noticieros@2x.png","contentUrl":"https:\/\/canal7slp.tv\/2022\/wp-content\/uploads\/2021\/01\/logo-noticieros@2x.png","width":1017,"height":268,"caption":"Noticieros Canal 7"},"image":{"@id":"https:\/\/canal7slp.tv\/2022\/#\/schema\/logo\/image\/"},"sameAs":["https:\/\/www.facebook.com\/noticieroscanalsiete","https:\/\/x.com\/NOTICIEROS7","https:\/\/www.instagram.com\/canal7_slp","https:\/\/www.youtube.com\/channel\/UCliiYs-gP3JfJeqdPrNdd5A"]},{"@type":"Person","@id":"https:\/\/canal7slp.tv\/2022\/#\/schema\/person\/429704152a21f5f856ce29aa69a238da","name":"Edici\u00f3n Web","image":{"@type":"ImageObject","inLanguage":"es","@id":"https:\/\/secure.gravatar.com\/avatar\/eee448fc3f7164808013b816ba91ac7e43bbe82a70bebac296f8bc6f0addaa1a?s=96&d=mm&r=g","url":"https:\/\/secure.gravatar.com\/avatar\/eee448fc3f7164808013b816ba91ac7e43bbe82a70bebac296f8bc6f0addaa1a?s=96&d=mm&r=g","contentUrl":"https:\/\/secure.gravatar.com\/avatar\/eee448fc3f7164808013b816ba91ac7e43bbe82a70bebac296f8bc6f0addaa1a?s=96&d=mm&r=g","caption":"Edici\u00f3n Web"},"url":"https:\/\/canal7slp.tv\/2022\/author\/edicionweb\/"}]}},"amp_enabled":true,"_links":{"self":[{"href":"https:\/\/canal7slp.tv\/2022\/wp-json\/wp\/v2\/posts\/63699","targetHints":{"allow":["GET"]}}],"collection":[{"href":"https:\/\/canal7slp.tv\/2022\/wp-json\/wp\/v2\/posts"}],"about":[{"href":"https:\/\/canal7slp.tv\/2022\/wp-json\/wp\/v2\/types\/post"}],"author":[{"embeddable":true,"href":"https:\/\/canal7slp.tv\/2022\/wp-json\/wp\/v2\/users\/2"}],"replies":[{"embeddable":true,"href":"https:\/\/canal7slp.tv\/2022\/wp-json\/wp\/v2\/comments?post=63699"}],"version-history":[{"count":3,"href":"https:\/\/canal7slp.tv\/2022\/wp-json\/wp\/v2\/posts\/63699\/revisions"}],"predecessor-version":[{"id":63735,"href":"https:\/\/canal7slp.tv\/2022\/wp-json\/wp\/v2\/posts\/63699\/revisions\/63735"}],"wp:featuredmedia":[{"embeddable":true,"href":"https:\/\/canal7slp.tv\/2022\/wp-json\/wp\/v2\/media\/63728"}],"wp:attachment":[{"href":"https:\/\/canal7slp.tv\/2022\/wp-json\/wp\/v2\/media?parent=63699"}],"wp:term":[{"taxonomy":"category","embeddable":true,"href":"https:\/\/canal7slp.tv\/2022\/wp-json\/wp\/v2\/categories?post=63699"},{"taxonomy":"post_tag","embeddable":true,"href":"https:\/\/canal7slp.tv\/2022\/wp-json\/wp\/v2\/tags?post=63699"}],"curies":[{"name":"wp","href":"https:\/\/api.w.org\/{rel}","templated":true}]}}