{"id":63698,"date":"2022-06-15T16:45:11","date_gmt":"2022-06-15T22:45:11","guid":{"rendered":"https:\/\/canal7slp.tv\/2022\/?p=63698"},"modified":"2022-06-15T16:45:11","modified_gmt":"2022-06-15T22:45:11","slug":"autoridades-soledenses-inauguran-la-calle-prolongacion-porfirio-diaz","status":"publish","type":"post","link":"https:\/\/canal7slp.tv\/2022\/autoridades-soledenses-inauguran-la-calle-prolongacion-porfirio-diaz\/","title":{"rendered":"Autoridades soledenses inauguran la calle Prolongaci\u00f3n Porfirio D\u00edaz."},"content":{"rendered":"<ul>\n<li>Se llevaron a cabo trabajos de pavimentaci\u00f3n.<\/li>\n<\/ul>\n<p style=\"text-align: justify;\">SGS.- La alcaldesa de Soledad de Graciano S\u00e1nchez, Leonor Noyola Cervantes, inaugur\u00f3 la calle Prolongaci\u00f3n Porfirio D\u00edaz donde se hicieron trabajos de pavimentaci\u00f3n para beneficiar a la poblaci\u00f3n soledense que transita diariamente por la zona.<\/p>\n<p style=\"text-align: justify;\">\u00abUna calle mucho muy importante que est\u00e1 en constante crecimiento habitacional, que transitan muchos veh\u00edculos, era important\u00edsimo hacer estos trabajos el d\u00eda de hoy\u00bb, dijo.<\/p>\n<p style=\"text-align: justify;\">Seg\u00fan se refiere, el proyecto contemplaba una carpeta asf\u00e1ltica de 3 mil 700 metros cuadrados, guarniciones y se\u00f1al\u00e9tica diversa.<\/p>\n<p style=\"text-align: justify;\">\u00abVa a venir a beneficiar a mucha gente, a miles de vecinos de aqu\u00ed de la Colonia Morelos, Morelos 1, Potrero de Adentro, La Virgen, todas las cosas que tenemos y que est\u00e1n todav\u00eda est\u00e1n construy\u00e9ndose\u00bb, a\u00f1adi\u00f3.<\/p>\n<p style=\"text-align: justify;\">Noyola Cervantes detall\u00f3 que la obra en s\u00ed tuvo una inversi\u00f3n de m\u00e1s de 6 millones de pesos; tambi\u00e9n adelant\u00f3 que en los pr\u00f3ximos se iniciar\u00e1 con la rehabilitaci\u00f3n de m\u00e1s calles y avenidas en la ciudad.<\/p>\n<p style=\"text-align: justify;\">\u00abVamos a seguir trabajando en beneficio de la ciudadan\u00eda soledense como es nuestro compromiso, una inversi\u00f3n de $6 720 mil de fortalecimiento municipal, de ah\u00ed tenemos esa inversi\u00f3n y la poblaci\u00f3n se lo merece\u00bb, finaliz\u00f3.<\/p>\n<p style=\"text-align: justify;\">Por: Jos\u00e9 Luis V\u00e1zquez<\/p>\n","protected":false},"excerpt":{"rendered":"<p>Se llevaron a cabo trabajos de pavimentaci\u00f3n. SGS.- La alcaldesa de Soledad de Graciano S\u00e1nchez, Leonor Noyola Cervantes, inaugur\u00f3 la calle Prolongaci\u00f3n Porfirio D\u00edaz donde se hicieron trabajos de pavimentaci\u00f3n para beneficiar a la poblaci\u00f3n soledense que transita diariamente por la zona. \u00abUna calle mucho muy importante que est\u00e1 en constante crecimiento habitacional, que transitan muchos veh\u00edculos, era important\u00edsimo hacer estos trabajos el d\u00eda de hoy\u00bb, dijo. Seg\u00fan se refiere, el proyecto contemplaba una carpeta asf\u00e1ltica de 3 mil 700 metros cuadrados, guarniciones y se\u00f1al\u00e9tica diversa. \u00abVa a venir a beneficiar a mucha gente, a miles de vecinos de aqu\u00ed [&hellip;]<\/p>\n","protected":false},"author":2,"featured_media":63726,"comment_status":"closed","ping_status":"closed","sticky":false,"template":"","format":"video","meta":{"footnotes":""},"categories":[512,5,45],"tags":[],"class_list":["post-63698","post","type-post","status-publish","format-video","has-post-thumbnail","hentry","category-ayosgs","category-destacadas","category-localesyregionales","post_format-post-format-video","post--single"],"yoast_head":"<!-- This site is optimized with the Yoast SEO plugin v27.4 - https:\/\/yoast.com\/product\/yoast-seo-wordpress\/ -->\n<title>Autoridades soledenses inauguran la calle Prolongaci\u00f3n Porfirio D\u00edaz. - Canal 7 SLP - 2022<\/title>\n<meta name=\"robots\" content=\"index, follow, max-snippet:-1, max-image-preview:large, max-video-preview:-1\" \/>\n<link rel=\"canonical\" href=\"https:\/\/canal7slp.tv\/2022\/autoridades-soledenses-inauguran-la-calle-prolongacion-porfirio-diaz\/\" \/>\n<meta property=\"og:locale\" content=\"es_ES\" \/>\n<meta property=\"og:type\" content=\"article\" \/>\n<meta property=\"og:title\" content=\"Autoridades soledenses inauguran la calle Prolongaci\u00f3n Porfirio D\u00edaz. - Canal 7 SLP - 2022\" \/>\n<meta property=\"og:description\" content=\"Se llevaron a cabo trabajos de pavimentaci\u00f3n. SGS.- La alcaldesa de Soledad de Graciano S\u00e1nchez, Leonor Noyola Cervantes, inaugur\u00f3 la calle Prolongaci\u00f3n Porfirio D\u00edaz donde se hicieron trabajos de pavimentaci\u00f3n para beneficiar a la poblaci\u00f3n soledense que transita diariamente por la zona. \u00abUna calle mucho muy importante que est\u00e1 en constante crecimiento habitacional, que transitan muchos veh\u00edculos, era important\u00edsimo hacer estos trabajos el d\u00eda de hoy\u00bb, dijo. Seg\u00fan se refiere, el proyecto contemplaba una carpeta asf\u00e1ltica de 3 mil 700 metros cuadrados, guarniciones y se\u00f1al\u00e9tica diversa. \u00abVa a venir a beneficiar a mucha gente, a miles de vecinos de aqu\u00ed [&hellip;]\" \/>\n<meta property=\"og:url\" content=\"https:\/\/canal7slp.tv\/2022\/autoridades-soledenses-inauguran-la-calle-prolongacion-porfirio-diaz\/\" \/>\n<meta property=\"og:site_name\" content=\"Canal 7 SLP - 2022\" \/>\n<meta property=\"article:publisher\" content=\"https:\/\/www.facebook.com\/noticieroscanalsiete\" \/>\n<meta property=\"article:published_time\" content=\"2022-06-15T22:45:11+00:00\" \/>\n<meta property=\"og:image\" content=\"https:\/\/canal7slp.tv\/2022\/wp-content\/uploads\/2022\/06\/Vazquez02CalleSGS.jpg\" \/>\n\t<meta property=\"og:image:width\" content=\"888\" \/>\n\t<meta property=\"og:image:height\" content=\"500\" \/>\n\t<meta property=\"og:image:type\" content=\"image\/jpeg\" \/>\n<meta name=\"author\" content=\"Edici\u00f3n Web\" \/>\n<meta name=\"twitter:card\" content=\"summary_large_image\" \/>\n<meta name=\"twitter:creator\" content=\"@NOTICIEROS7\" \/>\n<meta name=\"twitter:site\" content=\"@NOTICIEROS7\" \/>\n<meta name=\"twitter:label1\" content=\"Escrito por\" \/>\n\t<meta name=\"twitter:data1\" content=\"Edici\u00f3n Web\" \/>\n\t<meta name=\"twitter:label2\" content=\"Tiempo de lectura\" \/>\n\t<meta name=\"twitter:data2\" content=\"1 minuto\" \/>\n<script type=\"application\/ld+json\" class=\"yoast-schema-graph\">{\"@context\":\"https:\\\/\\\/schema.org\",\"@graph\":[{\"@type\":\"Article\",\"@id\":\"https:\\\/\\\/canal7slp.tv\\\/2022\\\/autoridades-soledenses-inauguran-la-calle-prolongacion-porfirio-diaz\\\/#article\",\"isPartOf\":{\"@id\":\"https:\\\/\\\/canal7slp.tv\\\/2022\\\/autoridades-soledenses-inauguran-la-calle-prolongacion-porfirio-diaz\\\/\"},\"author\":{\"name\":\"Edici\u00f3n Web\",\"@id\":\"https:\\\/\\\/canal7slp.tv\\\/2022\\\/#\\\/schema\\\/person\\\/429704152a21f5f856ce29aa69a238da\"},\"headline\":\"Autoridades soledenses inauguran la calle Prolongaci\u00f3n Porfirio D\u00edaz.\",\"datePublished\":\"2022-06-15T22:45:11+00:00\",\"mainEntityOfPage\":{\"@id\":\"https:\\\/\\\/canal7slp.tv\\\/2022\\\/autoridades-soledenses-inauguran-la-calle-prolongacion-porfirio-diaz\\\/\"},\"wordCount\":233,\"publisher\":{\"@id\":\"https:\\\/\\\/canal7slp.tv\\\/2022\\\/#organization\"},\"image\":{\"@id\":\"https:\\\/\\\/canal7slp.tv\\\/2022\\\/autoridades-soledenses-inauguran-la-calle-prolongacion-porfirio-diaz\\\/#primaryimage\"},\"thumbnailUrl\":\"https:\\\/\\\/canal7slp.tv\\\/2022\\\/wp-content\\\/uploads\\\/2022\\\/06\\\/Vazquez02CalleSGS.jpg\",\"articleSection\":[\"AYOSGS\",\"DESTACADAS\",\"LOCALES Y REGIONALES\"],\"inLanguage\":\"es\"},{\"@type\":\"WebPage\",\"@id\":\"https:\\\/\\\/canal7slp.tv\\\/2022\\\/autoridades-soledenses-inauguran-la-calle-prolongacion-porfirio-diaz\\\/\",\"url\":\"https:\\\/\\\/canal7slp.tv\\\/2022\\\/autoridades-soledenses-inauguran-la-calle-prolongacion-porfirio-diaz\\\/\",\"name\":\"Autoridades soledenses inauguran la calle Prolongaci\u00f3n Porfirio D\u00edaz. - Canal 7 SLP - 2022\",\"isPartOf\":{\"@id\":\"https:\\\/\\\/canal7slp.tv\\\/2022\\\/#website\"},\"primaryImageOfPage\":{\"@id\":\"https:\\\/\\\/canal7slp.tv\\\/2022\\\/autoridades-soledenses-inauguran-la-calle-prolongacion-porfirio-diaz\\\/#primaryimage\"},\"image\":{\"@id\":\"https:\\\/\\\/canal7slp.tv\\\/2022\\\/autoridades-soledenses-inauguran-la-calle-prolongacion-porfirio-diaz\\\/#primaryimage\"},\"thumbnailUrl\":\"https:\\\/\\\/canal7slp.tv\\\/2022\\\/wp-content\\\/uploads\\\/2022\\\/06\\\/Vazquez02CalleSGS.jpg\",\"datePublished\":\"2022-06-15T22:45:11+00:00\",\"breadcrumb\":{\"@id\":\"https:\\\/\\\/canal7slp.tv\\\/2022\\\/autoridades-soledenses-inauguran-la-calle-prolongacion-porfirio-diaz\\\/#breadcrumb\"},\"inLanguage\":\"es\",\"potentialAction\":[{\"@type\":\"ReadAction\",\"target\":[\"https:\\\/\\\/canal7slp.tv\\\/2022\\\/autoridades-soledenses-inauguran-la-calle-prolongacion-porfirio-diaz\\\/\"]}]},{\"@type\":\"ImageObject\",\"inLanguage\":\"es\",\"@id\":\"https:\\\/\\\/canal7slp.tv\\\/2022\\\/autoridades-soledenses-inauguran-la-calle-prolongacion-porfirio-diaz\\\/#primaryimage\",\"url\":\"https:\\\/\\\/canal7slp.tv\\\/2022\\\/wp-content\\\/uploads\\\/2022\\\/06\\\/Vazquez02CalleSGS.jpg\",\"contentUrl\":\"https:\\\/\\\/canal7slp.tv\\\/2022\\\/wp-content\\\/uploads\\\/2022\\\/06\\\/Vazquez02CalleSGS.jpg\",\"width\":888,\"height\":500},{\"@type\":\"BreadcrumbList\",\"@id\":\"https:\\\/\\\/canal7slp.tv\\\/2022\\\/autoridades-soledenses-inauguran-la-calle-prolongacion-porfirio-diaz\\\/#breadcrumb\",\"itemListElement\":[{\"@type\":\"ListItem\",\"position\":1,\"name\":\"Portada\",\"item\":\"https:\\\/\\\/canal7slp.tv\\\/2022\\\/\"},{\"@type\":\"ListItem\",\"position\":2,\"name\":\"Autoridades soledenses inauguran la calle Prolongaci\u00f3n Porfirio D\u00edaz.\"}]},{\"@type\":\"WebSite\",\"@id\":\"https:\\\/\\\/canal7slp.tv\\\/2022\\\/#website\",\"url\":\"https:\\\/\\\/canal7slp.tv\\\/2022\\\/\",\"name\":\"N7 - Noticieros Canal 7\",\"description\":\"Somos Televisi\u00f3n\",\"publisher\":{\"@id\":\"https:\\\/\\\/canal7slp.tv\\\/2022\\\/#organization\"},\"potentialAction\":[{\"@type\":\"SearchAction\",\"target\":{\"@type\":\"EntryPoint\",\"urlTemplate\":\"https:\\\/\\\/canal7slp.tv\\\/2022\\\/?s={search_term_string}\"},\"query-input\":{\"@type\":\"PropertyValueSpecification\",\"valueRequired\":true,\"valueName\":\"search_term_string\"}}],\"inLanguage\":\"es\"},{\"@type\":\"Organization\",\"@id\":\"https:\\\/\\\/canal7slp.tv\\\/2022\\\/#organization\",\"name\":\"Noticieros Canal 7\",\"url\":\"https:\\\/\\\/canal7slp.tv\\\/2022\\\/\",\"logo\":{\"@type\":\"ImageObject\",\"inLanguage\":\"es\",\"@id\":\"https:\\\/\\\/canal7slp.tv\\\/2022\\\/#\\\/schema\\\/logo\\\/image\\\/\",\"url\":\"https:\\\/\\\/canal7slp.tv\\\/2022\\\/wp-content\\\/uploads\\\/2021\\\/01\\\/logo-noticieros@2x.png\",\"contentUrl\":\"https:\\\/\\\/canal7slp.tv\\\/2022\\\/wp-content\\\/uploads\\\/2021\\\/01\\\/logo-noticieros@2x.png\",\"width\":1017,\"height\":268,\"caption\":\"Noticieros Canal 7\"},\"image\":{\"@id\":\"https:\\\/\\\/canal7slp.tv\\\/2022\\\/#\\\/schema\\\/logo\\\/image\\\/\"},\"sameAs\":[\"https:\\\/\\\/www.facebook.com\\\/noticieroscanalsiete\",\"https:\\\/\\\/x.com\\\/NOTICIEROS7\",\"https:\\\/\\\/www.instagram.com\\\/canal7_slp\",\"https:\\\/\\\/www.youtube.com\\\/channel\\\/UCliiYs-gP3JfJeqdPrNdd5A\"]},{\"@type\":\"Person\",\"@id\":\"https:\\\/\\\/canal7slp.tv\\\/2022\\\/#\\\/schema\\\/person\\\/429704152a21f5f856ce29aa69a238da\",\"name\":\"Edici\u00f3n Web\",\"image\":{\"@type\":\"ImageObject\",\"inLanguage\":\"es\",\"@id\":\"https:\\\/\\\/secure.gravatar.com\\\/avatar\\\/eee448fc3f7164808013b816ba91ac7e43bbe82a70bebac296f8bc6f0addaa1a?s=96&d=mm&r=g\",\"url\":\"https:\\\/\\\/secure.gravatar.com\\\/avatar\\\/eee448fc3f7164808013b816ba91ac7e43bbe82a70bebac296f8bc6f0addaa1a?s=96&d=mm&r=g\",\"contentUrl\":\"https:\\\/\\\/secure.gravatar.com\\\/avatar\\\/eee448fc3f7164808013b816ba91ac7e43bbe82a70bebac296f8bc6f0addaa1a?s=96&d=mm&r=g\",\"caption\":\"Edici\u00f3n Web\"},\"url\":\"https:\\\/\\\/canal7slp.tv\\\/2022\\\/author\\\/edicionweb\\\/\"}]}<\/script>\n<!-- \/ Yoast SEO plugin. -->","yoast_head_json":{"title":"Autoridades soledenses inauguran la calle Prolongaci\u00f3n Porfirio D\u00edaz. - Canal 7 SLP - 2022","robots":{"index":"index","follow":"follow","max-snippet":"max-snippet:-1","max-image-preview":"max-image-preview:large","max-video-preview":"max-video-preview:-1"},"canonical":"https:\/\/canal7slp.tv\/2022\/autoridades-soledenses-inauguran-la-calle-prolongacion-porfirio-diaz\/","og_locale":"es_ES","og_type":"article","og_title":"Autoridades soledenses inauguran la calle Prolongaci\u00f3n Porfirio D\u00edaz. - Canal 7 SLP - 2022","og_description":"Se llevaron a cabo trabajos de pavimentaci\u00f3n. SGS.- La alcaldesa de Soledad de Graciano S\u00e1nchez, Leonor Noyola Cervantes, inaugur\u00f3 la calle Prolongaci\u00f3n Porfirio D\u00edaz donde se hicieron trabajos de pavimentaci\u00f3n para beneficiar a la poblaci\u00f3n soledense que transita diariamente por la zona. \u00abUna calle mucho muy importante que est\u00e1 en constante crecimiento habitacional, que transitan muchos veh\u00edculos, era important\u00edsimo hacer estos trabajos el d\u00eda de hoy\u00bb, dijo. Seg\u00fan se refiere, el proyecto contemplaba una carpeta asf\u00e1ltica de 3 mil 700 metros cuadrados, guarniciones y se\u00f1al\u00e9tica diversa. \u00abVa a venir a beneficiar a mucha gente, a miles de vecinos de aqu\u00ed [&hellip;]","og_url":"https:\/\/canal7slp.tv\/2022\/autoridades-soledenses-inauguran-la-calle-prolongacion-porfirio-diaz\/","og_site_name":"Canal 7 SLP - 2022","article_publisher":"https:\/\/www.facebook.com\/noticieroscanalsiete","article_published_time":"2022-06-15T22:45:11+00:00","og_image":[{"width":888,"height":500,"url":"https:\/\/canal7slp.tv\/2022\/wp-content\/uploads\/2022\/06\/Vazquez02CalleSGS.jpg","type":"image\/jpeg"}],"author":"Edici\u00f3n Web","twitter_card":"summary_large_image","twitter_creator":"@NOTICIEROS7","twitter_site":"@NOTICIEROS7","twitter_misc":{"Escrito por":"Edici\u00f3n Web","Tiempo de lectura":"1 minuto"},"schema":{"@context":"https:\/\/schema.org","@graph":[{"@type":"Article","@id":"https:\/\/canal7slp.tv\/2022\/autoridades-soledenses-inauguran-la-calle-prolongacion-porfirio-diaz\/#article","isPartOf":{"@id":"https:\/\/canal7slp.tv\/2022\/autoridades-soledenses-inauguran-la-calle-prolongacion-porfirio-diaz\/"},"author":{"name":"Edici\u00f3n Web","@id":"https:\/\/canal7slp.tv\/2022\/#\/schema\/person\/429704152a21f5f856ce29aa69a238da"},"headline":"Autoridades soledenses inauguran la calle Prolongaci\u00f3n Porfirio D\u00edaz.","datePublished":"2022-06-15T22:45:11+00:00","mainEntityOfPage":{"@id":"https:\/\/canal7slp.tv\/2022\/autoridades-soledenses-inauguran-la-calle-prolongacion-porfirio-diaz\/"},"wordCount":233,"publisher":{"@id":"https:\/\/canal7slp.tv\/2022\/#organization"},"image":{"@id":"https:\/\/canal7slp.tv\/2022\/autoridades-soledenses-inauguran-la-calle-prolongacion-porfirio-diaz\/#primaryimage"},"thumbnailUrl":"https:\/\/canal7slp.tv\/2022\/wp-content\/uploads\/2022\/06\/Vazquez02CalleSGS.jpg","articleSection":["AYOSGS","DESTACADAS","LOCALES Y REGIONALES"],"inLanguage":"es"},{"@type":"WebPage","@id":"https:\/\/canal7slp.tv\/2022\/autoridades-soledenses-inauguran-la-calle-prolongacion-porfirio-diaz\/","url":"https:\/\/canal7slp.tv\/2022\/autoridades-soledenses-inauguran-la-calle-prolongacion-porfirio-diaz\/","name":"Autoridades soledenses inauguran la calle Prolongaci\u00f3n Porfirio D\u00edaz. - Canal 7 SLP - 2022","isPartOf":{"@id":"https:\/\/canal7slp.tv\/2022\/#website"},"primaryImageOfPage":{"@id":"https:\/\/canal7slp.tv\/2022\/autoridades-soledenses-inauguran-la-calle-prolongacion-porfirio-diaz\/#primaryimage"},"image":{"@id":"https:\/\/canal7slp.tv\/2022\/autoridades-soledenses-inauguran-la-calle-prolongacion-porfirio-diaz\/#primaryimage"},"thumbnailUrl":"https:\/\/canal7slp.tv\/2022\/wp-content\/uploads\/2022\/06\/Vazquez02CalleSGS.jpg","datePublished":"2022-06-15T22:45:11+00:00","breadcrumb":{"@id":"https:\/\/canal7slp.tv\/2022\/autoridades-soledenses-inauguran-la-calle-prolongacion-porfirio-diaz\/#breadcrumb"},"inLanguage":"es","potentialAction":[{"@type":"ReadAction","target":["https:\/\/canal7slp.tv\/2022\/autoridades-soledenses-inauguran-la-calle-prolongacion-porfirio-diaz\/"]}]},{"@type":"ImageObject","inLanguage":"es","@id":"https:\/\/canal7slp.tv\/2022\/autoridades-soledenses-inauguran-la-calle-prolongacion-porfirio-diaz\/#primaryimage","url":"https:\/\/canal7slp.tv\/2022\/wp-content\/uploads\/2022\/06\/Vazquez02CalleSGS.jpg","contentUrl":"https:\/\/canal7slp.tv\/2022\/wp-content\/uploads\/2022\/06\/Vazquez02CalleSGS.jpg","width":888,"height":500},{"@type":"BreadcrumbList","@id":"https:\/\/canal7slp.tv\/2022\/autoridades-soledenses-inauguran-la-calle-prolongacion-porfirio-diaz\/#breadcrumb","itemListElement":[{"@type":"ListItem","position":1,"name":"Portada","item":"https:\/\/canal7slp.tv\/2022\/"},{"@type":"ListItem","position":2,"name":"Autoridades soledenses inauguran la calle Prolongaci\u00f3n Porfirio D\u00edaz."}]},{"@type":"WebSite","@id":"https:\/\/canal7slp.tv\/2022\/#website","url":"https:\/\/canal7slp.tv\/2022\/","name":"N7 - Noticieros Canal 7","description":"Somos Televisi\u00f3n","publisher":{"@id":"https:\/\/canal7slp.tv\/2022\/#organization"},"potentialAction":[{"@type":"SearchAction","target":{"@type":"EntryPoint","urlTemplate":"https:\/\/canal7slp.tv\/2022\/?s={search_term_string}"},"query-input":{"@type":"PropertyValueSpecification","valueRequired":true,"valueName":"search_term_string"}}],"inLanguage":"es"},{"@type":"Organization","@id":"https:\/\/canal7slp.tv\/2022\/#organization","name":"Noticieros Canal 7","url":"https:\/\/canal7slp.tv\/2022\/","logo":{"@type":"ImageObject","inLanguage":"es","@id":"https:\/\/canal7slp.tv\/2022\/#\/schema\/logo\/image\/","url":"https:\/\/canal7slp.tv\/2022\/wp-content\/uploads\/2021\/01\/logo-noticieros@2x.png","contentUrl":"https:\/\/canal7slp.tv\/2022\/wp-content\/uploads\/2021\/01\/logo-noticieros@2x.png","width":1017,"height":268,"caption":"Noticieros Canal 7"},"image":{"@id":"https:\/\/canal7slp.tv\/2022\/#\/schema\/logo\/image\/"},"sameAs":["https:\/\/www.facebook.com\/noticieroscanalsiete","https:\/\/x.com\/NOTICIEROS7","https:\/\/www.instagram.com\/canal7_slp","https:\/\/www.youtube.com\/channel\/UCliiYs-gP3JfJeqdPrNdd5A"]},{"@type":"Person","@id":"https:\/\/canal7slp.tv\/2022\/#\/schema\/person\/429704152a21f5f856ce29aa69a238da","name":"Edici\u00f3n Web","image":{"@type":"ImageObject","inLanguage":"es","@id":"https:\/\/secure.gravatar.com\/avatar\/eee448fc3f7164808013b816ba91ac7e43bbe82a70bebac296f8bc6f0addaa1a?s=96&d=mm&r=g","url":"https:\/\/secure.gravatar.com\/avatar\/eee448fc3f7164808013b816ba91ac7e43bbe82a70bebac296f8bc6f0addaa1a?s=96&d=mm&r=g","contentUrl":"https:\/\/secure.gravatar.com\/avatar\/eee448fc3f7164808013b816ba91ac7e43bbe82a70bebac296f8bc6f0addaa1a?s=96&d=mm&r=g","caption":"Edici\u00f3n Web"},"url":"https:\/\/canal7slp.tv\/2022\/author\/edicionweb\/"}]}},"amp_enabled":true,"_links":{"self":[{"href":"https:\/\/canal7slp.tv\/2022\/wp-json\/wp\/v2\/posts\/63698","targetHints":{"allow":["GET"]}}],"collection":[{"href":"https:\/\/canal7slp.tv\/2022\/wp-json\/wp\/v2\/posts"}],"about":[{"href":"https:\/\/canal7slp.tv\/2022\/wp-json\/wp\/v2\/types\/post"}],"author":[{"embeddable":true,"href":"https:\/\/canal7slp.tv\/2022\/wp-json\/wp\/v2\/users\/2"}],"replies":[{"embeddable":true,"href":"https:\/\/canal7slp.tv\/2022\/wp-json\/wp\/v2\/comments?post=63698"}],"version-history":[{"count":4,"href":"https:\/\/canal7slp.tv\/2022\/wp-json\/wp\/v2\/posts\/63698\/revisions"}],"predecessor-version":[{"id":63734,"href":"https:\/\/canal7slp.tv\/2022\/wp-json\/wp\/v2\/posts\/63698\/revisions\/63734"}],"wp:featuredmedia":[{"embeddable":true,"href":"https:\/\/canal7slp.tv\/2022\/wp-json\/wp\/v2\/media\/63726"}],"wp:attachment":[{"href":"https:\/\/canal7slp.tv\/2022\/wp-json\/wp\/v2\/media?parent=63698"}],"wp:term":[{"taxonomy":"category","embeddable":true,"href":"https:\/\/canal7slp.tv\/2022\/wp-json\/wp\/v2\/categories?post=63698"},{"taxonomy":"post_tag","embeddable":true,"href":"https:\/\/canal7slp.tv\/2022\/wp-json\/wp\/v2\/tags?post=63698"}],"curies":[{"name":"wp","href":"https:\/\/api.w.org\/{rel}","templated":true}]}}