{"id":63676,"date":"2022-06-15T14:12:34","date_gmt":"2022-06-15T20:12:34","guid":{"rendered":"https:\/\/canal7slp.tv\/2022\/?p=63676"},"modified":"2022-06-15T14:12:34","modified_gmt":"2022-06-15T20:12:34","slug":"durante-mayo-reputan-cifras-de-victimas-de-secuestro","status":"publish","type":"post","link":"https:\/\/canal7slp.tv\/2022\/durante-mayo-reputan-cifras-de-victimas-de-secuestro\/","title":{"rendered":"Durante mayo reputan cifras de v\u00edctimas de secuestro"},"content":{"rendered":"<p style=\"text-align: justify;\">M\u00e9xico.- La asociaci\u00f3n Alto al Secuestro inform\u00f3 que durante mayo el n\u00famero de v\u00edctimas de este delito registr\u00f3 un incremento de 9.8% al contabilizar 123.<\/p>\n<p style=\"text-align: justify;\">Isabel Miranda de Wallace, presidenta del organismo, detall\u00f3 que la mayor\u00eda de los casos se registraron en:<\/p>\n<ul style=\"text-align: justify;\">\n<li>Estado de M\u00e9xico 9<\/li>\n<li>Jalisco 8<\/li>\n<\/ul>\n<p style=\"text-align: justify;\">Mientras que en Baja California y Veracruz se contabilizaron 7 v\u00edctimas por cada entidad.<\/p>\n<p style=\"text-align: justify;\">\u201cHoy ha disminuido el de hombres, pero se ha incrementado el de mujeres. Hoy tenemos un 20 por ciento de mujeres que son sujetas del delito de secuestro. Fueron mujeres 131 menores y 768 mujeres adultas, eso representa un 24 por ciento y aqu\u00ed tiene 234 hombres menores y 2 mil 570 adultos, es decir, el 76 por ciento\u201d, coment\u00f3.<\/p>\n<p style=\"text-align: justify;\">Asimismo, mencion\u00f3 que m\u00e1s del 80% de las mujeres fueron con prop\u00f3sitos de extorsi\u00f3n.<\/p>\n<p style=\"text-align: justify;\">\u201cEsto es lo que ha ocurrido en el presente sexenio, el 81 por ciento de los secuestros cometidos a mujeres fueron extorsivos y solamente el 10 por ciento fue expr\u00e9s y el 5 por ciento con el fin de causar da\u00f1o y el 4 por ciento como reh\u00e9n. Los de reh\u00e9n normalmente son porque detienen a funcionarios que no tienen alg\u00fan servicio o porque quieren obtener algo, eso es m\u00ednimo\u201d, agreg\u00f3.<\/p>\n<p style=\"text-align: justify;\">De acuerdo con Wallace, en Jalisco, Sonora, Baja California, Guerrero, Durango, Hidalgo, Nayarit, Nuevo Le\u00f3n, San Luis Potos\u00ed y Tamaulipas repuntaron los plagios entre abril y mayo.<\/p>\n","protected":false},"excerpt":{"rendered":"<p>M\u00e9xico.- La asociaci\u00f3n Alto al Secuestro inform\u00f3 que durante mayo el n\u00famero de v\u00edctimas de este delito registr\u00f3 un incremento de 9.8% al contabilizar 123. Isabel Miranda de Wallace, presidenta del organismo, detall\u00f3 que la mayor\u00eda de los casos se registraron en: Estado de M\u00e9xico 9 Jalisco 8 Mientras que en Baja California y Veracruz se contabilizaron 7 v\u00edctimas por cada entidad. \u201cHoy ha disminuido el de hombres, pero se ha incrementado el de mujeres. Hoy tenemos un 20 por ciento de mujeres que son sujetas del delito de secuestro. Fueron mujeres 131 menores y 768 mujeres adultas, eso representa [&hellip;]<\/p>\n","protected":false},"author":2,"featured_media":63691,"comment_status":"closed","ping_status":"closed","sticky":false,"template":"","format":"standard","meta":{"footnotes":""},"categories":[46],"tags":[],"class_list":["post-63676","post","type-post","status-publish","format-standard","has-post-thumbnail","hentry","category-nacional","post--single"],"yoast_head":"<!-- This site is optimized with the Yoast SEO plugin v27.5 - https:\/\/yoast.com\/product\/yoast-seo-wordpress\/ -->\n<title>Durante mayo reputan cifras de v\u00edctimas de secuestro - Canal 7 SLP - 2022<\/title>\n<meta name=\"robots\" content=\"index, follow, max-snippet:-1, max-image-preview:large, max-video-preview:-1\" \/>\n<link rel=\"canonical\" href=\"https:\/\/canal7slp.tv\/2022\/durante-mayo-reputan-cifras-de-victimas-de-secuestro\/\" \/>\n<meta property=\"og:locale\" content=\"es_ES\" \/>\n<meta property=\"og:type\" content=\"article\" \/>\n<meta property=\"og:title\" content=\"Durante mayo reputan cifras de v\u00edctimas de secuestro - Canal 7 SLP - 2022\" \/>\n<meta property=\"og:description\" content=\"M\u00e9xico.- La asociaci\u00f3n Alto al Secuestro inform\u00f3 que durante mayo el n\u00famero de v\u00edctimas de este delito registr\u00f3 un incremento de 9.8% al contabilizar 123. Isabel Miranda de Wallace, presidenta del organismo, detall\u00f3 que la mayor\u00eda de los casos se registraron en: Estado de M\u00e9xico 9 Jalisco 8 Mientras que en Baja California y Veracruz se contabilizaron 7 v\u00edctimas por cada entidad. \u201cHoy ha disminuido el de hombres, pero se ha incrementado el de mujeres. Hoy tenemos un 20 por ciento de mujeres que son sujetas del delito de secuestro. Fueron mujeres 131 menores y 768 mujeres adultas, eso representa [&hellip;]\" \/>\n<meta property=\"og:url\" content=\"https:\/\/canal7slp.tv\/2022\/durante-mayo-reputan-cifras-de-victimas-de-secuestro\/\" \/>\n<meta property=\"og:site_name\" content=\"Canal 7 SLP - 2022\" \/>\n<meta property=\"article:publisher\" content=\"https:\/\/www.facebook.com\/noticieroscanalsiete\" \/>\n<meta property=\"article:published_time\" content=\"2022-06-15T20:12:34+00:00\" \/>\n<meta property=\"og:image\" content=\"https:\/\/canal7slp.tv\/2022\/wp-content\/uploads\/2022\/06\/06-12.jpg\" \/>\n\t<meta property=\"og:image:width\" content=\"800\" \/>\n\t<meta property=\"og:image:height\" content=\"448\" \/>\n\t<meta property=\"og:image:type\" content=\"image\/jpeg\" \/>\n<meta name=\"author\" content=\"Edici\u00f3n Web\" \/>\n<meta name=\"twitter:card\" content=\"summary_large_image\" \/>\n<meta name=\"twitter:creator\" content=\"@NOTICIEROS7\" \/>\n<meta name=\"twitter:site\" content=\"@NOTICIEROS7\" \/>\n<meta name=\"twitter:label1\" content=\"Escrito por\" \/>\n\t<meta name=\"twitter:data1\" content=\"Edici\u00f3n Web\" \/>\n\t<meta name=\"twitter:label2\" content=\"Tiempo de lectura\" \/>\n\t<meta name=\"twitter:data2\" content=\"2 minutos\" \/>\n<script type=\"application\/ld+json\" class=\"yoast-schema-graph\">{\"@context\":\"https:\\\/\\\/schema.org\",\"@graph\":[{\"@type\":\"Article\",\"@id\":\"https:\\\/\\\/canal7slp.tv\\\/2022\\\/durante-mayo-reputan-cifras-de-victimas-de-secuestro\\\/#article\",\"isPartOf\":{\"@id\":\"https:\\\/\\\/canal7slp.tv\\\/2022\\\/durante-mayo-reputan-cifras-de-victimas-de-secuestro\\\/\"},\"author\":{\"name\":\"Edici\u00f3n Web\",\"@id\":\"https:\\\/\\\/canal7slp.tv\\\/2022\\\/#\\\/schema\\\/person\\\/429704152a21f5f856ce29aa69a238da\"},\"headline\":\"Durante mayo reputan cifras de v\u00edctimas de secuestro\",\"datePublished\":\"2022-06-15T20:12:34+00:00\",\"mainEntityOfPage\":{\"@id\":\"https:\\\/\\\/canal7slp.tv\\\/2022\\\/durante-mayo-reputan-cifras-de-victimas-de-secuestro\\\/\"},\"wordCount\":243,\"publisher\":{\"@id\":\"https:\\\/\\\/canal7slp.tv\\\/2022\\\/#organization\"},\"image\":{\"@id\":\"https:\\\/\\\/canal7slp.tv\\\/2022\\\/durante-mayo-reputan-cifras-de-victimas-de-secuestro\\\/#primaryimage\"},\"thumbnailUrl\":\"https:\\\/\\\/canal7slp.tv\\\/2022\\\/wp-content\\\/uploads\\\/2022\\\/06\\\/06-12.jpg\",\"articleSection\":[\"NACIONALES\"],\"inLanguage\":\"es\"},{\"@type\":\"WebPage\",\"@id\":\"https:\\\/\\\/canal7slp.tv\\\/2022\\\/durante-mayo-reputan-cifras-de-victimas-de-secuestro\\\/\",\"url\":\"https:\\\/\\\/canal7slp.tv\\\/2022\\\/durante-mayo-reputan-cifras-de-victimas-de-secuestro\\\/\",\"name\":\"Durante mayo reputan cifras de v\u00edctimas de secuestro - Canal 7 SLP - 2022\",\"isPartOf\":{\"@id\":\"https:\\\/\\\/canal7slp.tv\\\/2022\\\/#website\"},\"primaryImageOfPage\":{\"@id\":\"https:\\\/\\\/canal7slp.tv\\\/2022\\\/durante-mayo-reputan-cifras-de-victimas-de-secuestro\\\/#primaryimage\"},\"image\":{\"@id\":\"https:\\\/\\\/canal7slp.tv\\\/2022\\\/durante-mayo-reputan-cifras-de-victimas-de-secuestro\\\/#primaryimage\"},\"thumbnailUrl\":\"https:\\\/\\\/canal7slp.tv\\\/2022\\\/wp-content\\\/uploads\\\/2022\\\/06\\\/06-12.jpg\",\"datePublished\":\"2022-06-15T20:12:34+00:00\",\"breadcrumb\":{\"@id\":\"https:\\\/\\\/canal7slp.tv\\\/2022\\\/durante-mayo-reputan-cifras-de-victimas-de-secuestro\\\/#breadcrumb\"},\"inLanguage\":\"es\",\"potentialAction\":[{\"@type\":\"ReadAction\",\"target\":[\"https:\\\/\\\/canal7slp.tv\\\/2022\\\/durante-mayo-reputan-cifras-de-victimas-de-secuestro\\\/\"]}]},{\"@type\":\"ImageObject\",\"inLanguage\":\"es\",\"@id\":\"https:\\\/\\\/canal7slp.tv\\\/2022\\\/durante-mayo-reputan-cifras-de-victimas-de-secuestro\\\/#primaryimage\",\"url\":\"https:\\\/\\\/canal7slp.tv\\\/2022\\\/wp-content\\\/uploads\\\/2022\\\/06\\\/06-12.jpg\",\"contentUrl\":\"https:\\\/\\\/canal7slp.tv\\\/2022\\\/wp-content\\\/uploads\\\/2022\\\/06\\\/06-12.jpg\",\"width\":800,\"height\":448},{\"@type\":\"BreadcrumbList\",\"@id\":\"https:\\\/\\\/canal7slp.tv\\\/2022\\\/durante-mayo-reputan-cifras-de-victimas-de-secuestro\\\/#breadcrumb\",\"itemListElement\":[{\"@type\":\"ListItem\",\"position\":1,\"name\":\"Portada\",\"item\":\"https:\\\/\\\/canal7slp.tv\\\/2022\\\/\"},{\"@type\":\"ListItem\",\"position\":2,\"name\":\"Durante mayo reputan cifras de v\u00edctimas de secuestro\"}]},{\"@type\":\"WebSite\",\"@id\":\"https:\\\/\\\/canal7slp.tv\\\/2022\\\/#website\",\"url\":\"https:\\\/\\\/canal7slp.tv\\\/2022\\\/\",\"name\":\"N7 - Noticieros Canal 7\",\"description\":\"Somos Televisi\u00f3n\",\"publisher\":{\"@id\":\"https:\\\/\\\/canal7slp.tv\\\/2022\\\/#organization\"},\"potentialAction\":[{\"@type\":\"SearchAction\",\"target\":{\"@type\":\"EntryPoint\",\"urlTemplate\":\"https:\\\/\\\/canal7slp.tv\\\/2022\\\/?s={search_term_string}\"},\"query-input\":{\"@type\":\"PropertyValueSpecification\",\"valueRequired\":true,\"valueName\":\"search_term_string\"}}],\"inLanguage\":\"es\"},{\"@type\":\"Organization\",\"@id\":\"https:\\\/\\\/canal7slp.tv\\\/2022\\\/#organization\",\"name\":\"Noticieros Canal 7\",\"url\":\"https:\\\/\\\/canal7slp.tv\\\/2022\\\/\",\"logo\":{\"@type\":\"ImageObject\",\"inLanguage\":\"es\",\"@id\":\"https:\\\/\\\/canal7slp.tv\\\/2022\\\/#\\\/schema\\\/logo\\\/image\\\/\",\"url\":\"https:\\\/\\\/canal7slp.tv\\\/2022\\\/wp-content\\\/uploads\\\/2021\\\/01\\\/logo-noticieros@2x.png\",\"contentUrl\":\"https:\\\/\\\/canal7slp.tv\\\/2022\\\/wp-content\\\/uploads\\\/2021\\\/01\\\/logo-noticieros@2x.png\",\"width\":1017,\"height\":268,\"caption\":\"Noticieros Canal 7\"},\"image\":{\"@id\":\"https:\\\/\\\/canal7slp.tv\\\/2022\\\/#\\\/schema\\\/logo\\\/image\\\/\"},\"sameAs\":[\"https:\\\/\\\/www.facebook.com\\\/noticieroscanalsiete\",\"https:\\\/\\\/x.com\\\/NOTICIEROS7\",\"https:\\\/\\\/www.instagram.com\\\/canal7_slp\",\"https:\\\/\\\/www.youtube.com\\\/channel\\\/UCliiYs-gP3JfJeqdPrNdd5A\"]},{\"@type\":\"Person\",\"@id\":\"https:\\\/\\\/canal7slp.tv\\\/2022\\\/#\\\/schema\\\/person\\\/429704152a21f5f856ce29aa69a238da\",\"name\":\"Edici\u00f3n Web\",\"image\":{\"@type\":\"ImageObject\",\"inLanguage\":\"es\",\"@id\":\"https:\\\/\\\/secure.gravatar.com\\\/avatar\\\/eee448fc3f7164808013b816ba91ac7e43bbe82a70bebac296f8bc6f0addaa1a?s=96&d=mm&r=g\",\"url\":\"https:\\\/\\\/secure.gravatar.com\\\/avatar\\\/eee448fc3f7164808013b816ba91ac7e43bbe82a70bebac296f8bc6f0addaa1a?s=96&d=mm&r=g\",\"contentUrl\":\"https:\\\/\\\/secure.gravatar.com\\\/avatar\\\/eee448fc3f7164808013b816ba91ac7e43bbe82a70bebac296f8bc6f0addaa1a?s=96&d=mm&r=g\",\"caption\":\"Edici\u00f3n Web\"},\"url\":\"https:\\\/\\\/canal7slp.tv\\\/2022\\\/author\\\/edicionweb\\\/\"}]}<\/script>\n<!-- \/ Yoast SEO plugin. -->","yoast_head_json":{"title":"Durante mayo reputan cifras de v\u00edctimas de secuestro - Canal 7 SLP - 2022","robots":{"index":"index","follow":"follow","max-snippet":"max-snippet:-1","max-image-preview":"max-image-preview:large","max-video-preview":"max-video-preview:-1"},"canonical":"https:\/\/canal7slp.tv\/2022\/durante-mayo-reputan-cifras-de-victimas-de-secuestro\/","og_locale":"es_ES","og_type":"article","og_title":"Durante mayo reputan cifras de v\u00edctimas de secuestro - Canal 7 SLP - 2022","og_description":"M\u00e9xico.- La asociaci\u00f3n Alto al Secuestro inform\u00f3 que durante mayo el n\u00famero de v\u00edctimas de este delito registr\u00f3 un incremento de 9.8% al contabilizar 123. Isabel Miranda de Wallace, presidenta del organismo, detall\u00f3 que la mayor\u00eda de los casos se registraron en: Estado de M\u00e9xico 9 Jalisco 8 Mientras que en Baja California y Veracruz se contabilizaron 7 v\u00edctimas por cada entidad. \u201cHoy ha disminuido el de hombres, pero se ha incrementado el de mujeres. Hoy tenemos un 20 por ciento de mujeres que son sujetas del delito de secuestro. Fueron mujeres 131 menores y 768 mujeres adultas, eso representa [&hellip;]","og_url":"https:\/\/canal7slp.tv\/2022\/durante-mayo-reputan-cifras-de-victimas-de-secuestro\/","og_site_name":"Canal 7 SLP - 2022","article_publisher":"https:\/\/www.facebook.com\/noticieroscanalsiete","article_published_time":"2022-06-15T20:12:34+00:00","og_image":[{"width":800,"height":448,"url":"https:\/\/canal7slp.tv\/2022\/wp-content\/uploads\/2022\/06\/06-12.jpg","type":"image\/jpeg"}],"author":"Edici\u00f3n Web","twitter_card":"summary_large_image","twitter_creator":"@NOTICIEROS7","twitter_site":"@NOTICIEROS7","twitter_misc":{"Escrito por":"Edici\u00f3n Web","Tiempo de lectura":"2 minutos"},"schema":{"@context":"https:\/\/schema.org","@graph":[{"@type":"Article","@id":"https:\/\/canal7slp.tv\/2022\/durante-mayo-reputan-cifras-de-victimas-de-secuestro\/#article","isPartOf":{"@id":"https:\/\/canal7slp.tv\/2022\/durante-mayo-reputan-cifras-de-victimas-de-secuestro\/"},"author":{"name":"Edici\u00f3n Web","@id":"https:\/\/canal7slp.tv\/2022\/#\/schema\/person\/429704152a21f5f856ce29aa69a238da"},"headline":"Durante mayo reputan cifras de v\u00edctimas de secuestro","datePublished":"2022-06-15T20:12:34+00:00","mainEntityOfPage":{"@id":"https:\/\/canal7slp.tv\/2022\/durante-mayo-reputan-cifras-de-victimas-de-secuestro\/"},"wordCount":243,"publisher":{"@id":"https:\/\/canal7slp.tv\/2022\/#organization"},"image":{"@id":"https:\/\/canal7slp.tv\/2022\/durante-mayo-reputan-cifras-de-victimas-de-secuestro\/#primaryimage"},"thumbnailUrl":"https:\/\/canal7slp.tv\/2022\/wp-content\/uploads\/2022\/06\/06-12.jpg","articleSection":["NACIONALES"],"inLanguage":"es"},{"@type":"WebPage","@id":"https:\/\/canal7slp.tv\/2022\/durante-mayo-reputan-cifras-de-victimas-de-secuestro\/","url":"https:\/\/canal7slp.tv\/2022\/durante-mayo-reputan-cifras-de-victimas-de-secuestro\/","name":"Durante mayo reputan cifras de v\u00edctimas de secuestro - Canal 7 SLP - 2022","isPartOf":{"@id":"https:\/\/canal7slp.tv\/2022\/#website"},"primaryImageOfPage":{"@id":"https:\/\/canal7slp.tv\/2022\/durante-mayo-reputan-cifras-de-victimas-de-secuestro\/#primaryimage"},"image":{"@id":"https:\/\/canal7slp.tv\/2022\/durante-mayo-reputan-cifras-de-victimas-de-secuestro\/#primaryimage"},"thumbnailUrl":"https:\/\/canal7slp.tv\/2022\/wp-content\/uploads\/2022\/06\/06-12.jpg","datePublished":"2022-06-15T20:12:34+00:00","breadcrumb":{"@id":"https:\/\/canal7slp.tv\/2022\/durante-mayo-reputan-cifras-de-victimas-de-secuestro\/#breadcrumb"},"inLanguage":"es","potentialAction":[{"@type":"ReadAction","target":["https:\/\/canal7slp.tv\/2022\/durante-mayo-reputan-cifras-de-victimas-de-secuestro\/"]}]},{"@type":"ImageObject","inLanguage":"es","@id":"https:\/\/canal7slp.tv\/2022\/durante-mayo-reputan-cifras-de-victimas-de-secuestro\/#primaryimage","url":"https:\/\/canal7slp.tv\/2022\/wp-content\/uploads\/2022\/06\/06-12.jpg","contentUrl":"https:\/\/canal7slp.tv\/2022\/wp-content\/uploads\/2022\/06\/06-12.jpg","width":800,"height":448},{"@type":"BreadcrumbList","@id":"https:\/\/canal7slp.tv\/2022\/durante-mayo-reputan-cifras-de-victimas-de-secuestro\/#breadcrumb","itemListElement":[{"@type":"ListItem","position":1,"name":"Portada","item":"https:\/\/canal7slp.tv\/2022\/"},{"@type":"ListItem","position":2,"name":"Durante mayo reputan cifras de v\u00edctimas de secuestro"}]},{"@type":"WebSite","@id":"https:\/\/canal7slp.tv\/2022\/#website","url":"https:\/\/canal7slp.tv\/2022\/","name":"N7 - Noticieros Canal 7","description":"Somos Televisi\u00f3n","publisher":{"@id":"https:\/\/canal7slp.tv\/2022\/#organization"},"potentialAction":[{"@type":"SearchAction","target":{"@type":"EntryPoint","urlTemplate":"https:\/\/canal7slp.tv\/2022\/?s={search_term_string}"},"query-input":{"@type":"PropertyValueSpecification","valueRequired":true,"valueName":"search_term_string"}}],"inLanguage":"es"},{"@type":"Organization","@id":"https:\/\/canal7slp.tv\/2022\/#organization","name":"Noticieros Canal 7","url":"https:\/\/canal7slp.tv\/2022\/","logo":{"@type":"ImageObject","inLanguage":"es","@id":"https:\/\/canal7slp.tv\/2022\/#\/schema\/logo\/image\/","url":"https:\/\/canal7slp.tv\/2022\/wp-content\/uploads\/2021\/01\/logo-noticieros@2x.png","contentUrl":"https:\/\/canal7slp.tv\/2022\/wp-content\/uploads\/2021\/01\/logo-noticieros@2x.png","width":1017,"height":268,"caption":"Noticieros Canal 7"},"image":{"@id":"https:\/\/canal7slp.tv\/2022\/#\/schema\/logo\/image\/"},"sameAs":["https:\/\/www.facebook.com\/noticieroscanalsiete","https:\/\/x.com\/NOTICIEROS7","https:\/\/www.instagram.com\/canal7_slp","https:\/\/www.youtube.com\/channel\/UCliiYs-gP3JfJeqdPrNdd5A"]},{"@type":"Person","@id":"https:\/\/canal7slp.tv\/2022\/#\/schema\/person\/429704152a21f5f856ce29aa69a238da","name":"Edici\u00f3n Web","image":{"@type":"ImageObject","inLanguage":"es","@id":"https:\/\/secure.gravatar.com\/avatar\/eee448fc3f7164808013b816ba91ac7e43bbe82a70bebac296f8bc6f0addaa1a?s=96&d=mm&r=g","url":"https:\/\/secure.gravatar.com\/avatar\/eee448fc3f7164808013b816ba91ac7e43bbe82a70bebac296f8bc6f0addaa1a?s=96&d=mm&r=g","contentUrl":"https:\/\/secure.gravatar.com\/avatar\/eee448fc3f7164808013b816ba91ac7e43bbe82a70bebac296f8bc6f0addaa1a?s=96&d=mm&r=g","caption":"Edici\u00f3n Web"},"url":"https:\/\/canal7slp.tv\/2022\/author\/edicionweb\/"}]}},"amp_enabled":true,"_links":{"self":[{"href":"https:\/\/canal7slp.tv\/2022\/wp-json\/wp\/v2\/posts\/63676","targetHints":{"allow":["GET"]}}],"collection":[{"href":"https:\/\/canal7slp.tv\/2022\/wp-json\/wp\/v2\/posts"}],"about":[{"href":"https:\/\/canal7slp.tv\/2022\/wp-json\/wp\/v2\/types\/post"}],"author":[{"embeddable":true,"href":"https:\/\/canal7slp.tv\/2022\/wp-json\/wp\/v2\/users\/2"}],"replies":[{"embeddable":true,"href":"https:\/\/canal7slp.tv\/2022\/wp-json\/wp\/v2\/comments?post=63676"}],"version-history":[{"count":2,"href":"https:\/\/canal7slp.tv\/2022\/wp-json\/wp\/v2\/posts\/63676\/revisions"}],"predecessor-version":[{"id":63685,"href":"https:\/\/canal7slp.tv\/2022\/wp-json\/wp\/v2\/posts\/63676\/revisions\/63685"}],"wp:featuredmedia":[{"embeddable":true,"href":"https:\/\/canal7slp.tv\/2022\/wp-json\/wp\/v2\/media\/63691"}],"wp:attachment":[{"href":"https:\/\/canal7slp.tv\/2022\/wp-json\/wp\/v2\/media?parent=63676"}],"wp:term":[{"taxonomy":"category","embeddable":true,"href":"https:\/\/canal7slp.tv\/2022\/wp-json\/wp\/v2\/categories?post=63676"},{"taxonomy":"post_tag","embeddable":true,"href":"https:\/\/canal7slp.tv\/2022\/wp-json\/wp\/v2\/tags?post=63676"}],"curies":[{"name":"wp","href":"https:\/\/api.w.org\/{rel}","templated":true}]}}