{"id":63659,"date":"2022-06-15T13:47:09","date_gmt":"2022-06-15T19:47:09","guid":{"rendered":"https:\/\/canal7slp.tv\/2022\/?p=63659"},"modified":"2022-06-15T13:47:09","modified_gmt":"2022-06-15T19:47:09","slug":"soledad-festejara-a-papa-este-domingo","status":"publish","type":"post","link":"https:\/\/canal7slp.tv\/2022\/soledad-festejara-a-papa-este-domingo\/","title":{"rendered":"Soledad festejar\u00e1 a pap\u00e1 este domingo."},"content":{"rendered":"<p style=\"text-align: justify;\">SGS.- El H. Ayuntamiento de Soledad de Graciano S\u00e1nchez a trav\u00e9s de la Direcci\u00f3n De Deportes arrancar\u00e1 este fin de semana su programa de actividades denominado \u201cDia de la Familia\u201d que se estar\u00e1 efectuando por lo menos una vez al mes con diferentes actividades el d\u00eda domingo en el primer cuadro de la ciudad.<\/p>\n<p style=\"text-align: justify;\">El primer evento ser\u00e1 con tem\u00e1tica alusiva al d\u00eda del padre bajo el slogan \u201cFestejando a Pap\u00e1\u201d ser\u00e1 el primero de una serie de eventos pactada durante el a\u00f1o; en particular en este se tendr\u00e1n diferentes actividades para toda la familia.<\/p>\n<p style=\"text-align: justify;\">Se invita a todos los soledenses a divertirse un rato este domingo por al ma\u00f1ana a partir de las 8:00 horas hasta las 11:00 horas.<br \/>\nSe cerrar\u00e1 la calle Ju\u00e1rez desde Palacio Municipal hasta la calle Ignacio Allende con al finalidad de que las familias acudan a caminar, trotar, correr, o simplemente pasear a la mascota.<\/p>\n<p style=\"text-align: justify;\">Asimismo se tendr\u00e1 una S\u00faper Clase de Zumba a las 9:00 am en la Explanada del Jard\u00edn Principal de Soledad, al cual se invita a todas las mam\u00e1s a que se integren esta tendr\u00e1 una duraci\u00f3n de una hora.<\/p>\n<p style=\"text-align: justify;\">Al mismo tiempo en la calle de Ju\u00e1rez se tendr\u00e1n diferentes actividades para padres e hijos con un s\u00faper rally de inflables, habr\u00e1 premios y sorpresas para los papas asistentes; cabe hacer menci\u00f3n que el evento es totalmente gratuito.<\/p>\n","protected":false},"excerpt":{"rendered":"<p>SGS.- El H. Ayuntamiento de Soledad de Graciano S\u00e1nchez a trav\u00e9s de la Direcci\u00f3n De Deportes arrancar\u00e1 este fin de semana su programa de actividades denominado \u201cDia de la Familia\u201d que se estar\u00e1 efectuando por lo menos una vez al mes con diferentes actividades el d\u00eda domingo en el primer cuadro de la ciudad. El primer evento ser\u00e1 con tem\u00e1tica alusiva al d\u00eda del padre bajo el slogan \u201cFestejando a Pap\u00e1\u201d ser\u00e1 el primero de una serie de eventos pactada durante el a\u00f1o; en particular en este se tendr\u00e1n diferentes actividades para toda la familia. Se invita a todos los [&hellip;]<\/p>\n","protected":false},"author":2,"featured_media":63671,"comment_status":"closed","ping_status":"closed","sticky":false,"template":"","format":"video","meta":{"footnotes":""},"categories":[7,5],"tags":[],"class_list":["post-63659","post","type-post","status-publish","format-video","has-post-thumbnail","hentry","category-deportes","category-destacadas","post_format-post-format-video","post--single"],"yoast_head":"<!-- This site is optimized with the Yoast SEO plugin v27.5 - https:\/\/yoast.com\/product\/yoast-seo-wordpress\/ -->\n<title>Soledad festejar\u00e1 a pap\u00e1 este domingo. - Canal 7 SLP - 2022<\/title>\n<meta name=\"robots\" content=\"index, follow, max-snippet:-1, max-image-preview:large, max-video-preview:-1\" \/>\n<link rel=\"canonical\" href=\"https:\/\/canal7slp.tv\/2022\/soledad-festejara-a-papa-este-domingo\/\" \/>\n<meta property=\"og:locale\" content=\"es_ES\" \/>\n<meta property=\"og:type\" content=\"article\" \/>\n<meta property=\"og:title\" content=\"Soledad festejar\u00e1 a pap\u00e1 este domingo. - Canal 7 SLP - 2022\" \/>\n<meta property=\"og:description\" content=\"SGS.- El H. Ayuntamiento de Soledad de Graciano S\u00e1nchez a trav\u00e9s de la Direcci\u00f3n De Deportes arrancar\u00e1 este fin de semana su programa de actividades denominado \u201cDia de la Familia\u201d que se estar\u00e1 efectuando por lo menos una vez al mes con diferentes actividades el d\u00eda domingo en el primer cuadro de la ciudad. El primer evento ser\u00e1 con tem\u00e1tica alusiva al d\u00eda del padre bajo el slogan \u201cFestejando a Pap\u00e1\u201d ser\u00e1 el primero de una serie de eventos pactada durante el a\u00f1o; en particular en este se tendr\u00e1n diferentes actividades para toda la familia. Se invita a todos los [&hellip;]\" \/>\n<meta property=\"og:url\" content=\"https:\/\/canal7slp.tv\/2022\/soledad-festejara-a-papa-este-domingo\/\" \/>\n<meta property=\"og:site_name\" content=\"Canal 7 SLP - 2022\" \/>\n<meta property=\"article:publisher\" content=\"https:\/\/www.facebook.com\/noticieroscanalsiete\" \/>\n<meta property=\"article:published_time\" content=\"2022-06-15T19:47:09+00:00\" \/>\n<meta property=\"og:image\" content=\"https:\/\/canal7slp.tv\/2022\/wp-content\/uploads\/2022\/06\/Froi03Soledad.jpg\" \/>\n\t<meta property=\"og:image:width\" content=\"888\" \/>\n\t<meta property=\"og:image:height\" content=\"500\" \/>\n\t<meta property=\"og:image:type\" content=\"image\/jpeg\" \/>\n<meta name=\"author\" content=\"Edici\u00f3n Web\" \/>\n<meta name=\"twitter:card\" content=\"summary_large_image\" \/>\n<meta name=\"twitter:creator\" content=\"@NOTICIEROS7\" \/>\n<meta name=\"twitter:site\" content=\"@NOTICIEROS7\" \/>\n<meta name=\"twitter:label1\" content=\"Escrito por\" \/>\n\t<meta name=\"twitter:data1\" content=\"Edici\u00f3n Web\" \/>\n\t<meta name=\"twitter:label2\" content=\"Tiempo de lectura\" \/>\n\t<meta name=\"twitter:data2\" content=\"2 minutos\" \/>\n<script type=\"application\/ld+json\" class=\"yoast-schema-graph\">{\"@context\":\"https:\\\/\\\/schema.org\",\"@graph\":[{\"@type\":\"Article\",\"@id\":\"https:\\\/\\\/canal7slp.tv\\\/2022\\\/soledad-festejara-a-papa-este-domingo\\\/#article\",\"isPartOf\":{\"@id\":\"https:\\\/\\\/canal7slp.tv\\\/2022\\\/soledad-festejara-a-papa-este-domingo\\\/\"},\"author\":{\"name\":\"Edici\u00f3n Web\",\"@id\":\"https:\\\/\\\/canal7slp.tv\\\/2022\\\/#\\\/schema\\\/person\\\/429704152a21f5f856ce29aa69a238da\"},\"headline\":\"Soledad festejar\u00e1 a pap\u00e1 este domingo.\",\"datePublished\":\"2022-06-15T19:47:09+00:00\",\"mainEntityOfPage\":{\"@id\":\"https:\\\/\\\/canal7slp.tv\\\/2022\\\/soledad-festejara-a-papa-este-domingo\\\/\"},\"wordCount\":251,\"publisher\":{\"@id\":\"https:\\\/\\\/canal7slp.tv\\\/2022\\\/#organization\"},\"image\":{\"@id\":\"https:\\\/\\\/canal7slp.tv\\\/2022\\\/soledad-festejara-a-papa-este-domingo\\\/#primaryimage\"},\"thumbnailUrl\":\"https:\\\/\\\/canal7slp.tv\\\/2022\\\/wp-content\\\/uploads\\\/2022\\\/06\\\/Froi03Soledad.jpg\",\"articleSection\":[\"DEPORTES\",\"DESTACADAS\"],\"inLanguage\":\"es\"},{\"@type\":\"WebPage\",\"@id\":\"https:\\\/\\\/canal7slp.tv\\\/2022\\\/soledad-festejara-a-papa-este-domingo\\\/\",\"url\":\"https:\\\/\\\/canal7slp.tv\\\/2022\\\/soledad-festejara-a-papa-este-domingo\\\/\",\"name\":\"Soledad festejar\u00e1 a pap\u00e1 este domingo. - Canal 7 SLP - 2022\",\"isPartOf\":{\"@id\":\"https:\\\/\\\/canal7slp.tv\\\/2022\\\/#website\"},\"primaryImageOfPage\":{\"@id\":\"https:\\\/\\\/canal7slp.tv\\\/2022\\\/soledad-festejara-a-papa-este-domingo\\\/#primaryimage\"},\"image\":{\"@id\":\"https:\\\/\\\/canal7slp.tv\\\/2022\\\/soledad-festejara-a-papa-este-domingo\\\/#primaryimage\"},\"thumbnailUrl\":\"https:\\\/\\\/canal7slp.tv\\\/2022\\\/wp-content\\\/uploads\\\/2022\\\/06\\\/Froi03Soledad.jpg\",\"datePublished\":\"2022-06-15T19:47:09+00:00\",\"breadcrumb\":{\"@id\":\"https:\\\/\\\/canal7slp.tv\\\/2022\\\/soledad-festejara-a-papa-este-domingo\\\/#breadcrumb\"},\"inLanguage\":\"es\",\"potentialAction\":[{\"@type\":\"ReadAction\",\"target\":[\"https:\\\/\\\/canal7slp.tv\\\/2022\\\/soledad-festejara-a-papa-este-domingo\\\/\"]}]},{\"@type\":\"ImageObject\",\"inLanguage\":\"es\",\"@id\":\"https:\\\/\\\/canal7slp.tv\\\/2022\\\/soledad-festejara-a-papa-este-domingo\\\/#primaryimage\",\"url\":\"https:\\\/\\\/canal7slp.tv\\\/2022\\\/wp-content\\\/uploads\\\/2022\\\/06\\\/Froi03Soledad.jpg\",\"contentUrl\":\"https:\\\/\\\/canal7slp.tv\\\/2022\\\/wp-content\\\/uploads\\\/2022\\\/06\\\/Froi03Soledad.jpg\",\"width\":888,\"height\":500},{\"@type\":\"BreadcrumbList\",\"@id\":\"https:\\\/\\\/canal7slp.tv\\\/2022\\\/soledad-festejara-a-papa-este-domingo\\\/#breadcrumb\",\"itemListElement\":[{\"@type\":\"ListItem\",\"position\":1,\"name\":\"Portada\",\"item\":\"https:\\\/\\\/canal7slp.tv\\\/2022\\\/\"},{\"@type\":\"ListItem\",\"position\":2,\"name\":\"Soledad festejar\u00e1 a pap\u00e1 este domingo.\"}]},{\"@type\":\"WebSite\",\"@id\":\"https:\\\/\\\/canal7slp.tv\\\/2022\\\/#website\",\"url\":\"https:\\\/\\\/canal7slp.tv\\\/2022\\\/\",\"name\":\"N7 - Noticieros Canal 7\",\"description\":\"Somos Televisi\u00f3n\",\"publisher\":{\"@id\":\"https:\\\/\\\/canal7slp.tv\\\/2022\\\/#organization\"},\"potentialAction\":[{\"@type\":\"SearchAction\",\"target\":{\"@type\":\"EntryPoint\",\"urlTemplate\":\"https:\\\/\\\/canal7slp.tv\\\/2022\\\/?s={search_term_string}\"},\"query-input\":{\"@type\":\"PropertyValueSpecification\",\"valueRequired\":true,\"valueName\":\"search_term_string\"}}],\"inLanguage\":\"es\"},{\"@type\":\"Organization\",\"@id\":\"https:\\\/\\\/canal7slp.tv\\\/2022\\\/#organization\",\"name\":\"Noticieros Canal 7\",\"url\":\"https:\\\/\\\/canal7slp.tv\\\/2022\\\/\",\"logo\":{\"@type\":\"ImageObject\",\"inLanguage\":\"es\",\"@id\":\"https:\\\/\\\/canal7slp.tv\\\/2022\\\/#\\\/schema\\\/logo\\\/image\\\/\",\"url\":\"https:\\\/\\\/canal7slp.tv\\\/2022\\\/wp-content\\\/uploads\\\/2021\\\/01\\\/logo-noticieros@2x.png\",\"contentUrl\":\"https:\\\/\\\/canal7slp.tv\\\/2022\\\/wp-content\\\/uploads\\\/2021\\\/01\\\/logo-noticieros@2x.png\",\"width\":1017,\"height\":268,\"caption\":\"Noticieros Canal 7\"},\"image\":{\"@id\":\"https:\\\/\\\/canal7slp.tv\\\/2022\\\/#\\\/schema\\\/logo\\\/image\\\/\"},\"sameAs\":[\"https:\\\/\\\/www.facebook.com\\\/noticieroscanalsiete\",\"https:\\\/\\\/x.com\\\/NOTICIEROS7\",\"https:\\\/\\\/www.instagram.com\\\/canal7_slp\",\"https:\\\/\\\/www.youtube.com\\\/channel\\\/UCliiYs-gP3JfJeqdPrNdd5A\"]},{\"@type\":\"Person\",\"@id\":\"https:\\\/\\\/canal7slp.tv\\\/2022\\\/#\\\/schema\\\/person\\\/429704152a21f5f856ce29aa69a238da\",\"name\":\"Edici\u00f3n Web\",\"image\":{\"@type\":\"ImageObject\",\"inLanguage\":\"es\",\"@id\":\"https:\\\/\\\/secure.gravatar.com\\\/avatar\\\/eee448fc3f7164808013b816ba91ac7e43bbe82a70bebac296f8bc6f0addaa1a?s=96&d=mm&r=g\",\"url\":\"https:\\\/\\\/secure.gravatar.com\\\/avatar\\\/eee448fc3f7164808013b816ba91ac7e43bbe82a70bebac296f8bc6f0addaa1a?s=96&d=mm&r=g\",\"contentUrl\":\"https:\\\/\\\/secure.gravatar.com\\\/avatar\\\/eee448fc3f7164808013b816ba91ac7e43bbe82a70bebac296f8bc6f0addaa1a?s=96&d=mm&r=g\",\"caption\":\"Edici\u00f3n Web\"},\"url\":\"https:\\\/\\\/canal7slp.tv\\\/2022\\\/author\\\/edicionweb\\\/\"}]}<\/script>\n<!-- \/ Yoast SEO plugin. -->","yoast_head_json":{"title":"Soledad festejar\u00e1 a pap\u00e1 este domingo. - Canal 7 SLP - 2022","robots":{"index":"index","follow":"follow","max-snippet":"max-snippet:-1","max-image-preview":"max-image-preview:large","max-video-preview":"max-video-preview:-1"},"canonical":"https:\/\/canal7slp.tv\/2022\/soledad-festejara-a-papa-este-domingo\/","og_locale":"es_ES","og_type":"article","og_title":"Soledad festejar\u00e1 a pap\u00e1 este domingo. - Canal 7 SLP - 2022","og_description":"SGS.- El H. Ayuntamiento de Soledad de Graciano S\u00e1nchez a trav\u00e9s de la Direcci\u00f3n De Deportes arrancar\u00e1 este fin de semana su programa de actividades denominado \u201cDia de la Familia\u201d que se estar\u00e1 efectuando por lo menos una vez al mes con diferentes actividades el d\u00eda domingo en el primer cuadro de la ciudad. El primer evento ser\u00e1 con tem\u00e1tica alusiva al d\u00eda del padre bajo el slogan \u201cFestejando a Pap\u00e1\u201d ser\u00e1 el primero de una serie de eventos pactada durante el a\u00f1o; en particular en este se tendr\u00e1n diferentes actividades para toda la familia. Se invita a todos los [&hellip;]","og_url":"https:\/\/canal7slp.tv\/2022\/soledad-festejara-a-papa-este-domingo\/","og_site_name":"Canal 7 SLP - 2022","article_publisher":"https:\/\/www.facebook.com\/noticieroscanalsiete","article_published_time":"2022-06-15T19:47:09+00:00","og_image":[{"width":888,"height":500,"url":"https:\/\/canal7slp.tv\/2022\/wp-content\/uploads\/2022\/06\/Froi03Soledad.jpg","type":"image\/jpeg"}],"author":"Edici\u00f3n Web","twitter_card":"summary_large_image","twitter_creator":"@NOTICIEROS7","twitter_site":"@NOTICIEROS7","twitter_misc":{"Escrito por":"Edici\u00f3n Web","Tiempo de lectura":"2 minutos"},"schema":{"@context":"https:\/\/schema.org","@graph":[{"@type":"Article","@id":"https:\/\/canal7slp.tv\/2022\/soledad-festejara-a-papa-este-domingo\/#article","isPartOf":{"@id":"https:\/\/canal7slp.tv\/2022\/soledad-festejara-a-papa-este-domingo\/"},"author":{"name":"Edici\u00f3n Web","@id":"https:\/\/canal7slp.tv\/2022\/#\/schema\/person\/429704152a21f5f856ce29aa69a238da"},"headline":"Soledad festejar\u00e1 a pap\u00e1 este domingo.","datePublished":"2022-06-15T19:47:09+00:00","mainEntityOfPage":{"@id":"https:\/\/canal7slp.tv\/2022\/soledad-festejara-a-papa-este-domingo\/"},"wordCount":251,"publisher":{"@id":"https:\/\/canal7slp.tv\/2022\/#organization"},"image":{"@id":"https:\/\/canal7slp.tv\/2022\/soledad-festejara-a-papa-este-domingo\/#primaryimage"},"thumbnailUrl":"https:\/\/canal7slp.tv\/2022\/wp-content\/uploads\/2022\/06\/Froi03Soledad.jpg","articleSection":["DEPORTES","DESTACADAS"],"inLanguage":"es"},{"@type":"WebPage","@id":"https:\/\/canal7slp.tv\/2022\/soledad-festejara-a-papa-este-domingo\/","url":"https:\/\/canal7slp.tv\/2022\/soledad-festejara-a-papa-este-domingo\/","name":"Soledad festejar\u00e1 a pap\u00e1 este domingo. - Canal 7 SLP - 2022","isPartOf":{"@id":"https:\/\/canal7slp.tv\/2022\/#website"},"primaryImageOfPage":{"@id":"https:\/\/canal7slp.tv\/2022\/soledad-festejara-a-papa-este-domingo\/#primaryimage"},"image":{"@id":"https:\/\/canal7slp.tv\/2022\/soledad-festejara-a-papa-este-domingo\/#primaryimage"},"thumbnailUrl":"https:\/\/canal7slp.tv\/2022\/wp-content\/uploads\/2022\/06\/Froi03Soledad.jpg","datePublished":"2022-06-15T19:47:09+00:00","breadcrumb":{"@id":"https:\/\/canal7slp.tv\/2022\/soledad-festejara-a-papa-este-domingo\/#breadcrumb"},"inLanguage":"es","potentialAction":[{"@type":"ReadAction","target":["https:\/\/canal7slp.tv\/2022\/soledad-festejara-a-papa-este-domingo\/"]}]},{"@type":"ImageObject","inLanguage":"es","@id":"https:\/\/canal7slp.tv\/2022\/soledad-festejara-a-papa-este-domingo\/#primaryimage","url":"https:\/\/canal7slp.tv\/2022\/wp-content\/uploads\/2022\/06\/Froi03Soledad.jpg","contentUrl":"https:\/\/canal7slp.tv\/2022\/wp-content\/uploads\/2022\/06\/Froi03Soledad.jpg","width":888,"height":500},{"@type":"BreadcrumbList","@id":"https:\/\/canal7slp.tv\/2022\/soledad-festejara-a-papa-este-domingo\/#breadcrumb","itemListElement":[{"@type":"ListItem","position":1,"name":"Portada","item":"https:\/\/canal7slp.tv\/2022\/"},{"@type":"ListItem","position":2,"name":"Soledad festejar\u00e1 a pap\u00e1 este domingo."}]},{"@type":"WebSite","@id":"https:\/\/canal7slp.tv\/2022\/#website","url":"https:\/\/canal7slp.tv\/2022\/","name":"N7 - Noticieros Canal 7","description":"Somos Televisi\u00f3n","publisher":{"@id":"https:\/\/canal7slp.tv\/2022\/#organization"},"potentialAction":[{"@type":"SearchAction","target":{"@type":"EntryPoint","urlTemplate":"https:\/\/canal7slp.tv\/2022\/?s={search_term_string}"},"query-input":{"@type":"PropertyValueSpecification","valueRequired":true,"valueName":"search_term_string"}}],"inLanguage":"es"},{"@type":"Organization","@id":"https:\/\/canal7slp.tv\/2022\/#organization","name":"Noticieros Canal 7","url":"https:\/\/canal7slp.tv\/2022\/","logo":{"@type":"ImageObject","inLanguage":"es","@id":"https:\/\/canal7slp.tv\/2022\/#\/schema\/logo\/image\/","url":"https:\/\/canal7slp.tv\/2022\/wp-content\/uploads\/2021\/01\/logo-noticieros@2x.png","contentUrl":"https:\/\/canal7slp.tv\/2022\/wp-content\/uploads\/2021\/01\/logo-noticieros@2x.png","width":1017,"height":268,"caption":"Noticieros Canal 7"},"image":{"@id":"https:\/\/canal7slp.tv\/2022\/#\/schema\/logo\/image\/"},"sameAs":["https:\/\/www.facebook.com\/noticieroscanalsiete","https:\/\/x.com\/NOTICIEROS7","https:\/\/www.instagram.com\/canal7_slp","https:\/\/www.youtube.com\/channel\/UCliiYs-gP3JfJeqdPrNdd5A"]},{"@type":"Person","@id":"https:\/\/canal7slp.tv\/2022\/#\/schema\/person\/429704152a21f5f856ce29aa69a238da","name":"Edici\u00f3n Web","image":{"@type":"ImageObject","inLanguage":"es","@id":"https:\/\/secure.gravatar.com\/avatar\/eee448fc3f7164808013b816ba91ac7e43bbe82a70bebac296f8bc6f0addaa1a?s=96&d=mm&r=g","url":"https:\/\/secure.gravatar.com\/avatar\/eee448fc3f7164808013b816ba91ac7e43bbe82a70bebac296f8bc6f0addaa1a?s=96&d=mm&r=g","contentUrl":"https:\/\/secure.gravatar.com\/avatar\/eee448fc3f7164808013b816ba91ac7e43bbe82a70bebac296f8bc6f0addaa1a?s=96&d=mm&r=g","caption":"Edici\u00f3n Web"},"url":"https:\/\/canal7slp.tv\/2022\/author\/edicionweb\/"}]}},"amp_enabled":true,"_links":{"self":[{"href":"https:\/\/canal7slp.tv\/2022\/wp-json\/wp\/v2\/posts\/63659","targetHints":{"allow":["GET"]}}],"collection":[{"href":"https:\/\/canal7slp.tv\/2022\/wp-json\/wp\/v2\/posts"}],"about":[{"href":"https:\/\/canal7slp.tv\/2022\/wp-json\/wp\/v2\/types\/post"}],"author":[{"embeddable":true,"href":"https:\/\/canal7slp.tv\/2022\/wp-json\/wp\/v2\/users\/2"}],"replies":[{"embeddable":true,"href":"https:\/\/canal7slp.tv\/2022\/wp-json\/wp\/v2\/comments?post=63659"}],"version-history":[{"count":2,"href":"https:\/\/canal7slp.tv\/2022\/wp-json\/wp\/v2\/posts\/63659\/revisions"}],"predecessor-version":[{"id":63672,"href":"https:\/\/canal7slp.tv\/2022\/wp-json\/wp\/v2\/posts\/63659\/revisions\/63672"}],"wp:featuredmedia":[{"embeddable":true,"href":"https:\/\/canal7slp.tv\/2022\/wp-json\/wp\/v2\/media\/63671"}],"wp:attachment":[{"href":"https:\/\/canal7slp.tv\/2022\/wp-json\/wp\/v2\/media?parent=63659"}],"wp:term":[{"taxonomy":"category","embeddable":true,"href":"https:\/\/canal7slp.tv\/2022\/wp-json\/wp\/v2\/categories?post=63659"},{"taxonomy":"post_tag","embeddable":true,"href":"https:\/\/canal7slp.tv\/2022\/wp-json\/wp\/v2\/tags?post=63659"}],"curies":[{"name":"wp","href":"https:\/\/api.w.org\/{rel}","templated":true}]}}