{"id":63620,"date":"2022-06-14T18:03:17","date_gmt":"2022-06-15T00:03:17","guid":{"rendered":"https:\/\/canal7slp.tv\/2022\/?p=63620"},"modified":"2022-06-14T18:03:17","modified_gmt":"2022-06-15T00:03:17","slug":"incertidumbre-en-tecnologico-de-matehuala-ante-posible-cambio-en-la-direccion","status":"publish","type":"post","link":"https:\/\/canal7slp.tv\/2022\/incertidumbre-en-tecnologico-de-matehuala-ante-posible-cambio-en-la-direccion\/","title":{"rendered":"Incertidumbre en Tecnol\u00f3gico de Matehuala ante posible cambio en la direcci\u00f3n."},"content":{"rendered":"<p style=\"text-align: justify;\">Matehuala.- Durante una conferencia de prensa con las autoridades del Tecnol\u00f3gico de Matehuala donde presentaron una serie de logros obtenidos por estudiantes y docentes de la instituci\u00f3n, Gabriel Mondrag\u00f3n, subdirector administrativo de la instituci\u00f3n, habl\u00f3 sobre los periodos de tiempo en los que se encuentran para el posible cambio en la direcci\u00f3n del plantel.<\/p>\n<p style=\"text-align: justify;\">\u201cLos periodos de los directivos duran tres a\u00f1os, m\u00e1s tres a\u00f1os, una vez que se lleva a cabo una evaluaci\u00f3n de los resultados, pueden ser hasta seis a\u00f1os y los funcionarios docentes se rigen por el mismo manual de organizaci\u00f3n\u201d, dijo.<\/p>\n<p style=\"text-align: justify;\">A nivel nacional, el Tecnol\u00f3gico se encuentra en un cambio de director general, lo que est\u00e1 todav\u00eda en un proceso de nombramiento, por lo que la plantilla en Matehuala se encuentra a la espera de lo que pueda ocurrir, \u201cahorita hay un momento de incertidumbre, porque no han nombrado al nuevo director general, el anterior sali\u00f3 hace casi un mes, entonces se va a nombrar al nuevo y ah\u00ed ya ser\u00e1n decisiones de ellos, a lo mejor esto que le acabo de decir, ellos pueden hacer cambios porque pueden hacer esta atribuci\u00f3n\u201d.<\/p>\n<p style=\"text-align: justify;\">Tras ser cuestionado sobre su deseo de permanencia como director de la instituci\u00f3n, el Dr. Jos\u00e9 Luis Bernal Robledo, coment\u00f3 al respecto, \u201cclaro que s\u00ed, me debo a esta instituci\u00f3n, aqu\u00ed me form\u00e9, aqu\u00ed he crecido institucionalmente y quiero hacer m\u00e1s logros\u201d.<\/p>\n<p style=\"text-align: justify;\">Por: Jes\u00fas Valencia<\/p>\n","protected":false},"excerpt":{"rendered":"<p>Matehuala.- Durante una conferencia de prensa con las autoridades del Tecnol\u00f3gico de Matehuala donde presentaron una serie de logros obtenidos por estudiantes y docentes de la instituci\u00f3n, Gabriel Mondrag\u00f3n, subdirector administrativo de la instituci\u00f3n, habl\u00f3 sobre los periodos de tiempo en los que se encuentran para el posible cambio en la direcci\u00f3n del plantel. \u201cLos periodos de los directivos duran tres a\u00f1os, m\u00e1s tres a\u00f1os, una vez que se lleva a cabo una evaluaci\u00f3n de los resultados, pueden ser hasta seis a\u00f1os y los funcionarios docentes se rigen por el mismo manual de organizaci\u00f3n\u201d, dijo. A nivel nacional, el Tecnol\u00f3gico [&hellip;]<\/p>\n","protected":false},"author":2,"featured_media":63624,"comment_status":"closed","ping_status":"closed","sticky":false,"template":"","format":"video","meta":{"footnotes":""},"categories":[5,43],"tags":[],"class_list":["post-63620","post","type-post","status-publish","format-video","has-post-thumbnail","hentry","category-destacadas","category-interior","post_format-post-format-video","post--single"],"yoast_head":"<!-- This site is optimized with the Yoast SEO plugin v27.5 - https:\/\/yoast.com\/product\/yoast-seo-wordpress\/ -->\n<title>Incertidumbre en Tecnol\u00f3gico de Matehuala ante posible cambio en la direcci\u00f3n. - Canal 7 SLP - 2022<\/title>\n<meta name=\"robots\" content=\"index, follow, max-snippet:-1, max-image-preview:large, max-video-preview:-1\" \/>\n<link rel=\"canonical\" href=\"https:\/\/canal7slp.tv\/2022\/incertidumbre-en-tecnologico-de-matehuala-ante-posible-cambio-en-la-direccion\/\" \/>\n<meta property=\"og:locale\" content=\"es_ES\" \/>\n<meta property=\"og:type\" content=\"article\" \/>\n<meta property=\"og:title\" content=\"Incertidumbre en Tecnol\u00f3gico de Matehuala ante posible cambio en la direcci\u00f3n. - Canal 7 SLP - 2022\" \/>\n<meta property=\"og:description\" content=\"Matehuala.- Durante una conferencia de prensa con las autoridades del Tecnol\u00f3gico de Matehuala donde presentaron una serie de logros obtenidos por estudiantes y docentes de la instituci\u00f3n, Gabriel Mondrag\u00f3n, subdirector administrativo de la instituci\u00f3n, habl\u00f3 sobre los periodos de tiempo en los que se encuentran para el posible cambio en la direcci\u00f3n del plantel. \u201cLos periodos de los directivos duran tres a\u00f1os, m\u00e1s tres a\u00f1os, una vez que se lleva a cabo una evaluaci\u00f3n de los resultados, pueden ser hasta seis a\u00f1os y los funcionarios docentes se rigen por el mismo manual de organizaci\u00f3n\u201d, dijo. A nivel nacional, el Tecnol\u00f3gico [&hellip;]\" \/>\n<meta property=\"og:url\" content=\"https:\/\/canal7slp.tv\/2022\/incertidumbre-en-tecnologico-de-matehuala-ante-posible-cambio-en-la-direccion\/\" \/>\n<meta property=\"og:site_name\" content=\"Canal 7 SLP - 2022\" \/>\n<meta property=\"article:publisher\" content=\"https:\/\/www.facebook.com\/noticieroscanalsiete\" \/>\n<meta property=\"article:published_time\" content=\"2022-06-15T00:03:17+00:00\" \/>\n<meta property=\"og:image\" content=\"https:\/\/canal7slp.tv\/2022\/wp-content\/uploads\/2022\/06\/Valencia01Tecnologico.jpg\" \/>\n\t<meta property=\"og:image:width\" content=\"909\" \/>\n\t<meta property=\"og:image:height\" content=\"500\" \/>\n\t<meta property=\"og:image:type\" content=\"image\/jpeg\" \/>\n<meta name=\"author\" content=\"Edici\u00f3n Web\" \/>\n<meta name=\"twitter:card\" content=\"summary_large_image\" \/>\n<meta name=\"twitter:creator\" content=\"@NOTICIEROS7\" \/>\n<meta name=\"twitter:site\" content=\"@NOTICIEROS7\" \/>\n<meta name=\"twitter:label1\" content=\"Escrito por\" \/>\n\t<meta name=\"twitter:data1\" content=\"Edici\u00f3n Web\" \/>\n\t<meta name=\"twitter:label2\" content=\"Tiempo de lectura\" \/>\n\t<meta name=\"twitter:data2\" content=\"2 minutos\" \/>\n<script type=\"application\/ld+json\" class=\"yoast-schema-graph\">{\"@context\":\"https:\\\/\\\/schema.org\",\"@graph\":[{\"@type\":\"Article\",\"@id\":\"https:\\\/\\\/canal7slp.tv\\\/2022\\\/incertidumbre-en-tecnologico-de-matehuala-ante-posible-cambio-en-la-direccion\\\/#article\",\"isPartOf\":{\"@id\":\"https:\\\/\\\/canal7slp.tv\\\/2022\\\/incertidumbre-en-tecnologico-de-matehuala-ante-posible-cambio-en-la-direccion\\\/\"},\"author\":{\"name\":\"Edici\u00f3n Web\",\"@id\":\"https:\\\/\\\/canal7slp.tv\\\/2022\\\/#\\\/schema\\\/person\\\/429704152a21f5f856ce29aa69a238da\"},\"headline\":\"Incertidumbre en Tecnol\u00f3gico de Matehuala ante posible cambio en la direcci\u00f3n.\",\"datePublished\":\"2022-06-15T00:03:17+00:00\",\"mainEntityOfPage\":{\"@id\":\"https:\\\/\\\/canal7slp.tv\\\/2022\\\/incertidumbre-en-tecnologico-de-matehuala-ante-posible-cambio-en-la-direccion\\\/\"},\"wordCount\":265,\"publisher\":{\"@id\":\"https:\\\/\\\/canal7slp.tv\\\/2022\\\/#organization\"},\"image\":{\"@id\":\"https:\\\/\\\/canal7slp.tv\\\/2022\\\/incertidumbre-en-tecnologico-de-matehuala-ante-posible-cambio-en-la-direccion\\\/#primaryimage\"},\"thumbnailUrl\":\"https:\\\/\\\/canal7slp.tv\\\/2022\\\/wp-content\\\/uploads\\\/2022\\\/06\\\/Valencia01Tecnologico.jpg\",\"articleSection\":[\"DESTACADAS\",\"INTERIOR DEL ESTADO\"],\"inLanguage\":\"es\"},{\"@type\":\"WebPage\",\"@id\":\"https:\\\/\\\/canal7slp.tv\\\/2022\\\/incertidumbre-en-tecnologico-de-matehuala-ante-posible-cambio-en-la-direccion\\\/\",\"url\":\"https:\\\/\\\/canal7slp.tv\\\/2022\\\/incertidumbre-en-tecnologico-de-matehuala-ante-posible-cambio-en-la-direccion\\\/\",\"name\":\"Incertidumbre en Tecnol\u00f3gico de Matehuala ante posible cambio en la direcci\u00f3n. - Canal 7 SLP - 2022\",\"isPartOf\":{\"@id\":\"https:\\\/\\\/canal7slp.tv\\\/2022\\\/#website\"},\"primaryImageOfPage\":{\"@id\":\"https:\\\/\\\/canal7slp.tv\\\/2022\\\/incertidumbre-en-tecnologico-de-matehuala-ante-posible-cambio-en-la-direccion\\\/#primaryimage\"},\"image\":{\"@id\":\"https:\\\/\\\/canal7slp.tv\\\/2022\\\/incertidumbre-en-tecnologico-de-matehuala-ante-posible-cambio-en-la-direccion\\\/#primaryimage\"},\"thumbnailUrl\":\"https:\\\/\\\/canal7slp.tv\\\/2022\\\/wp-content\\\/uploads\\\/2022\\\/06\\\/Valencia01Tecnologico.jpg\",\"datePublished\":\"2022-06-15T00:03:17+00:00\",\"breadcrumb\":{\"@id\":\"https:\\\/\\\/canal7slp.tv\\\/2022\\\/incertidumbre-en-tecnologico-de-matehuala-ante-posible-cambio-en-la-direccion\\\/#breadcrumb\"},\"inLanguage\":\"es\",\"potentialAction\":[{\"@type\":\"ReadAction\",\"target\":[\"https:\\\/\\\/canal7slp.tv\\\/2022\\\/incertidumbre-en-tecnologico-de-matehuala-ante-posible-cambio-en-la-direccion\\\/\"]}]},{\"@type\":\"ImageObject\",\"inLanguage\":\"es\",\"@id\":\"https:\\\/\\\/canal7slp.tv\\\/2022\\\/incertidumbre-en-tecnologico-de-matehuala-ante-posible-cambio-en-la-direccion\\\/#primaryimage\",\"url\":\"https:\\\/\\\/canal7slp.tv\\\/2022\\\/wp-content\\\/uploads\\\/2022\\\/06\\\/Valencia01Tecnologico.jpg\",\"contentUrl\":\"https:\\\/\\\/canal7slp.tv\\\/2022\\\/wp-content\\\/uploads\\\/2022\\\/06\\\/Valencia01Tecnologico.jpg\",\"width\":909,\"height\":500},{\"@type\":\"BreadcrumbList\",\"@id\":\"https:\\\/\\\/canal7slp.tv\\\/2022\\\/incertidumbre-en-tecnologico-de-matehuala-ante-posible-cambio-en-la-direccion\\\/#breadcrumb\",\"itemListElement\":[{\"@type\":\"ListItem\",\"position\":1,\"name\":\"Portada\",\"item\":\"https:\\\/\\\/canal7slp.tv\\\/2022\\\/\"},{\"@type\":\"ListItem\",\"position\":2,\"name\":\"Incertidumbre en Tecnol\u00f3gico de Matehuala ante posible cambio en la direcci\u00f3n.\"}]},{\"@type\":\"WebSite\",\"@id\":\"https:\\\/\\\/canal7slp.tv\\\/2022\\\/#website\",\"url\":\"https:\\\/\\\/canal7slp.tv\\\/2022\\\/\",\"name\":\"N7 - Noticieros Canal 7\",\"description\":\"Somos Televisi\u00f3n\",\"publisher\":{\"@id\":\"https:\\\/\\\/canal7slp.tv\\\/2022\\\/#organization\"},\"potentialAction\":[{\"@type\":\"SearchAction\",\"target\":{\"@type\":\"EntryPoint\",\"urlTemplate\":\"https:\\\/\\\/canal7slp.tv\\\/2022\\\/?s={search_term_string}\"},\"query-input\":{\"@type\":\"PropertyValueSpecification\",\"valueRequired\":true,\"valueName\":\"search_term_string\"}}],\"inLanguage\":\"es\"},{\"@type\":\"Organization\",\"@id\":\"https:\\\/\\\/canal7slp.tv\\\/2022\\\/#organization\",\"name\":\"Noticieros Canal 7\",\"url\":\"https:\\\/\\\/canal7slp.tv\\\/2022\\\/\",\"logo\":{\"@type\":\"ImageObject\",\"inLanguage\":\"es\",\"@id\":\"https:\\\/\\\/canal7slp.tv\\\/2022\\\/#\\\/schema\\\/logo\\\/image\\\/\",\"url\":\"https:\\\/\\\/canal7slp.tv\\\/2022\\\/wp-content\\\/uploads\\\/2021\\\/01\\\/logo-noticieros@2x.png\",\"contentUrl\":\"https:\\\/\\\/canal7slp.tv\\\/2022\\\/wp-content\\\/uploads\\\/2021\\\/01\\\/logo-noticieros@2x.png\",\"width\":1017,\"height\":268,\"caption\":\"Noticieros Canal 7\"},\"image\":{\"@id\":\"https:\\\/\\\/canal7slp.tv\\\/2022\\\/#\\\/schema\\\/logo\\\/image\\\/\"},\"sameAs\":[\"https:\\\/\\\/www.facebook.com\\\/noticieroscanalsiete\",\"https:\\\/\\\/x.com\\\/NOTICIEROS7\",\"https:\\\/\\\/www.instagram.com\\\/canal7_slp\",\"https:\\\/\\\/www.youtube.com\\\/channel\\\/UCliiYs-gP3JfJeqdPrNdd5A\"]},{\"@type\":\"Person\",\"@id\":\"https:\\\/\\\/canal7slp.tv\\\/2022\\\/#\\\/schema\\\/person\\\/429704152a21f5f856ce29aa69a238da\",\"name\":\"Edici\u00f3n Web\",\"image\":{\"@type\":\"ImageObject\",\"inLanguage\":\"es\",\"@id\":\"https:\\\/\\\/secure.gravatar.com\\\/avatar\\\/eee448fc3f7164808013b816ba91ac7e43bbe82a70bebac296f8bc6f0addaa1a?s=96&d=mm&r=g\",\"url\":\"https:\\\/\\\/secure.gravatar.com\\\/avatar\\\/eee448fc3f7164808013b816ba91ac7e43bbe82a70bebac296f8bc6f0addaa1a?s=96&d=mm&r=g\",\"contentUrl\":\"https:\\\/\\\/secure.gravatar.com\\\/avatar\\\/eee448fc3f7164808013b816ba91ac7e43bbe82a70bebac296f8bc6f0addaa1a?s=96&d=mm&r=g\",\"caption\":\"Edici\u00f3n Web\"},\"url\":\"https:\\\/\\\/canal7slp.tv\\\/2022\\\/author\\\/edicionweb\\\/\"}]}<\/script>\n<!-- \/ Yoast SEO plugin. -->","yoast_head_json":{"title":"Incertidumbre en Tecnol\u00f3gico de Matehuala ante posible cambio en la direcci\u00f3n. - Canal 7 SLP - 2022","robots":{"index":"index","follow":"follow","max-snippet":"max-snippet:-1","max-image-preview":"max-image-preview:large","max-video-preview":"max-video-preview:-1"},"canonical":"https:\/\/canal7slp.tv\/2022\/incertidumbre-en-tecnologico-de-matehuala-ante-posible-cambio-en-la-direccion\/","og_locale":"es_ES","og_type":"article","og_title":"Incertidumbre en Tecnol\u00f3gico de Matehuala ante posible cambio en la direcci\u00f3n. - Canal 7 SLP - 2022","og_description":"Matehuala.- Durante una conferencia de prensa con las autoridades del Tecnol\u00f3gico de Matehuala donde presentaron una serie de logros obtenidos por estudiantes y docentes de la instituci\u00f3n, Gabriel Mondrag\u00f3n, subdirector administrativo de la instituci\u00f3n, habl\u00f3 sobre los periodos de tiempo en los que se encuentran para el posible cambio en la direcci\u00f3n del plantel. \u201cLos periodos de los directivos duran tres a\u00f1os, m\u00e1s tres a\u00f1os, una vez que se lleva a cabo una evaluaci\u00f3n de los resultados, pueden ser hasta seis a\u00f1os y los funcionarios docentes se rigen por el mismo manual de organizaci\u00f3n\u201d, dijo. A nivel nacional, el Tecnol\u00f3gico [&hellip;]","og_url":"https:\/\/canal7slp.tv\/2022\/incertidumbre-en-tecnologico-de-matehuala-ante-posible-cambio-en-la-direccion\/","og_site_name":"Canal 7 SLP - 2022","article_publisher":"https:\/\/www.facebook.com\/noticieroscanalsiete","article_published_time":"2022-06-15T00:03:17+00:00","og_image":[{"width":909,"height":500,"url":"https:\/\/canal7slp.tv\/2022\/wp-content\/uploads\/2022\/06\/Valencia01Tecnologico.jpg","type":"image\/jpeg"}],"author":"Edici\u00f3n Web","twitter_card":"summary_large_image","twitter_creator":"@NOTICIEROS7","twitter_site":"@NOTICIEROS7","twitter_misc":{"Escrito por":"Edici\u00f3n Web","Tiempo de lectura":"2 minutos"},"schema":{"@context":"https:\/\/schema.org","@graph":[{"@type":"Article","@id":"https:\/\/canal7slp.tv\/2022\/incertidumbre-en-tecnologico-de-matehuala-ante-posible-cambio-en-la-direccion\/#article","isPartOf":{"@id":"https:\/\/canal7slp.tv\/2022\/incertidumbre-en-tecnologico-de-matehuala-ante-posible-cambio-en-la-direccion\/"},"author":{"name":"Edici\u00f3n Web","@id":"https:\/\/canal7slp.tv\/2022\/#\/schema\/person\/429704152a21f5f856ce29aa69a238da"},"headline":"Incertidumbre en Tecnol\u00f3gico de Matehuala ante posible cambio en la direcci\u00f3n.","datePublished":"2022-06-15T00:03:17+00:00","mainEntityOfPage":{"@id":"https:\/\/canal7slp.tv\/2022\/incertidumbre-en-tecnologico-de-matehuala-ante-posible-cambio-en-la-direccion\/"},"wordCount":265,"publisher":{"@id":"https:\/\/canal7slp.tv\/2022\/#organization"},"image":{"@id":"https:\/\/canal7slp.tv\/2022\/incertidumbre-en-tecnologico-de-matehuala-ante-posible-cambio-en-la-direccion\/#primaryimage"},"thumbnailUrl":"https:\/\/canal7slp.tv\/2022\/wp-content\/uploads\/2022\/06\/Valencia01Tecnologico.jpg","articleSection":["DESTACADAS","INTERIOR DEL ESTADO"],"inLanguage":"es"},{"@type":"WebPage","@id":"https:\/\/canal7slp.tv\/2022\/incertidumbre-en-tecnologico-de-matehuala-ante-posible-cambio-en-la-direccion\/","url":"https:\/\/canal7slp.tv\/2022\/incertidumbre-en-tecnologico-de-matehuala-ante-posible-cambio-en-la-direccion\/","name":"Incertidumbre en Tecnol\u00f3gico de Matehuala ante posible cambio en la direcci\u00f3n. - Canal 7 SLP - 2022","isPartOf":{"@id":"https:\/\/canal7slp.tv\/2022\/#website"},"primaryImageOfPage":{"@id":"https:\/\/canal7slp.tv\/2022\/incertidumbre-en-tecnologico-de-matehuala-ante-posible-cambio-en-la-direccion\/#primaryimage"},"image":{"@id":"https:\/\/canal7slp.tv\/2022\/incertidumbre-en-tecnologico-de-matehuala-ante-posible-cambio-en-la-direccion\/#primaryimage"},"thumbnailUrl":"https:\/\/canal7slp.tv\/2022\/wp-content\/uploads\/2022\/06\/Valencia01Tecnologico.jpg","datePublished":"2022-06-15T00:03:17+00:00","breadcrumb":{"@id":"https:\/\/canal7slp.tv\/2022\/incertidumbre-en-tecnologico-de-matehuala-ante-posible-cambio-en-la-direccion\/#breadcrumb"},"inLanguage":"es","potentialAction":[{"@type":"ReadAction","target":["https:\/\/canal7slp.tv\/2022\/incertidumbre-en-tecnologico-de-matehuala-ante-posible-cambio-en-la-direccion\/"]}]},{"@type":"ImageObject","inLanguage":"es","@id":"https:\/\/canal7slp.tv\/2022\/incertidumbre-en-tecnologico-de-matehuala-ante-posible-cambio-en-la-direccion\/#primaryimage","url":"https:\/\/canal7slp.tv\/2022\/wp-content\/uploads\/2022\/06\/Valencia01Tecnologico.jpg","contentUrl":"https:\/\/canal7slp.tv\/2022\/wp-content\/uploads\/2022\/06\/Valencia01Tecnologico.jpg","width":909,"height":500},{"@type":"BreadcrumbList","@id":"https:\/\/canal7slp.tv\/2022\/incertidumbre-en-tecnologico-de-matehuala-ante-posible-cambio-en-la-direccion\/#breadcrumb","itemListElement":[{"@type":"ListItem","position":1,"name":"Portada","item":"https:\/\/canal7slp.tv\/2022\/"},{"@type":"ListItem","position":2,"name":"Incertidumbre en Tecnol\u00f3gico de Matehuala ante posible cambio en la direcci\u00f3n."}]},{"@type":"WebSite","@id":"https:\/\/canal7slp.tv\/2022\/#website","url":"https:\/\/canal7slp.tv\/2022\/","name":"N7 - Noticieros Canal 7","description":"Somos Televisi\u00f3n","publisher":{"@id":"https:\/\/canal7slp.tv\/2022\/#organization"},"potentialAction":[{"@type":"SearchAction","target":{"@type":"EntryPoint","urlTemplate":"https:\/\/canal7slp.tv\/2022\/?s={search_term_string}"},"query-input":{"@type":"PropertyValueSpecification","valueRequired":true,"valueName":"search_term_string"}}],"inLanguage":"es"},{"@type":"Organization","@id":"https:\/\/canal7slp.tv\/2022\/#organization","name":"Noticieros Canal 7","url":"https:\/\/canal7slp.tv\/2022\/","logo":{"@type":"ImageObject","inLanguage":"es","@id":"https:\/\/canal7slp.tv\/2022\/#\/schema\/logo\/image\/","url":"https:\/\/canal7slp.tv\/2022\/wp-content\/uploads\/2021\/01\/logo-noticieros@2x.png","contentUrl":"https:\/\/canal7slp.tv\/2022\/wp-content\/uploads\/2021\/01\/logo-noticieros@2x.png","width":1017,"height":268,"caption":"Noticieros Canal 7"},"image":{"@id":"https:\/\/canal7slp.tv\/2022\/#\/schema\/logo\/image\/"},"sameAs":["https:\/\/www.facebook.com\/noticieroscanalsiete","https:\/\/x.com\/NOTICIEROS7","https:\/\/www.instagram.com\/canal7_slp","https:\/\/www.youtube.com\/channel\/UCliiYs-gP3JfJeqdPrNdd5A"]},{"@type":"Person","@id":"https:\/\/canal7slp.tv\/2022\/#\/schema\/person\/429704152a21f5f856ce29aa69a238da","name":"Edici\u00f3n Web","image":{"@type":"ImageObject","inLanguage":"es","@id":"https:\/\/secure.gravatar.com\/avatar\/eee448fc3f7164808013b816ba91ac7e43bbe82a70bebac296f8bc6f0addaa1a?s=96&d=mm&r=g","url":"https:\/\/secure.gravatar.com\/avatar\/eee448fc3f7164808013b816ba91ac7e43bbe82a70bebac296f8bc6f0addaa1a?s=96&d=mm&r=g","contentUrl":"https:\/\/secure.gravatar.com\/avatar\/eee448fc3f7164808013b816ba91ac7e43bbe82a70bebac296f8bc6f0addaa1a?s=96&d=mm&r=g","caption":"Edici\u00f3n Web"},"url":"https:\/\/canal7slp.tv\/2022\/author\/edicionweb\/"}]}},"amp_enabled":true,"_links":{"self":[{"href":"https:\/\/canal7slp.tv\/2022\/wp-json\/wp\/v2\/posts\/63620","targetHints":{"allow":["GET"]}}],"collection":[{"href":"https:\/\/canal7slp.tv\/2022\/wp-json\/wp\/v2\/posts"}],"about":[{"href":"https:\/\/canal7slp.tv\/2022\/wp-json\/wp\/v2\/types\/post"}],"author":[{"embeddable":true,"href":"https:\/\/canal7slp.tv\/2022\/wp-json\/wp\/v2\/users\/2"}],"replies":[{"embeddable":true,"href":"https:\/\/canal7slp.tv\/2022\/wp-json\/wp\/v2\/comments?post=63620"}],"version-history":[{"count":1,"href":"https:\/\/canal7slp.tv\/2022\/wp-json\/wp\/v2\/posts\/63620\/revisions"}],"predecessor-version":[{"id":63621,"href":"https:\/\/canal7slp.tv\/2022\/wp-json\/wp\/v2\/posts\/63620\/revisions\/63621"}],"wp:featuredmedia":[{"embeddable":true,"href":"https:\/\/canal7slp.tv\/2022\/wp-json\/wp\/v2\/media\/63624"}],"wp:attachment":[{"href":"https:\/\/canal7slp.tv\/2022\/wp-json\/wp\/v2\/media?parent=63620"}],"wp:term":[{"taxonomy":"category","embeddable":true,"href":"https:\/\/canal7slp.tv\/2022\/wp-json\/wp\/v2\/categories?post=63620"},{"taxonomy":"post_tag","embeddable":true,"href":"https:\/\/canal7slp.tv\/2022\/wp-json\/wp\/v2\/tags?post=63620"}],"curies":[{"name":"wp","href":"https:\/\/api.w.org\/{rel}","templated":true}]}}