{"id":63618,"date":"2022-06-14T18:12:54","date_gmt":"2022-06-15T00:12:54","guid":{"rendered":"https:\/\/canal7slp.tv\/2022\/?p=63618"},"modified":"2022-06-14T18:12:54","modified_gmt":"2022-06-15T00:12:54","slug":"obras-de-exalcalde-bajo-investigacion-de-la-ase-y-la-asf-advierte-edil-de-villa-de-la-paz","status":"publish","type":"post","link":"https:\/\/canal7slp.tv\/2022\/obras-de-exalcalde-bajo-investigacion-de-la-ase-y-la-asf-advierte-edil-de-villa-de-la-paz\/","title":{"rendered":"Obras de exalcalde, bajo investigaci\u00f3n de la ASE y la ASF, advierte Edil de Villa de la Paz."},"content":{"rendered":"<p style=\"text-align: justify;\">Villa de la Paz.- En entrevista para Noticieros Canal Siete, el Presidente Municipal de Villa de la Paz, Armando Torres, habl\u00f3 sobre las obras de agua potable que se encuentran siendo investigadas por la Auditor\u00eda Superior del Estado y la Auditor\u00eda Superior de la Federaci\u00f3n, las cuales fueron entregadas sin haber sido terminadas, todo esto en el periodo del 2015 al 2018 con el entonces alcalde Juan Rito Garc\u00eda Pe\u00f1a.<\/p>\n<p style=\"text-align: justify;\">\u201cCobraron la excavaci\u00f3n y viene toda a la intemperie, estamos hablando de un monto aproximado de siete millones, en diversos medios me dijeron que yo era part\u00edcipe, que me hab\u00eda corrompido, no mal informen y que digan las cosas como son, esas obras est\u00e1n investigadas, se le dio la investigaci\u00f3n a la Auditor\u00eda Superior del Estado y la Federaci\u00f3n\u201d, dijo.<\/p>\n<p style=\"text-align: justify;\">El edil municipal espera que los resultados sean arrojados lo m\u00e1s pronto posible, \u201cojal\u00e1 y realmente le pongan empe\u00f1o en esa investigaci\u00f3n porque hay mucha malversaci\u00f3n de fondos y obras mal hechas y yo creo que Villa de la Paz no se merece eso, porque apenas a cuatro o cinco a\u00f1os de esas obras ya estamos sufriendo da\u00f1os muy severos, cuando se supone que son obras por cuarenta a\u00f1os\u201d.<\/p>\n<p style=\"text-align: justify;\">Al final, Armando Torres desminti\u00f3 que en estos momentos el municipio est\u00e9 sufriendo una crisis de agua, \u201cla otra vez andaban diciendo que no hab\u00eda agua, hasta el momento los pozos se han estado manteniendo, han bajado los niveles por cuestiones clim\u00e1ticas, tenemos problemas, pero no tan severos\u201d.<\/p>\n<p style=\"text-align: justify;\">Por: Jes\u00fas Valencia<\/p>\n","protected":false},"excerpt":{"rendered":"<p>Villa de la Paz.- En entrevista para Noticieros Canal Siete, el Presidente Municipal de Villa de la Paz, Armando Torres, habl\u00f3 sobre las obras de agua potable que se encuentran siendo investigadas por la Auditor\u00eda Superior del Estado y la Auditor\u00eda Superior de la Federaci\u00f3n, las cuales fueron entregadas sin haber sido terminadas, todo esto en el periodo del 2015 al 2018 con el entonces alcalde Juan Rito Garc\u00eda Pe\u00f1a. \u201cCobraron la excavaci\u00f3n y viene toda a la intemperie, estamos hablando de un monto aproximado de siete millones, en diversos medios me dijeron que yo era part\u00edcipe, que me hab\u00eda [&hellip;]<\/p>\n","protected":false},"author":2,"featured_media":63627,"comment_status":"closed","ping_status":"closed","sticky":false,"template":"","format":"video","meta":{"footnotes":""},"categories":[5,43],"tags":[],"class_list":["post-63618","post","type-post","status-publish","format-video","has-post-thumbnail","hentry","category-destacadas","category-interior","post_format-post-format-video","post--single"],"yoast_head":"<!-- This site is optimized with the Yoast SEO plugin v27.4 - https:\/\/yoast.com\/product\/yoast-seo-wordpress\/ -->\n<title>Obras de exalcalde, bajo investigaci\u00f3n de la ASE y la ASF, advierte Edil de Villa de la Paz. - Canal 7 SLP - 2022<\/title>\n<meta name=\"robots\" content=\"index, follow, max-snippet:-1, max-image-preview:large, max-video-preview:-1\" \/>\n<link rel=\"canonical\" href=\"https:\/\/canal7slp.tv\/2022\/obras-de-exalcalde-bajo-investigacion-de-la-ase-y-la-asf-advierte-edil-de-villa-de-la-paz\/\" \/>\n<meta property=\"og:locale\" content=\"es_ES\" \/>\n<meta property=\"og:type\" content=\"article\" \/>\n<meta property=\"og:title\" content=\"Obras de exalcalde, bajo investigaci\u00f3n de la ASE y la ASF, advierte Edil de Villa de la Paz. - Canal 7 SLP - 2022\" \/>\n<meta property=\"og:description\" content=\"Villa de la Paz.- En entrevista para Noticieros Canal Siete, el Presidente Municipal de Villa de la Paz, Armando Torres, habl\u00f3 sobre las obras de agua potable que se encuentran siendo investigadas por la Auditor\u00eda Superior del Estado y la Auditor\u00eda Superior de la Federaci\u00f3n, las cuales fueron entregadas sin haber sido terminadas, todo esto en el periodo del 2015 al 2018 con el entonces alcalde Juan Rito Garc\u00eda Pe\u00f1a. \u201cCobraron la excavaci\u00f3n y viene toda a la intemperie, estamos hablando de un monto aproximado de siete millones, en diversos medios me dijeron que yo era part\u00edcipe, que me hab\u00eda [&hellip;]\" \/>\n<meta property=\"og:url\" content=\"https:\/\/canal7slp.tv\/2022\/obras-de-exalcalde-bajo-investigacion-de-la-ase-y-la-asf-advierte-edil-de-villa-de-la-paz\/\" \/>\n<meta property=\"og:site_name\" content=\"Canal 7 SLP - 2022\" \/>\n<meta property=\"article:publisher\" content=\"https:\/\/www.facebook.com\/noticieroscanalsiete\" \/>\n<meta property=\"article:published_time\" content=\"2022-06-15T00:12:54+00:00\" \/>\n<meta property=\"og:image\" content=\"https:\/\/canal7slp.tv\/2022\/wp-content\/uploads\/2022\/06\/Valencia03ObrasVPaz.jpg\" \/>\n\t<meta property=\"og:image:width\" content=\"909\" \/>\n\t<meta property=\"og:image:height\" content=\"500\" \/>\n\t<meta property=\"og:image:type\" content=\"image\/jpeg\" \/>\n<meta name=\"author\" content=\"Edici\u00f3n Web\" \/>\n<meta name=\"twitter:card\" content=\"summary_large_image\" \/>\n<meta name=\"twitter:creator\" content=\"@NOTICIEROS7\" \/>\n<meta name=\"twitter:site\" content=\"@NOTICIEROS7\" \/>\n<meta name=\"twitter:label1\" content=\"Escrito por\" \/>\n\t<meta name=\"twitter:data1\" content=\"Edici\u00f3n Web\" \/>\n\t<meta name=\"twitter:label2\" content=\"Tiempo de lectura\" \/>\n\t<meta name=\"twitter:data2\" content=\"2 minutos\" \/>\n<script type=\"application\/ld+json\" class=\"yoast-schema-graph\">{\"@context\":\"https:\\\/\\\/schema.org\",\"@graph\":[{\"@type\":\"Article\",\"@id\":\"https:\\\/\\\/canal7slp.tv\\\/2022\\\/obras-de-exalcalde-bajo-investigacion-de-la-ase-y-la-asf-advierte-edil-de-villa-de-la-paz\\\/#article\",\"isPartOf\":{\"@id\":\"https:\\\/\\\/canal7slp.tv\\\/2022\\\/obras-de-exalcalde-bajo-investigacion-de-la-ase-y-la-asf-advierte-edil-de-villa-de-la-paz\\\/\"},\"author\":{\"name\":\"Edici\u00f3n Web\",\"@id\":\"https:\\\/\\\/canal7slp.tv\\\/2022\\\/#\\\/schema\\\/person\\\/429704152a21f5f856ce29aa69a238da\"},\"headline\":\"Obras de exalcalde, bajo investigaci\u00f3n de la ASE y la ASF, advierte Edil de Villa de la Paz.\",\"datePublished\":\"2022-06-15T00:12:54+00:00\",\"mainEntityOfPage\":{\"@id\":\"https:\\\/\\\/canal7slp.tv\\\/2022\\\/obras-de-exalcalde-bajo-investigacion-de-la-ase-y-la-asf-advierte-edil-de-villa-de-la-paz\\\/\"},\"wordCount\":290,\"publisher\":{\"@id\":\"https:\\\/\\\/canal7slp.tv\\\/2022\\\/#organization\"},\"image\":{\"@id\":\"https:\\\/\\\/canal7slp.tv\\\/2022\\\/obras-de-exalcalde-bajo-investigacion-de-la-ase-y-la-asf-advierte-edil-de-villa-de-la-paz\\\/#primaryimage\"},\"thumbnailUrl\":\"https:\\\/\\\/canal7slp.tv\\\/2022\\\/wp-content\\\/uploads\\\/2022\\\/06\\\/Valencia03ObrasVPaz.jpg\",\"articleSection\":[\"DESTACADAS\",\"INTERIOR DEL ESTADO\"],\"inLanguage\":\"es\"},{\"@type\":\"WebPage\",\"@id\":\"https:\\\/\\\/canal7slp.tv\\\/2022\\\/obras-de-exalcalde-bajo-investigacion-de-la-ase-y-la-asf-advierte-edil-de-villa-de-la-paz\\\/\",\"url\":\"https:\\\/\\\/canal7slp.tv\\\/2022\\\/obras-de-exalcalde-bajo-investigacion-de-la-ase-y-la-asf-advierte-edil-de-villa-de-la-paz\\\/\",\"name\":\"Obras de exalcalde, bajo investigaci\u00f3n de la ASE y la ASF, advierte Edil de Villa de la Paz. - Canal 7 SLP - 2022\",\"isPartOf\":{\"@id\":\"https:\\\/\\\/canal7slp.tv\\\/2022\\\/#website\"},\"primaryImageOfPage\":{\"@id\":\"https:\\\/\\\/canal7slp.tv\\\/2022\\\/obras-de-exalcalde-bajo-investigacion-de-la-ase-y-la-asf-advierte-edil-de-villa-de-la-paz\\\/#primaryimage\"},\"image\":{\"@id\":\"https:\\\/\\\/canal7slp.tv\\\/2022\\\/obras-de-exalcalde-bajo-investigacion-de-la-ase-y-la-asf-advierte-edil-de-villa-de-la-paz\\\/#primaryimage\"},\"thumbnailUrl\":\"https:\\\/\\\/canal7slp.tv\\\/2022\\\/wp-content\\\/uploads\\\/2022\\\/06\\\/Valencia03ObrasVPaz.jpg\",\"datePublished\":\"2022-06-15T00:12:54+00:00\",\"breadcrumb\":{\"@id\":\"https:\\\/\\\/canal7slp.tv\\\/2022\\\/obras-de-exalcalde-bajo-investigacion-de-la-ase-y-la-asf-advierte-edil-de-villa-de-la-paz\\\/#breadcrumb\"},\"inLanguage\":\"es\",\"potentialAction\":[{\"@type\":\"ReadAction\",\"target\":[\"https:\\\/\\\/canal7slp.tv\\\/2022\\\/obras-de-exalcalde-bajo-investigacion-de-la-ase-y-la-asf-advierte-edil-de-villa-de-la-paz\\\/\"]}]},{\"@type\":\"ImageObject\",\"inLanguage\":\"es\",\"@id\":\"https:\\\/\\\/canal7slp.tv\\\/2022\\\/obras-de-exalcalde-bajo-investigacion-de-la-ase-y-la-asf-advierte-edil-de-villa-de-la-paz\\\/#primaryimage\",\"url\":\"https:\\\/\\\/canal7slp.tv\\\/2022\\\/wp-content\\\/uploads\\\/2022\\\/06\\\/Valencia03ObrasVPaz.jpg\",\"contentUrl\":\"https:\\\/\\\/canal7slp.tv\\\/2022\\\/wp-content\\\/uploads\\\/2022\\\/06\\\/Valencia03ObrasVPaz.jpg\",\"width\":909,\"height\":500},{\"@type\":\"BreadcrumbList\",\"@id\":\"https:\\\/\\\/canal7slp.tv\\\/2022\\\/obras-de-exalcalde-bajo-investigacion-de-la-ase-y-la-asf-advierte-edil-de-villa-de-la-paz\\\/#breadcrumb\",\"itemListElement\":[{\"@type\":\"ListItem\",\"position\":1,\"name\":\"Portada\",\"item\":\"https:\\\/\\\/canal7slp.tv\\\/2022\\\/\"},{\"@type\":\"ListItem\",\"position\":2,\"name\":\"Obras de exalcalde, bajo investigaci\u00f3n de la ASE y la ASF, advierte Edil de Villa de la Paz.\"}]},{\"@type\":\"WebSite\",\"@id\":\"https:\\\/\\\/canal7slp.tv\\\/2022\\\/#website\",\"url\":\"https:\\\/\\\/canal7slp.tv\\\/2022\\\/\",\"name\":\"N7 - Noticieros Canal 7\",\"description\":\"Somos Televisi\u00f3n\",\"publisher\":{\"@id\":\"https:\\\/\\\/canal7slp.tv\\\/2022\\\/#organization\"},\"potentialAction\":[{\"@type\":\"SearchAction\",\"target\":{\"@type\":\"EntryPoint\",\"urlTemplate\":\"https:\\\/\\\/canal7slp.tv\\\/2022\\\/?s={search_term_string}\"},\"query-input\":{\"@type\":\"PropertyValueSpecification\",\"valueRequired\":true,\"valueName\":\"search_term_string\"}}],\"inLanguage\":\"es\"},{\"@type\":\"Organization\",\"@id\":\"https:\\\/\\\/canal7slp.tv\\\/2022\\\/#organization\",\"name\":\"Noticieros Canal 7\",\"url\":\"https:\\\/\\\/canal7slp.tv\\\/2022\\\/\",\"logo\":{\"@type\":\"ImageObject\",\"inLanguage\":\"es\",\"@id\":\"https:\\\/\\\/canal7slp.tv\\\/2022\\\/#\\\/schema\\\/logo\\\/image\\\/\",\"url\":\"https:\\\/\\\/canal7slp.tv\\\/2022\\\/wp-content\\\/uploads\\\/2021\\\/01\\\/logo-noticieros@2x.png\",\"contentUrl\":\"https:\\\/\\\/canal7slp.tv\\\/2022\\\/wp-content\\\/uploads\\\/2021\\\/01\\\/logo-noticieros@2x.png\",\"width\":1017,\"height\":268,\"caption\":\"Noticieros Canal 7\"},\"image\":{\"@id\":\"https:\\\/\\\/canal7slp.tv\\\/2022\\\/#\\\/schema\\\/logo\\\/image\\\/\"},\"sameAs\":[\"https:\\\/\\\/www.facebook.com\\\/noticieroscanalsiete\",\"https:\\\/\\\/x.com\\\/NOTICIEROS7\",\"https:\\\/\\\/www.instagram.com\\\/canal7_slp\",\"https:\\\/\\\/www.youtube.com\\\/channel\\\/UCliiYs-gP3JfJeqdPrNdd5A\"]},{\"@type\":\"Person\",\"@id\":\"https:\\\/\\\/canal7slp.tv\\\/2022\\\/#\\\/schema\\\/person\\\/429704152a21f5f856ce29aa69a238da\",\"name\":\"Edici\u00f3n Web\",\"image\":{\"@type\":\"ImageObject\",\"inLanguage\":\"es\",\"@id\":\"https:\\\/\\\/secure.gravatar.com\\\/avatar\\\/eee448fc3f7164808013b816ba91ac7e43bbe82a70bebac296f8bc6f0addaa1a?s=96&d=mm&r=g\",\"url\":\"https:\\\/\\\/secure.gravatar.com\\\/avatar\\\/eee448fc3f7164808013b816ba91ac7e43bbe82a70bebac296f8bc6f0addaa1a?s=96&d=mm&r=g\",\"contentUrl\":\"https:\\\/\\\/secure.gravatar.com\\\/avatar\\\/eee448fc3f7164808013b816ba91ac7e43bbe82a70bebac296f8bc6f0addaa1a?s=96&d=mm&r=g\",\"caption\":\"Edici\u00f3n Web\"},\"url\":\"https:\\\/\\\/canal7slp.tv\\\/2022\\\/author\\\/edicionweb\\\/\"}]}<\/script>\n<!-- \/ Yoast SEO plugin. -->","yoast_head_json":{"title":"Obras de exalcalde, bajo investigaci\u00f3n de la ASE y la ASF, advierte Edil de Villa de la Paz. - Canal 7 SLP - 2022","robots":{"index":"index","follow":"follow","max-snippet":"max-snippet:-1","max-image-preview":"max-image-preview:large","max-video-preview":"max-video-preview:-1"},"canonical":"https:\/\/canal7slp.tv\/2022\/obras-de-exalcalde-bajo-investigacion-de-la-ase-y-la-asf-advierte-edil-de-villa-de-la-paz\/","og_locale":"es_ES","og_type":"article","og_title":"Obras de exalcalde, bajo investigaci\u00f3n de la ASE y la ASF, advierte Edil de Villa de la Paz. - Canal 7 SLP - 2022","og_description":"Villa de la Paz.- En entrevista para Noticieros Canal Siete, el Presidente Municipal de Villa de la Paz, Armando Torres, habl\u00f3 sobre las obras de agua potable que se encuentran siendo investigadas por la Auditor\u00eda Superior del Estado y la Auditor\u00eda Superior de la Federaci\u00f3n, las cuales fueron entregadas sin haber sido terminadas, todo esto en el periodo del 2015 al 2018 con el entonces alcalde Juan Rito Garc\u00eda Pe\u00f1a. \u201cCobraron la excavaci\u00f3n y viene toda a la intemperie, estamos hablando de un monto aproximado de siete millones, en diversos medios me dijeron que yo era part\u00edcipe, que me hab\u00eda [&hellip;]","og_url":"https:\/\/canal7slp.tv\/2022\/obras-de-exalcalde-bajo-investigacion-de-la-ase-y-la-asf-advierte-edil-de-villa-de-la-paz\/","og_site_name":"Canal 7 SLP - 2022","article_publisher":"https:\/\/www.facebook.com\/noticieroscanalsiete","article_published_time":"2022-06-15T00:12:54+00:00","og_image":[{"width":909,"height":500,"url":"https:\/\/canal7slp.tv\/2022\/wp-content\/uploads\/2022\/06\/Valencia03ObrasVPaz.jpg","type":"image\/jpeg"}],"author":"Edici\u00f3n Web","twitter_card":"summary_large_image","twitter_creator":"@NOTICIEROS7","twitter_site":"@NOTICIEROS7","twitter_misc":{"Escrito por":"Edici\u00f3n Web","Tiempo de lectura":"2 minutos"},"schema":{"@context":"https:\/\/schema.org","@graph":[{"@type":"Article","@id":"https:\/\/canal7slp.tv\/2022\/obras-de-exalcalde-bajo-investigacion-de-la-ase-y-la-asf-advierte-edil-de-villa-de-la-paz\/#article","isPartOf":{"@id":"https:\/\/canal7slp.tv\/2022\/obras-de-exalcalde-bajo-investigacion-de-la-ase-y-la-asf-advierte-edil-de-villa-de-la-paz\/"},"author":{"name":"Edici\u00f3n Web","@id":"https:\/\/canal7slp.tv\/2022\/#\/schema\/person\/429704152a21f5f856ce29aa69a238da"},"headline":"Obras de exalcalde, bajo investigaci\u00f3n de la ASE y la ASF, advierte Edil de Villa de la Paz.","datePublished":"2022-06-15T00:12:54+00:00","mainEntityOfPage":{"@id":"https:\/\/canal7slp.tv\/2022\/obras-de-exalcalde-bajo-investigacion-de-la-ase-y-la-asf-advierte-edil-de-villa-de-la-paz\/"},"wordCount":290,"publisher":{"@id":"https:\/\/canal7slp.tv\/2022\/#organization"},"image":{"@id":"https:\/\/canal7slp.tv\/2022\/obras-de-exalcalde-bajo-investigacion-de-la-ase-y-la-asf-advierte-edil-de-villa-de-la-paz\/#primaryimage"},"thumbnailUrl":"https:\/\/canal7slp.tv\/2022\/wp-content\/uploads\/2022\/06\/Valencia03ObrasVPaz.jpg","articleSection":["DESTACADAS","INTERIOR DEL ESTADO"],"inLanguage":"es"},{"@type":"WebPage","@id":"https:\/\/canal7slp.tv\/2022\/obras-de-exalcalde-bajo-investigacion-de-la-ase-y-la-asf-advierte-edil-de-villa-de-la-paz\/","url":"https:\/\/canal7slp.tv\/2022\/obras-de-exalcalde-bajo-investigacion-de-la-ase-y-la-asf-advierte-edil-de-villa-de-la-paz\/","name":"Obras de exalcalde, bajo investigaci\u00f3n de la ASE y la ASF, advierte Edil de Villa de la Paz. - Canal 7 SLP - 2022","isPartOf":{"@id":"https:\/\/canal7slp.tv\/2022\/#website"},"primaryImageOfPage":{"@id":"https:\/\/canal7slp.tv\/2022\/obras-de-exalcalde-bajo-investigacion-de-la-ase-y-la-asf-advierte-edil-de-villa-de-la-paz\/#primaryimage"},"image":{"@id":"https:\/\/canal7slp.tv\/2022\/obras-de-exalcalde-bajo-investigacion-de-la-ase-y-la-asf-advierte-edil-de-villa-de-la-paz\/#primaryimage"},"thumbnailUrl":"https:\/\/canal7slp.tv\/2022\/wp-content\/uploads\/2022\/06\/Valencia03ObrasVPaz.jpg","datePublished":"2022-06-15T00:12:54+00:00","breadcrumb":{"@id":"https:\/\/canal7slp.tv\/2022\/obras-de-exalcalde-bajo-investigacion-de-la-ase-y-la-asf-advierte-edil-de-villa-de-la-paz\/#breadcrumb"},"inLanguage":"es","potentialAction":[{"@type":"ReadAction","target":["https:\/\/canal7slp.tv\/2022\/obras-de-exalcalde-bajo-investigacion-de-la-ase-y-la-asf-advierte-edil-de-villa-de-la-paz\/"]}]},{"@type":"ImageObject","inLanguage":"es","@id":"https:\/\/canal7slp.tv\/2022\/obras-de-exalcalde-bajo-investigacion-de-la-ase-y-la-asf-advierte-edil-de-villa-de-la-paz\/#primaryimage","url":"https:\/\/canal7slp.tv\/2022\/wp-content\/uploads\/2022\/06\/Valencia03ObrasVPaz.jpg","contentUrl":"https:\/\/canal7slp.tv\/2022\/wp-content\/uploads\/2022\/06\/Valencia03ObrasVPaz.jpg","width":909,"height":500},{"@type":"BreadcrumbList","@id":"https:\/\/canal7slp.tv\/2022\/obras-de-exalcalde-bajo-investigacion-de-la-ase-y-la-asf-advierte-edil-de-villa-de-la-paz\/#breadcrumb","itemListElement":[{"@type":"ListItem","position":1,"name":"Portada","item":"https:\/\/canal7slp.tv\/2022\/"},{"@type":"ListItem","position":2,"name":"Obras de exalcalde, bajo investigaci\u00f3n de la ASE y la ASF, advierte Edil de Villa de la Paz."}]},{"@type":"WebSite","@id":"https:\/\/canal7slp.tv\/2022\/#website","url":"https:\/\/canal7slp.tv\/2022\/","name":"N7 - Noticieros Canal 7","description":"Somos Televisi\u00f3n","publisher":{"@id":"https:\/\/canal7slp.tv\/2022\/#organization"},"potentialAction":[{"@type":"SearchAction","target":{"@type":"EntryPoint","urlTemplate":"https:\/\/canal7slp.tv\/2022\/?s={search_term_string}"},"query-input":{"@type":"PropertyValueSpecification","valueRequired":true,"valueName":"search_term_string"}}],"inLanguage":"es"},{"@type":"Organization","@id":"https:\/\/canal7slp.tv\/2022\/#organization","name":"Noticieros Canal 7","url":"https:\/\/canal7slp.tv\/2022\/","logo":{"@type":"ImageObject","inLanguage":"es","@id":"https:\/\/canal7slp.tv\/2022\/#\/schema\/logo\/image\/","url":"https:\/\/canal7slp.tv\/2022\/wp-content\/uploads\/2021\/01\/logo-noticieros@2x.png","contentUrl":"https:\/\/canal7slp.tv\/2022\/wp-content\/uploads\/2021\/01\/logo-noticieros@2x.png","width":1017,"height":268,"caption":"Noticieros Canal 7"},"image":{"@id":"https:\/\/canal7slp.tv\/2022\/#\/schema\/logo\/image\/"},"sameAs":["https:\/\/www.facebook.com\/noticieroscanalsiete","https:\/\/x.com\/NOTICIEROS7","https:\/\/www.instagram.com\/canal7_slp","https:\/\/www.youtube.com\/channel\/UCliiYs-gP3JfJeqdPrNdd5A"]},{"@type":"Person","@id":"https:\/\/canal7slp.tv\/2022\/#\/schema\/person\/429704152a21f5f856ce29aa69a238da","name":"Edici\u00f3n Web","image":{"@type":"ImageObject","inLanguage":"es","@id":"https:\/\/secure.gravatar.com\/avatar\/eee448fc3f7164808013b816ba91ac7e43bbe82a70bebac296f8bc6f0addaa1a?s=96&d=mm&r=g","url":"https:\/\/secure.gravatar.com\/avatar\/eee448fc3f7164808013b816ba91ac7e43bbe82a70bebac296f8bc6f0addaa1a?s=96&d=mm&r=g","contentUrl":"https:\/\/secure.gravatar.com\/avatar\/eee448fc3f7164808013b816ba91ac7e43bbe82a70bebac296f8bc6f0addaa1a?s=96&d=mm&r=g","caption":"Edici\u00f3n Web"},"url":"https:\/\/canal7slp.tv\/2022\/author\/edicionweb\/"}]}},"amp_enabled":true,"_links":{"self":[{"href":"https:\/\/canal7slp.tv\/2022\/wp-json\/wp\/v2\/posts\/63618","targetHints":{"allow":["GET"]}}],"collection":[{"href":"https:\/\/canal7slp.tv\/2022\/wp-json\/wp\/v2\/posts"}],"about":[{"href":"https:\/\/canal7slp.tv\/2022\/wp-json\/wp\/v2\/types\/post"}],"author":[{"embeddable":true,"href":"https:\/\/canal7slp.tv\/2022\/wp-json\/wp\/v2\/users\/2"}],"replies":[{"embeddable":true,"href":"https:\/\/canal7slp.tv\/2022\/wp-json\/wp\/v2\/comments?post=63618"}],"version-history":[{"count":1,"href":"https:\/\/canal7slp.tv\/2022\/wp-json\/wp\/v2\/posts\/63618\/revisions"}],"predecessor-version":[{"id":63623,"href":"https:\/\/canal7slp.tv\/2022\/wp-json\/wp\/v2\/posts\/63618\/revisions\/63623"}],"wp:featuredmedia":[{"embeddable":true,"href":"https:\/\/canal7slp.tv\/2022\/wp-json\/wp\/v2\/media\/63627"}],"wp:attachment":[{"href":"https:\/\/canal7slp.tv\/2022\/wp-json\/wp\/v2\/media?parent=63618"}],"wp:term":[{"taxonomy":"category","embeddable":true,"href":"https:\/\/canal7slp.tv\/2022\/wp-json\/wp\/v2\/categories?post=63618"},{"taxonomy":"post_tag","embeddable":true,"href":"https:\/\/canal7slp.tv\/2022\/wp-json\/wp\/v2\/tags?post=63618"}],"curies":[{"name":"wp","href":"https:\/\/api.w.org\/{rel}","templated":true}]}}