{"id":63587,"date":"2022-06-14T16:30:22","date_gmt":"2022-06-14T22:30:22","guid":{"rendered":"https:\/\/canal7slp.tv\/2022\/?p=63587"},"modified":"2022-06-14T16:30:22","modified_gmt":"2022-06-14T22:30:22","slug":"arrancan-obras-de-rehabilitacion-en-avenida-industrias","status":"publish","type":"post","link":"https:\/\/canal7slp.tv\/2022\/arrancan-obras-de-rehabilitacion-en-avenida-industrias\/","title":{"rendered":"Arrancan obras de rehabilitaci\u00f3n en Avenida Industrias."},"content":{"rendered":"<p style=\"text-align: justify;\">SLP.- Con una inversi\u00f3n de 100 millones de pesos, el Gobierno del Estado de San Luis Potos\u00ed a trav\u00e9s de la Secretar\u00eda de Desarrollo Urbano, Vivienda y Obras P\u00fablicas (Seduvop), comenz\u00f3 con las obras de rehabilitaci\u00f3n de la Avenida Industrias en el tramo que va desde la Salvador Nava hasta el eje 128.<\/p>\n<p style=\"text-align: justify;\">Fue la titular de la Seduvop, Leticia Vargas Tinajero, qui\u00e9n anunci\u00f3 que estas obras tambi\u00e9n contar\u00e1n con alumbrado LED, donde se colocar\u00e1 una nueva carpeta asf\u00e1ltica de 5 cent\u00edmetros de espesor, se\u00f1al\u00e9tica horizontal, pintura en guarniciones, l\u00ednea divisoria de carriles y cruces peatonales.<\/p>\n<p style=\"text-align: justify;\">\u201cEs as\u00ed como este martes se inician las acciones en este tramo con m\u00e1s de 59 mil m2, donde se quitar\u00e1n la sobre carpetas existentes y se le dar\u00e1n fin a los trabajos que quedaron pendientes de las anteriores administraciones. Una avenida emblem\u00e1tica para las y los potosinos, la clase trabajadora que se desempe\u00f1a laboralmente en una zona industrial y que han sido v\u00edctimas de proyectos truncos\u201d, apunt\u00f3.<\/p>\n<p style=\"text-align: justify;\">Por otra parte, el gobernador del estado, Jos\u00e9 Ricardo Gallardo Cardona, sostuvo que dicha reconstrucci\u00f3n no solo beneficiar\u00e1 a las personas que habitan por la zona, sino tambi\u00e9n a los miles que se trasladan hacia la parte industrial de la capital.<\/p>\n<p style=\"text-align: justify;\">\u201cEs un d\u00eda importante para la industria potosina porque hoy vamos a rehabilitar caminos donde todo el empresariado, donde todos los camiones, todos los pasajeros que van hacia la zona industrial tengan una mejor manera de comunicarse desde la diagonal de Salvador Nava hasta el eje 128 que va a ser el primer tramo, pero ya picados nos vamos a seguir hasta los dem\u00e1s ejes\u201d,<\/p>\n<p style=\"text-align: justify;\">Adelant\u00f3 que se tiene contemplada una inversi\u00f3n de 120 millones de pesos para iniciar el pr\u00f3ximo mes con la reparaci\u00f3n de las laterales de la Carretera 57 en ambos sentidos, hasta la altura de la delegaci\u00f3n de Villa de Pozos.<\/p>\n<p style=\"text-align: justify;\">Por: Jos\u00e9 Luis V\u00e1zquez<\/p>\n","protected":false},"excerpt":{"rendered":"<p>SLP.- Con una inversi\u00f3n de 100 millones de pesos, el Gobierno del Estado de San Luis Potos\u00ed a trav\u00e9s de la Secretar\u00eda de Desarrollo Urbano, Vivienda y Obras P\u00fablicas (Seduvop), comenz\u00f3 con las obras de rehabilitaci\u00f3n de la Avenida Industrias en el tramo que va desde la Salvador Nava hasta el eje 128. Fue la titular de la Seduvop, Leticia Vargas Tinajero, qui\u00e9n anunci\u00f3 que estas obras tambi\u00e9n contar\u00e1n con alumbrado LED, donde se colocar\u00e1 una nueva carpeta asf\u00e1ltica de 5 cent\u00edmetros de espesor, se\u00f1al\u00e9tica horizontal, pintura en guarniciones, l\u00ednea divisoria de carriles y cruces peatonales. \u201cEs as\u00ed como este [&hellip;]<\/p>\n","protected":false},"author":2,"featured_media":63609,"comment_status":"closed","ping_status":"closed","sticky":false,"template":"","format":"video","meta":{"footnotes":""},"categories":[5,510,45],"tags":[],"class_list":["post-63587","post","type-post","status-publish","format-video","has-post-thumbnail","hentry","category-destacadas","category-gobedoslp","category-localesyregionales","post_format-post-format-video","post--single"],"yoast_head":"<!-- This site is optimized with the Yoast SEO plugin v27.4 - https:\/\/yoast.com\/product\/yoast-seo-wordpress\/ -->\n<title>Arrancan obras de rehabilitaci\u00f3n en Avenida Industrias. - Canal 7 SLP - 2022<\/title>\n<meta name=\"robots\" content=\"index, follow, max-snippet:-1, max-image-preview:large, max-video-preview:-1\" \/>\n<link rel=\"canonical\" href=\"https:\/\/canal7slp.tv\/2022\/arrancan-obras-de-rehabilitacion-en-avenida-industrias\/\" \/>\n<meta property=\"og:locale\" content=\"es_ES\" \/>\n<meta property=\"og:type\" content=\"article\" \/>\n<meta property=\"og:title\" content=\"Arrancan obras de rehabilitaci\u00f3n en Avenida Industrias. - Canal 7 SLP - 2022\" \/>\n<meta property=\"og:description\" content=\"SLP.- Con una inversi\u00f3n de 100 millones de pesos, el Gobierno del Estado de San Luis Potos\u00ed a trav\u00e9s de la Secretar\u00eda de Desarrollo Urbano, Vivienda y Obras P\u00fablicas (Seduvop), comenz\u00f3 con las obras de rehabilitaci\u00f3n de la Avenida Industrias en el tramo que va desde la Salvador Nava hasta el eje 128. Fue la titular de la Seduvop, Leticia Vargas Tinajero, qui\u00e9n anunci\u00f3 que estas obras tambi\u00e9n contar\u00e1n con alumbrado LED, donde se colocar\u00e1 una nueva carpeta asf\u00e1ltica de 5 cent\u00edmetros de espesor, se\u00f1al\u00e9tica horizontal, pintura en guarniciones, l\u00ednea divisoria de carriles y cruces peatonales. \u201cEs as\u00ed como este [&hellip;]\" \/>\n<meta property=\"og:url\" content=\"https:\/\/canal7slp.tv\/2022\/arrancan-obras-de-rehabilitacion-en-avenida-industrias\/\" \/>\n<meta property=\"og:site_name\" content=\"Canal 7 SLP - 2022\" \/>\n<meta property=\"article:publisher\" content=\"https:\/\/www.facebook.com\/noticieroscanalsiete\" \/>\n<meta property=\"article:published_time\" content=\"2022-06-14T22:30:22+00:00\" \/>\n<meta property=\"og:image\" content=\"https:\/\/canal7slp.tv\/2022\/wp-content\/uploads\/2022\/06\/Vazquez04IndustriasObras.jpg\" \/>\n\t<meta property=\"og:image:width\" content=\"888\" \/>\n\t<meta property=\"og:image:height\" content=\"500\" \/>\n\t<meta property=\"og:image:type\" content=\"image\/jpeg\" \/>\n<meta name=\"author\" content=\"Edici\u00f3n Web\" \/>\n<meta name=\"twitter:card\" content=\"summary_large_image\" \/>\n<meta name=\"twitter:creator\" content=\"@NOTICIEROS7\" \/>\n<meta name=\"twitter:site\" content=\"@NOTICIEROS7\" \/>\n<meta name=\"twitter:label1\" content=\"Escrito por\" \/>\n\t<meta name=\"twitter:data1\" content=\"Edici\u00f3n Web\" \/>\n\t<meta name=\"twitter:label2\" content=\"Tiempo de lectura\" \/>\n\t<meta name=\"twitter:data2\" content=\"2 minutos\" \/>\n<script type=\"application\/ld+json\" class=\"yoast-schema-graph\">{\"@context\":\"https:\\\/\\\/schema.org\",\"@graph\":[{\"@type\":\"Article\",\"@id\":\"https:\\\/\\\/canal7slp.tv\\\/2022\\\/arrancan-obras-de-rehabilitacion-en-avenida-industrias\\\/#article\",\"isPartOf\":{\"@id\":\"https:\\\/\\\/canal7slp.tv\\\/2022\\\/arrancan-obras-de-rehabilitacion-en-avenida-industrias\\\/\"},\"author\":{\"name\":\"Edici\u00f3n Web\",\"@id\":\"https:\\\/\\\/canal7slp.tv\\\/2022\\\/#\\\/schema\\\/person\\\/429704152a21f5f856ce29aa69a238da\"},\"headline\":\"Arrancan obras de rehabilitaci\u00f3n en Avenida Industrias.\",\"datePublished\":\"2022-06-14T22:30:22+00:00\",\"mainEntityOfPage\":{\"@id\":\"https:\\\/\\\/canal7slp.tv\\\/2022\\\/arrancan-obras-de-rehabilitacion-en-avenida-industrias\\\/\"},\"wordCount\":344,\"publisher\":{\"@id\":\"https:\\\/\\\/canal7slp.tv\\\/2022\\\/#organization\"},\"image\":{\"@id\":\"https:\\\/\\\/canal7slp.tv\\\/2022\\\/arrancan-obras-de-rehabilitacion-en-avenida-industrias\\\/#primaryimage\"},\"thumbnailUrl\":\"https:\\\/\\\/canal7slp.tv\\\/2022\\\/wp-content\\\/uploads\\\/2022\\\/06\\\/Vazquez04IndustriasObras.jpg\",\"articleSection\":[\"DESTACADAS\",\"GOBEDOSLP\",\"LOCALES Y REGIONALES\"],\"inLanguage\":\"es\"},{\"@type\":\"WebPage\",\"@id\":\"https:\\\/\\\/canal7slp.tv\\\/2022\\\/arrancan-obras-de-rehabilitacion-en-avenida-industrias\\\/\",\"url\":\"https:\\\/\\\/canal7slp.tv\\\/2022\\\/arrancan-obras-de-rehabilitacion-en-avenida-industrias\\\/\",\"name\":\"Arrancan obras de rehabilitaci\u00f3n en Avenida Industrias. - Canal 7 SLP - 2022\",\"isPartOf\":{\"@id\":\"https:\\\/\\\/canal7slp.tv\\\/2022\\\/#website\"},\"primaryImageOfPage\":{\"@id\":\"https:\\\/\\\/canal7slp.tv\\\/2022\\\/arrancan-obras-de-rehabilitacion-en-avenida-industrias\\\/#primaryimage\"},\"image\":{\"@id\":\"https:\\\/\\\/canal7slp.tv\\\/2022\\\/arrancan-obras-de-rehabilitacion-en-avenida-industrias\\\/#primaryimage\"},\"thumbnailUrl\":\"https:\\\/\\\/canal7slp.tv\\\/2022\\\/wp-content\\\/uploads\\\/2022\\\/06\\\/Vazquez04IndustriasObras.jpg\",\"datePublished\":\"2022-06-14T22:30:22+00:00\",\"breadcrumb\":{\"@id\":\"https:\\\/\\\/canal7slp.tv\\\/2022\\\/arrancan-obras-de-rehabilitacion-en-avenida-industrias\\\/#breadcrumb\"},\"inLanguage\":\"es\",\"potentialAction\":[{\"@type\":\"ReadAction\",\"target\":[\"https:\\\/\\\/canal7slp.tv\\\/2022\\\/arrancan-obras-de-rehabilitacion-en-avenida-industrias\\\/\"]}]},{\"@type\":\"ImageObject\",\"inLanguage\":\"es\",\"@id\":\"https:\\\/\\\/canal7slp.tv\\\/2022\\\/arrancan-obras-de-rehabilitacion-en-avenida-industrias\\\/#primaryimage\",\"url\":\"https:\\\/\\\/canal7slp.tv\\\/2022\\\/wp-content\\\/uploads\\\/2022\\\/06\\\/Vazquez04IndustriasObras.jpg\",\"contentUrl\":\"https:\\\/\\\/canal7slp.tv\\\/2022\\\/wp-content\\\/uploads\\\/2022\\\/06\\\/Vazquez04IndustriasObras.jpg\",\"width\":888,\"height\":500},{\"@type\":\"BreadcrumbList\",\"@id\":\"https:\\\/\\\/canal7slp.tv\\\/2022\\\/arrancan-obras-de-rehabilitacion-en-avenida-industrias\\\/#breadcrumb\",\"itemListElement\":[{\"@type\":\"ListItem\",\"position\":1,\"name\":\"Portada\",\"item\":\"https:\\\/\\\/canal7slp.tv\\\/2022\\\/\"},{\"@type\":\"ListItem\",\"position\":2,\"name\":\"Arrancan obras de rehabilitaci\u00f3n en Avenida Industrias.\"}]},{\"@type\":\"WebSite\",\"@id\":\"https:\\\/\\\/canal7slp.tv\\\/2022\\\/#website\",\"url\":\"https:\\\/\\\/canal7slp.tv\\\/2022\\\/\",\"name\":\"N7 - Noticieros Canal 7\",\"description\":\"Somos Televisi\u00f3n\",\"publisher\":{\"@id\":\"https:\\\/\\\/canal7slp.tv\\\/2022\\\/#organization\"},\"potentialAction\":[{\"@type\":\"SearchAction\",\"target\":{\"@type\":\"EntryPoint\",\"urlTemplate\":\"https:\\\/\\\/canal7slp.tv\\\/2022\\\/?s={search_term_string}\"},\"query-input\":{\"@type\":\"PropertyValueSpecification\",\"valueRequired\":true,\"valueName\":\"search_term_string\"}}],\"inLanguage\":\"es\"},{\"@type\":\"Organization\",\"@id\":\"https:\\\/\\\/canal7slp.tv\\\/2022\\\/#organization\",\"name\":\"Noticieros Canal 7\",\"url\":\"https:\\\/\\\/canal7slp.tv\\\/2022\\\/\",\"logo\":{\"@type\":\"ImageObject\",\"inLanguage\":\"es\",\"@id\":\"https:\\\/\\\/canal7slp.tv\\\/2022\\\/#\\\/schema\\\/logo\\\/image\\\/\",\"url\":\"https:\\\/\\\/canal7slp.tv\\\/2022\\\/wp-content\\\/uploads\\\/2021\\\/01\\\/logo-noticieros@2x.png\",\"contentUrl\":\"https:\\\/\\\/canal7slp.tv\\\/2022\\\/wp-content\\\/uploads\\\/2021\\\/01\\\/logo-noticieros@2x.png\",\"width\":1017,\"height\":268,\"caption\":\"Noticieros Canal 7\"},\"image\":{\"@id\":\"https:\\\/\\\/canal7slp.tv\\\/2022\\\/#\\\/schema\\\/logo\\\/image\\\/\"},\"sameAs\":[\"https:\\\/\\\/www.facebook.com\\\/noticieroscanalsiete\",\"https:\\\/\\\/x.com\\\/NOTICIEROS7\",\"https:\\\/\\\/www.instagram.com\\\/canal7_slp\",\"https:\\\/\\\/www.youtube.com\\\/channel\\\/UCliiYs-gP3JfJeqdPrNdd5A\"]},{\"@type\":\"Person\",\"@id\":\"https:\\\/\\\/canal7slp.tv\\\/2022\\\/#\\\/schema\\\/person\\\/429704152a21f5f856ce29aa69a238da\",\"name\":\"Edici\u00f3n Web\",\"image\":{\"@type\":\"ImageObject\",\"inLanguage\":\"es\",\"@id\":\"https:\\\/\\\/secure.gravatar.com\\\/avatar\\\/eee448fc3f7164808013b816ba91ac7e43bbe82a70bebac296f8bc6f0addaa1a?s=96&d=mm&r=g\",\"url\":\"https:\\\/\\\/secure.gravatar.com\\\/avatar\\\/eee448fc3f7164808013b816ba91ac7e43bbe82a70bebac296f8bc6f0addaa1a?s=96&d=mm&r=g\",\"contentUrl\":\"https:\\\/\\\/secure.gravatar.com\\\/avatar\\\/eee448fc3f7164808013b816ba91ac7e43bbe82a70bebac296f8bc6f0addaa1a?s=96&d=mm&r=g\",\"caption\":\"Edici\u00f3n Web\"},\"url\":\"https:\\\/\\\/canal7slp.tv\\\/2022\\\/author\\\/edicionweb\\\/\"}]}<\/script>\n<!-- \/ Yoast SEO plugin. -->","yoast_head_json":{"title":"Arrancan obras de rehabilitaci\u00f3n en Avenida Industrias. - Canal 7 SLP - 2022","robots":{"index":"index","follow":"follow","max-snippet":"max-snippet:-1","max-image-preview":"max-image-preview:large","max-video-preview":"max-video-preview:-1"},"canonical":"https:\/\/canal7slp.tv\/2022\/arrancan-obras-de-rehabilitacion-en-avenida-industrias\/","og_locale":"es_ES","og_type":"article","og_title":"Arrancan obras de rehabilitaci\u00f3n en Avenida Industrias. - Canal 7 SLP - 2022","og_description":"SLP.- Con una inversi\u00f3n de 100 millones de pesos, el Gobierno del Estado de San Luis Potos\u00ed a trav\u00e9s de la Secretar\u00eda de Desarrollo Urbano, Vivienda y Obras P\u00fablicas (Seduvop), comenz\u00f3 con las obras de rehabilitaci\u00f3n de la Avenida Industrias en el tramo que va desde la Salvador Nava hasta el eje 128. Fue la titular de la Seduvop, Leticia Vargas Tinajero, qui\u00e9n anunci\u00f3 que estas obras tambi\u00e9n contar\u00e1n con alumbrado LED, donde se colocar\u00e1 una nueva carpeta asf\u00e1ltica de 5 cent\u00edmetros de espesor, se\u00f1al\u00e9tica horizontal, pintura en guarniciones, l\u00ednea divisoria de carriles y cruces peatonales. \u201cEs as\u00ed como este [&hellip;]","og_url":"https:\/\/canal7slp.tv\/2022\/arrancan-obras-de-rehabilitacion-en-avenida-industrias\/","og_site_name":"Canal 7 SLP - 2022","article_publisher":"https:\/\/www.facebook.com\/noticieroscanalsiete","article_published_time":"2022-06-14T22:30:22+00:00","og_image":[{"width":888,"height":500,"url":"https:\/\/canal7slp.tv\/2022\/wp-content\/uploads\/2022\/06\/Vazquez04IndustriasObras.jpg","type":"image\/jpeg"}],"author":"Edici\u00f3n Web","twitter_card":"summary_large_image","twitter_creator":"@NOTICIEROS7","twitter_site":"@NOTICIEROS7","twitter_misc":{"Escrito por":"Edici\u00f3n Web","Tiempo de lectura":"2 minutos"},"schema":{"@context":"https:\/\/schema.org","@graph":[{"@type":"Article","@id":"https:\/\/canal7slp.tv\/2022\/arrancan-obras-de-rehabilitacion-en-avenida-industrias\/#article","isPartOf":{"@id":"https:\/\/canal7slp.tv\/2022\/arrancan-obras-de-rehabilitacion-en-avenida-industrias\/"},"author":{"name":"Edici\u00f3n Web","@id":"https:\/\/canal7slp.tv\/2022\/#\/schema\/person\/429704152a21f5f856ce29aa69a238da"},"headline":"Arrancan obras de rehabilitaci\u00f3n en Avenida Industrias.","datePublished":"2022-06-14T22:30:22+00:00","mainEntityOfPage":{"@id":"https:\/\/canal7slp.tv\/2022\/arrancan-obras-de-rehabilitacion-en-avenida-industrias\/"},"wordCount":344,"publisher":{"@id":"https:\/\/canal7slp.tv\/2022\/#organization"},"image":{"@id":"https:\/\/canal7slp.tv\/2022\/arrancan-obras-de-rehabilitacion-en-avenida-industrias\/#primaryimage"},"thumbnailUrl":"https:\/\/canal7slp.tv\/2022\/wp-content\/uploads\/2022\/06\/Vazquez04IndustriasObras.jpg","articleSection":["DESTACADAS","GOBEDOSLP","LOCALES Y REGIONALES"],"inLanguage":"es"},{"@type":"WebPage","@id":"https:\/\/canal7slp.tv\/2022\/arrancan-obras-de-rehabilitacion-en-avenida-industrias\/","url":"https:\/\/canal7slp.tv\/2022\/arrancan-obras-de-rehabilitacion-en-avenida-industrias\/","name":"Arrancan obras de rehabilitaci\u00f3n en Avenida Industrias. - Canal 7 SLP - 2022","isPartOf":{"@id":"https:\/\/canal7slp.tv\/2022\/#website"},"primaryImageOfPage":{"@id":"https:\/\/canal7slp.tv\/2022\/arrancan-obras-de-rehabilitacion-en-avenida-industrias\/#primaryimage"},"image":{"@id":"https:\/\/canal7slp.tv\/2022\/arrancan-obras-de-rehabilitacion-en-avenida-industrias\/#primaryimage"},"thumbnailUrl":"https:\/\/canal7slp.tv\/2022\/wp-content\/uploads\/2022\/06\/Vazquez04IndustriasObras.jpg","datePublished":"2022-06-14T22:30:22+00:00","breadcrumb":{"@id":"https:\/\/canal7slp.tv\/2022\/arrancan-obras-de-rehabilitacion-en-avenida-industrias\/#breadcrumb"},"inLanguage":"es","potentialAction":[{"@type":"ReadAction","target":["https:\/\/canal7slp.tv\/2022\/arrancan-obras-de-rehabilitacion-en-avenida-industrias\/"]}]},{"@type":"ImageObject","inLanguage":"es","@id":"https:\/\/canal7slp.tv\/2022\/arrancan-obras-de-rehabilitacion-en-avenida-industrias\/#primaryimage","url":"https:\/\/canal7slp.tv\/2022\/wp-content\/uploads\/2022\/06\/Vazquez04IndustriasObras.jpg","contentUrl":"https:\/\/canal7slp.tv\/2022\/wp-content\/uploads\/2022\/06\/Vazquez04IndustriasObras.jpg","width":888,"height":500},{"@type":"BreadcrumbList","@id":"https:\/\/canal7slp.tv\/2022\/arrancan-obras-de-rehabilitacion-en-avenida-industrias\/#breadcrumb","itemListElement":[{"@type":"ListItem","position":1,"name":"Portada","item":"https:\/\/canal7slp.tv\/2022\/"},{"@type":"ListItem","position":2,"name":"Arrancan obras de rehabilitaci\u00f3n en Avenida Industrias."}]},{"@type":"WebSite","@id":"https:\/\/canal7slp.tv\/2022\/#website","url":"https:\/\/canal7slp.tv\/2022\/","name":"N7 - Noticieros Canal 7","description":"Somos Televisi\u00f3n","publisher":{"@id":"https:\/\/canal7slp.tv\/2022\/#organization"},"potentialAction":[{"@type":"SearchAction","target":{"@type":"EntryPoint","urlTemplate":"https:\/\/canal7slp.tv\/2022\/?s={search_term_string}"},"query-input":{"@type":"PropertyValueSpecification","valueRequired":true,"valueName":"search_term_string"}}],"inLanguage":"es"},{"@type":"Organization","@id":"https:\/\/canal7slp.tv\/2022\/#organization","name":"Noticieros Canal 7","url":"https:\/\/canal7slp.tv\/2022\/","logo":{"@type":"ImageObject","inLanguage":"es","@id":"https:\/\/canal7slp.tv\/2022\/#\/schema\/logo\/image\/","url":"https:\/\/canal7slp.tv\/2022\/wp-content\/uploads\/2021\/01\/logo-noticieros@2x.png","contentUrl":"https:\/\/canal7slp.tv\/2022\/wp-content\/uploads\/2021\/01\/logo-noticieros@2x.png","width":1017,"height":268,"caption":"Noticieros Canal 7"},"image":{"@id":"https:\/\/canal7slp.tv\/2022\/#\/schema\/logo\/image\/"},"sameAs":["https:\/\/www.facebook.com\/noticieroscanalsiete","https:\/\/x.com\/NOTICIEROS7","https:\/\/www.instagram.com\/canal7_slp","https:\/\/www.youtube.com\/channel\/UCliiYs-gP3JfJeqdPrNdd5A"]},{"@type":"Person","@id":"https:\/\/canal7slp.tv\/2022\/#\/schema\/person\/429704152a21f5f856ce29aa69a238da","name":"Edici\u00f3n Web","image":{"@type":"ImageObject","inLanguage":"es","@id":"https:\/\/secure.gravatar.com\/avatar\/eee448fc3f7164808013b816ba91ac7e43bbe82a70bebac296f8bc6f0addaa1a?s=96&d=mm&r=g","url":"https:\/\/secure.gravatar.com\/avatar\/eee448fc3f7164808013b816ba91ac7e43bbe82a70bebac296f8bc6f0addaa1a?s=96&d=mm&r=g","contentUrl":"https:\/\/secure.gravatar.com\/avatar\/eee448fc3f7164808013b816ba91ac7e43bbe82a70bebac296f8bc6f0addaa1a?s=96&d=mm&r=g","caption":"Edici\u00f3n Web"},"url":"https:\/\/canal7slp.tv\/2022\/author\/edicionweb\/"}]}},"amp_enabled":true,"_links":{"self":[{"href":"https:\/\/canal7slp.tv\/2022\/wp-json\/wp\/v2\/posts\/63587","targetHints":{"allow":["GET"]}}],"collection":[{"href":"https:\/\/canal7slp.tv\/2022\/wp-json\/wp\/v2\/posts"}],"about":[{"href":"https:\/\/canal7slp.tv\/2022\/wp-json\/wp\/v2\/types\/post"}],"author":[{"embeddable":true,"href":"https:\/\/canal7slp.tv\/2022\/wp-json\/wp\/v2\/users\/2"}],"replies":[{"embeddable":true,"href":"https:\/\/canal7slp.tv\/2022\/wp-json\/wp\/v2\/comments?post=63587"}],"version-history":[{"count":3,"href":"https:\/\/canal7slp.tv\/2022\/wp-json\/wp\/v2\/posts\/63587\/revisions"}],"predecessor-version":[{"id":63610,"href":"https:\/\/canal7slp.tv\/2022\/wp-json\/wp\/v2\/posts\/63587\/revisions\/63610"}],"wp:featuredmedia":[{"embeddable":true,"href":"https:\/\/canal7slp.tv\/2022\/wp-json\/wp\/v2\/media\/63609"}],"wp:attachment":[{"href":"https:\/\/canal7slp.tv\/2022\/wp-json\/wp\/v2\/media?parent=63587"}],"wp:term":[{"taxonomy":"category","embeddable":true,"href":"https:\/\/canal7slp.tv\/2022\/wp-json\/wp\/v2\/categories?post=63587"},{"taxonomy":"post_tag","embeddable":true,"href":"https:\/\/canal7slp.tv\/2022\/wp-json\/wp\/v2\/tags?post=63587"}],"curies":[{"name":"wp","href":"https:\/\/api.w.org\/{rel}","templated":true}]}}