{"id":63572,"date":"2022-06-14T14:46:25","date_gmt":"2022-06-14T20:46:25","guid":{"rendered":"https:\/\/canal7slp.tv\/2022\/?p=63572"},"modified":"2022-06-14T14:46:25","modified_gmt":"2022-06-14T20:46:25","slug":"rodada-trek-100-sera-a-beneficio-de-ninas-y-ninos-con-autismo","status":"publish","type":"post","link":"https:\/\/canal7slp.tv\/2022\/rodada-trek-100-sera-a-beneficio-de-ninas-y-ninos-con-autismo\/","title":{"rendered":"Rodada Trek 100 ser\u00e1 a beneficio de ni\u00f1as y ni\u00f1os con autismo."},"content":{"rendered":"<p style=\"text-align: justify;\">SLP.- El pr\u00f3ximo 31 de julio se llevar\u00e1 a cabo un paseo recreativo ciclista, el cual partir\u00e1 a las 7 de la ma\u00f1ana teniendo como punto de partida el parque de morales hacia bocas por la carretera a Pe\u00f1asco, teniendo un recorrido total de 100 kil\u00f3metros.<\/p>\n<p style=\"text-align: justify;\">Para poder participar en este recorrido es necesario contar con bicicleta de ruta ya que se tendr\u00e1 una velocidad controlada durante todo el recorrido.<\/p>\n<p style=\"text-align: justify;\">A la par habr\u00e1 un recorrido en el parque de morales en el que podr\u00e1n participar con cualquier tipo de bicicleta<\/p>\n<p style=\"text-align: justify;\">Cabe destacar que este evento se es a beneficio de ni\u00f1as y ni\u00f1os con autismo y se tiene una meta m\u00ednima de donaci\u00f3n total de 100 mil pesos.<\/p>\n<p style=\"text-align: justify;\">Por su parte la directora de DIF municipal se mostr\u00f3 agradecida por haber tomado en cuenta esta vez a los ni\u00f1os con autismo<\/p>\n<p style=\"text-align: justify;\">Mientras que el director de deporte municipal hizo la invitaci\u00f3n para que toda la poblaci\u00f3n apoye tan noble causa<\/p>\n","protected":false},"excerpt":{"rendered":"<p>SLP.- El pr\u00f3ximo 31 de julio se llevar\u00e1 a cabo un paseo recreativo ciclista, el cual partir\u00e1 a las 7 de la ma\u00f1ana teniendo como punto de partida el parque de morales hacia bocas por la carretera a Pe\u00f1asco, teniendo un recorrido total de 100 kil\u00f3metros. Para poder participar en este recorrido es necesario contar con bicicleta de ruta ya que se tendr\u00e1 una velocidad controlada durante todo el recorrido. A la par habr\u00e1 un recorrido en el parque de morales en el que podr\u00e1n participar con cualquier tipo de bicicleta Cabe destacar que este evento se es a beneficio [&hellip;]<\/p>\n","protected":false},"author":2,"featured_media":63578,"comment_status":"closed","ping_status":"closed","sticky":false,"template":"","format":"video","meta":{"footnotes":""},"categories":[7,5],"tags":[],"class_list":["post-63572","post","type-post","status-publish","format-video","has-post-thumbnail","hentry","category-deportes","category-destacadas","post_format-post-format-video","post--single"],"yoast_head":"<!-- This site is optimized with the Yoast SEO plugin v27.4 - https:\/\/yoast.com\/product\/yoast-seo-wordpress\/ -->\n<title>Rodada Trek 100 ser\u00e1 a beneficio de ni\u00f1as y ni\u00f1os con autismo. - Canal 7 SLP - 2022<\/title>\n<meta name=\"robots\" content=\"index, follow, max-snippet:-1, max-image-preview:large, max-video-preview:-1\" \/>\n<link rel=\"canonical\" href=\"https:\/\/canal7slp.tv\/2022\/rodada-trek-100-sera-a-beneficio-de-ninas-y-ninos-con-autismo\/\" \/>\n<meta property=\"og:locale\" content=\"es_ES\" \/>\n<meta property=\"og:type\" content=\"article\" \/>\n<meta property=\"og:title\" content=\"Rodada Trek 100 ser\u00e1 a beneficio de ni\u00f1as y ni\u00f1os con autismo. - Canal 7 SLP - 2022\" \/>\n<meta property=\"og:description\" content=\"SLP.- El pr\u00f3ximo 31 de julio se llevar\u00e1 a cabo un paseo recreativo ciclista, el cual partir\u00e1 a las 7 de la ma\u00f1ana teniendo como punto de partida el parque de morales hacia bocas por la carretera a Pe\u00f1asco, teniendo un recorrido total de 100 kil\u00f3metros. Para poder participar en este recorrido es necesario contar con bicicleta de ruta ya que se tendr\u00e1 una velocidad controlada durante todo el recorrido. A la par habr\u00e1 un recorrido en el parque de morales en el que podr\u00e1n participar con cualquier tipo de bicicleta Cabe destacar que este evento se es a beneficio [&hellip;]\" \/>\n<meta property=\"og:url\" content=\"https:\/\/canal7slp.tv\/2022\/rodada-trek-100-sera-a-beneficio-de-ninas-y-ninos-con-autismo\/\" \/>\n<meta property=\"og:site_name\" content=\"Canal 7 SLP - 2022\" \/>\n<meta property=\"article:publisher\" content=\"https:\/\/www.facebook.com\/noticieroscanalsiete\" \/>\n<meta property=\"article:published_time\" content=\"2022-06-14T20:46:25+00:00\" \/>\n<meta property=\"og:image\" content=\"https:\/\/canal7slp.tv\/2022\/wp-content\/uploads\/2022\/06\/Froi01Trek.jpg\" \/>\n\t<meta property=\"og:image:width\" content=\"888\" \/>\n\t<meta property=\"og:image:height\" content=\"500\" \/>\n\t<meta property=\"og:image:type\" content=\"image\/jpeg\" \/>\n<meta name=\"author\" content=\"Edici\u00f3n Web\" \/>\n<meta name=\"twitter:card\" content=\"summary_large_image\" \/>\n<meta name=\"twitter:creator\" content=\"@NOTICIEROS7\" \/>\n<meta name=\"twitter:site\" content=\"@NOTICIEROS7\" \/>\n<meta name=\"twitter:label1\" content=\"Escrito por\" \/>\n\t<meta name=\"twitter:data1\" content=\"Edici\u00f3n Web\" \/>\n\t<meta name=\"twitter:label2\" content=\"Tiempo de lectura\" \/>\n\t<meta name=\"twitter:data2\" content=\"1 minuto\" \/>\n<script type=\"application\/ld+json\" class=\"yoast-schema-graph\">{\"@context\":\"https:\\\/\\\/schema.org\",\"@graph\":[{\"@type\":\"Article\",\"@id\":\"https:\\\/\\\/canal7slp.tv\\\/2022\\\/rodada-trek-100-sera-a-beneficio-de-ninas-y-ninos-con-autismo\\\/#article\",\"isPartOf\":{\"@id\":\"https:\\\/\\\/canal7slp.tv\\\/2022\\\/rodada-trek-100-sera-a-beneficio-de-ninas-y-ninos-con-autismo\\\/\"},\"author\":{\"name\":\"Edici\u00f3n Web\",\"@id\":\"https:\\\/\\\/canal7slp.tv\\\/2022\\\/#\\\/schema\\\/person\\\/429704152a21f5f856ce29aa69a238da\"},\"headline\":\"Rodada Trek 100 ser\u00e1 a beneficio de ni\u00f1as y ni\u00f1os con autismo.\",\"datePublished\":\"2022-06-14T20:46:25+00:00\",\"mainEntityOfPage\":{\"@id\":\"https:\\\/\\\/canal7slp.tv\\\/2022\\\/rodada-trek-100-sera-a-beneficio-de-ninas-y-ninos-con-autismo\\\/\"},\"wordCount\":183,\"publisher\":{\"@id\":\"https:\\\/\\\/canal7slp.tv\\\/2022\\\/#organization\"},\"image\":{\"@id\":\"https:\\\/\\\/canal7slp.tv\\\/2022\\\/rodada-trek-100-sera-a-beneficio-de-ninas-y-ninos-con-autismo\\\/#primaryimage\"},\"thumbnailUrl\":\"https:\\\/\\\/canal7slp.tv\\\/2022\\\/wp-content\\\/uploads\\\/2022\\\/06\\\/Froi01Trek.jpg\",\"articleSection\":[\"DEPORTES\",\"DESTACADAS\"],\"inLanguage\":\"es\"},{\"@type\":\"WebPage\",\"@id\":\"https:\\\/\\\/canal7slp.tv\\\/2022\\\/rodada-trek-100-sera-a-beneficio-de-ninas-y-ninos-con-autismo\\\/\",\"url\":\"https:\\\/\\\/canal7slp.tv\\\/2022\\\/rodada-trek-100-sera-a-beneficio-de-ninas-y-ninos-con-autismo\\\/\",\"name\":\"Rodada Trek 100 ser\u00e1 a beneficio de ni\u00f1as y ni\u00f1os con autismo. - Canal 7 SLP - 2022\",\"isPartOf\":{\"@id\":\"https:\\\/\\\/canal7slp.tv\\\/2022\\\/#website\"},\"primaryImageOfPage\":{\"@id\":\"https:\\\/\\\/canal7slp.tv\\\/2022\\\/rodada-trek-100-sera-a-beneficio-de-ninas-y-ninos-con-autismo\\\/#primaryimage\"},\"image\":{\"@id\":\"https:\\\/\\\/canal7slp.tv\\\/2022\\\/rodada-trek-100-sera-a-beneficio-de-ninas-y-ninos-con-autismo\\\/#primaryimage\"},\"thumbnailUrl\":\"https:\\\/\\\/canal7slp.tv\\\/2022\\\/wp-content\\\/uploads\\\/2022\\\/06\\\/Froi01Trek.jpg\",\"datePublished\":\"2022-06-14T20:46:25+00:00\",\"breadcrumb\":{\"@id\":\"https:\\\/\\\/canal7slp.tv\\\/2022\\\/rodada-trek-100-sera-a-beneficio-de-ninas-y-ninos-con-autismo\\\/#breadcrumb\"},\"inLanguage\":\"es\",\"potentialAction\":[{\"@type\":\"ReadAction\",\"target\":[\"https:\\\/\\\/canal7slp.tv\\\/2022\\\/rodada-trek-100-sera-a-beneficio-de-ninas-y-ninos-con-autismo\\\/\"]}]},{\"@type\":\"ImageObject\",\"inLanguage\":\"es\",\"@id\":\"https:\\\/\\\/canal7slp.tv\\\/2022\\\/rodada-trek-100-sera-a-beneficio-de-ninas-y-ninos-con-autismo\\\/#primaryimage\",\"url\":\"https:\\\/\\\/canal7slp.tv\\\/2022\\\/wp-content\\\/uploads\\\/2022\\\/06\\\/Froi01Trek.jpg\",\"contentUrl\":\"https:\\\/\\\/canal7slp.tv\\\/2022\\\/wp-content\\\/uploads\\\/2022\\\/06\\\/Froi01Trek.jpg\",\"width\":888,\"height\":500},{\"@type\":\"BreadcrumbList\",\"@id\":\"https:\\\/\\\/canal7slp.tv\\\/2022\\\/rodada-trek-100-sera-a-beneficio-de-ninas-y-ninos-con-autismo\\\/#breadcrumb\",\"itemListElement\":[{\"@type\":\"ListItem\",\"position\":1,\"name\":\"Portada\",\"item\":\"https:\\\/\\\/canal7slp.tv\\\/2022\\\/\"},{\"@type\":\"ListItem\",\"position\":2,\"name\":\"Rodada Trek 100 ser\u00e1 a beneficio de ni\u00f1as y ni\u00f1os con autismo.\"}]},{\"@type\":\"WebSite\",\"@id\":\"https:\\\/\\\/canal7slp.tv\\\/2022\\\/#website\",\"url\":\"https:\\\/\\\/canal7slp.tv\\\/2022\\\/\",\"name\":\"N7 - Noticieros Canal 7\",\"description\":\"Somos Televisi\u00f3n\",\"publisher\":{\"@id\":\"https:\\\/\\\/canal7slp.tv\\\/2022\\\/#organization\"},\"potentialAction\":[{\"@type\":\"SearchAction\",\"target\":{\"@type\":\"EntryPoint\",\"urlTemplate\":\"https:\\\/\\\/canal7slp.tv\\\/2022\\\/?s={search_term_string}\"},\"query-input\":{\"@type\":\"PropertyValueSpecification\",\"valueRequired\":true,\"valueName\":\"search_term_string\"}}],\"inLanguage\":\"es\"},{\"@type\":\"Organization\",\"@id\":\"https:\\\/\\\/canal7slp.tv\\\/2022\\\/#organization\",\"name\":\"Noticieros Canal 7\",\"url\":\"https:\\\/\\\/canal7slp.tv\\\/2022\\\/\",\"logo\":{\"@type\":\"ImageObject\",\"inLanguage\":\"es\",\"@id\":\"https:\\\/\\\/canal7slp.tv\\\/2022\\\/#\\\/schema\\\/logo\\\/image\\\/\",\"url\":\"https:\\\/\\\/canal7slp.tv\\\/2022\\\/wp-content\\\/uploads\\\/2021\\\/01\\\/logo-noticieros@2x.png\",\"contentUrl\":\"https:\\\/\\\/canal7slp.tv\\\/2022\\\/wp-content\\\/uploads\\\/2021\\\/01\\\/logo-noticieros@2x.png\",\"width\":1017,\"height\":268,\"caption\":\"Noticieros Canal 7\"},\"image\":{\"@id\":\"https:\\\/\\\/canal7slp.tv\\\/2022\\\/#\\\/schema\\\/logo\\\/image\\\/\"},\"sameAs\":[\"https:\\\/\\\/www.facebook.com\\\/noticieroscanalsiete\",\"https:\\\/\\\/x.com\\\/NOTICIEROS7\",\"https:\\\/\\\/www.instagram.com\\\/canal7_slp\",\"https:\\\/\\\/www.youtube.com\\\/channel\\\/UCliiYs-gP3JfJeqdPrNdd5A\"]},{\"@type\":\"Person\",\"@id\":\"https:\\\/\\\/canal7slp.tv\\\/2022\\\/#\\\/schema\\\/person\\\/429704152a21f5f856ce29aa69a238da\",\"name\":\"Edici\u00f3n Web\",\"image\":{\"@type\":\"ImageObject\",\"inLanguage\":\"es\",\"@id\":\"https:\\\/\\\/secure.gravatar.com\\\/avatar\\\/eee448fc3f7164808013b816ba91ac7e43bbe82a70bebac296f8bc6f0addaa1a?s=96&d=mm&r=g\",\"url\":\"https:\\\/\\\/secure.gravatar.com\\\/avatar\\\/eee448fc3f7164808013b816ba91ac7e43bbe82a70bebac296f8bc6f0addaa1a?s=96&d=mm&r=g\",\"contentUrl\":\"https:\\\/\\\/secure.gravatar.com\\\/avatar\\\/eee448fc3f7164808013b816ba91ac7e43bbe82a70bebac296f8bc6f0addaa1a?s=96&d=mm&r=g\",\"caption\":\"Edici\u00f3n Web\"},\"url\":\"https:\\\/\\\/canal7slp.tv\\\/2022\\\/author\\\/edicionweb\\\/\"}]}<\/script>\n<!-- \/ Yoast SEO plugin. -->","yoast_head_json":{"title":"Rodada Trek 100 ser\u00e1 a beneficio de ni\u00f1as y ni\u00f1os con autismo. - Canal 7 SLP - 2022","robots":{"index":"index","follow":"follow","max-snippet":"max-snippet:-1","max-image-preview":"max-image-preview:large","max-video-preview":"max-video-preview:-1"},"canonical":"https:\/\/canal7slp.tv\/2022\/rodada-trek-100-sera-a-beneficio-de-ninas-y-ninos-con-autismo\/","og_locale":"es_ES","og_type":"article","og_title":"Rodada Trek 100 ser\u00e1 a beneficio de ni\u00f1as y ni\u00f1os con autismo. - Canal 7 SLP - 2022","og_description":"SLP.- El pr\u00f3ximo 31 de julio se llevar\u00e1 a cabo un paseo recreativo ciclista, el cual partir\u00e1 a las 7 de la ma\u00f1ana teniendo como punto de partida el parque de morales hacia bocas por la carretera a Pe\u00f1asco, teniendo un recorrido total de 100 kil\u00f3metros. Para poder participar en este recorrido es necesario contar con bicicleta de ruta ya que se tendr\u00e1 una velocidad controlada durante todo el recorrido. A la par habr\u00e1 un recorrido en el parque de morales en el que podr\u00e1n participar con cualquier tipo de bicicleta Cabe destacar que este evento se es a beneficio [&hellip;]","og_url":"https:\/\/canal7slp.tv\/2022\/rodada-trek-100-sera-a-beneficio-de-ninas-y-ninos-con-autismo\/","og_site_name":"Canal 7 SLP - 2022","article_publisher":"https:\/\/www.facebook.com\/noticieroscanalsiete","article_published_time":"2022-06-14T20:46:25+00:00","og_image":[{"width":888,"height":500,"url":"https:\/\/canal7slp.tv\/2022\/wp-content\/uploads\/2022\/06\/Froi01Trek.jpg","type":"image\/jpeg"}],"author":"Edici\u00f3n Web","twitter_card":"summary_large_image","twitter_creator":"@NOTICIEROS7","twitter_site":"@NOTICIEROS7","twitter_misc":{"Escrito por":"Edici\u00f3n Web","Tiempo de lectura":"1 minuto"},"schema":{"@context":"https:\/\/schema.org","@graph":[{"@type":"Article","@id":"https:\/\/canal7slp.tv\/2022\/rodada-trek-100-sera-a-beneficio-de-ninas-y-ninos-con-autismo\/#article","isPartOf":{"@id":"https:\/\/canal7slp.tv\/2022\/rodada-trek-100-sera-a-beneficio-de-ninas-y-ninos-con-autismo\/"},"author":{"name":"Edici\u00f3n Web","@id":"https:\/\/canal7slp.tv\/2022\/#\/schema\/person\/429704152a21f5f856ce29aa69a238da"},"headline":"Rodada Trek 100 ser\u00e1 a beneficio de ni\u00f1as y ni\u00f1os con autismo.","datePublished":"2022-06-14T20:46:25+00:00","mainEntityOfPage":{"@id":"https:\/\/canal7slp.tv\/2022\/rodada-trek-100-sera-a-beneficio-de-ninas-y-ninos-con-autismo\/"},"wordCount":183,"publisher":{"@id":"https:\/\/canal7slp.tv\/2022\/#organization"},"image":{"@id":"https:\/\/canal7slp.tv\/2022\/rodada-trek-100-sera-a-beneficio-de-ninas-y-ninos-con-autismo\/#primaryimage"},"thumbnailUrl":"https:\/\/canal7slp.tv\/2022\/wp-content\/uploads\/2022\/06\/Froi01Trek.jpg","articleSection":["DEPORTES","DESTACADAS"],"inLanguage":"es"},{"@type":"WebPage","@id":"https:\/\/canal7slp.tv\/2022\/rodada-trek-100-sera-a-beneficio-de-ninas-y-ninos-con-autismo\/","url":"https:\/\/canal7slp.tv\/2022\/rodada-trek-100-sera-a-beneficio-de-ninas-y-ninos-con-autismo\/","name":"Rodada Trek 100 ser\u00e1 a beneficio de ni\u00f1as y ni\u00f1os con autismo. - Canal 7 SLP - 2022","isPartOf":{"@id":"https:\/\/canal7slp.tv\/2022\/#website"},"primaryImageOfPage":{"@id":"https:\/\/canal7slp.tv\/2022\/rodada-trek-100-sera-a-beneficio-de-ninas-y-ninos-con-autismo\/#primaryimage"},"image":{"@id":"https:\/\/canal7slp.tv\/2022\/rodada-trek-100-sera-a-beneficio-de-ninas-y-ninos-con-autismo\/#primaryimage"},"thumbnailUrl":"https:\/\/canal7slp.tv\/2022\/wp-content\/uploads\/2022\/06\/Froi01Trek.jpg","datePublished":"2022-06-14T20:46:25+00:00","breadcrumb":{"@id":"https:\/\/canal7slp.tv\/2022\/rodada-trek-100-sera-a-beneficio-de-ninas-y-ninos-con-autismo\/#breadcrumb"},"inLanguage":"es","potentialAction":[{"@type":"ReadAction","target":["https:\/\/canal7slp.tv\/2022\/rodada-trek-100-sera-a-beneficio-de-ninas-y-ninos-con-autismo\/"]}]},{"@type":"ImageObject","inLanguage":"es","@id":"https:\/\/canal7slp.tv\/2022\/rodada-trek-100-sera-a-beneficio-de-ninas-y-ninos-con-autismo\/#primaryimage","url":"https:\/\/canal7slp.tv\/2022\/wp-content\/uploads\/2022\/06\/Froi01Trek.jpg","contentUrl":"https:\/\/canal7slp.tv\/2022\/wp-content\/uploads\/2022\/06\/Froi01Trek.jpg","width":888,"height":500},{"@type":"BreadcrumbList","@id":"https:\/\/canal7slp.tv\/2022\/rodada-trek-100-sera-a-beneficio-de-ninas-y-ninos-con-autismo\/#breadcrumb","itemListElement":[{"@type":"ListItem","position":1,"name":"Portada","item":"https:\/\/canal7slp.tv\/2022\/"},{"@type":"ListItem","position":2,"name":"Rodada Trek 100 ser\u00e1 a beneficio de ni\u00f1as y ni\u00f1os con autismo."}]},{"@type":"WebSite","@id":"https:\/\/canal7slp.tv\/2022\/#website","url":"https:\/\/canal7slp.tv\/2022\/","name":"N7 - Noticieros Canal 7","description":"Somos Televisi\u00f3n","publisher":{"@id":"https:\/\/canal7slp.tv\/2022\/#organization"},"potentialAction":[{"@type":"SearchAction","target":{"@type":"EntryPoint","urlTemplate":"https:\/\/canal7slp.tv\/2022\/?s={search_term_string}"},"query-input":{"@type":"PropertyValueSpecification","valueRequired":true,"valueName":"search_term_string"}}],"inLanguage":"es"},{"@type":"Organization","@id":"https:\/\/canal7slp.tv\/2022\/#organization","name":"Noticieros Canal 7","url":"https:\/\/canal7slp.tv\/2022\/","logo":{"@type":"ImageObject","inLanguage":"es","@id":"https:\/\/canal7slp.tv\/2022\/#\/schema\/logo\/image\/","url":"https:\/\/canal7slp.tv\/2022\/wp-content\/uploads\/2021\/01\/logo-noticieros@2x.png","contentUrl":"https:\/\/canal7slp.tv\/2022\/wp-content\/uploads\/2021\/01\/logo-noticieros@2x.png","width":1017,"height":268,"caption":"Noticieros Canal 7"},"image":{"@id":"https:\/\/canal7slp.tv\/2022\/#\/schema\/logo\/image\/"},"sameAs":["https:\/\/www.facebook.com\/noticieroscanalsiete","https:\/\/x.com\/NOTICIEROS7","https:\/\/www.instagram.com\/canal7_slp","https:\/\/www.youtube.com\/channel\/UCliiYs-gP3JfJeqdPrNdd5A"]},{"@type":"Person","@id":"https:\/\/canal7slp.tv\/2022\/#\/schema\/person\/429704152a21f5f856ce29aa69a238da","name":"Edici\u00f3n Web","image":{"@type":"ImageObject","inLanguage":"es","@id":"https:\/\/secure.gravatar.com\/avatar\/eee448fc3f7164808013b816ba91ac7e43bbe82a70bebac296f8bc6f0addaa1a?s=96&d=mm&r=g","url":"https:\/\/secure.gravatar.com\/avatar\/eee448fc3f7164808013b816ba91ac7e43bbe82a70bebac296f8bc6f0addaa1a?s=96&d=mm&r=g","contentUrl":"https:\/\/secure.gravatar.com\/avatar\/eee448fc3f7164808013b816ba91ac7e43bbe82a70bebac296f8bc6f0addaa1a?s=96&d=mm&r=g","caption":"Edici\u00f3n Web"},"url":"https:\/\/canal7slp.tv\/2022\/author\/edicionweb\/"}]}},"amp_enabled":true,"_links":{"self":[{"href":"https:\/\/canal7slp.tv\/2022\/wp-json\/wp\/v2\/posts\/63572","targetHints":{"allow":["GET"]}}],"collection":[{"href":"https:\/\/canal7slp.tv\/2022\/wp-json\/wp\/v2\/posts"}],"about":[{"href":"https:\/\/canal7slp.tv\/2022\/wp-json\/wp\/v2\/types\/post"}],"author":[{"embeddable":true,"href":"https:\/\/canal7slp.tv\/2022\/wp-json\/wp\/v2\/users\/2"}],"replies":[{"embeddable":true,"href":"https:\/\/canal7slp.tv\/2022\/wp-json\/wp\/v2\/comments?post=63572"}],"version-history":[{"count":3,"href":"https:\/\/canal7slp.tv\/2022\/wp-json\/wp\/v2\/posts\/63572\/revisions"}],"predecessor-version":[{"id":63580,"href":"https:\/\/canal7slp.tv\/2022\/wp-json\/wp\/v2\/posts\/63572\/revisions\/63580"}],"wp:featuredmedia":[{"embeddable":true,"href":"https:\/\/canal7slp.tv\/2022\/wp-json\/wp\/v2\/media\/63578"}],"wp:attachment":[{"href":"https:\/\/canal7slp.tv\/2022\/wp-json\/wp\/v2\/media?parent=63572"}],"wp:term":[{"taxonomy":"category","embeddable":true,"href":"https:\/\/canal7slp.tv\/2022\/wp-json\/wp\/v2\/categories?post=63572"},{"taxonomy":"post_tag","embeddable":true,"href":"https:\/\/canal7slp.tv\/2022\/wp-json\/wp\/v2\/tags?post=63572"}],"curies":[{"name":"wp","href":"https:\/\/api.w.org\/{rel}","templated":true}]}}