{"id":63567,"date":"2022-06-14T14:34:03","date_gmt":"2022-06-14T20:34:03","guid":{"rendered":"https:\/\/canal7slp.tv\/2022\/?p=63567"},"modified":"2022-06-14T14:34:03","modified_gmt":"2022-06-14T20:34:03","slug":"gobierno-retoma-protocolos-sanitarios-en-dependencias","status":"publish","type":"post","link":"https:\/\/canal7slp.tv\/2022\/gobierno-retoma-protocolos-sanitarios-en-dependencias\/","title":{"rendered":"Gobierno retoma protocolos sanitarios en dependencias"},"content":{"rendered":"<p style=\"text-align: justify;\">SLP.-\u00a0Derivado de la instrucci\u00f3n de la Secretar\u00eda de Salud (SSA) de San Luis Potos\u00ed de retomar medidas preventivas ante una posible quinta ola de contagios de Covid-19, la Oficial\u00eda Mayor de Gobierno del Estado exhort\u00f3 a la totalidad de la plantilla laboral a acatar nuevamente el uso obligatorio de cubrebocas, el uso del gel antibacterial, y mantener una distancia prudente en espacios de trabajo.<\/p>\n<p style=\"text-align: justify;\">No\u00e9 Lara Enr\u00edquez, titular de la dependencia estatal, solicit\u00f3 a titulares de todas las dependencias, direcciones y \u00e1reas de la estructura gubernamental reforzar los protocolos sanitarios entre el personal y brindar protecci\u00f3n a la salud de la poblaci\u00f3n que acude a realizar alg\u00fan tr\u00e1mite.<\/p>\n<p style=\"text-align: justify;\">\u201cA partir de ahora, continuaremos con las medidas que se hab\u00edan tomado hace tiempo y que se relajaron con la disminuci\u00f3n de los casos\u201d, expres\u00f3.<\/p>\n<p style=\"text-align: justify;\">Volver\u00e1n a instalarse los filtros sanitarios en el ingreso de cada dependencia y se exigir\u00e1 la aplicaci\u00f3n de gel antibacterial, mantener sana distancia y cuidado en la atenci\u00f3n.<\/p>\n<p style=\"text-align: justify;\">Adem\u00e1s se reforzar\u00e1 el uso de la tecnolog\u00eda en las instancias donde sea posible y atender en lo posible tr\u00e1mites a distancia o citas previas a la ciudadan\u00eda, para evitar aglomeraciones y por ende probabilidad de contagios, sin dejar de brindar los servicios p\u00fablicos.<\/p>\n<p><img loading=\"lazy\" decoding=\"async\" class=\"alignnone size-medium wp-image-63568\" src=\"https:\/\/canal7slp.tv\/2022\/wp-content\/uploads\/2022\/06\/MedicaAntiCovid01a-300x200.jpg\" alt=\"\" width=\"300\" height=\"200\" srcset=\"https:\/\/canal7slp.tv\/2022\/wp-content\/uploads\/2022\/06\/MedicaAntiCovid01a-300x200.jpg 300w, https:\/\/canal7slp.tv\/2022\/wp-content\/uploads\/2022\/06\/MedicaAntiCovid01a-1024x682.jpg 1024w, https:\/\/canal7slp.tv\/2022\/wp-content\/uploads\/2022\/06\/MedicaAntiCovid01a-768x512.jpg 768w, https:\/\/canal7slp.tv\/2022\/wp-content\/uploads\/2022\/06\/MedicaAntiCovid01a-800x533.jpg 800w, https:\/\/canal7slp.tv\/2022\/wp-content\/uploads\/2022\/06\/MedicaAntiCovid01a.jpg 1280w\" sizes=\"auto, (max-width: 300px) 100vw, 300px\" \/> <img loading=\"lazy\" decoding=\"async\" class=\"alignnone size-medium wp-image-63569\" src=\"https:\/\/canal7slp.tv\/2022\/wp-content\/uploads\/2022\/06\/MedicaAntiCovid01b-300x205.jpg\" alt=\"\" width=\"300\" height=\"205\" srcset=\"https:\/\/canal7slp.tv\/2022\/wp-content\/uploads\/2022\/06\/MedicaAntiCovid01b-300x205.jpg 300w, https:\/\/canal7slp.tv\/2022\/wp-content\/uploads\/2022\/06\/MedicaAntiCovid01b-1024x701.jpg 1024w, https:\/\/canal7slp.tv\/2022\/wp-content\/uploads\/2022\/06\/MedicaAntiCovid01b-768x526.jpg 768w, https:\/\/canal7slp.tv\/2022\/wp-content\/uploads\/2022\/06\/MedicaAntiCovid01b-800x548.jpg 800w, https:\/\/canal7slp.tv\/2022\/wp-content\/uploads\/2022\/06\/MedicaAntiCovid01b.jpg 1280w\" sizes=\"auto, (max-width: 300px) 100vw, 300px\" \/><\/p>\n","protected":false},"excerpt":{"rendered":"<p>SLP.-\u00a0Derivado de la instrucci\u00f3n de la Secretar\u00eda de Salud (SSA) de San Luis Potos\u00ed de retomar medidas preventivas ante una posible quinta ola de contagios de Covid-19, la Oficial\u00eda Mayor de Gobierno del Estado exhort\u00f3 a la totalidad de la plantilla laboral a acatar nuevamente el uso obligatorio de cubrebocas, el uso del gel antibacterial, y mantener una distancia prudente en espacios de trabajo. No\u00e9 Lara Enr\u00edquez, titular de la dependencia estatal, solicit\u00f3 a titulares de todas las dependencias, direcciones y \u00e1reas de la estructura gubernamental reforzar los protocolos sanitarios entre el personal y brindar protecci\u00f3n a la salud de [&hellip;]<\/p>\n","protected":false},"author":2,"featured_media":63568,"comment_status":"closed","ping_status":"closed","sticky":false,"template":"","format":"standard","meta":{"footnotes":""},"categories":[45],"tags":[],"class_list":["post-63567","post","type-post","status-publish","format-standard","has-post-thumbnail","hentry","category-localesyregionales","post--single"],"yoast_head":"<!-- This site is optimized with the Yoast SEO plugin v27.4 - https:\/\/yoast.com\/product\/yoast-seo-wordpress\/ -->\n<title>Gobierno retoma protocolos sanitarios en dependencias - Canal 7 SLP - 2022<\/title>\n<meta name=\"robots\" content=\"index, follow, max-snippet:-1, max-image-preview:large, max-video-preview:-1\" \/>\n<link rel=\"canonical\" href=\"https:\/\/canal7slp.tv\/2022\/gobierno-retoma-protocolos-sanitarios-en-dependencias\/\" \/>\n<meta property=\"og:locale\" content=\"es_ES\" \/>\n<meta property=\"og:type\" content=\"article\" \/>\n<meta property=\"og:title\" content=\"Gobierno retoma protocolos sanitarios en dependencias - Canal 7 SLP - 2022\" \/>\n<meta property=\"og:description\" content=\"SLP.-\u00a0Derivado de la instrucci\u00f3n de la Secretar\u00eda de Salud (SSA) de San Luis Potos\u00ed de retomar medidas preventivas ante una posible quinta ola de contagios de Covid-19, la Oficial\u00eda Mayor de Gobierno del Estado exhort\u00f3 a la totalidad de la plantilla laboral a acatar nuevamente el uso obligatorio de cubrebocas, el uso del gel antibacterial, y mantener una distancia prudente en espacios de trabajo. No\u00e9 Lara Enr\u00edquez, titular de la dependencia estatal, solicit\u00f3 a titulares de todas las dependencias, direcciones y \u00e1reas de la estructura gubernamental reforzar los protocolos sanitarios entre el personal y brindar protecci\u00f3n a la salud de [&hellip;]\" \/>\n<meta property=\"og:url\" content=\"https:\/\/canal7slp.tv\/2022\/gobierno-retoma-protocolos-sanitarios-en-dependencias\/\" \/>\n<meta property=\"og:site_name\" content=\"Canal 7 SLP - 2022\" \/>\n<meta property=\"article:publisher\" content=\"https:\/\/www.facebook.com\/noticieroscanalsiete\" \/>\n<meta property=\"article:published_time\" content=\"2022-06-14T20:34:03+00:00\" \/>\n<meta property=\"og:image\" content=\"https:\/\/canal7slp.tv\/2022\/wp-content\/uploads\/2022\/06\/MedicaAntiCovid01a.jpg\" \/>\n\t<meta property=\"og:image:width\" content=\"1280\" \/>\n\t<meta property=\"og:image:height\" content=\"853\" \/>\n\t<meta property=\"og:image:type\" content=\"image\/jpeg\" \/>\n<meta name=\"author\" content=\"Edici\u00f3n Web\" \/>\n<meta name=\"twitter:card\" content=\"summary_large_image\" \/>\n<meta name=\"twitter:creator\" content=\"@NOTICIEROS7\" \/>\n<meta name=\"twitter:site\" content=\"@NOTICIEROS7\" \/>\n<meta name=\"twitter:label1\" content=\"Escrito por\" \/>\n\t<meta name=\"twitter:data1\" content=\"Edici\u00f3n Web\" \/>\n\t<meta name=\"twitter:label2\" content=\"Tiempo de lectura\" \/>\n\t<meta name=\"twitter:data2\" content=\"2 minutos\" \/>\n<script type=\"application\/ld+json\" class=\"yoast-schema-graph\">{\"@context\":\"https:\\\/\\\/schema.org\",\"@graph\":[{\"@type\":\"Article\",\"@id\":\"https:\\\/\\\/canal7slp.tv\\\/2022\\\/gobierno-retoma-protocolos-sanitarios-en-dependencias\\\/#article\",\"isPartOf\":{\"@id\":\"https:\\\/\\\/canal7slp.tv\\\/2022\\\/gobierno-retoma-protocolos-sanitarios-en-dependencias\\\/\"},\"author\":{\"name\":\"Edici\u00f3n Web\",\"@id\":\"https:\\\/\\\/canal7slp.tv\\\/2022\\\/#\\\/schema\\\/person\\\/429704152a21f5f856ce29aa69a238da\"},\"headline\":\"Gobierno retoma protocolos sanitarios en dependencias\",\"datePublished\":\"2022-06-14T20:34:03+00:00\",\"mainEntityOfPage\":{\"@id\":\"https:\\\/\\\/canal7slp.tv\\\/2022\\\/gobierno-retoma-protocolos-sanitarios-en-dependencias\\\/\"},\"wordCount\":231,\"publisher\":{\"@id\":\"https:\\\/\\\/canal7slp.tv\\\/2022\\\/#organization\"},\"image\":{\"@id\":\"https:\\\/\\\/canal7slp.tv\\\/2022\\\/gobierno-retoma-protocolos-sanitarios-en-dependencias\\\/#primaryimage\"},\"thumbnailUrl\":\"https:\\\/\\\/canal7slp.tv\\\/2022\\\/wp-content\\\/uploads\\\/2022\\\/06\\\/MedicaAntiCovid01a.jpg\",\"articleSection\":[\"LOCALES Y REGIONALES\"],\"inLanguage\":\"es\"},{\"@type\":\"WebPage\",\"@id\":\"https:\\\/\\\/canal7slp.tv\\\/2022\\\/gobierno-retoma-protocolos-sanitarios-en-dependencias\\\/\",\"url\":\"https:\\\/\\\/canal7slp.tv\\\/2022\\\/gobierno-retoma-protocolos-sanitarios-en-dependencias\\\/\",\"name\":\"Gobierno retoma protocolos sanitarios en dependencias - Canal 7 SLP - 2022\",\"isPartOf\":{\"@id\":\"https:\\\/\\\/canal7slp.tv\\\/2022\\\/#website\"},\"primaryImageOfPage\":{\"@id\":\"https:\\\/\\\/canal7slp.tv\\\/2022\\\/gobierno-retoma-protocolos-sanitarios-en-dependencias\\\/#primaryimage\"},\"image\":{\"@id\":\"https:\\\/\\\/canal7slp.tv\\\/2022\\\/gobierno-retoma-protocolos-sanitarios-en-dependencias\\\/#primaryimage\"},\"thumbnailUrl\":\"https:\\\/\\\/canal7slp.tv\\\/2022\\\/wp-content\\\/uploads\\\/2022\\\/06\\\/MedicaAntiCovid01a.jpg\",\"datePublished\":\"2022-06-14T20:34:03+00:00\",\"breadcrumb\":{\"@id\":\"https:\\\/\\\/canal7slp.tv\\\/2022\\\/gobierno-retoma-protocolos-sanitarios-en-dependencias\\\/#breadcrumb\"},\"inLanguage\":\"es\",\"potentialAction\":[{\"@type\":\"ReadAction\",\"target\":[\"https:\\\/\\\/canal7slp.tv\\\/2022\\\/gobierno-retoma-protocolos-sanitarios-en-dependencias\\\/\"]}]},{\"@type\":\"ImageObject\",\"inLanguage\":\"es\",\"@id\":\"https:\\\/\\\/canal7slp.tv\\\/2022\\\/gobierno-retoma-protocolos-sanitarios-en-dependencias\\\/#primaryimage\",\"url\":\"https:\\\/\\\/canal7slp.tv\\\/2022\\\/wp-content\\\/uploads\\\/2022\\\/06\\\/MedicaAntiCovid01a.jpg\",\"contentUrl\":\"https:\\\/\\\/canal7slp.tv\\\/2022\\\/wp-content\\\/uploads\\\/2022\\\/06\\\/MedicaAntiCovid01a.jpg\",\"width\":1280,\"height\":853},{\"@type\":\"BreadcrumbList\",\"@id\":\"https:\\\/\\\/canal7slp.tv\\\/2022\\\/gobierno-retoma-protocolos-sanitarios-en-dependencias\\\/#breadcrumb\",\"itemListElement\":[{\"@type\":\"ListItem\",\"position\":1,\"name\":\"Portada\",\"item\":\"https:\\\/\\\/canal7slp.tv\\\/2022\\\/\"},{\"@type\":\"ListItem\",\"position\":2,\"name\":\"Gobierno retoma protocolos sanitarios en dependencias\"}]},{\"@type\":\"WebSite\",\"@id\":\"https:\\\/\\\/canal7slp.tv\\\/2022\\\/#website\",\"url\":\"https:\\\/\\\/canal7slp.tv\\\/2022\\\/\",\"name\":\"N7 - Noticieros Canal 7\",\"description\":\"Somos Televisi\u00f3n\",\"publisher\":{\"@id\":\"https:\\\/\\\/canal7slp.tv\\\/2022\\\/#organization\"},\"potentialAction\":[{\"@type\":\"SearchAction\",\"target\":{\"@type\":\"EntryPoint\",\"urlTemplate\":\"https:\\\/\\\/canal7slp.tv\\\/2022\\\/?s={search_term_string}\"},\"query-input\":{\"@type\":\"PropertyValueSpecification\",\"valueRequired\":true,\"valueName\":\"search_term_string\"}}],\"inLanguage\":\"es\"},{\"@type\":\"Organization\",\"@id\":\"https:\\\/\\\/canal7slp.tv\\\/2022\\\/#organization\",\"name\":\"Noticieros Canal 7\",\"url\":\"https:\\\/\\\/canal7slp.tv\\\/2022\\\/\",\"logo\":{\"@type\":\"ImageObject\",\"inLanguage\":\"es\",\"@id\":\"https:\\\/\\\/canal7slp.tv\\\/2022\\\/#\\\/schema\\\/logo\\\/image\\\/\",\"url\":\"https:\\\/\\\/canal7slp.tv\\\/2022\\\/wp-content\\\/uploads\\\/2021\\\/01\\\/logo-noticieros@2x.png\",\"contentUrl\":\"https:\\\/\\\/canal7slp.tv\\\/2022\\\/wp-content\\\/uploads\\\/2021\\\/01\\\/logo-noticieros@2x.png\",\"width\":1017,\"height\":268,\"caption\":\"Noticieros Canal 7\"},\"image\":{\"@id\":\"https:\\\/\\\/canal7slp.tv\\\/2022\\\/#\\\/schema\\\/logo\\\/image\\\/\"},\"sameAs\":[\"https:\\\/\\\/www.facebook.com\\\/noticieroscanalsiete\",\"https:\\\/\\\/x.com\\\/NOTICIEROS7\",\"https:\\\/\\\/www.instagram.com\\\/canal7_slp\",\"https:\\\/\\\/www.youtube.com\\\/channel\\\/UCliiYs-gP3JfJeqdPrNdd5A\"]},{\"@type\":\"Person\",\"@id\":\"https:\\\/\\\/canal7slp.tv\\\/2022\\\/#\\\/schema\\\/person\\\/429704152a21f5f856ce29aa69a238da\",\"name\":\"Edici\u00f3n Web\",\"image\":{\"@type\":\"ImageObject\",\"inLanguage\":\"es\",\"@id\":\"https:\\\/\\\/secure.gravatar.com\\\/avatar\\\/eee448fc3f7164808013b816ba91ac7e43bbe82a70bebac296f8bc6f0addaa1a?s=96&d=mm&r=g\",\"url\":\"https:\\\/\\\/secure.gravatar.com\\\/avatar\\\/eee448fc3f7164808013b816ba91ac7e43bbe82a70bebac296f8bc6f0addaa1a?s=96&d=mm&r=g\",\"contentUrl\":\"https:\\\/\\\/secure.gravatar.com\\\/avatar\\\/eee448fc3f7164808013b816ba91ac7e43bbe82a70bebac296f8bc6f0addaa1a?s=96&d=mm&r=g\",\"caption\":\"Edici\u00f3n Web\"},\"url\":\"https:\\\/\\\/canal7slp.tv\\\/2022\\\/author\\\/edicionweb\\\/\"}]}<\/script>\n<!-- \/ Yoast SEO plugin. -->","yoast_head_json":{"title":"Gobierno retoma protocolos sanitarios en dependencias - Canal 7 SLP - 2022","robots":{"index":"index","follow":"follow","max-snippet":"max-snippet:-1","max-image-preview":"max-image-preview:large","max-video-preview":"max-video-preview:-1"},"canonical":"https:\/\/canal7slp.tv\/2022\/gobierno-retoma-protocolos-sanitarios-en-dependencias\/","og_locale":"es_ES","og_type":"article","og_title":"Gobierno retoma protocolos sanitarios en dependencias - Canal 7 SLP - 2022","og_description":"SLP.-\u00a0Derivado de la instrucci\u00f3n de la Secretar\u00eda de Salud (SSA) de San Luis Potos\u00ed de retomar medidas preventivas ante una posible quinta ola de contagios de Covid-19, la Oficial\u00eda Mayor de Gobierno del Estado exhort\u00f3 a la totalidad de la plantilla laboral a acatar nuevamente el uso obligatorio de cubrebocas, el uso del gel antibacterial, y mantener una distancia prudente en espacios de trabajo. No\u00e9 Lara Enr\u00edquez, titular de la dependencia estatal, solicit\u00f3 a titulares de todas las dependencias, direcciones y \u00e1reas de la estructura gubernamental reforzar los protocolos sanitarios entre el personal y brindar protecci\u00f3n a la salud de [&hellip;]","og_url":"https:\/\/canal7slp.tv\/2022\/gobierno-retoma-protocolos-sanitarios-en-dependencias\/","og_site_name":"Canal 7 SLP - 2022","article_publisher":"https:\/\/www.facebook.com\/noticieroscanalsiete","article_published_time":"2022-06-14T20:34:03+00:00","og_image":[{"width":1280,"height":853,"url":"https:\/\/canal7slp.tv\/2022\/wp-content\/uploads\/2022\/06\/MedicaAntiCovid01a.jpg","type":"image\/jpeg"}],"author":"Edici\u00f3n Web","twitter_card":"summary_large_image","twitter_creator":"@NOTICIEROS7","twitter_site":"@NOTICIEROS7","twitter_misc":{"Escrito por":"Edici\u00f3n Web","Tiempo de lectura":"2 minutos"},"schema":{"@context":"https:\/\/schema.org","@graph":[{"@type":"Article","@id":"https:\/\/canal7slp.tv\/2022\/gobierno-retoma-protocolos-sanitarios-en-dependencias\/#article","isPartOf":{"@id":"https:\/\/canal7slp.tv\/2022\/gobierno-retoma-protocolos-sanitarios-en-dependencias\/"},"author":{"name":"Edici\u00f3n Web","@id":"https:\/\/canal7slp.tv\/2022\/#\/schema\/person\/429704152a21f5f856ce29aa69a238da"},"headline":"Gobierno retoma protocolos sanitarios en dependencias","datePublished":"2022-06-14T20:34:03+00:00","mainEntityOfPage":{"@id":"https:\/\/canal7slp.tv\/2022\/gobierno-retoma-protocolos-sanitarios-en-dependencias\/"},"wordCount":231,"publisher":{"@id":"https:\/\/canal7slp.tv\/2022\/#organization"},"image":{"@id":"https:\/\/canal7slp.tv\/2022\/gobierno-retoma-protocolos-sanitarios-en-dependencias\/#primaryimage"},"thumbnailUrl":"https:\/\/canal7slp.tv\/2022\/wp-content\/uploads\/2022\/06\/MedicaAntiCovid01a.jpg","articleSection":["LOCALES Y REGIONALES"],"inLanguage":"es"},{"@type":"WebPage","@id":"https:\/\/canal7slp.tv\/2022\/gobierno-retoma-protocolos-sanitarios-en-dependencias\/","url":"https:\/\/canal7slp.tv\/2022\/gobierno-retoma-protocolos-sanitarios-en-dependencias\/","name":"Gobierno retoma protocolos sanitarios en dependencias - Canal 7 SLP - 2022","isPartOf":{"@id":"https:\/\/canal7slp.tv\/2022\/#website"},"primaryImageOfPage":{"@id":"https:\/\/canal7slp.tv\/2022\/gobierno-retoma-protocolos-sanitarios-en-dependencias\/#primaryimage"},"image":{"@id":"https:\/\/canal7slp.tv\/2022\/gobierno-retoma-protocolos-sanitarios-en-dependencias\/#primaryimage"},"thumbnailUrl":"https:\/\/canal7slp.tv\/2022\/wp-content\/uploads\/2022\/06\/MedicaAntiCovid01a.jpg","datePublished":"2022-06-14T20:34:03+00:00","breadcrumb":{"@id":"https:\/\/canal7slp.tv\/2022\/gobierno-retoma-protocolos-sanitarios-en-dependencias\/#breadcrumb"},"inLanguage":"es","potentialAction":[{"@type":"ReadAction","target":["https:\/\/canal7slp.tv\/2022\/gobierno-retoma-protocolos-sanitarios-en-dependencias\/"]}]},{"@type":"ImageObject","inLanguage":"es","@id":"https:\/\/canal7slp.tv\/2022\/gobierno-retoma-protocolos-sanitarios-en-dependencias\/#primaryimage","url":"https:\/\/canal7slp.tv\/2022\/wp-content\/uploads\/2022\/06\/MedicaAntiCovid01a.jpg","contentUrl":"https:\/\/canal7slp.tv\/2022\/wp-content\/uploads\/2022\/06\/MedicaAntiCovid01a.jpg","width":1280,"height":853},{"@type":"BreadcrumbList","@id":"https:\/\/canal7slp.tv\/2022\/gobierno-retoma-protocolos-sanitarios-en-dependencias\/#breadcrumb","itemListElement":[{"@type":"ListItem","position":1,"name":"Portada","item":"https:\/\/canal7slp.tv\/2022\/"},{"@type":"ListItem","position":2,"name":"Gobierno retoma protocolos sanitarios en dependencias"}]},{"@type":"WebSite","@id":"https:\/\/canal7slp.tv\/2022\/#website","url":"https:\/\/canal7slp.tv\/2022\/","name":"N7 - Noticieros Canal 7","description":"Somos Televisi\u00f3n","publisher":{"@id":"https:\/\/canal7slp.tv\/2022\/#organization"},"potentialAction":[{"@type":"SearchAction","target":{"@type":"EntryPoint","urlTemplate":"https:\/\/canal7slp.tv\/2022\/?s={search_term_string}"},"query-input":{"@type":"PropertyValueSpecification","valueRequired":true,"valueName":"search_term_string"}}],"inLanguage":"es"},{"@type":"Organization","@id":"https:\/\/canal7slp.tv\/2022\/#organization","name":"Noticieros Canal 7","url":"https:\/\/canal7slp.tv\/2022\/","logo":{"@type":"ImageObject","inLanguage":"es","@id":"https:\/\/canal7slp.tv\/2022\/#\/schema\/logo\/image\/","url":"https:\/\/canal7slp.tv\/2022\/wp-content\/uploads\/2021\/01\/logo-noticieros@2x.png","contentUrl":"https:\/\/canal7slp.tv\/2022\/wp-content\/uploads\/2021\/01\/logo-noticieros@2x.png","width":1017,"height":268,"caption":"Noticieros Canal 7"},"image":{"@id":"https:\/\/canal7slp.tv\/2022\/#\/schema\/logo\/image\/"},"sameAs":["https:\/\/www.facebook.com\/noticieroscanalsiete","https:\/\/x.com\/NOTICIEROS7","https:\/\/www.instagram.com\/canal7_slp","https:\/\/www.youtube.com\/channel\/UCliiYs-gP3JfJeqdPrNdd5A"]},{"@type":"Person","@id":"https:\/\/canal7slp.tv\/2022\/#\/schema\/person\/429704152a21f5f856ce29aa69a238da","name":"Edici\u00f3n Web","image":{"@type":"ImageObject","inLanguage":"es","@id":"https:\/\/secure.gravatar.com\/avatar\/eee448fc3f7164808013b816ba91ac7e43bbe82a70bebac296f8bc6f0addaa1a?s=96&d=mm&r=g","url":"https:\/\/secure.gravatar.com\/avatar\/eee448fc3f7164808013b816ba91ac7e43bbe82a70bebac296f8bc6f0addaa1a?s=96&d=mm&r=g","contentUrl":"https:\/\/secure.gravatar.com\/avatar\/eee448fc3f7164808013b816ba91ac7e43bbe82a70bebac296f8bc6f0addaa1a?s=96&d=mm&r=g","caption":"Edici\u00f3n Web"},"url":"https:\/\/canal7slp.tv\/2022\/author\/edicionweb\/"}]}},"amp_enabled":true,"_links":{"self":[{"href":"https:\/\/canal7slp.tv\/2022\/wp-json\/wp\/v2\/posts\/63567","targetHints":{"allow":["GET"]}}],"collection":[{"href":"https:\/\/canal7slp.tv\/2022\/wp-json\/wp\/v2\/posts"}],"about":[{"href":"https:\/\/canal7slp.tv\/2022\/wp-json\/wp\/v2\/types\/post"}],"author":[{"embeddable":true,"href":"https:\/\/canal7slp.tv\/2022\/wp-json\/wp\/v2\/users\/2"}],"replies":[{"embeddable":true,"href":"https:\/\/canal7slp.tv\/2022\/wp-json\/wp\/v2\/comments?post=63567"}],"version-history":[{"count":1,"href":"https:\/\/canal7slp.tv\/2022\/wp-json\/wp\/v2\/posts\/63567\/revisions"}],"predecessor-version":[{"id":63570,"href":"https:\/\/canal7slp.tv\/2022\/wp-json\/wp\/v2\/posts\/63567\/revisions\/63570"}],"wp:featuredmedia":[{"embeddable":true,"href":"https:\/\/canal7slp.tv\/2022\/wp-json\/wp\/v2\/media\/63568"}],"wp:attachment":[{"href":"https:\/\/canal7slp.tv\/2022\/wp-json\/wp\/v2\/media?parent=63567"}],"wp:term":[{"taxonomy":"category","embeddable":true,"href":"https:\/\/canal7slp.tv\/2022\/wp-json\/wp\/v2\/categories?post=63567"},{"taxonomy":"post_tag","embeddable":true,"href":"https:\/\/canal7slp.tv\/2022\/wp-json\/wp\/v2\/tags?post=63567"}],"curies":[{"name":"wp","href":"https:\/\/api.w.org\/{rel}","templated":true}]}}