{"id":63555,"date":"2022-06-14T13:11:46","date_gmt":"2022-06-14T19:11:46","guid":{"rendered":"https:\/\/canal7slp.tv\/2022\/?p=63555"},"modified":"2022-06-14T13:11:46","modified_gmt":"2022-06-14T19:11:46","slug":"guardia-civil-estatal-detiene-a-joven-que-portaba-una-cachimba","status":"publish","type":"post","link":"https:\/\/canal7slp.tv\/2022\/guardia-civil-estatal-detiene-a-joven-que-portaba-una-cachimba\/","title":{"rendered":"Guardia Civil Estatal detiene a joven que portaba una cachimba"},"content":{"rendered":"<p style=\"text-align: justify;\">SLP.- En el marco de los recorridos de prevenci\u00f3n y vigilancia, agentes de la Guardia Civil Estatal detuvieron a una persona de 17 a\u00f1os de edad, tras ser sorprendido en poder de un arma de fabricaci\u00f3n artesanal conocida como \u201ccachimba\u201d.<\/p>\n<p>En residencial San Miguel \u00c1lvarez edificio K9, en la colonia Rural Atlas, se efect\u00fao el arresto, debido a que el joven portaba el arma de fuego hechiza en color gris sin cartuchos \u00fatiles.<\/p>\n<p>Tras ser informado de los derechos que le asisten como persona en situaci\u00f3n de detenci\u00f3n, fue trasladado a la FGE para su puesta a disposici\u00f3n donde se definir\u00e1 su situaci\u00f3n jur\u00eddica.<\/p>\n<p>&nbsp;<\/p>\n<p>&nbsp;<\/p>\n","protected":false},"excerpt":{"rendered":"<p>SLP.- En el marco de los recorridos de prevenci\u00f3n y vigilancia, agentes de la Guardia Civil Estatal detuvieron a una persona de 17 a\u00f1os de edad, tras ser sorprendido en poder de un arma de fabricaci\u00f3n artesanal conocida como \u201ccachimba\u201d. En residencial San Miguel \u00c1lvarez edificio K9, en la colonia Rural Atlas, se efect\u00fao el arresto, debido a que el joven portaba el arma de fuego hechiza en color gris sin cartuchos \u00fatiles. Tras ser informado de los derechos que le asisten como persona en situaci\u00f3n de detenci\u00f3n, fue trasladado a la FGE para su puesta a disposici\u00f3n donde se [&hellip;]<\/p>\n","protected":false},"author":2,"featured_media":63556,"comment_status":"closed","ping_status":"closed","sticky":false,"template":"","format":"standard","meta":{"footnotes":""},"categories":[48],"tags":[],"class_list":["post-63555","post","type-post","status-publish","format-standard","has-post-thumbnail","hentry","category-reporte7","post--single"],"yoast_head":"<!-- This site is optimized with the Yoast SEO plugin v27.4 - https:\/\/yoast.com\/product\/yoast-seo-wordpress\/ -->\n<title>Guardia Civil Estatal detiene a joven que portaba una cachimba - Canal 7 SLP - 2022<\/title>\n<meta name=\"robots\" content=\"index, follow, max-snippet:-1, max-image-preview:large, max-video-preview:-1\" \/>\n<link rel=\"canonical\" href=\"https:\/\/canal7slp.tv\/2022\/guardia-civil-estatal-detiene-a-joven-que-portaba-una-cachimba\/\" \/>\n<meta property=\"og:locale\" content=\"es_ES\" \/>\n<meta property=\"og:type\" content=\"article\" \/>\n<meta property=\"og:title\" content=\"Guardia Civil Estatal detiene a joven que portaba una cachimba - Canal 7 SLP - 2022\" \/>\n<meta property=\"og:description\" content=\"SLP.- En el marco de los recorridos de prevenci\u00f3n y vigilancia, agentes de la Guardia Civil Estatal detuvieron a una persona de 17 a\u00f1os de edad, tras ser sorprendido en poder de un arma de fabricaci\u00f3n artesanal conocida como \u201ccachimba\u201d. En residencial San Miguel \u00c1lvarez edificio K9, en la colonia Rural Atlas, se efect\u00fao el arresto, debido a que el joven portaba el arma de fuego hechiza en color gris sin cartuchos \u00fatiles. Tras ser informado de los derechos que le asisten como persona en situaci\u00f3n de detenci\u00f3n, fue trasladado a la FGE para su puesta a disposici\u00f3n donde se [&hellip;]\" \/>\n<meta property=\"og:url\" content=\"https:\/\/canal7slp.tv\/2022\/guardia-civil-estatal-detiene-a-joven-que-portaba-una-cachimba\/\" \/>\n<meta property=\"og:site_name\" content=\"Canal 7 SLP - 2022\" \/>\n<meta property=\"article:publisher\" content=\"https:\/\/www.facebook.com\/noticieroscanalsiete\" \/>\n<meta property=\"article:published_time\" content=\"2022-06-14T19:11:46+00:00\" \/>\n<meta property=\"og:image\" content=\"https:\/\/canal7slp.tv\/2022\/wp-content\/uploads\/2022\/06\/zz1a.jpeg\" \/>\n\t<meta property=\"og:image:width\" content=\"1033\" \/>\n\t<meta property=\"og:image:height\" content=\"589\" \/>\n\t<meta property=\"og:image:type\" content=\"image\/jpeg\" \/>\n<meta name=\"author\" content=\"Edici\u00f3n Web\" \/>\n<meta name=\"twitter:card\" content=\"summary_large_image\" \/>\n<meta name=\"twitter:creator\" content=\"@NOTICIEROS7\" \/>\n<meta name=\"twitter:site\" content=\"@NOTICIEROS7\" \/>\n<meta name=\"twitter:label1\" content=\"Escrito por\" \/>\n\t<meta name=\"twitter:data1\" content=\"Edici\u00f3n Web\" \/>\n\t<meta name=\"twitter:label2\" content=\"Tiempo de lectura\" \/>\n\t<meta name=\"twitter:data2\" content=\"1 minuto\" \/>\n<script type=\"application\/ld+json\" class=\"yoast-schema-graph\">{\"@context\":\"https:\\\/\\\/schema.org\",\"@graph\":[{\"@type\":\"Article\",\"@id\":\"https:\\\/\\\/canal7slp.tv\\\/2022\\\/guardia-civil-estatal-detiene-a-joven-que-portaba-una-cachimba\\\/#article\",\"isPartOf\":{\"@id\":\"https:\\\/\\\/canal7slp.tv\\\/2022\\\/guardia-civil-estatal-detiene-a-joven-que-portaba-una-cachimba\\\/\"},\"author\":{\"name\":\"Edici\u00f3n Web\",\"@id\":\"https:\\\/\\\/canal7slp.tv\\\/2022\\\/#\\\/schema\\\/person\\\/429704152a21f5f856ce29aa69a238da\"},\"headline\":\"Guardia Civil Estatal detiene a joven que portaba una cachimba\",\"datePublished\":\"2022-06-14T19:11:46+00:00\",\"mainEntityOfPage\":{\"@id\":\"https:\\\/\\\/canal7slp.tv\\\/2022\\\/guardia-civil-estatal-detiene-a-joven-que-portaba-una-cachimba\\\/\"},\"wordCount\":125,\"publisher\":{\"@id\":\"https:\\\/\\\/canal7slp.tv\\\/2022\\\/#organization\"},\"image\":{\"@id\":\"https:\\\/\\\/canal7slp.tv\\\/2022\\\/guardia-civil-estatal-detiene-a-joven-que-portaba-una-cachimba\\\/#primaryimage\"},\"thumbnailUrl\":\"https:\\\/\\\/canal7slp.tv\\\/2022\\\/wp-content\\\/uploads\\\/2022\\\/06\\\/zz1a.jpeg\",\"articleSection\":[\"REPORTE 7\"],\"inLanguage\":\"es\"},{\"@type\":\"WebPage\",\"@id\":\"https:\\\/\\\/canal7slp.tv\\\/2022\\\/guardia-civil-estatal-detiene-a-joven-que-portaba-una-cachimba\\\/\",\"url\":\"https:\\\/\\\/canal7slp.tv\\\/2022\\\/guardia-civil-estatal-detiene-a-joven-que-portaba-una-cachimba\\\/\",\"name\":\"Guardia Civil Estatal detiene a joven que portaba una cachimba - Canal 7 SLP - 2022\",\"isPartOf\":{\"@id\":\"https:\\\/\\\/canal7slp.tv\\\/2022\\\/#website\"},\"primaryImageOfPage\":{\"@id\":\"https:\\\/\\\/canal7slp.tv\\\/2022\\\/guardia-civil-estatal-detiene-a-joven-que-portaba-una-cachimba\\\/#primaryimage\"},\"image\":{\"@id\":\"https:\\\/\\\/canal7slp.tv\\\/2022\\\/guardia-civil-estatal-detiene-a-joven-que-portaba-una-cachimba\\\/#primaryimage\"},\"thumbnailUrl\":\"https:\\\/\\\/canal7slp.tv\\\/2022\\\/wp-content\\\/uploads\\\/2022\\\/06\\\/zz1a.jpeg\",\"datePublished\":\"2022-06-14T19:11:46+00:00\",\"breadcrumb\":{\"@id\":\"https:\\\/\\\/canal7slp.tv\\\/2022\\\/guardia-civil-estatal-detiene-a-joven-que-portaba-una-cachimba\\\/#breadcrumb\"},\"inLanguage\":\"es\",\"potentialAction\":[{\"@type\":\"ReadAction\",\"target\":[\"https:\\\/\\\/canal7slp.tv\\\/2022\\\/guardia-civil-estatal-detiene-a-joven-que-portaba-una-cachimba\\\/\"]}]},{\"@type\":\"ImageObject\",\"inLanguage\":\"es\",\"@id\":\"https:\\\/\\\/canal7slp.tv\\\/2022\\\/guardia-civil-estatal-detiene-a-joven-que-portaba-una-cachimba\\\/#primaryimage\",\"url\":\"https:\\\/\\\/canal7slp.tv\\\/2022\\\/wp-content\\\/uploads\\\/2022\\\/06\\\/zz1a.jpeg\",\"contentUrl\":\"https:\\\/\\\/canal7slp.tv\\\/2022\\\/wp-content\\\/uploads\\\/2022\\\/06\\\/zz1a.jpeg\",\"width\":1033,\"height\":589},{\"@type\":\"BreadcrumbList\",\"@id\":\"https:\\\/\\\/canal7slp.tv\\\/2022\\\/guardia-civil-estatal-detiene-a-joven-que-portaba-una-cachimba\\\/#breadcrumb\",\"itemListElement\":[{\"@type\":\"ListItem\",\"position\":1,\"name\":\"Portada\",\"item\":\"https:\\\/\\\/canal7slp.tv\\\/2022\\\/\"},{\"@type\":\"ListItem\",\"position\":2,\"name\":\"Guardia Civil Estatal detiene a joven que portaba una cachimba\"}]},{\"@type\":\"WebSite\",\"@id\":\"https:\\\/\\\/canal7slp.tv\\\/2022\\\/#website\",\"url\":\"https:\\\/\\\/canal7slp.tv\\\/2022\\\/\",\"name\":\"N7 - Noticieros Canal 7\",\"description\":\"Somos Televisi\u00f3n\",\"publisher\":{\"@id\":\"https:\\\/\\\/canal7slp.tv\\\/2022\\\/#organization\"},\"potentialAction\":[{\"@type\":\"SearchAction\",\"target\":{\"@type\":\"EntryPoint\",\"urlTemplate\":\"https:\\\/\\\/canal7slp.tv\\\/2022\\\/?s={search_term_string}\"},\"query-input\":{\"@type\":\"PropertyValueSpecification\",\"valueRequired\":true,\"valueName\":\"search_term_string\"}}],\"inLanguage\":\"es\"},{\"@type\":\"Organization\",\"@id\":\"https:\\\/\\\/canal7slp.tv\\\/2022\\\/#organization\",\"name\":\"Noticieros Canal 7\",\"url\":\"https:\\\/\\\/canal7slp.tv\\\/2022\\\/\",\"logo\":{\"@type\":\"ImageObject\",\"inLanguage\":\"es\",\"@id\":\"https:\\\/\\\/canal7slp.tv\\\/2022\\\/#\\\/schema\\\/logo\\\/image\\\/\",\"url\":\"https:\\\/\\\/canal7slp.tv\\\/2022\\\/wp-content\\\/uploads\\\/2021\\\/01\\\/logo-noticieros@2x.png\",\"contentUrl\":\"https:\\\/\\\/canal7slp.tv\\\/2022\\\/wp-content\\\/uploads\\\/2021\\\/01\\\/logo-noticieros@2x.png\",\"width\":1017,\"height\":268,\"caption\":\"Noticieros Canal 7\"},\"image\":{\"@id\":\"https:\\\/\\\/canal7slp.tv\\\/2022\\\/#\\\/schema\\\/logo\\\/image\\\/\"},\"sameAs\":[\"https:\\\/\\\/www.facebook.com\\\/noticieroscanalsiete\",\"https:\\\/\\\/x.com\\\/NOTICIEROS7\",\"https:\\\/\\\/www.instagram.com\\\/canal7_slp\",\"https:\\\/\\\/www.youtube.com\\\/channel\\\/UCliiYs-gP3JfJeqdPrNdd5A\"]},{\"@type\":\"Person\",\"@id\":\"https:\\\/\\\/canal7slp.tv\\\/2022\\\/#\\\/schema\\\/person\\\/429704152a21f5f856ce29aa69a238da\",\"name\":\"Edici\u00f3n Web\",\"image\":{\"@type\":\"ImageObject\",\"inLanguage\":\"es\",\"@id\":\"https:\\\/\\\/secure.gravatar.com\\\/avatar\\\/eee448fc3f7164808013b816ba91ac7e43bbe82a70bebac296f8bc6f0addaa1a?s=96&d=mm&r=g\",\"url\":\"https:\\\/\\\/secure.gravatar.com\\\/avatar\\\/eee448fc3f7164808013b816ba91ac7e43bbe82a70bebac296f8bc6f0addaa1a?s=96&d=mm&r=g\",\"contentUrl\":\"https:\\\/\\\/secure.gravatar.com\\\/avatar\\\/eee448fc3f7164808013b816ba91ac7e43bbe82a70bebac296f8bc6f0addaa1a?s=96&d=mm&r=g\",\"caption\":\"Edici\u00f3n Web\"},\"url\":\"https:\\\/\\\/canal7slp.tv\\\/2022\\\/author\\\/edicionweb\\\/\"}]}<\/script>\n<!-- \/ Yoast SEO plugin. -->","yoast_head_json":{"title":"Guardia Civil Estatal detiene a joven que portaba una cachimba - Canal 7 SLP - 2022","robots":{"index":"index","follow":"follow","max-snippet":"max-snippet:-1","max-image-preview":"max-image-preview:large","max-video-preview":"max-video-preview:-1"},"canonical":"https:\/\/canal7slp.tv\/2022\/guardia-civil-estatal-detiene-a-joven-que-portaba-una-cachimba\/","og_locale":"es_ES","og_type":"article","og_title":"Guardia Civil Estatal detiene a joven que portaba una cachimba - Canal 7 SLP - 2022","og_description":"SLP.- En el marco de los recorridos de prevenci\u00f3n y vigilancia, agentes de la Guardia Civil Estatal detuvieron a una persona de 17 a\u00f1os de edad, tras ser sorprendido en poder de un arma de fabricaci\u00f3n artesanal conocida como \u201ccachimba\u201d. En residencial San Miguel \u00c1lvarez edificio K9, en la colonia Rural Atlas, se efect\u00fao el arresto, debido a que el joven portaba el arma de fuego hechiza en color gris sin cartuchos \u00fatiles. Tras ser informado de los derechos que le asisten como persona en situaci\u00f3n de detenci\u00f3n, fue trasladado a la FGE para su puesta a disposici\u00f3n donde se [&hellip;]","og_url":"https:\/\/canal7slp.tv\/2022\/guardia-civil-estatal-detiene-a-joven-que-portaba-una-cachimba\/","og_site_name":"Canal 7 SLP - 2022","article_publisher":"https:\/\/www.facebook.com\/noticieroscanalsiete","article_published_time":"2022-06-14T19:11:46+00:00","og_image":[{"width":1033,"height":589,"url":"https:\/\/canal7slp.tv\/2022\/wp-content\/uploads\/2022\/06\/zz1a.jpeg","type":"image\/jpeg"}],"author":"Edici\u00f3n Web","twitter_card":"summary_large_image","twitter_creator":"@NOTICIEROS7","twitter_site":"@NOTICIEROS7","twitter_misc":{"Escrito por":"Edici\u00f3n Web","Tiempo de lectura":"1 minuto"},"schema":{"@context":"https:\/\/schema.org","@graph":[{"@type":"Article","@id":"https:\/\/canal7slp.tv\/2022\/guardia-civil-estatal-detiene-a-joven-que-portaba-una-cachimba\/#article","isPartOf":{"@id":"https:\/\/canal7slp.tv\/2022\/guardia-civil-estatal-detiene-a-joven-que-portaba-una-cachimba\/"},"author":{"name":"Edici\u00f3n Web","@id":"https:\/\/canal7slp.tv\/2022\/#\/schema\/person\/429704152a21f5f856ce29aa69a238da"},"headline":"Guardia Civil Estatal detiene a joven que portaba una cachimba","datePublished":"2022-06-14T19:11:46+00:00","mainEntityOfPage":{"@id":"https:\/\/canal7slp.tv\/2022\/guardia-civil-estatal-detiene-a-joven-que-portaba-una-cachimba\/"},"wordCount":125,"publisher":{"@id":"https:\/\/canal7slp.tv\/2022\/#organization"},"image":{"@id":"https:\/\/canal7slp.tv\/2022\/guardia-civil-estatal-detiene-a-joven-que-portaba-una-cachimba\/#primaryimage"},"thumbnailUrl":"https:\/\/canal7slp.tv\/2022\/wp-content\/uploads\/2022\/06\/zz1a.jpeg","articleSection":["REPORTE 7"],"inLanguage":"es"},{"@type":"WebPage","@id":"https:\/\/canal7slp.tv\/2022\/guardia-civil-estatal-detiene-a-joven-que-portaba-una-cachimba\/","url":"https:\/\/canal7slp.tv\/2022\/guardia-civil-estatal-detiene-a-joven-que-portaba-una-cachimba\/","name":"Guardia Civil Estatal detiene a joven que portaba una cachimba - Canal 7 SLP - 2022","isPartOf":{"@id":"https:\/\/canal7slp.tv\/2022\/#website"},"primaryImageOfPage":{"@id":"https:\/\/canal7slp.tv\/2022\/guardia-civil-estatal-detiene-a-joven-que-portaba-una-cachimba\/#primaryimage"},"image":{"@id":"https:\/\/canal7slp.tv\/2022\/guardia-civil-estatal-detiene-a-joven-que-portaba-una-cachimba\/#primaryimage"},"thumbnailUrl":"https:\/\/canal7slp.tv\/2022\/wp-content\/uploads\/2022\/06\/zz1a.jpeg","datePublished":"2022-06-14T19:11:46+00:00","breadcrumb":{"@id":"https:\/\/canal7slp.tv\/2022\/guardia-civil-estatal-detiene-a-joven-que-portaba-una-cachimba\/#breadcrumb"},"inLanguage":"es","potentialAction":[{"@type":"ReadAction","target":["https:\/\/canal7slp.tv\/2022\/guardia-civil-estatal-detiene-a-joven-que-portaba-una-cachimba\/"]}]},{"@type":"ImageObject","inLanguage":"es","@id":"https:\/\/canal7slp.tv\/2022\/guardia-civil-estatal-detiene-a-joven-que-portaba-una-cachimba\/#primaryimage","url":"https:\/\/canal7slp.tv\/2022\/wp-content\/uploads\/2022\/06\/zz1a.jpeg","contentUrl":"https:\/\/canal7slp.tv\/2022\/wp-content\/uploads\/2022\/06\/zz1a.jpeg","width":1033,"height":589},{"@type":"BreadcrumbList","@id":"https:\/\/canal7slp.tv\/2022\/guardia-civil-estatal-detiene-a-joven-que-portaba-una-cachimba\/#breadcrumb","itemListElement":[{"@type":"ListItem","position":1,"name":"Portada","item":"https:\/\/canal7slp.tv\/2022\/"},{"@type":"ListItem","position":2,"name":"Guardia Civil Estatal detiene a joven que portaba una cachimba"}]},{"@type":"WebSite","@id":"https:\/\/canal7slp.tv\/2022\/#website","url":"https:\/\/canal7slp.tv\/2022\/","name":"N7 - Noticieros Canal 7","description":"Somos Televisi\u00f3n","publisher":{"@id":"https:\/\/canal7slp.tv\/2022\/#organization"},"potentialAction":[{"@type":"SearchAction","target":{"@type":"EntryPoint","urlTemplate":"https:\/\/canal7slp.tv\/2022\/?s={search_term_string}"},"query-input":{"@type":"PropertyValueSpecification","valueRequired":true,"valueName":"search_term_string"}}],"inLanguage":"es"},{"@type":"Organization","@id":"https:\/\/canal7slp.tv\/2022\/#organization","name":"Noticieros Canal 7","url":"https:\/\/canal7slp.tv\/2022\/","logo":{"@type":"ImageObject","inLanguage":"es","@id":"https:\/\/canal7slp.tv\/2022\/#\/schema\/logo\/image\/","url":"https:\/\/canal7slp.tv\/2022\/wp-content\/uploads\/2021\/01\/logo-noticieros@2x.png","contentUrl":"https:\/\/canal7slp.tv\/2022\/wp-content\/uploads\/2021\/01\/logo-noticieros@2x.png","width":1017,"height":268,"caption":"Noticieros Canal 7"},"image":{"@id":"https:\/\/canal7slp.tv\/2022\/#\/schema\/logo\/image\/"},"sameAs":["https:\/\/www.facebook.com\/noticieroscanalsiete","https:\/\/x.com\/NOTICIEROS7","https:\/\/www.instagram.com\/canal7_slp","https:\/\/www.youtube.com\/channel\/UCliiYs-gP3JfJeqdPrNdd5A"]},{"@type":"Person","@id":"https:\/\/canal7slp.tv\/2022\/#\/schema\/person\/429704152a21f5f856ce29aa69a238da","name":"Edici\u00f3n Web","image":{"@type":"ImageObject","inLanguage":"es","@id":"https:\/\/secure.gravatar.com\/avatar\/eee448fc3f7164808013b816ba91ac7e43bbe82a70bebac296f8bc6f0addaa1a?s=96&d=mm&r=g","url":"https:\/\/secure.gravatar.com\/avatar\/eee448fc3f7164808013b816ba91ac7e43bbe82a70bebac296f8bc6f0addaa1a?s=96&d=mm&r=g","contentUrl":"https:\/\/secure.gravatar.com\/avatar\/eee448fc3f7164808013b816ba91ac7e43bbe82a70bebac296f8bc6f0addaa1a?s=96&d=mm&r=g","caption":"Edici\u00f3n Web"},"url":"https:\/\/canal7slp.tv\/2022\/author\/edicionweb\/"}]}},"amp_enabled":true,"_links":{"self":[{"href":"https:\/\/canal7slp.tv\/2022\/wp-json\/wp\/v2\/posts\/63555","targetHints":{"allow":["GET"]}}],"collection":[{"href":"https:\/\/canal7slp.tv\/2022\/wp-json\/wp\/v2\/posts"}],"about":[{"href":"https:\/\/canal7slp.tv\/2022\/wp-json\/wp\/v2\/types\/post"}],"author":[{"embeddable":true,"href":"https:\/\/canal7slp.tv\/2022\/wp-json\/wp\/v2\/users\/2"}],"replies":[{"embeddable":true,"href":"https:\/\/canal7slp.tv\/2022\/wp-json\/wp\/v2\/comments?post=63555"}],"version-history":[{"count":1,"href":"https:\/\/canal7slp.tv\/2022\/wp-json\/wp\/v2\/posts\/63555\/revisions"}],"predecessor-version":[{"id":63557,"href":"https:\/\/canal7slp.tv\/2022\/wp-json\/wp\/v2\/posts\/63555\/revisions\/63557"}],"wp:featuredmedia":[{"embeddable":true,"href":"https:\/\/canal7slp.tv\/2022\/wp-json\/wp\/v2\/media\/63556"}],"wp:attachment":[{"href":"https:\/\/canal7slp.tv\/2022\/wp-json\/wp\/v2\/media?parent=63555"}],"wp:term":[{"taxonomy":"category","embeddable":true,"href":"https:\/\/canal7slp.tv\/2022\/wp-json\/wp\/v2\/categories?post=63555"},{"taxonomy":"post_tag","embeddable":true,"href":"https:\/\/canal7slp.tv\/2022\/wp-json\/wp\/v2\/tags?post=63555"}],"curies":[{"name":"wp","href":"https:\/\/api.w.org\/{rel}","templated":true}]}}