{"id":63531,"date":"2022-06-14T12:12:56","date_gmt":"2022-06-14T18:12:56","guid":{"rendered":"https:\/\/canal7slp.tv\/2022\/?p=63531"},"modified":"2022-06-14T12:12:56","modified_gmt":"2022-06-14T18:12:56","slug":"elon-musk-se-reunira-por-primera-vez-con-empleados-de-twitter","status":"publish","type":"post","link":"https:\/\/canal7slp.tv\/2022\/elon-musk-se-reunira-por-primera-vez-con-empleados-de-twitter\/","title":{"rendered":"Elon Musk se reunir\u00e1 por primera vez con empleados de Twitter"},"content":{"rendered":"<p style=\"text-align: justify;\">EUA.- Elon Musk asistir\u00e1 a una reuni\u00f3n virtual con empleados de Twitter este jueves, donde responder\u00e1 preguntas de la compa\u00f1\u00eda que est\u00e1 en proceso de comprar, seg\u00fan se anunci\u00f3 en un correo electr\u00f3nico del CEO de Twitter, Parag Agrawal.<\/p>\n<p style=\"text-align: justify;\">Los empleados podr\u00e1n enviar preguntas antes de la reuni\u00f3n.<\/p>\n<p style=\"text-align: justify;\">Est\u00e1 ser\u00e1 la primera vez que Musk se dirija directamente a los empleados de Twitter desde que anunci\u00f3 los planes para la adquisici\u00f3n de 44 mil millones de d\u00f3lares.<\/p>\n<p style=\"text-align: justify;\">Cabe se\u00f1alar que la reuni\u00f3n tiene la oportunidad de ser conflictiva.<\/p>\n","protected":false},"excerpt":{"rendered":"<p>EUA.- Elon Musk asistir\u00e1 a una reuni\u00f3n virtual con empleados de Twitter este jueves, donde responder\u00e1 preguntas de la compa\u00f1\u00eda que est\u00e1 en proceso de comprar, seg\u00fan se anunci\u00f3 en un correo electr\u00f3nico del CEO de Twitter, Parag Agrawal. Los empleados podr\u00e1n enviar preguntas antes de la reuni\u00f3n. Est\u00e1 ser\u00e1 la primera vez que Musk se dirija directamente a los empleados de Twitter desde que anunci\u00f3 los planes para la adquisici\u00f3n de 44 mil millones de d\u00f3lares. Cabe se\u00f1alar que la reuni\u00f3n tiene la oportunidad de ser conflictiva.<\/p>\n","protected":false},"author":2,"featured_media":63545,"comment_status":"closed","ping_status":"closed","sticky":false,"template":"","format":"standard","meta":{"footnotes":""},"categories":[40,44],"tags":[],"class_list":["post-63531","post","type-post","status-publish","format-standard","has-post-thumbnail","hentry","category-economia","category-internacional","post--single"],"yoast_head":"<!-- This site is optimized with the Yoast SEO plugin v27.5 - https:\/\/yoast.com\/product\/yoast-seo-wordpress\/ -->\n<title>Elon Musk se reunir\u00e1 por primera vez con empleados de Twitter - Canal 7 SLP - 2022<\/title>\n<meta name=\"robots\" content=\"index, follow, max-snippet:-1, max-image-preview:large, max-video-preview:-1\" \/>\n<link rel=\"canonical\" href=\"https:\/\/canal7slp.tv\/2022\/elon-musk-se-reunira-por-primera-vez-con-empleados-de-twitter\/\" \/>\n<meta property=\"og:locale\" content=\"es_ES\" \/>\n<meta property=\"og:type\" content=\"article\" \/>\n<meta property=\"og:title\" content=\"Elon Musk se reunir\u00e1 por primera vez con empleados de Twitter - Canal 7 SLP - 2022\" \/>\n<meta property=\"og:description\" content=\"EUA.- Elon Musk asistir\u00e1 a una reuni\u00f3n virtual con empleados de Twitter este jueves, donde responder\u00e1 preguntas de la compa\u00f1\u00eda que est\u00e1 en proceso de comprar, seg\u00fan se anunci\u00f3 en un correo electr\u00f3nico del CEO de Twitter, Parag Agrawal. Los empleados podr\u00e1n enviar preguntas antes de la reuni\u00f3n. Est\u00e1 ser\u00e1 la primera vez que Musk se dirija directamente a los empleados de Twitter desde que anunci\u00f3 los planes para la adquisici\u00f3n de 44 mil millones de d\u00f3lares. Cabe se\u00f1alar que la reuni\u00f3n tiene la oportunidad de ser conflictiva.\" \/>\n<meta property=\"og:url\" content=\"https:\/\/canal7slp.tv\/2022\/elon-musk-se-reunira-por-primera-vez-con-empleados-de-twitter\/\" \/>\n<meta property=\"og:site_name\" content=\"Canal 7 SLP - 2022\" \/>\n<meta property=\"article:publisher\" content=\"https:\/\/www.facebook.com\/noticieroscanalsiete\" \/>\n<meta property=\"article:published_time\" content=\"2022-06-14T18:12:56+00:00\" \/>\n<meta property=\"og:image\" content=\"https:\/\/canal7slp.tv\/2022\/wp-content\/uploads\/2022\/06\/07-1.png\" \/>\n\t<meta property=\"og:image:width\" content=\"1846\" \/>\n\t<meta property=\"og:image:height\" content=\"1158\" \/>\n\t<meta property=\"og:image:type\" content=\"image\/png\" \/>\n<meta name=\"author\" content=\"Edici\u00f3n Web\" \/>\n<meta name=\"twitter:card\" content=\"summary_large_image\" \/>\n<meta name=\"twitter:creator\" content=\"@NOTICIEROS7\" \/>\n<meta name=\"twitter:site\" content=\"@NOTICIEROS7\" \/>\n<meta name=\"twitter:label1\" content=\"Escrito por\" \/>\n\t<meta name=\"twitter:data1\" content=\"Edici\u00f3n Web\" \/>\n<script type=\"application\/ld+json\" class=\"yoast-schema-graph\">{\"@context\":\"https:\\\/\\\/schema.org\",\"@graph\":[{\"@type\":\"Article\",\"@id\":\"https:\\\/\\\/canal7slp.tv\\\/2022\\\/elon-musk-se-reunira-por-primera-vez-con-empleados-de-twitter\\\/#article\",\"isPartOf\":{\"@id\":\"https:\\\/\\\/canal7slp.tv\\\/2022\\\/elon-musk-se-reunira-por-primera-vez-con-empleados-de-twitter\\\/\"},\"author\":{\"name\":\"Edici\u00f3n Web\",\"@id\":\"https:\\\/\\\/canal7slp.tv\\\/2022\\\/#\\\/schema\\\/person\\\/429704152a21f5f856ce29aa69a238da\"},\"headline\":\"Elon Musk se reunir\u00e1 por primera vez con empleados de Twitter\",\"datePublished\":\"2022-06-14T18:12:56+00:00\",\"mainEntityOfPage\":{\"@id\":\"https:\\\/\\\/canal7slp.tv\\\/2022\\\/elon-musk-se-reunira-por-primera-vez-con-empleados-de-twitter\\\/\"},\"wordCount\":109,\"publisher\":{\"@id\":\"https:\\\/\\\/canal7slp.tv\\\/2022\\\/#organization\"},\"image\":{\"@id\":\"https:\\\/\\\/canal7slp.tv\\\/2022\\\/elon-musk-se-reunira-por-primera-vez-con-empleados-de-twitter\\\/#primaryimage\"},\"thumbnailUrl\":\"https:\\\/\\\/canal7slp.tv\\\/2022\\\/wp-content\\\/uploads\\\/2022\\\/06\\\/07-1.png\",\"articleSection\":[\"ECONOM\u00cdA\",\"INTERNACIONALES\"],\"inLanguage\":\"es\"},{\"@type\":\"WebPage\",\"@id\":\"https:\\\/\\\/canal7slp.tv\\\/2022\\\/elon-musk-se-reunira-por-primera-vez-con-empleados-de-twitter\\\/\",\"url\":\"https:\\\/\\\/canal7slp.tv\\\/2022\\\/elon-musk-se-reunira-por-primera-vez-con-empleados-de-twitter\\\/\",\"name\":\"Elon Musk se reunir\u00e1 por primera vez con empleados de Twitter - Canal 7 SLP - 2022\",\"isPartOf\":{\"@id\":\"https:\\\/\\\/canal7slp.tv\\\/2022\\\/#website\"},\"primaryImageOfPage\":{\"@id\":\"https:\\\/\\\/canal7slp.tv\\\/2022\\\/elon-musk-se-reunira-por-primera-vez-con-empleados-de-twitter\\\/#primaryimage\"},\"image\":{\"@id\":\"https:\\\/\\\/canal7slp.tv\\\/2022\\\/elon-musk-se-reunira-por-primera-vez-con-empleados-de-twitter\\\/#primaryimage\"},\"thumbnailUrl\":\"https:\\\/\\\/canal7slp.tv\\\/2022\\\/wp-content\\\/uploads\\\/2022\\\/06\\\/07-1.png\",\"datePublished\":\"2022-06-14T18:12:56+00:00\",\"breadcrumb\":{\"@id\":\"https:\\\/\\\/canal7slp.tv\\\/2022\\\/elon-musk-se-reunira-por-primera-vez-con-empleados-de-twitter\\\/#breadcrumb\"},\"inLanguage\":\"es\",\"potentialAction\":[{\"@type\":\"ReadAction\",\"target\":[\"https:\\\/\\\/canal7slp.tv\\\/2022\\\/elon-musk-se-reunira-por-primera-vez-con-empleados-de-twitter\\\/\"]}]},{\"@type\":\"ImageObject\",\"inLanguage\":\"es\",\"@id\":\"https:\\\/\\\/canal7slp.tv\\\/2022\\\/elon-musk-se-reunira-por-primera-vez-con-empleados-de-twitter\\\/#primaryimage\",\"url\":\"https:\\\/\\\/canal7slp.tv\\\/2022\\\/wp-content\\\/uploads\\\/2022\\\/06\\\/07-1.png\",\"contentUrl\":\"https:\\\/\\\/canal7slp.tv\\\/2022\\\/wp-content\\\/uploads\\\/2022\\\/06\\\/07-1.png\",\"width\":1846,\"height\":1158},{\"@type\":\"BreadcrumbList\",\"@id\":\"https:\\\/\\\/canal7slp.tv\\\/2022\\\/elon-musk-se-reunira-por-primera-vez-con-empleados-de-twitter\\\/#breadcrumb\",\"itemListElement\":[{\"@type\":\"ListItem\",\"position\":1,\"name\":\"Portada\",\"item\":\"https:\\\/\\\/canal7slp.tv\\\/2022\\\/\"},{\"@type\":\"ListItem\",\"position\":2,\"name\":\"Elon Musk se reunir\u00e1 por primera vez con empleados de Twitter\"}]},{\"@type\":\"WebSite\",\"@id\":\"https:\\\/\\\/canal7slp.tv\\\/2022\\\/#website\",\"url\":\"https:\\\/\\\/canal7slp.tv\\\/2022\\\/\",\"name\":\"N7 - Noticieros Canal 7\",\"description\":\"Somos Televisi\u00f3n\",\"publisher\":{\"@id\":\"https:\\\/\\\/canal7slp.tv\\\/2022\\\/#organization\"},\"potentialAction\":[{\"@type\":\"SearchAction\",\"target\":{\"@type\":\"EntryPoint\",\"urlTemplate\":\"https:\\\/\\\/canal7slp.tv\\\/2022\\\/?s={search_term_string}\"},\"query-input\":{\"@type\":\"PropertyValueSpecification\",\"valueRequired\":true,\"valueName\":\"search_term_string\"}}],\"inLanguage\":\"es\"},{\"@type\":\"Organization\",\"@id\":\"https:\\\/\\\/canal7slp.tv\\\/2022\\\/#organization\",\"name\":\"Noticieros Canal 7\",\"url\":\"https:\\\/\\\/canal7slp.tv\\\/2022\\\/\",\"logo\":{\"@type\":\"ImageObject\",\"inLanguage\":\"es\",\"@id\":\"https:\\\/\\\/canal7slp.tv\\\/2022\\\/#\\\/schema\\\/logo\\\/image\\\/\",\"url\":\"https:\\\/\\\/canal7slp.tv\\\/2022\\\/wp-content\\\/uploads\\\/2021\\\/01\\\/logo-noticieros@2x.png\",\"contentUrl\":\"https:\\\/\\\/canal7slp.tv\\\/2022\\\/wp-content\\\/uploads\\\/2021\\\/01\\\/logo-noticieros@2x.png\",\"width\":1017,\"height\":268,\"caption\":\"Noticieros Canal 7\"},\"image\":{\"@id\":\"https:\\\/\\\/canal7slp.tv\\\/2022\\\/#\\\/schema\\\/logo\\\/image\\\/\"},\"sameAs\":[\"https:\\\/\\\/www.facebook.com\\\/noticieroscanalsiete\",\"https:\\\/\\\/x.com\\\/NOTICIEROS7\",\"https:\\\/\\\/www.instagram.com\\\/canal7_slp\",\"https:\\\/\\\/www.youtube.com\\\/channel\\\/UCliiYs-gP3JfJeqdPrNdd5A\"]},{\"@type\":\"Person\",\"@id\":\"https:\\\/\\\/canal7slp.tv\\\/2022\\\/#\\\/schema\\\/person\\\/429704152a21f5f856ce29aa69a238da\",\"name\":\"Edici\u00f3n Web\",\"image\":{\"@type\":\"ImageObject\",\"inLanguage\":\"es\",\"@id\":\"https:\\\/\\\/secure.gravatar.com\\\/avatar\\\/eee448fc3f7164808013b816ba91ac7e43bbe82a70bebac296f8bc6f0addaa1a?s=96&d=mm&r=g\",\"url\":\"https:\\\/\\\/secure.gravatar.com\\\/avatar\\\/eee448fc3f7164808013b816ba91ac7e43bbe82a70bebac296f8bc6f0addaa1a?s=96&d=mm&r=g\",\"contentUrl\":\"https:\\\/\\\/secure.gravatar.com\\\/avatar\\\/eee448fc3f7164808013b816ba91ac7e43bbe82a70bebac296f8bc6f0addaa1a?s=96&d=mm&r=g\",\"caption\":\"Edici\u00f3n Web\"},\"url\":\"https:\\\/\\\/canal7slp.tv\\\/2022\\\/author\\\/edicionweb\\\/\"}]}<\/script>\n<!-- \/ Yoast SEO plugin. -->","yoast_head_json":{"title":"Elon Musk se reunir\u00e1 por primera vez con empleados de Twitter - Canal 7 SLP - 2022","robots":{"index":"index","follow":"follow","max-snippet":"max-snippet:-1","max-image-preview":"max-image-preview:large","max-video-preview":"max-video-preview:-1"},"canonical":"https:\/\/canal7slp.tv\/2022\/elon-musk-se-reunira-por-primera-vez-con-empleados-de-twitter\/","og_locale":"es_ES","og_type":"article","og_title":"Elon Musk se reunir\u00e1 por primera vez con empleados de Twitter - Canal 7 SLP - 2022","og_description":"EUA.- Elon Musk asistir\u00e1 a una reuni\u00f3n virtual con empleados de Twitter este jueves, donde responder\u00e1 preguntas de la compa\u00f1\u00eda que est\u00e1 en proceso de comprar, seg\u00fan se anunci\u00f3 en un correo electr\u00f3nico del CEO de Twitter, Parag Agrawal. Los empleados podr\u00e1n enviar preguntas antes de la reuni\u00f3n. Est\u00e1 ser\u00e1 la primera vez que Musk se dirija directamente a los empleados de Twitter desde que anunci\u00f3 los planes para la adquisici\u00f3n de 44 mil millones de d\u00f3lares. Cabe se\u00f1alar que la reuni\u00f3n tiene la oportunidad de ser conflictiva.","og_url":"https:\/\/canal7slp.tv\/2022\/elon-musk-se-reunira-por-primera-vez-con-empleados-de-twitter\/","og_site_name":"Canal 7 SLP - 2022","article_publisher":"https:\/\/www.facebook.com\/noticieroscanalsiete","article_published_time":"2022-06-14T18:12:56+00:00","og_image":[{"width":1846,"height":1158,"url":"https:\/\/canal7slp.tv\/2022\/wp-content\/uploads\/2022\/06\/07-1.png","type":"image\/png"}],"author":"Edici\u00f3n Web","twitter_card":"summary_large_image","twitter_creator":"@NOTICIEROS7","twitter_site":"@NOTICIEROS7","twitter_misc":{"Escrito por":"Edici\u00f3n Web"},"schema":{"@context":"https:\/\/schema.org","@graph":[{"@type":"Article","@id":"https:\/\/canal7slp.tv\/2022\/elon-musk-se-reunira-por-primera-vez-con-empleados-de-twitter\/#article","isPartOf":{"@id":"https:\/\/canal7slp.tv\/2022\/elon-musk-se-reunira-por-primera-vez-con-empleados-de-twitter\/"},"author":{"name":"Edici\u00f3n Web","@id":"https:\/\/canal7slp.tv\/2022\/#\/schema\/person\/429704152a21f5f856ce29aa69a238da"},"headline":"Elon Musk se reunir\u00e1 por primera vez con empleados de Twitter","datePublished":"2022-06-14T18:12:56+00:00","mainEntityOfPage":{"@id":"https:\/\/canal7slp.tv\/2022\/elon-musk-se-reunira-por-primera-vez-con-empleados-de-twitter\/"},"wordCount":109,"publisher":{"@id":"https:\/\/canal7slp.tv\/2022\/#organization"},"image":{"@id":"https:\/\/canal7slp.tv\/2022\/elon-musk-se-reunira-por-primera-vez-con-empleados-de-twitter\/#primaryimage"},"thumbnailUrl":"https:\/\/canal7slp.tv\/2022\/wp-content\/uploads\/2022\/06\/07-1.png","articleSection":["ECONOM\u00cdA","INTERNACIONALES"],"inLanguage":"es"},{"@type":"WebPage","@id":"https:\/\/canal7slp.tv\/2022\/elon-musk-se-reunira-por-primera-vez-con-empleados-de-twitter\/","url":"https:\/\/canal7slp.tv\/2022\/elon-musk-se-reunira-por-primera-vez-con-empleados-de-twitter\/","name":"Elon Musk se reunir\u00e1 por primera vez con empleados de Twitter - Canal 7 SLP - 2022","isPartOf":{"@id":"https:\/\/canal7slp.tv\/2022\/#website"},"primaryImageOfPage":{"@id":"https:\/\/canal7slp.tv\/2022\/elon-musk-se-reunira-por-primera-vez-con-empleados-de-twitter\/#primaryimage"},"image":{"@id":"https:\/\/canal7slp.tv\/2022\/elon-musk-se-reunira-por-primera-vez-con-empleados-de-twitter\/#primaryimage"},"thumbnailUrl":"https:\/\/canal7slp.tv\/2022\/wp-content\/uploads\/2022\/06\/07-1.png","datePublished":"2022-06-14T18:12:56+00:00","breadcrumb":{"@id":"https:\/\/canal7slp.tv\/2022\/elon-musk-se-reunira-por-primera-vez-con-empleados-de-twitter\/#breadcrumb"},"inLanguage":"es","potentialAction":[{"@type":"ReadAction","target":["https:\/\/canal7slp.tv\/2022\/elon-musk-se-reunira-por-primera-vez-con-empleados-de-twitter\/"]}]},{"@type":"ImageObject","inLanguage":"es","@id":"https:\/\/canal7slp.tv\/2022\/elon-musk-se-reunira-por-primera-vez-con-empleados-de-twitter\/#primaryimage","url":"https:\/\/canal7slp.tv\/2022\/wp-content\/uploads\/2022\/06\/07-1.png","contentUrl":"https:\/\/canal7slp.tv\/2022\/wp-content\/uploads\/2022\/06\/07-1.png","width":1846,"height":1158},{"@type":"BreadcrumbList","@id":"https:\/\/canal7slp.tv\/2022\/elon-musk-se-reunira-por-primera-vez-con-empleados-de-twitter\/#breadcrumb","itemListElement":[{"@type":"ListItem","position":1,"name":"Portada","item":"https:\/\/canal7slp.tv\/2022\/"},{"@type":"ListItem","position":2,"name":"Elon Musk se reunir\u00e1 por primera vez con empleados de Twitter"}]},{"@type":"WebSite","@id":"https:\/\/canal7slp.tv\/2022\/#website","url":"https:\/\/canal7slp.tv\/2022\/","name":"N7 - Noticieros Canal 7","description":"Somos Televisi\u00f3n","publisher":{"@id":"https:\/\/canal7slp.tv\/2022\/#organization"},"potentialAction":[{"@type":"SearchAction","target":{"@type":"EntryPoint","urlTemplate":"https:\/\/canal7slp.tv\/2022\/?s={search_term_string}"},"query-input":{"@type":"PropertyValueSpecification","valueRequired":true,"valueName":"search_term_string"}}],"inLanguage":"es"},{"@type":"Organization","@id":"https:\/\/canal7slp.tv\/2022\/#organization","name":"Noticieros Canal 7","url":"https:\/\/canal7slp.tv\/2022\/","logo":{"@type":"ImageObject","inLanguage":"es","@id":"https:\/\/canal7slp.tv\/2022\/#\/schema\/logo\/image\/","url":"https:\/\/canal7slp.tv\/2022\/wp-content\/uploads\/2021\/01\/logo-noticieros@2x.png","contentUrl":"https:\/\/canal7slp.tv\/2022\/wp-content\/uploads\/2021\/01\/logo-noticieros@2x.png","width":1017,"height":268,"caption":"Noticieros Canal 7"},"image":{"@id":"https:\/\/canal7slp.tv\/2022\/#\/schema\/logo\/image\/"},"sameAs":["https:\/\/www.facebook.com\/noticieroscanalsiete","https:\/\/x.com\/NOTICIEROS7","https:\/\/www.instagram.com\/canal7_slp","https:\/\/www.youtube.com\/channel\/UCliiYs-gP3JfJeqdPrNdd5A"]},{"@type":"Person","@id":"https:\/\/canal7slp.tv\/2022\/#\/schema\/person\/429704152a21f5f856ce29aa69a238da","name":"Edici\u00f3n Web","image":{"@type":"ImageObject","inLanguage":"es","@id":"https:\/\/secure.gravatar.com\/avatar\/eee448fc3f7164808013b816ba91ac7e43bbe82a70bebac296f8bc6f0addaa1a?s=96&d=mm&r=g","url":"https:\/\/secure.gravatar.com\/avatar\/eee448fc3f7164808013b816ba91ac7e43bbe82a70bebac296f8bc6f0addaa1a?s=96&d=mm&r=g","contentUrl":"https:\/\/secure.gravatar.com\/avatar\/eee448fc3f7164808013b816ba91ac7e43bbe82a70bebac296f8bc6f0addaa1a?s=96&d=mm&r=g","caption":"Edici\u00f3n Web"},"url":"https:\/\/canal7slp.tv\/2022\/author\/edicionweb\/"}]}},"amp_enabled":true,"_links":{"self":[{"href":"https:\/\/canal7slp.tv\/2022\/wp-json\/wp\/v2\/posts\/63531","targetHints":{"allow":["GET"]}}],"collection":[{"href":"https:\/\/canal7slp.tv\/2022\/wp-json\/wp\/v2\/posts"}],"about":[{"href":"https:\/\/canal7slp.tv\/2022\/wp-json\/wp\/v2\/types\/post"}],"author":[{"embeddable":true,"href":"https:\/\/canal7slp.tv\/2022\/wp-json\/wp\/v2\/users\/2"}],"replies":[{"embeddable":true,"href":"https:\/\/canal7slp.tv\/2022\/wp-json\/wp\/v2\/comments?post=63531"}],"version-history":[{"count":3,"href":"https:\/\/canal7slp.tv\/2022\/wp-json\/wp\/v2\/posts\/63531\/revisions"}],"predecessor-version":[{"id":63553,"href":"https:\/\/canal7slp.tv\/2022\/wp-json\/wp\/v2\/posts\/63531\/revisions\/63553"}],"wp:featuredmedia":[{"embeddable":true,"href":"https:\/\/canal7slp.tv\/2022\/wp-json\/wp\/v2\/media\/63545"}],"wp:attachment":[{"href":"https:\/\/canal7slp.tv\/2022\/wp-json\/wp\/v2\/media?parent=63531"}],"wp:term":[{"taxonomy":"category","embeddable":true,"href":"https:\/\/canal7slp.tv\/2022\/wp-json\/wp\/v2\/categories?post=63531"},{"taxonomy":"post_tag","embeddable":true,"href":"https:\/\/canal7slp.tv\/2022\/wp-json\/wp\/v2\/tags?post=63531"}],"curies":[{"name":"wp","href":"https:\/\/api.w.org\/{rel}","templated":true}]}}