{"id":63530,"date":"2022-06-14T12:13:14","date_gmt":"2022-06-14T18:13:14","guid":{"rendered":"https:\/\/canal7slp.tv\/2022\/?p=63530"},"modified":"2022-06-14T12:13:14","modified_gmt":"2022-06-14T18:13:14","slug":"oms-evaluara-si-viruela-del-mono-representa-una-emergencia-de-salud-publica-internacional","status":"publish","type":"post","link":"https:\/\/canal7slp.tv\/2022\/oms-evaluara-si-viruela-del-mono-representa-una-emergencia-de-salud-publica-internacional\/","title":{"rendered":"OMS evaluar\u00e1 si Viruela del Mono representa una \u201cemergencia de salud p\u00fablica internacional\u201d"},"content":{"rendered":"<p style=\"text-align: justify;\">Ginebra.- La Organizaci\u00f3n Mundial de la Salud (OMS), convocar\u00e1 a una reuni\u00f3n de su comit\u00e9 de urgencia el 23 de junio a fin de evaluar si la Viruela del Mono representa una \u00abemergencia de salud p\u00fablica de alcance internacional\u00bb.<\/p>\n<p style=\"text-align: justify;\">Tedros Adhanom Ghebreyesus, director de la OMS, se\u00f1al\u00f3 que la proliferaci\u00f3n de los casos es inusual y preocupante.<\/p>\n<p style=\"text-align: justify;\">Pese a que la enfermedad no suele ser mortal, si puede ocasionar fiebre, dolores de cabeza, musculares o de espalda, ganglios linf\u00e1ticos inflamados, escalofr\u00edos y fatiga.<\/p>\n<p style=\"text-align: justify;\">Tras lo cual, aparecen erupciones, lesiones, p\u00fastulas y finalmente costras.<\/p>\n<p style=\"text-align: justify;\">Al corte del 8 de junio, se ten\u00edan contabilizados mil 300 casos de viruela del mono en pa\u00edses no end\u00e9micos.<\/p>\n","protected":false},"excerpt":{"rendered":"<p>Ginebra.- La Organizaci\u00f3n Mundial de la Salud (OMS), convocar\u00e1 a una reuni\u00f3n de su comit\u00e9 de urgencia el 23 de junio a fin de evaluar si la Viruela del Mono representa una \u00abemergencia de salud p\u00fablica de alcance internacional\u00bb. Tedros Adhanom Ghebreyesus, director de la OMS, se\u00f1al\u00f3 que la proliferaci\u00f3n de los casos es inusual y preocupante. Pese a que la enfermedad no suele ser mortal, si puede ocasionar fiebre, dolores de cabeza, musculares o de espalda, ganglios linf\u00e1ticos inflamados, escalofr\u00edos y fatiga. Tras lo cual, aparecen erupciones, lesiones, p\u00fastulas y finalmente costras. Al corte del 8 de junio, se [&hellip;]<\/p>\n","protected":false},"author":2,"featured_media":63544,"comment_status":"closed","ping_status":"closed","sticky":false,"template":"","format":"standard","meta":{"footnotes":""},"categories":[44],"tags":[],"class_list":["post-63530","post","type-post","status-publish","format-standard","has-post-thumbnail","hentry","category-internacional","post--single"],"yoast_head":"<!-- This site is optimized with the Yoast SEO plugin v27.5 - https:\/\/yoast.com\/product\/yoast-seo-wordpress\/ -->\n<title>OMS evaluar\u00e1 si Viruela del Mono representa una \u201cemergencia de salud p\u00fablica internacional\u201d - Canal 7 SLP - 2022<\/title>\n<meta name=\"robots\" content=\"index, follow, max-snippet:-1, max-image-preview:large, max-video-preview:-1\" \/>\n<link rel=\"canonical\" href=\"https:\/\/canal7slp.tv\/2022\/oms-evaluara-si-viruela-del-mono-representa-una-emergencia-de-salud-publica-internacional\/\" \/>\n<meta property=\"og:locale\" content=\"es_ES\" \/>\n<meta property=\"og:type\" content=\"article\" \/>\n<meta property=\"og:title\" content=\"OMS evaluar\u00e1 si Viruela del Mono representa una \u201cemergencia de salud p\u00fablica internacional\u201d - Canal 7 SLP - 2022\" \/>\n<meta property=\"og:description\" content=\"Ginebra.- La Organizaci\u00f3n Mundial de la Salud (OMS), convocar\u00e1 a una reuni\u00f3n de su comit\u00e9 de urgencia el 23 de junio a fin de evaluar si la Viruela del Mono representa una \u00abemergencia de salud p\u00fablica de alcance internacional\u00bb. Tedros Adhanom Ghebreyesus, director de la OMS, se\u00f1al\u00f3 que la proliferaci\u00f3n de los casos es inusual y preocupante. Pese a que la enfermedad no suele ser mortal, si puede ocasionar fiebre, dolores de cabeza, musculares o de espalda, ganglios linf\u00e1ticos inflamados, escalofr\u00edos y fatiga. Tras lo cual, aparecen erupciones, lesiones, p\u00fastulas y finalmente costras. Al corte del 8 de junio, se [&hellip;]\" \/>\n<meta property=\"og:url\" content=\"https:\/\/canal7slp.tv\/2022\/oms-evaluara-si-viruela-del-mono-representa-una-emergencia-de-salud-publica-internacional\/\" \/>\n<meta property=\"og:site_name\" content=\"Canal 7 SLP - 2022\" \/>\n<meta property=\"article:publisher\" content=\"https:\/\/www.facebook.com\/noticieroscanalsiete\" \/>\n<meta property=\"article:published_time\" content=\"2022-06-14T18:13:14+00:00\" \/>\n<meta property=\"og:image\" content=\"https:\/\/canal7slp.tv\/2022\/wp-content\/uploads\/2022\/06\/06-11.jpg\" \/>\n\t<meta property=\"og:image:width\" content=\"1000\" \/>\n\t<meta property=\"og:image:height\" content=\"637\" \/>\n\t<meta property=\"og:image:type\" content=\"image\/jpeg\" \/>\n<meta name=\"author\" content=\"Edici\u00f3n Web\" \/>\n<meta name=\"twitter:card\" content=\"summary_large_image\" \/>\n<meta name=\"twitter:creator\" content=\"@NOTICIEROS7\" \/>\n<meta name=\"twitter:site\" content=\"@NOTICIEROS7\" \/>\n<meta name=\"twitter:label1\" content=\"Escrito por\" \/>\n\t<meta name=\"twitter:data1\" content=\"Edici\u00f3n Web\" \/>\n\t<meta name=\"twitter:label2\" content=\"Tiempo de lectura\" \/>\n\t<meta name=\"twitter:data2\" content=\"1 minuto\" \/>\n<script type=\"application\/ld+json\" class=\"yoast-schema-graph\">{\"@context\":\"https:\\\/\\\/schema.org\",\"@graph\":[{\"@type\":\"Article\",\"@id\":\"https:\\\/\\\/canal7slp.tv\\\/2022\\\/oms-evaluara-si-viruela-del-mono-representa-una-emergencia-de-salud-publica-internacional\\\/#article\",\"isPartOf\":{\"@id\":\"https:\\\/\\\/canal7slp.tv\\\/2022\\\/oms-evaluara-si-viruela-del-mono-representa-una-emergencia-de-salud-publica-internacional\\\/\"},\"author\":{\"name\":\"Edici\u00f3n Web\",\"@id\":\"https:\\\/\\\/canal7slp.tv\\\/2022\\\/#\\\/schema\\\/person\\\/429704152a21f5f856ce29aa69a238da\"},\"headline\":\"OMS evaluar\u00e1 si Viruela del Mono representa una \u201cemergencia de salud p\u00fablica internacional\u201d\",\"datePublished\":\"2022-06-14T18:13:14+00:00\",\"mainEntityOfPage\":{\"@id\":\"https:\\\/\\\/canal7slp.tv\\\/2022\\\/oms-evaluara-si-viruela-del-mono-representa-una-emergencia-de-salud-publica-internacional\\\/\"},\"wordCount\":136,\"publisher\":{\"@id\":\"https:\\\/\\\/canal7slp.tv\\\/2022\\\/#organization\"},\"image\":{\"@id\":\"https:\\\/\\\/canal7slp.tv\\\/2022\\\/oms-evaluara-si-viruela-del-mono-representa-una-emergencia-de-salud-publica-internacional\\\/#primaryimage\"},\"thumbnailUrl\":\"https:\\\/\\\/canal7slp.tv\\\/2022\\\/wp-content\\\/uploads\\\/2022\\\/06\\\/06-11.jpg\",\"articleSection\":[\"INTERNACIONALES\"],\"inLanguage\":\"es\"},{\"@type\":\"WebPage\",\"@id\":\"https:\\\/\\\/canal7slp.tv\\\/2022\\\/oms-evaluara-si-viruela-del-mono-representa-una-emergencia-de-salud-publica-internacional\\\/\",\"url\":\"https:\\\/\\\/canal7slp.tv\\\/2022\\\/oms-evaluara-si-viruela-del-mono-representa-una-emergencia-de-salud-publica-internacional\\\/\",\"name\":\"OMS evaluar\u00e1 si Viruela del Mono representa una \u201cemergencia de salud p\u00fablica internacional\u201d - Canal 7 SLP - 2022\",\"isPartOf\":{\"@id\":\"https:\\\/\\\/canal7slp.tv\\\/2022\\\/#website\"},\"primaryImageOfPage\":{\"@id\":\"https:\\\/\\\/canal7slp.tv\\\/2022\\\/oms-evaluara-si-viruela-del-mono-representa-una-emergencia-de-salud-publica-internacional\\\/#primaryimage\"},\"image\":{\"@id\":\"https:\\\/\\\/canal7slp.tv\\\/2022\\\/oms-evaluara-si-viruela-del-mono-representa-una-emergencia-de-salud-publica-internacional\\\/#primaryimage\"},\"thumbnailUrl\":\"https:\\\/\\\/canal7slp.tv\\\/2022\\\/wp-content\\\/uploads\\\/2022\\\/06\\\/06-11.jpg\",\"datePublished\":\"2022-06-14T18:13:14+00:00\",\"breadcrumb\":{\"@id\":\"https:\\\/\\\/canal7slp.tv\\\/2022\\\/oms-evaluara-si-viruela-del-mono-representa-una-emergencia-de-salud-publica-internacional\\\/#breadcrumb\"},\"inLanguage\":\"es\",\"potentialAction\":[{\"@type\":\"ReadAction\",\"target\":[\"https:\\\/\\\/canal7slp.tv\\\/2022\\\/oms-evaluara-si-viruela-del-mono-representa-una-emergencia-de-salud-publica-internacional\\\/\"]}]},{\"@type\":\"ImageObject\",\"inLanguage\":\"es\",\"@id\":\"https:\\\/\\\/canal7slp.tv\\\/2022\\\/oms-evaluara-si-viruela-del-mono-representa-una-emergencia-de-salud-publica-internacional\\\/#primaryimage\",\"url\":\"https:\\\/\\\/canal7slp.tv\\\/2022\\\/wp-content\\\/uploads\\\/2022\\\/06\\\/06-11.jpg\",\"contentUrl\":\"https:\\\/\\\/canal7slp.tv\\\/2022\\\/wp-content\\\/uploads\\\/2022\\\/06\\\/06-11.jpg\",\"width\":1000,\"height\":637,\"caption\":\"FILE PHOTO: Tedros Adhanom Ghebreyesus, Director-General of the World Health Organization (WHO), speaks during a news conference in Geneva, Switzerland, December 20, 2021. REUTERS\\\/Denis Balibouse\\\/File Photo\"},{\"@type\":\"BreadcrumbList\",\"@id\":\"https:\\\/\\\/canal7slp.tv\\\/2022\\\/oms-evaluara-si-viruela-del-mono-representa-una-emergencia-de-salud-publica-internacional\\\/#breadcrumb\",\"itemListElement\":[{\"@type\":\"ListItem\",\"position\":1,\"name\":\"Portada\",\"item\":\"https:\\\/\\\/canal7slp.tv\\\/2022\\\/\"},{\"@type\":\"ListItem\",\"position\":2,\"name\":\"OMS evaluar\u00e1 si Viruela del Mono representa una \u201cemergencia de salud p\u00fablica internacional\u201d\"}]},{\"@type\":\"WebSite\",\"@id\":\"https:\\\/\\\/canal7slp.tv\\\/2022\\\/#website\",\"url\":\"https:\\\/\\\/canal7slp.tv\\\/2022\\\/\",\"name\":\"N7 - Noticieros Canal 7\",\"description\":\"Somos Televisi\u00f3n\",\"publisher\":{\"@id\":\"https:\\\/\\\/canal7slp.tv\\\/2022\\\/#organization\"},\"potentialAction\":[{\"@type\":\"SearchAction\",\"target\":{\"@type\":\"EntryPoint\",\"urlTemplate\":\"https:\\\/\\\/canal7slp.tv\\\/2022\\\/?s={search_term_string}\"},\"query-input\":{\"@type\":\"PropertyValueSpecification\",\"valueRequired\":true,\"valueName\":\"search_term_string\"}}],\"inLanguage\":\"es\"},{\"@type\":\"Organization\",\"@id\":\"https:\\\/\\\/canal7slp.tv\\\/2022\\\/#organization\",\"name\":\"Noticieros Canal 7\",\"url\":\"https:\\\/\\\/canal7slp.tv\\\/2022\\\/\",\"logo\":{\"@type\":\"ImageObject\",\"inLanguage\":\"es\",\"@id\":\"https:\\\/\\\/canal7slp.tv\\\/2022\\\/#\\\/schema\\\/logo\\\/image\\\/\",\"url\":\"https:\\\/\\\/canal7slp.tv\\\/2022\\\/wp-content\\\/uploads\\\/2021\\\/01\\\/logo-noticieros@2x.png\",\"contentUrl\":\"https:\\\/\\\/canal7slp.tv\\\/2022\\\/wp-content\\\/uploads\\\/2021\\\/01\\\/logo-noticieros@2x.png\",\"width\":1017,\"height\":268,\"caption\":\"Noticieros Canal 7\"},\"image\":{\"@id\":\"https:\\\/\\\/canal7slp.tv\\\/2022\\\/#\\\/schema\\\/logo\\\/image\\\/\"},\"sameAs\":[\"https:\\\/\\\/www.facebook.com\\\/noticieroscanalsiete\",\"https:\\\/\\\/x.com\\\/NOTICIEROS7\",\"https:\\\/\\\/www.instagram.com\\\/canal7_slp\",\"https:\\\/\\\/www.youtube.com\\\/channel\\\/UCliiYs-gP3JfJeqdPrNdd5A\"]},{\"@type\":\"Person\",\"@id\":\"https:\\\/\\\/canal7slp.tv\\\/2022\\\/#\\\/schema\\\/person\\\/429704152a21f5f856ce29aa69a238da\",\"name\":\"Edici\u00f3n Web\",\"image\":{\"@type\":\"ImageObject\",\"inLanguage\":\"es\",\"@id\":\"https:\\\/\\\/secure.gravatar.com\\\/avatar\\\/eee448fc3f7164808013b816ba91ac7e43bbe82a70bebac296f8bc6f0addaa1a?s=96&d=mm&r=g\",\"url\":\"https:\\\/\\\/secure.gravatar.com\\\/avatar\\\/eee448fc3f7164808013b816ba91ac7e43bbe82a70bebac296f8bc6f0addaa1a?s=96&d=mm&r=g\",\"contentUrl\":\"https:\\\/\\\/secure.gravatar.com\\\/avatar\\\/eee448fc3f7164808013b816ba91ac7e43bbe82a70bebac296f8bc6f0addaa1a?s=96&d=mm&r=g\",\"caption\":\"Edici\u00f3n Web\"},\"url\":\"https:\\\/\\\/canal7slp.tv\\\/2022\\\/author\\\/edicionweb\\\/\"}]}<\/script>\n<!-- \/ Yoast SEO plugin. -->","yoast_head_json":{"title":"OMS evaluar\u00e1 si Viruela del Mono representa una \u201cemergencia de salud p\u00fablica internacional\u201d - Canal 7 SLP - 2022","robots":{"index":"index","follow":"follow","max-snippet":"max-snippet:-1","max-image-preview":"max-image-preview:large","max-video-preview":"max-video-preview:-1"},"canonical":"https:\/\/canal7slp.tv\/2022\/oms-evaluara-si-viruela-del-mono-representa-una-emergencia-de-salud-publica-internacional\/","og_locale":"es_ES","og_type":"article","og_title":"OMS evaluar\u00e1 si Viruela del Mono representa una \u201cemergencia de salud p\u00fablica internacional\u201d - Canal 7 SLP - 2022","og_description":"Ginebra.- La Organizaci\u00f3n Mundial de la Salud (OMS), convocar\u00e1 a una reuni\u00f3n de su comit\u00e9 de urgencia el 23 de junio a fin de evaluar si la Viruela del Mono representa una \u00abemergencia de salud p\u00fablica de alcance internacional\u00bb. Tedros Adhanom Ghebreyesus, director de la OMS, se\u00f1al\u00f3 que la proliferaci\u00f3n de los casos es inusual y preocupante. Pese a que la enfermedad no suele ser mortal, si puede ocasionar fiebre, dolores de cabeza, musculares o de espalda, ganglios linf\u00e1ticos inflamados, escalofr\u00edos y fatiga. Tras lo cual, aparecen erupciones, lesiones, p\u00fastulas y finalmente costras. Al corte del 8 de junio, se [&hellip;]","og_url":"https:\/\/canal7slp.tv\/2022\/oms-evaluara-si-viruela-del-mono-representa-una-emergencia-de-salud-publica-internacional\/","og_site_name":"Canal 7 SLP - 2022","article_publisher":"https:\/\/www.facebook.com\/noticieroscanalsiete","article_published_time":"2022-06-14T18:13:14+00:00","og_image":[{"width":1000,"height":637,"url":"https:\/\/canal7slp.tv\/2022\/wp-content\/uploads\/2022\/06\/06-11.jpg","type":"image\/jpeg"}],"author":"Edici\u00f3n Web","twitter_card":"summary_large_image","twitter_creator":"@NOTICIEROS7","twitter_site":"@NOTICIEROS7","twitter_misc":{"Escrito por":"Edici\u00f3n Web","Tiempo de lectura":"1 minuto"},"schema":{"@context":"https:\/\/schema.org","@graph":[{"@type":"Article","@id":"https:\/\/canal7slp.tv\/2022\/oms-evaluara-si-viruela-del-mono-representa-una-emergencia-de-salud-publica-internacional\/#article","isPartOf":{"@id":"https:\/\/canal7slp.tv\/2022\/oms-evaluara-si-viruela-del-mono-representa-una-emergencia-de-salud-publica-internacional\/"},"author":{"name":"Edici\u00f3n Web","@id":"https:\/\/canal7slp.tv\/2022\/#\/schema\/person\/429704152a21f5f856ce29aa69a238da"},"headline":"OMS evaluar\u00e1 si Viruela del Mono representa una \u201cemergencia de salud p\u00fablica internacional\u201d","datePublished":"2022-06-14T18:13:14+00:00","mainEntityOfPage":{"@id":"https:\/\/canal7slp.tv\/2022\/oms-evaluara-si-viruela-del-mono-representa-una-emergencia-de-salud-publica-internacional\/"},"wordCount":136,"publisher":{"@id":"https:\/\/canal7slp.tv\/2022\/#organization"},"image":{"@id":"https:\/\/canal7slp.tv\/2022\/oms-evaluara-si-viruela-del-mono-representa-una-emergencia-de-salud-publica-internacional\/#primaryimage"},"thumbnailUrl":"https:\/\/canal7slp.tv\/2022\/wp-content\/uploads\/2022\/06\/06-11.jpg","articleSection":["INTERNACIONALES"],"inLanguage":"es"},{"@type":"WebPage","@id":"https:\/\/canal7slp.tv\/2022\/oms-evaluara-si-viruela-del-mono-representa-una-emergencia-de-salud-publica-internacional\/","url":"https:\/\/canal7slp.tv\/2022\/oms-evaluara-si-viruela-del-mono-representa-una-emergencia-de-salud-publica-internacional\/","name":"OMS evaluar\u00e1 si Viruela del Mono representa una \u201cemergencia de salud p\u00fablica internacional\u201d - Canal 7 SLP - 2022","isPartOf":{"@id":"https:\/\/canal7slp.tv\/2022\/#website"},"primaryImageOfPage":{"@id":"https:\/\/canal7slp.tv\/2022\/oms-evaluara-si-viruela-del-mono-representa-una-emergencia-de-salud-publica-internacional\/#primaryimage"},"image":{"@id":"https:\/\/canal7slp.tv\/2022\/oms-evaluara-si-viruela-del-mono-representa-una-emergencia-de-salud-publica-internacional\/#primaryimage"},"thumbnailUrl":"https:\/\/canal7slp.tv\/2022\/wp-content\/uploads\/2022\/06\/06-11.jpg","datePublished":"2022-06-14T18:13:14+00:00","breadcrumb":{"@id":"https:\/\/canal7slp.tv\/2022\/oms-evaluara-si-viruela-del-mono-representa-una-emergencia-de-salud-publica-internacional\/#breadcrumb"},"inLanguage":"es","potentialAction":[{"@type":"ReadAction","target":["https:\/\/canal7slp.tv\/2022\/oms-evaluara-si-viruela-del-mono-representa-una-emergencia-de-salud-publica-internacional\/"]}]},{"@type":"ImageObject","inLanguage":"es","@id":"https:\/\/canal7slp.tv\/2022\/oms-evaluara-si-viruela-del-mono-representa-una-emergencia-de-salud-publica-internacional\/#primaryimage","url":"https:\/\/canal7slp.tv\/2022\/wp-content\/uploads\/2022\/06\/06-11.jpg","contentUrl":"https:\/\/canal7slp.tv\/2022\/wp-content\/uploads\/2022\/06\/06-11.jpg","width":1000,"height":637,"caption":"FILE PHOTO: Tedros Adhanom Ghebreyesus, Director-General of the World Health Organization (WHO), speaks during a news conference in Geneva, Switzerland, December 20, 2021. REUTERS\/Denis Balibouse\/File Photo"},{"@type":"BreadcrumbList","@id":"https:\/\/canal7slp.tv\/2022\/oms-evaluara-si-viruela-del-mono-representa-una-emergencia-de-salud-publica-internacional\/#breadcrumb","itemListElement":[{"@type":"ListItem","position":1,"name":"Portada","item":"https:\/\/canal7slp.tv\/2022\/"},{"@type":"ListItem","position":2,"name":"OMS evaluar\u00e1 si Viruela del Mono representa una \u201cemergencia de salud p\u00fablica internacional\u201d"}]},{"@type":"WebSite","@id":"https:\/\/canal7slp.tv\/2022\/#website","url":"https:\/\/canal7slp.tv\/2022\/","name":"N7 - Noticieros Canal 7","description":"Somos Televisi\u00f3n","publisher":{"@id":"https:\/\/canal7slp.tv\/2022\/#organization"},"potentialAction":[{"@type":"SearchAction","target":{"@type":"EntryPoint","urlTemplate":"https:\/\/canal7slp.tv\/2022\/?s={search_term_string}"},"query-input":{"@type":"PropertyValueSpecification","valueRequired":true,"valueName":"search_term_string"}}],"inLanguage":"es"},{"@type":"Organization","@id":"https:\/\/canal7slp.tv\/2022\/#organization","name":"Noticieros Canal 7","url":"https:\/\/canal7slp.tv\/2022\/","logo":{"@type":"ImageObject","inLanguage":"es","@id":"https:\/\/canal7slp.tv\/2022\/#\/schema\/logo\/image\/","url":"https:\/\/canal7slp.tv\/2022\/wp-content\/uploads\/2021\/01\/logo-noticieros@2x.png","contentUrl":"https:\/\/canal7slp.tv\/2022\/wp-content\/uploads\/2021\/01\/logo-noticieros@2x.png","width":1017,"height":268,"caption":"Noticieros Canal 7"},"image":{"@id":"https:\/\/canal7slp.tv\/2022\/#\/schema\/logo\/image\/"},"sameAs":["https:\/\/www.facebook.com\/noticieroscanalsiete","https:\/\/x.com\/NOTICIEROS7","https:\/\/www.instagram.com\/canal7_slp","https:\/\/www.youtube.com\/channel\/UCliiYs-gP3JfJeqdPrNdd5A"]},{"@type":"Person","@id":"https:\/\/canal7slp.tv\/2022\/#\/schema\/person\/429704152a21f5f856ce29aa69a238da","name":"Edici\u00f3n Web","image":{"@type":"ImageObject","inLanguage":"es","@id":"https:\/\/secure.gravatar.com\/avatar\/eee448fc3f7164808013b816ba91ac7e43bbe82a70bebac296f8bc6f0addaa1a?s=96&d=mm&r=g","url":"https:\/\/secure.gravatar.com\/avatar\/eee448fc3f7164808013b816ba91ac7e43bbe82a70bebac296f8bc6f0addaa1a?s=96&d=mm&r=g","contentUrl":"https:\/\/secure.gravatar.com\/avatar\/eee448fc3f7164808013b816ba91ac7e43bbe82a70bebac296f8bc6f0addaa1a?s=96&d=mm&r=g","caption":"Edici\u00f3n Web"},"url":"https:\/\/canal7slp.tv\/2022\/author\/edicionweb\/"}]}},"amp_enabled":true,"_links":{"self":[{"href":"https:\/\/canal7slp.tv\/2022\/wp-json\/wp\/v2\/posts\/63530","targetHints":{"allow":["GET"]}}],"collection":[{"href":"https:\/\/canal7slp.tv\/2022\/wp-json\/wp\/v2\/posts"}],"about":[{"href":"https:\/\/canal7slp.tv\/2022\/wp-json\/wp\/v2\/types\/post"}],"author":[{"embeddable":true,"href":"https:\/\/canal7slp.tv\/2022\/wp-json\/wp\/v2\/users\/2"}],"replies":[{"embeddable":true,"href":"https:\/\/canal7slp.tv\/2022\/wp-json\/wp\/v2\/comments?post=63530"}],"version-history":[{"count":2,"href":"https:\/\/canal7slp.tv\/2022\/wp-json\/wp\/v2\/posts\/63530\/revisions"}],"predecessor-version":[{"id":63551,"href":"https:\/\/canal7slp.tv\/2022\/wp-json\/wp\/v2\/posts\/63530\/revisions\/63551"}],"wp:featuredmedia":[{"embeddable":true,"href":"https:\/\/canal7slp.tv\/2022\/wp-json\/wp\/v2\/media\/63544"}],"wp:attachment":[{"href":"https:\/\/canal7slp.tv\/2022\/wp-json\/wp\/v2\/media?parent=63530"}],"wp:term":[{"taxonomy":"category","embeddable":true,"href":"https:\/\/canal7slp.tv\/2022\/wp-json\/wp\/v2\/categories?post=63530"},{"taxonomy":"post_tag","embeddable":true,"href":"https:\/\/canal7slp.tv\/2022\/wp-json\/wp\/v2\/tags?post=63530"}],"curies":[{"name":"wp","href":"https:\/\/api.w.org\/{rel}","templated":true}]}}