{"id":63527,"date":"2022-06-14T12:13:18","date_gmt":"2022-06-14T18:13:18","guid":{"rendered":"https:\/\/canal7slp.tv\/2022\/?p=63527"},"modified":"2022-06-14T12:13:18","modified_gmt":"2022-06-14T18:13:18","slug":"detectan-posible-caso-de-viruela-del-mono-en-tamaulipas","status":"publish","type":"post","link":"https:\/\/canal7slp.tv\/2022\/detectan-posible-caso-de-viruela-del-mono-en-tamaulipas\/","title":{"rendered":"Detectan posible caso de Viruela del Mono en Tamaulipas"},"content":{"rendered":"<p style=\"text-align: justify;\">Nuevo Laredo.- Debido a un caso sospechoso de Viruela del Mono detectado en Nuevo Laredo, el gobierno de Tamaulipas activ\u00f3 los protocolos de vigilancia epidemiol\u00f3gica.<\/p>\n<p style=\"text-align: justify;\">Por tal motivo, se puso en marcha un operativo de bioseguridad hospitalaria.<\/p>\n<p style=\"text-align: justify;\">Gloria Molina Gamboa, secretaria de Salud, detall\u00f3 que la paciente es una mujer de 21 a\u00f1os, quien solicit\u00f3 atenci\u00f3n m\u00e9dica en el Instituto Mexicano del Seguro Social el pasado 7 de junio, al presentar un cuadro febril mayor a 38.5 grados, acompa\u00f1ada de cefalea intensa.<\/p>\n<p style=\"text-align: justify;\">Tras la cual, present\u00f3 lesiones d\u00e9rmicas pruriginosas y dolorosas en labios, cavidad oral, cuello, tronco, axilas, extremidades superiores e inferiores con afectaci\u00f3n palmo-plantar, por lo que se procedi\u00f3 a su notificaci\u00f3n inmediata.<\/p>\n<p style=\"text-align: justify;\">La funcionaria se\u00f1al\u00f3 que la paciente no cuenta con antecedentes de viaje. En cambio, tuvo contacto con un familiar al viajar a la ciudad de Reynosa.<\/p>\n<p style=\"text-align: justify;\">Molina Gamboa exhort\u00f3 a la poblaci\u00f3n a extremar medidas de prevenci\u00f3n.<\/p>\n","protected":false},"excerpt":{"rendered":"<p>Nuevo Laredo.- Debido a un caso sospechoso de Viruela del Mono detectado en Nuevo Laredo, el gobierno de Tamaulipas activ\u00f3 los protocolos de vigilancia epidemiol\u00f3gica. Por tal motivo, se puso en marcha un operativo de bioseguridad hospitalaria. Gloria Molina Gamboa, secretaria de Salud, detall\u00f3 que la paciente es una mujer de 21 a\u00f1os, quien solicit\u00f3 atenci\u00f3n m\u00e9dica en el Instituto Mexicano del Seguro Social el pasado 7 de junio, al presentar un cuadro febril mayor a 38.5 grados, acompa\u00f1ada de cefalea intensa. Tras la cual, present\u00f3 lesiones d\u00e9rmicas pruriginosas y dolorosas en labios, cavidad oral, cuello, tronco, axilas, extremidades superiores [&hellip;]<\/p>\n","protected":false},"author":2,"featured_media":63541,"comment_status":"closed","ping_status":"closed","sticky":false,"template":"","format":"standard","meta":{"footnotes":""},"categories":[46],"tags":[],"class_list":["post-63527","post","type-post","status-publish","format-standard","has-post-thumbnail","hentry","category-nacional","post--single"],"yoast_head":"<!-- This site is optimized with the Yoast SEO plugin v27.5 - https:\/\/yoast.com\/product\/yoast-seo-wordpress\/ -->\n<title>Detectan posible caso de Viruela del Mono en Tamaulipas - Canal 7 SLP - 2022<\/title>\n<meta name=\"robots\" content=\"index, follow, max-snippet:-1, max-image-preview:large, max-video-preview:-1\" \/>\n<link rel=\"canonical\" href=\"https:\/\/canal7slp.tv\/2022\/detectan-posible-caso-de-viruela-del-mono-en-tamaulipas\/\" \/>\n<meta property=\"og:locale\" content=\"es_ES\" \/>\n<meta property=\"og:type\" content=\"article\" \/>\n<meta property=\"og:title\" content=\"Detectan posible caso de Viruela del Mono en Tamaulipas - Canal 7 SLP - 2022\" \/>\n<meta property=\"og:description\" content=\"Nuevo Laredo.- Debido a un caso sospechoso de Viruela del Mono detectado en Nuevo Laredo, el gobierno de Tamaulipas activ\u00f3 los protocolos de vigilancia epidemiol\u00f3gica. Por tal motivo, se puso en marcha un operativo de bioseguridad hospitalaria. Gloria Molina Gamboa, secretaria de Salud, detall\u00f3 que la paciente es una mujer de 21 a\u00f1os, quien solicit\u00f3 atenci\u00f3n m\u00e9dica en el Instituto Mexicano del Seguro Social el pasado 7 de junio, al presentar un cuadro febril mayor a 38.5 grados, acompa\u00f1ada de cefalea intensa. Tras la cual, present\u00f3 lesiones d\u00e9rmicas pruriginosas y dolorosas en labios, cavidad oral, cuello, tronco, axilas, extremidades superiores [&hellip;]\" \/>\n<meta property=\"og:url\" content=\"https:\/\/canal7slp.tv\/2022\/detectan-posible-caso-de-viruela-del-mono-en-tamaulipas\/\" \/>\n<meta property=\"og:site_name\" content=\"Canal 7 SLP - 2022\" \/>\n<meta property=\"article:publisher\" content=\"https:\/\/www.facebook.com\/noticieroscanalsiete\" \/>\n<meta property=\"article:published_time\" content=\"2022-06-14T18:13:18+00:00\" \/>\n<meta property=\"og:image\" content=\"https:\/\/canal7slp.tv\/2022\/wp-content\/uploads\/2022\/06\/03-11.jpg\" \/>\n\t<meta property=\"og:image:width\" content=\"1280\" \/>\n\t<meta property=\"og:image:height\" content=\"720\" \/>\n\t<meta property=\"og:image:type\" content=\"image\/jpeg\" \/>\n<meta name=\"author\" content=\"Edici\u00f3n Web\" \/>\n<meta name=\"twitter:card\" content=\"summary_large_image\" \/>\n<meta name=\"twitter:creator\" content=\"@NOTICIEROS7\" \/>\n<meta name=\"twitter:site\" content=\"@NOTICIEROS7\" \/>\n<meta name=\"twitter:label1\" content=\"Escrito por\" \/>\n\t<meta name=\"twitter:data1\" content=\"Edici\u00f3n Web\" \/>\n\t<meta name=\"twitter:label2\" content=\"Tiempo de lectura\" \/>\n\t<meta name=\"twitter:data2\" content=\"1 minuto\" \/>\n<script type=\"application\/ld+json\" class=\"yoast-schema-graph\">{\"@context\":\"https:\\\/\\\/schema.org\",\"@graph\":[{\"@type\":\"Article\",\"@id\":\"https:\\\/\\\/canal7slp.tv\\\/2022\\\/detectan-posible-caso-de-viruela-del-mono-en-tamaulipas\\\/#article\",\"isPartOf\":{\"@id\":\"https:\\\/\\\/canal7slp.tv\\\/2022\\\/detectan-posible-caso-de-viruela-del-mono-en-tamaulipas\\\/\"},\"author\":{\"name\":\"Edici\u00f3n Web\",\"@id\":\"https:\\\/\\\/canal7slp.tv\\\/2022\\\/#\\\/schema\\\/person\\\/429704152a21f5f856ce29aa69a238da\"},\"headline\":\"Detectan posible caso de Viruela del Mono en Tamaulipas\",\"datePublished\":\"2022-06-14T18:13:18+00:00\",\"mainEntityOfPage\":{\"@id\":\"https:\\\/\\\/canal7slp.tv\\\/2022\\\/detectan-posible-caso-de-viruela-del-mono-en-tamaulipas\\\/\"},\"wordCount\":169,\"publisher\":{\"@id\":\"https:\\\/\\\/canal7slp.tv\\\/2022\\\/#organization\"},\"image\":{\"@id\":\"https:\\\/\\\/canal7slp.tv\\\/2022\\\/detectan-posible-caso-de-viruela-del-mono-en-tamaulipas\\\/#primaryimage\"},\"thumbnailUrl\":\"https:\\\/\\\/canal7slp.tv\\\/2022\\\/wp-content\\\/uploads\\\/2022\\\/06\\\/03-11.jpg\",\"articleSection\":[\"NACIONALES\"],\"inLanguage\":\"es\"},{\"@type\":\"WebPage\",\"@id\":\"https:\\\/\\\/canal7slp.tv\\\/2022\\\/detectan-posible-caso-de-viruela-del-mono-en-tamaulipas\\\/\",\"url\":\"https:\\\/\\\/canal7slp.tv\\\/2022\\\/detectan-posible-caso-de-viruela-del-mono-en-tamaulipas\\\/\",\"name\":\"Detectan posible caso de Viruela del Mono en Tamaulipas - Canal 7 SLP - 2022\",\"isPartOf\":{\"@id\":\"https:\\\/\\\/canal7slp.tv\\\/2022\\\/#website\"},\"primaryImageOfPage\":{\"@id\":\"https:\\\/\\\/canal7slp.tv\\\/2022\\\/detectan-posible-caso-de-viruela-del-mono-en-tamaulipas\\\/#primaryimage\"},\"image\":{\"@id\":\"https:\\\/\\\/canal7slp.tv\\\/2022\\\/detectan-posible-caso-de-viruela-del-mono-en-tamaulipas\\\/#primaryimage\"},\"thumbnailUrl\":\"https:\\\/\\\/canal7slp.tv\\\/2022\\\/wp-content\\\/uploads\\\/2022\\\/06\\\/03-11.jpg\",\"datePublished\":\"2022-06-14T18:13:18+00:00\",\"breadcrumb\":{\"@id\":\"https:\\\/\\\/canal7slp.tv\\\/2022\\\/detectan-posible-caso-de-viruela-del-mono-en-tamaulipas\\\/#breadcrumb\"},\"inLanguage\":\"es\",\"potentialAction\":[{\"@type\":\"ReadAction\",\"target\":[\"https:\\\/\\\/canal7slp.tv\\\/2022\\\/detectan-posible-caso-de-viruela-del-mono-en-tamaulipas\\\/\"]}]},{\"@type\":\"ImageObject\",\"inLanguage\":\"es\",\"@id\":\"https:\\\/\\\/canal7slp.tv\\\/2022\\\/detectan-posible-caso-de-viruela-del-mono-en-tamaulipas\\\/#primaryimage\",\"url\":\"https:\\\/\\\/canal7slp.tv\\\/2022\\\/wp-content\\\/uploads\\\/2022\\\/06\\\/03-11.jpg\",\"contentUrl\":\"https:\\\/\\\/canal7slp.tv\\\/2022\\\/wp-content\\\/uploads\\\/2022\\\/06\\\/03-11.jpg\",\"width\":1280,\"height\":720},{\"@type\":\"BreadcrumbList\",\"@id\":\"https:\\\/\\\/canal7slp.tv\\\/2022\\\/detectan-posible-caso-de-viruela-del-mono-en-tamaulipas\\\/#breadcrumb\",\"itemListElement\":[{\"@type\":\"ListItem\",\"position\":1,\"name\":\"Portada\",\"item\":\"https:\\\/\\\/canal7slp.tv\\\/2022\\\/\"},{\"@type\":\"ListItem\",\"position\":2,\"name\":\"Detectan posible caso de Viruela del Mono en Tamaulipas\"}]},{\"@type\":\"WebSite\",\"@id\":\"https:\\\/\\\/canal7slp.tv\\\/2022\\\/#website\",\"url\":\"https:\\\/\\\/canal7slp.tv\\\/2022\\\/\",\"name\":\"N7 - Noticieros Canal 7\",\"description\":\"Somos Televisi\u00f3n\",\"publisher\":{\"@id\":\"https:\\\/\\\/canal7slp.tv\\\/2022\\\/#organization\"},\"potentialAction\":[{\"@type\":\"SearchAction\",\"target\":{\"@type\":\"EntryPoint\",\"urlTemplate\":\"https:\\\/\\\/canal7slp.tv\\\/2022\\\/?s={search_term_string}\"},\"query-input\":{\"@type\":\"PropertyValueSpecification\",\"valueRequired\":true,\"valueName\":\"search_term_string\"}}],\"inLanguage\":\"es\"},{\"@type\":\"Organization\",\"@id\":\"https:\\\/\\\/canal7slp.tv\\\/2022\\\/#organization\",\"name\":\"Noticieros Canal 7\",\"url\":\"https:\\\/\\\/canal7slp.tv\\\/2022\\\/\",\"logo\":{\"@type\":\"ImageObject\",\"inLanguage\":\"es\",\"@id\":\"https:\\\/\\\/canal7slp.tv\\\/2022\\\/#\\\/schema\\\/logo\\\/image\\\/\",\"url\":\"https:\\\/\\\/canal7slp.tv\\\/2022\\\/wp-content\\\/uploads\\\/2021\\\/01\\\/logo-noticieros@2x.png\",\"contentUrl\":\"https:\\\/\\\/canal7slp.tv\\\/2022\\\/wp-content\\\/uploads\\\/2021\\\/01\\\/logo-noticieros@2x.png\",\"width\":1017,\"height\":268,\"caption\":\"Noticieros Canal 7\"},\"image\":{\"@id\":\"https:\\\/\\\/canal7slp.tv\\\/2022\\\/#\\\/schema\\\/logo\\\/image\\\/\"},\"sameAs\":[\"https:\\\/\\\/www.facebook.com\\\/noticieroscanalsiete\",\"https:\\\/\\\/x.com\\\/NOTICIEROS7\",\"https:\\\/\\\/www.instagram.com\\\/canal7_slp\",\"https:\\\/\\\/www.youtube.com\\\/channel\\\/UCliiYs-gP3JfJeqdPrNdd5A\"]},{\"@type\":\"Person\",\"@id\":\"https:\\\/\\\/canal7slp.tv\\\/2022\\\/#\\\/schema\\\/person\\\/429704152a21f5f856ce29aa69a238da\",\"name\":\"Edici\u00f3n Web\",\"image\":{\"@type\":\"ImageObject\",\"inLanguage\":\"es\",\"@id\":\"https:\\\/\\\/secure.gravatar.com\\\/avatar\\\/eee448fc3f7164808013b816ba91ac7e43bbe82a70bebac296f8bc6f0addaa1a?s=96&d=mm&r=g\",\"url\":\"https:\\\/\\\/secure.gravatar.com\\\/avatar\\\/eee448fc3f7164808013b816ba91ac7e43bbe82a70bebac296f8bc6f0addaa1a?s=96&d=mm&r=g\",\"contentUrl\":\"https:\\\/\\\/secure.gravatar.com\\\/avatar\\\/eee448fc3f7164808013b816ba91ac7e43bbe82a70bebac296f8bc6f0addaa1a?s=96&d=mm&r=g\",\"caption\":\"Edici\u00f3n Web\"},\"url\":\"https:\\\/\\\/canal7slp.tv\\\/2022\\\/author\\\/edicionweb\\\/\"}]}<\/script>\n<!-- \/ Yoast SEO plugin. -->","yoast_head_json":{"title":"Detectan posible caso de Viruela del Mono en Tamaulipas - Canal 7 SLP - 2022","robots":{"index":"index","follow":"follow","max-snippet":"max-snippet:-1","max-image-preview":"max-image-preview:large","max-video-preview":"max-video-preview:-1"},"canonical":"https:\/\/canal7slp.tv\/2022\/detectan-posible-caso-de-viruela-del-mono-en-tamaulipas\/","og_locale":"es_ES","og_type":"article","og_title":"Detectan posible caso de Viruela del Mono en Tamaulipas - Canal 7 SLP - 2022","og_description":"Nuevo Laredo.- Debido a un caso sospechoso de Viruela del Mono detectado en Nuevo Laredo, el gobierno de Tamaulipas activ\u00f3 los protocolos de vigilancia epidemiol\u00f3gica. Por tal motivo, se puso en marcha un operativo de bioseguridad hospitalaria. Gloria Molina Gamboa, secretaria de Salud, detall\u00f3 que la paciente es una mujer de 21 a\u00f1os, quien solicit\u00f3 atenci\u00f3n m\u00e9dica en el Instituto Mexicano del Seguro Social el pasado 7 de junio, al presentar un cuadro febril mayor a 38.5 grados, acompa\u00f1ada de cefalea intensa. Tras la cual, present\u00f3 lesiones d\u00e9rmicas pruriginosas y dolorosas en labios, cavidad oral, cuello, tronco, axilas, extremidades superiores [&hellip;]","og_url":"https:\/\/canal7slp.tv\/2022\/detectan-posible-caso-de-viruela-del-mono-en-tamaulipas\/","og_site_name":"Canal 7 SLP - 2022","article_publisher":"https:\/\/www.facebook.com\/noticieroscanalsiete","article_published_time":"2022-06-14T18:13:18+00:00","og_image":[{"width":1280,"height":720,"url":"https:\/\/canal7slp.tv\/2022\/wp-content\/uploads\/2022\/06\/03-11.jpg","type":"image\/jpeg"}],"author":"Edici\u00f3n Web","twitter_card":"summary_large_image","twitter_creator":"@NOTICIEROS7","twitter_site":"@NOTICIEROS7","twitter_misc":{"Escrito por":"Edici\u00f3n Web","Tiempo de lectura":"1 minuto"},"schema":{"@context":"https:\/\/schema.org","@graph":[{"@type":"Article","@id":"https:\/\/canal7slp.tv\/2022\/detectan-posible-caso-de-viruela-del-mono-en-tamaulipas\/#article","isPartOf":{"@id":"https:\/\/canal7slp.tv\/2022\/detectan-posible-caso-de-viruela-del-mono-en-tamaulipas\/"},"author":{"name":"Edici\u00f3n Web","@id":"https:\/\/canal7slp.tv\/2022\/#\/schema\/person\/429704152a21f5f856ce29aa69a238da"},"headline":"Detectan posible caso de Viruela del Mono en Tamaulipas","datePublished":"2022-06-14T18:13:18+00:00","mainEntityOfPage":{"@id":"https:\/\/canal7slp.tv\/2022\/detectan-posible-caso-de-viruela-del-mono-en-tamaulipas\/"},"wordCount":169,"publisher":{"@id":"https:\/\/canal7slp.tv\/2022\/#organization"},"image":{"@id":"https:\/\/canal7slp.tv\/2022\/detectan-posible-caso-de-viruela-del-mono-en-tamaulipas\/#primaryimage"},"thumbnailUrl":"https:\/\/canal7slp.tv\/2022\/wp-content\/uploads\/2022\/06\/03-11.jpg","articleSection":["NACIONALES"],"inLanguage":"es"},{"@type":"WebPage","@id":"https:\/\/canal7slp.tv\/2022\/detectan-posible-caso-de-viruela-del-mono-en-tamaulipas\/","url":"https:\/\/canal7slp.tv\/2022\/detectan-posible-caso-de-viruela-del-mono-en-tamaulipas\/","name":"Detectan posible caso de Viruela del Mono en Tamaulipas - Canal 7 SLP - 2022","isPartOf":{"@id":"https:\/\/canal7slp.tv\/2022\/#website"},"primaryImageOfPage":{"@id":"https:\/\/canal7slp.tv\/2022\/detectan-posible-caso-de-viruela-del-mono-en-tamaulipas\/#primaryimage"},"image":{"@id":"https:\/\/canal7slp.tv\/2022\/detectan-posible-caso-de-viruela-del-mono-en-tamaulipas\/#primaryimage"},"thumbnailUrl":"https:\/\/canal7slp.tv\/2022\/wp-content\/uploads\/2022\/06\/03-11.jpg","datePublished":"2022-06-14T18:13:18+00:00","breadcrumb":{"@id":"https:\/\/canal7slp.tv\/2022\/detectan-posible-caso-de-viruela-del-mono-en-tamaulipas\/#breadcrumb"},"inLanguage":"es","potentialAction":[{"@type":"ReadAction","target":["https:\/\/canal7slp.tv\/2022\/detectan-posible-caso-de-viruela-del-mono-en-tamaulipas\/"]}]},{"@type":"ImageObject","inLanguage":"es","@id":"https:\/\/canal7slp.tv\/2022\/detectan-posible-caso-de-viruela-del-mono-en-tamaulipas\/#primaryimage","url":"https:\/\/canal7slp.tv\/2022\/wp-content\/uploads\/2022\/06\/03-11.jpg","contentUrl":"https:\/\/canal7slp.tv\/2022\/wp-content\/uploads\/2022\/06\/03-11.jpg","width":1280,"height":720},{"@type":"BreadcrumbList","@id":"https:\/\/canal7slp.tv\/2022\/detectan-posible-caso-de-viruela-del-mono-en-tamaulipas\/#breadcrumb","itemListElement":[{"@type":"ListItem","position":1,"name":"Portada","item":"https:\/\/canal7slp.tv\/2022\/"},{"@type":"ListItem","position":2,"name":"Detectan posible caso de Viruela del Mono en Tamaulipas"}]},{"@type":"WebSite","@id":"https:\/\/canal7slp.tv\/2022\/#website","url":"https:\/\/canal7slp.tv\/2022\/","name":"N7 - Noticieros Canal 7","description":"Somos Televisi\u00f3n","publisher":{"@id":"https:\/\/canal7slp.tv\/2022\/#organization"},"potentialAction":[{"@type":"SearchAction","target":{"@type":"EntryPoint","urlTemplate":"https:\/\/canal7slp.tv\/2022\/?s={search_term_string}"},"query-input":{"@type":"PropertyValueSpecification","valueRequired":true,"valueName":"search_term_string"}}],"inLanguage":"es"},{"@type":"Organization","@id":"https:\/\/canal7slp.tv\/2022\/#organization","name":"Noticieros Canal 7","url":"https:\/\/canal7slp.tv\/2022\/","logo":{"@type":"ImageObject","inLanguage":"es","@id":"https:\/\/canal7slp.tv\/2022\/#\/schema\/logo\/image\/","url":"https:\/\/canal7slp.tv\/2022\/wp-content\/uploads\/2021\/01\/logo-noticieros@2x.png","contentUrl":"https:\/\/canal7slp.tv\/2022\/wp-content\/uploads\/2021\/01\/logo-noticieros@2x.png","width":1017,"height":268,"caption":"Noticieros Canal 7"},"image":{"@id":"https:\/\/canal7slp.tv\/2022\/#\/schema\/logo\/image\/"},"sameAs":["https:\/\/www.facebook.com\/noticieroscanalsiete","https:\/\/x.com\/NOTICIEROS7","https:\/\/www.instagram.com\/canal7_slp","https:\/\/www.youtube.com\/channel\/UCliiYs-gP3JfJeqdPrNdd5A"]},{"@type":"Person","@id":"https:\/\/canal7slp.tv\/2022\/#\/schema\/person\/429704152a21f5f856ce29aa69a238da","name":"Edici\u00f3n Web","image":{"@type":"ImageObject","inLanguage":"es","@id":"https:\/\/secure.gravatar.com\/avatar\/eee448fc3f7164808013b816ba91ac7e43bbe82a70bebac296f8bc6f0addaa1a?s=96&d=mm&r=g","url":"https:\/\/secure.gravatar.com\/avatar\/eee448fc3f7164808013b816ba91ac7e43bbe82a70bebac296f8bc6f0addaa1a?s=96&d=mm&r=g","contentUrl":"https:\/\/secure.gravatar.com\/avatar\/eee448fc3f7164808013b816ba91ac7e43bbe82a70bebac296f8bc6f0addaa1a?s=96&d=mm&r=g","caption":"Edici\u00f3n Web"},"url":"https:\/\/canal7slp.tv\/2022\/author\/edicionweb\/"}]}},"amp_enabled":true,"_links":{"self":[{"href":"https:\/\/canal7slp.tv\/2022\/wp-json\/wp\/v2\/posts\/63527","targetHints":{"allow":["GET"]}}],"collection":[{"href":"https:\/\/canal7slp.tv\/2022\/wp-json\/wp\/v2\/posts"}],"about":[{"href":"https:\/\/canal7slp.tv\/2022\/wp-json\/wp\/v2\/types\/post"}],"author":[{"embeddable":true,"href":"https:\/\/canal7slp.tv\/2022\/wp-json\/wp\/v2\/users\/2"}],"replies":[{"embeddable":true,"href":"https:\/\/canal7slp.tv\/2022\/wp-json\/wp\/v2\/comments?post=63527"}],"version-history":[{"count":2,"href":"https:\/\/canal7slp.tv\/2022\/wp-json\/wp\/v2\/posts\/63527\/revisions"}],"predecessor-version":[{"id":63548,"href":"https:\/\/canal7slp.tv\/2022\/wp-json\/wp\/v2\/posts\/63527\/revisions\/63548"}],"wp:featuredmedia":[{"embeddable":true,"href":"https:\/\/canal7slp.tv\/2022\/wp-json\/wp\/v2\/media\/63541"}],"wp:attachment":[{"href":"https:\/\/canal7slp.tv\/2022\/wp-json\/wp\/v2\/media?parent=63527"}],"wp:term":[{"taxonomy":"category","embeddable":true,"href":"https:\/\/canal7slp.tv\/2022\/wp-json\/wp\/v2\/categories?post=63527"},{"taxonomy":"post_tag","embeddable":true,"href":"https:\/\/canal7slp.tv\/2022\/wp-json\/wp\/v2\/tags?post=63527"}],"curies":[{"name":"wp","href":"https:\/\/api.w.org\/{rel}","templated":true}]}}