{"id":63473,"date":"2022-06-14T04:07:03","date_gmt":"2022-06-14T10:07:03","guid":{"rendered":"https:\/\/canal7slp.tv\/2022\/?p=63473"},"modified":"2022-06-14T04:07:03","modified_gmt":"2022-06-14T10:07:03","slug":"corte-interamericana-da-entrada-a-queja-del-sittge-contra-gobernador-de-slp-por-persecucion-politica","status":"publish","type":"post","link":"https:\/\/canal7slp.tv\/2022\/corte-interamericana-da-entrada-a-queja-del-sittge-contra-gobernador-de-slp-por-persecucion-politica\/","title":{"rendered":"Corte Interamericana da entrada a queja del SITTGE contra gobernador de SLP por persecuci\u00f3n pol\u00edtica."},"content":{"rendered":"<p style=\"text-align: justify;\">SLP.- En rueda de prensa el Secretario General del Sindicato de Trabajadoras y Trabajadores del Gobierno del Estado dio a conocer que la Corte Interamericana de Derechos Humanos con sede en Washington, dio entrada a una petici\u00f3n presentada por este organismo sindical ante una queja de su tesorera Francisca Res\u00e9ndiz Lara, en contra del gobernador del estado Ricardo Gallardo Cardona por persecuci\u00f3n pol\u00edtica.<\/p>\n<p style=\"text-align: justify;\">Francisco Parra Barbosa se\u00f1al\u00f3 que en la petici\u00f3n se incluye que se garantice la protecci\u00f3n de los derechos humanos de la afectada al afirmar que al contender por la gubernatura fue objeto de hostigamiento durante la contienda electoral que finalmente, fue ganada por el ahora mandatario estatal.<\/p>\n<p style=\"text-align: justify;\">Por su parte, la tesorera del SITTGE afirm\u00f3 que contin\u00faan los actos de hostigamiento y prepotencia por parte de las autoridades estatales contra su persona pero tambi\u00e9n, contra los trabajadores afiliados a este sindicato.<\/p>\n<p style=\"text-align: justify;\">La dirigente sindical extern\u00f3 su confianza en que esta instancia internacional de derechos humanos emita un resolutivo favorable y que se haga constancia, dijo, de la violaci\u00f3n sistem\u00e1tica de sus derechos como persona.<\/p>\n<p style=\"text-align: justify;\">Por: Claudio Ibarra<\/p>\n","protected":false},"excerpt":{"rendered":"<p>SLP.- En rueda de prensa el Secretario General del Sindicato de Trabajadoras y Trabajadores del Gobierno del Estado dio a conocer que la Corte Interamericana de Derechos Humanos con sede en Washington, dio entrada a una petici\u00f3n presentada por este organismo sindical ante una queja de su tesorera Francisca Res\u00e9ndiz Lara, en contra del gobernador del estado Ricardo Gallardo Cardona por persecuci\u00f3n pol\u00edtica. Francisco Parra Barbosa se\u00f1al\u00f3 que en la petici\u00f3n se incluye que se garantice la protecci\u00f3n de los derechos humanos de la afectada al afirmar que al contender por la gubernatura fue objeto de hostigamiento durante la contienda [&hellip;]<\/p>\n","protected":false},"author":2,"featured_media":63507,"comment_status":"closed","ping_status":"closed","sticky":false,"template":"","format":"video","meta":{"footnotes":""},"categories":[5,45],"tags":[],"class_list":["post-63473","post","type-post","status-publish","format-video","has-post-thumbnail","hentry","category-destacadas","category-localesyregionales","post_format-post-format-video","post--single"],"yoast_head":"<!-- This site is optimized with the Yoast SEO plugin v27.5 - https:\/\/yoast.com\/product\/yoast-seo-wordpress\/ -->\n<title>Corte Interamericana da entrada a queja del SITTGE contra gobernador de SLP por persecuci\u00f3n pol\u00edtica. - Canal 7 SLP - 2022<\/title>\n<meta name=\"robots\" content=\"index, follow, max-snippet:-1, max-image-preview:large, max-video-preview:-1\" \/>\n<link rel=\"canonical\" href=\"https:\/\/canal7slp.tv\/2022\/corte-interamericana-da-entrada-a-queja-del-sittge-contra-gobernador-de-slp-por-persecucion-politica\/\" \/>\n<meta property=\"og:locale\" content=\"es_ES\" \/>\n<meta property=\"og:type\" content=\"article\" \/>\n<meta property=\"og:title\" content=\"Corte Interamericana da entrada a queja del SITTGE contra gobernador de SLP por persecuci\u00f3n pol\u00edtica. - Canal 7 SLP - 2022\" \/>\n<meta property=\"og:description\" content=\"SLP.- En rueda de prensa el Secretario General del Sindicato de Trabajadoras y Trabajadores del Gobierno del Estado dio a conocer que la Corte Interamericana de Derechos Humanos con sede en Washington, dio entrada a una petici\u00f3n presentada por este organismo sindical ante una queja de su tesorera Francisca Res\u00e9ndiz Lara, en contra del gobernador del estado Ricardo Gallardo Cardona por persecuci\u00f3n pol\u00edtica. Francisco Parra Barbosa se\u00f1al\u00f3 que en la petici\u00f3n se incluye que se garantice la protecci\u00f3n de los derechos humanos de la afectada al afirmar que al contender por la gubernatura fue objeto de hostigamiento durante la contienda [&hellip;]\" \/>\n<meta property=\"og:url\" content=\"https:\/\/canal7slp.tv\/2022\/corte-interamericana-da-entrada-a-queja-del-sittge-contra-gobernador-de-slp-por-persecucion-politica\/\" \/>\n<meta property=\"og:site_name\" content=\"Canal 7 SLP - 2022\" \/>\n<meta property=\"article:publisher\" content=\"https:\/\/www.facebook.com\/noticieroscanalsiete\" \/>\n<meta property=\"article:published_time\" content=\"2022-06-14T10:07:03+00:00\" \/>\n<meta property=\"og:image\" content=\"https:\/\/canal7slp.tv\/2022\/wp-content\/uploads\/2022\/06\/Claudio04Interamericana.jpg\" \/>\n\t<meta property=\"og:image:width\" content=\"888\" \/>\n\t<meta property=\"og:image:height\" content=\"500\" \/>\n\t<meta property=\"og:image:type\" content=\"image\/jpeg\" \/>\n<meta name=\"author\" content=\"Edici\u00f3n Web\" \/>\n<meta name=\"twitter:card\" content=\"summary_large_image\" \/>\n<meta name=\"twitter:creator\" content=\"@NOTICIEROS7\" \/>\n<meta name=\"twitter:site\" content=\"@NOTICIEROS7\" \/>\n<meta name=\"twitter:label1\" content=\"Escrito por\" \/>\n\t<meta name=\"twitter:data1\" content=\"Edici\u00f3n Web\" \/>\n\t<meta name=\"twitter:label2\" content=\"Tiempo de lectura\" \/>\n\t<meta name=\"twitter:data2\" content=\"1 minuto\" \/>\n<script type=\"application\/ld+json\" class=\"yoast-schema-graph\">{\"@context\":\"https:\\\/\\\/schema.org\",\"@graph\":[{\"@type\":\"Article\",\"@id\":\"https:\\\/\\\/canal7slp.tv\\\/2022\\\/corte-interamericana-da-entrada-a-queja-del-sittge-contra-gobernador-de-slp-por-persecucion-politica\\\/#article\",\"isPartOf\":{\"@id\":\"https:\\\/\\\/canal7slp.tv\\\/2022\\\/corte-interamericana-da-entrada-a-queja-del-sittge-contra-gobernador-de-slp-por-persecucion-politica\\\/\"},\"author\":{\"name\":\"Edici\u00f3n Web\",\"@id\":\"https:\\\/\\\/canal7slp.tv\\\/2022\\\/#\\\/schema\\\/person\\\/429704152a21f5f856ce29aa69a238da\"},\"headline\":\"Corte Interamericana da entrada a queja del SITTGE contra gobernador de SLP por persecuci\u00f3n pol\u00edtica.\",\"datePublished\":\"2022-06-14T10:07:03+00:00\",\"mainEntityOfPage\":{\"@id\":\"https:\\\/\\\/canal7slp.tv\\\/2022\\\/corte-interamericana-da-entrada-a-queja-del-sittge-contra-gobernador-de-slp-por-persecucion-politica\\\/\"},\"wordCount\":209,\"publisher\":{\"@id\":\"https:\\\/\\\/canal7slp.tv\\\/2022\\\/#organization\"},\"image\":{\"@id\":\"https:\\\/\\\/canal7slp.tv\\\/2022\\\/corte-interamericana-da-entrada-a-queja-del-sittge-contra-gobernador-de-slp-por-persecucion-politica\\\/#primaryimage\"},\"thumbnailUrl\":\"https:\\\/\\\/canal7slp.tv\\\/2022\\\/wp-content\\\/uploads\\\/2022\\\/06\\\/Claudio04Interamericana.jpg\",\"articleSection\":[\"DESTACADAS\",\"LOCALES Y REGIONALES\"],\"inLanguage\":\"es\"},{\"@type\":\"WebPage\",\"@id\":\"https:\\\/\\\/canal7slp.tv\\\/2022\\\/corte-interamericana-da-entrada-a-queja-del-sittge-contra-gobernador-de-slp-por-persecucion-politica\\\/\",\"url\":\"https:\\\/\\\/canal7slp.tv\\\/2022\\\/corte-interamericana-da-entrada-a-queja-del-sittge-contra-gobernador-de-slp-por-persecucion-politica\\\/\",\"name\":\"Corte Interamericana da entrada a queja del SITTGE contra gobernador de SLP por persecuci\u00f3n pol\u00edtica. - Canal 7 SLP - 2022\",\"isPartOf\":{\"@id\":\"https:\\\/\\\/canal7slp.tv\\\/2022\\\/#website\"},\"primaryImageOfPage\":{\"@id\":\"https:\\\/\\\/canal7slp.tv\\\/2022\\\/corte-interamericana-da-entrada-a-queja-del-sittge-contra-gobernador-de-slp-por-persecucion-politica\\\/#primaryimage\"},\"image\":{\"@id\":\"https:\\\/\\\/canal7slp.tv\\\/2022\\\/corte-interamericana-da-entrada-a-queja-del-sittge-contra-gobernador-de-slp-por-persecucion-politica\\\/#primaryimage\"},\"thumbnailUrl\":\"https:\\\/\\\/canal7slp.tv\\\/2022\\\/wp-content\\\/uploads\\\/2022\\\/06\\\/Claudio04Interamericana.jpg\",\"datePublished\":\"2022-06-14T10:07:03+00:00\",\"breadcrumb\":{\"@id\":\"https:\\\/\\\/canal7slp.tv\\\/2022\\\/corte-interamericana-da-entrada-a-queja-del-sittge-contra-gobernador-de-slp-por-persecucion-politica\\\/#breadcrumb\"},\"inLanguage\":\"es\",\"potentialAction\":[{\"@type\":\"ReadAction\",\"target\":[\"https:\\\/\\\/canal7slp.tv\\\/2022\\\/corte-interamericana-da-entrada-a-queja-del-sittge-contra-gobernador-de-slp-por-persecucion-politica\\\/\"]}]},{\"@type\":\"ImageObject\",\"inLanguage\":\"es\",\"@id\":\"https:\\\/\\\/canal7slp.tv\\\/2022\\\/corte-interamericana-da-entrada-a-queja-del-sittge-contra-gobernador-de-slp-por-persecucion-politica\\\/#primaryimage\",\"url\":\"https:\\\/\\\/canal7slp.tv\\\/2022\\\/wp-content\\\/uploads\\\/2022\\\/06\\\/Claudio04Interamericana.jpg\",\"contentUrl\":\"https:\\\/\\\/canal7slp.tv\\\/2022\\\/wp-content\\\/uploads\\\/2022\\\/06\\\/Claudio04Interamericana.jpg\",\"width\":888,\"height\":500},{\"@type\":\"BreadcrumbList\",\"@id\":\"https:\\\/\\\/canal7slp.tv\\\/2022\\\/corte-interamericana-da-entrada-a-queja-del-sittge-contra-gobernador-de-slp-por-persecucion-politica\\\/#breadcrumb\",\"itemListElement\":[{\"@type\":\"ListItem\",\"position\":1,\"name\":\"Portada\",\"item\":\"https:\\\/\\\/canal7slp.tv\\\/2022\\\/\"},{\"@type\":\"ListItem\",\"position\":2,\"name\":\"Corte Interamericana da entrada a queja del SITTGE contra gobernador de SLP por persecuci\u00f3n pol\u00edtica.\"}]},{\"@type\":\"WebSite\",\"@id\":\"https:\\\/\\\/canal7slp.tv\\\/2022\\\/#website\",\"url\":\"https:\\\/\\\/canal7slp.tv\\\/2022\\\/\",\"name\":\"N7 - Noticieros Canal 7\",\"description\":\"Somos Televisi\u00f3n\",\"publisher\":{\"@id\":\"https:\\\/\\\/canal7slp.tv\\\/2022\\\/#organization\"},\"potentialAction\":[{\"@type\":\"SearchAction\",\"target\":{\"@type\":\"EntryPoint\",\"urlTemplate\":\"https:\\\/\\\/canal7slp.tv\\\/2022\\\/?s={search_term_string}\"},\"query-input\":{\"@type\":\"PropertyValueSpecification\",\"valueRequired\":true,\"valueName\":\"search_term_string\"}}],\"inLanguage\":\"es\"},{\"@type\":\"Organization\",\"@id\":\"https:\\\/\\\/canal7slp.tv\\\/2022\\\/#organization\",\"name\":\"Noticieros Canal 7\",\"url\":\"https:\\\/\\\/canal7slp.tv\\\/2022\\\/\",\"logo\":{\"@type\":\"ImageObject\",\"inLanguage\":\"es\",\"@id\":\"https:\\\/\\\/canal7slp.tv\\\/2022\\\/#\\\/schema\\\/logo\\\/image\\\/\",\"url\":\"https:\\\/\\\/canal7slp.tv\\\/2022\\\/wp-content\\\/uploads\\\/2021\\\/01\\\/logo-noticieros@2x.png\",\"contentUrl\":\"https:\\\/\\\/canal7slp.tv\\\/2022\\\/wp-content\\\/uploads\\\/2021\\\/01\\\/logo-noticieros@2x.png\",\"width\":1017,\"height\":268,\"caption\":\"Noticieros Canal 7\"},\"image\":{\"@id\":\"https:\\\/\\\/canal7slp.tv\\\/2022\\\/#\\\/schema\\\/logo\\\/image\\\/\"},\"sameAs\":[\"https:\\\/\\\/www.facebook.com\\\/noticieroscanalsiete\",\"https:\\\/\\\/x.com\\\/NOTICIEROS7\",\"https:\\\/\\\/www.instagram.com\\\/canal7_slp\",\"https:\\\/\\\/www.youtube.com\\\/channel\\\/UCliiYs-gP3JfJeqdPrNdd5A\"]},{\"@type\":\"Person\",\"@id\":\"https:\\\/\\\/canal7slp.tv\\\/2022\\\/#\\\/schema\\\/person\\\/429704152a21f5f856ce29aa69a238da\",\"name\":\"Edici\u00f3n Web\",\"image\":{\"@type\":\"ImageObject\",\"inLanguage\":\"es\",\"@id\":\"https:\\\/\\\/secure.gravatar.com\\\/avatar\\\/eee448fc3f7164808013b816ba91ac7e43bbe82a70bebac296f8bc6f0addaa1a?s=96&d=mm&r=g\",\"url\":\"https:\\\/\\\/secure.gravatar.com\\\/avatar\\\/eee448fc3f7164808013b816ba91ac7e43bbe82a70bebac296f8bc6f0addaa1a?s=96&d=mm&r=g\",\"contentUrl\":\"https:\\\/\\\/secure.gravatar.com\\\/avatar\\\/eee448fc3f7164808013b816ba91ac7e43bbe82a70bebac296f8bc6f0addaa1a?s=96&d=mm&r=g\",\"caption\":\"Edici\u00f3n Web\"},\"url\":\"https:\\\/\\\/canal7slp.tv\\\/2022\\\/author\\\/edicionweb\\\/\"}]}<\/script>\n<!-- \/ Yoast SEO plugin. -->","yoast_head_json":{"title":"Corte Interamericana da entrada a queja del SITTGE contra gobernador de SLP por persecuci\u00f3n pol\u00edtica. - Canal 7 SLP - 2022","robots":{"index":"index","follow":"follow","max-snippet":"max-snippet:-1","max-image-preview":"max-image-preview:large","max-video-preview":"max-video-preview:-1"},"canonical":"https:\/\/canal7slp.tv\/2022\/corte-interamericana-da-entrada-a-queja-del-sittge-contra-gobernador-de-slp-por-persecucion-politica\/","og_locale":"es_ES","og_type":"article","og_title":"Corte Interamericana da entrada a queja del SITTGE contra gobernador de SLP por persecuci\u00f3n pol\u00edtica. - Canal 7 SLP - 2022","og_description":"SLP.- En rueda de prensa el Secretario General del Sindicato de Trabajadoras y Trabajadores del Gobierno del Estado dio a conocer que la Corte Interamericana de Derechos Humanos con sede en Washington, dio entrada a una petici\u00f3n presentada por este organismo sindical ante una queja de su tesorera Francisca Res\u00e9ndiz Lara, en contra del gobernador del estado Ricardo Gallardo Cardona por persecuci\u00f3n pol\u00edtica. Francisco Parra Barbosa se\u00f1al\u00f3 que en la petici\u00f3n se incluye que se garantice la protecci\u00f3n de los derechos humanos de la afectada al afirmar que al contender por la gubernatura fue objeto de hostigamiento durante la contienda [&hellip;]","og_url":"https:\/\/canal7slp.tv\/2022\/corte-interamericana-da-entrada-a-queja-del-sittge-contra-gobernador-de-slp-por-persecucion-politica\/","og_site_name":"Canal 7 SLP - 2022","article_publisher":"https:\/\/www.facebook.com\/noticieroscanalsiete","article_published_time":"2022-06-14T10:07:03+00:00","og_image":[{"width":888,"height":500,"url":"https:\/\/canal7slp.tv\/2022\/wp-content\/uploads\/2022\/06\/Claudio04Interamericana.jpg","type":"image\/jpeg"}],"author":"Edici\u00f3n Web","twitter_card":"summary_large_image","twitter_creator":"@NOTICIEROS7","twitter_site":"@NOTICIEROS7","twitter_misc":{"Escrito por":"Edici\u00f3n Web","Tiempo de lectura":"1 minuto"},"schema":{"@context":"https:\/\/schema.org","@graph":[{"@type":"Article","@id":"https:\/\/canal7slp.tv\/2022\/corte-interamericana-da-entrada-a-queja-del-sittge-contra-gobernador-de-slp-por-persecucion-politica\/#article","isPartOf":{"@id":"https:\/\/canal7slp.tv\/2022\/corte-interamericana-da-entrada-a-queja-del-sittge-contra-gobernador-de-slp-por-persecucion-politica\/"},"author":{"name":"Edici\u00f3n Web","@id":"https:\/\/canal7slp.tv\/2022\/#\/schema\/person\/429704152a21f5f856ce29aa69a238da"},"headline":"Corte Interamericana da entrada a queja del SITTGE contra gobernador de SLP por persecuci\u00f3n pol\u00edtica.","datePublished":"2022-06-14T10:07:03+00:00","mainEntityOfPage":{"@id":"https:\/\/canal7slp.tv\/2022\/corte-interamericana-da-entrada-a-queja-del-sittge-contra-gobernador-de-slp-por-persecucion-politica\/"},"wordCount":209,"publisher":{"@id":"https:\/\/canal7slp.tv\/2022\/#organization"},"image":{"@id":"https:\/\/canal7slp.tv\/2022\/corte-interamericana-da-entrada-a-queja-del-sittge-contra-gobernador-de-slp-por-persecucion-politica\/#primaryimage"},"thumbnailUrl":"https:\/\/canal7slp.tv\/2022\/wp-content\/uploads\/2022\/06\/Claudio04Interamericana.jpg","articleSection":["DESTACADAS","LOCALES Y REGIONALES"],"inLanguage":"es"},{"@type":"WebPage","@id":"https:\/\/canal7slp.tv\/2022\/corte-interamericana-da-entrada-a-queja-del-sittge-contra-gobernador-de-slp-por-persecucion-politica\/","url":"https:\/\/canal7slp.tv\/2022\/corte-interamericana-da-entrada-a-queja-del-sittge-contra-gobernador-de-slp-por-persecucion-politica\/","name":"Corte Interamericana da entrada a queja del SITTGE contra gobernador de SLP por persecuci\u00f3n pol\u00edtica. - Canal 7 SLP - 2022","isPartOf":{"@id":"https:\/\/canal7slp.tv\/2022\/#website"},"primaryImageOfPage":{"@id":"https:\/\/canal7slp.tv\/2022\/corte-interamericana-da-entrada-a-queja-del-sittge-contra-gobernador-de-slp-por-persecucion-politica\/#primaryimage"},"image":{"@id":"https:\/\/canal7slp.tv\/2022\/corte-interamericana-da-entrada-a-queja-del-sittge-contra-gobernador-de-slp-por-persecucion-politica\/#primaryimage"},"thumbnailUrl":"https:\/\/canal7slp.tv\/2022\/wp-content\/uploads\/2022\/06\/Claudio04Interamericana.jpg","datePublished":"2022-06-14T10:07:03+00:00","breadcrumb":{"@id":"https:\/\/canal7slp.tv\/2022\/corte-interamericana-da-entrada-a-queja-del-sittge-contra-gobernador-de-slp-por-persecucion-politica\/#breadcrumb"},"inLanguage":"es","potentialAction":[{"@type":"ReadAction","target":["https:\/\/canal7slp.tv\/2022\/corte-interamericana-da-entrada-a-queja-del-sittge-contra-gobernador-de-slp-por-persecucion-politica\/"]}]},{"@type":"ImageObject","inLanguage":"es","@id":"https:\/\/canal7slp.tv\/2022\/corte-interamericana-da-entrada-a-queja-del-sittge-contra-gobernador-de-slp-por-persecucion-politica\/#primaryimage","url":"https:\/\/canal7slp.tv\/2022\/wp-content\/uploads\/2022\/06\/Claudio04Interamericana.jpg","contentUrl":"https:\/\/canal7slp.tv\/2022\/wp-content\/uploads\/2022\/06\/Claudio04Interamericana.jpg","width":888,"height":500},{"@type":"BreadcrumbList","@id":"https:\/\/canal7slp.tv\/2022\/corte-interamericana-da-entrada-a-queja-del-sittge-contra-gobernador-de-slp-por-persecucion-politica\/#breadcrumb","itemListElement":[{"@type":"ListItem","position":1,"name":"Portada","item":"https:\/\/canal7slp.tv\/2022\/"},{"@type":"ListItem","position":2,"name":"Corte Interamericana da entrada a queja del SITTGE contra gobernador de SLP por persecuci\u00f3n pol\u00edtica."}]},{"@type":"WebSite","@id":"https:\/\/canal7slp.tv\/2022\/#website","url":"https:\/\/canal7slp.tv\/2022\/","name":"N7 - Noticieros Canal 7","description":"Somos Televisi\u00f3n","publisher":{"@id":"https:\/\/canal7slp.tv\/2022\/#organization"},"potentialAction":[{"@type":"SearchAction","target":{"@type":"EntryPoint","urlTemplate":"https:\/\/canal7slp.tv\/2022\/?s={search_term_string}"},"query-input":{"@type":"PropertyValueSpecification","valueRequired":true,"valueName":"search_term_string"}}],"inLanguage":"es"},{"@type":"Organization","@id":"https:\/\/canal7slp.tv\/2022\/#organization","name":"Noticieros Canal 7","url":"https:\/\/canal7slp.tv\/2022\/","logo":{"@type":"ImageObject","inLanguage":"es","@id":"https:\/\/canal7slp.tv\/2022\/#\/schema\/logo\/image\/","url":"https:\/\/canal7slp.tv\/2022\/wp-content\/uploads\/2021\/01\/logo-noticieros@2x.png","contentUrl":"https:\/\/canal7slp.tv\/2022\/wp-content\/uploads\/2021\/01\/logo-noticieros@2x.png","width":1017,"height":268,"caption":"Noticieros Canal 7"},"image":{"@id":"https:\/\/canal7slp.tv\/2022\/#\/schema\/logo\/image\/"},"sameAs":["https:\/\/www.facebook.com\/noticieroscanalsiete","https:\/\/x.com\/NOTICIEROS7","https:\/\/www.instagram.com\/canal7_slp","https:\/\/www.youtube.com\/channel\/UCliiYs-gP3JfJeqdPrNdd5A"]},{"@type":"Person","@id":"https:\/\/canal7slp.tv\/2022\/#\/schema\/person\/429704152a21f5f856ce29aa69a238da","name":"Edici\u00f3n Web","image":{"@type":"ImageObject","inLanguage":"es","@id":"https:\/\/secure.gravatar.com\/avatar\/eee448fc3f7164808013b816ba91ac7e43bbe82a70bebac296f8bc6f0addaa1a?s=96&d=mm&r=g","url":"https:\/\/secure.gravatar.com\/avatar\/eee448fc3f7164808013b816ba91ac7e43bbe82a70bebac296f8bc6f0addaa1a?s=96&d=mm&r=g","contentUrl":"https:\/\/secure.gravatar.com\/avatar\/eee448fc3f7164808013b816ba91ac7e43bbe82a70bebac296f8bc6f0addaa1a?s=96&d=mm&r=g","caption":"Edici\u00f3n Web"},"url":"https:\/\/canal7slp.tv\/2022\/author\/edicionweb\/"}]}},"amp_enabled":true,"_links":{"self":[{"href":"https:\/\/canal7slp.tv\/2022\/wp-json\/wp\/v2\/posts\/63473","targetHints":{"allow":["GET"]}}],"collection":[{"href":"https:\/\/canal7slp.tv\/2022\/wp-json\/wp\/v2\/posts"}],"about":[{"href":"https:\/\/canal7slp.tv\/2022\/wp-json\/wp\/v2\/types\/post"}],"author":[{"embeddable":true,"href":"https:\/\/canal7slp.tv\/2022\/wp-json\/wp\/v2\/users\/2"}],"replies":[{"embeddable":true,"href":"https:\/\/canal7slp.tv\/2022\/wp-json\/wp\/v2\/comments?post=63473"}],"version-history":[{"count":3,"href":"https:\/\/canal7slp.tv\/2022\/wp-json\/wp\/v2\/posts\/63473\/revisions"}],"predecessor-version":[{"id":63508,"href":"https:\/\/canal7slp.tv\/2022\/wp-json\/wp\/v2\/posts\/63473\/revisions\/63508"}],"wp:featuredmedia":[{"embeddable":true,"href":"https:\/\/canal7slp.tv\/2022\/wp-json\/wp\/v2\/media\/63507"}],"wp:attachment":[{"href":"https:\/\/canal7slp.tv\/2022\/wp-json\/wp\/v2\/media?parent=63473"}],"wp:term":[{"taxonomy":"category","embeddable":true,"href":"https:\/\/canal7slp.tv\/2022\/wp-json\/wp\/v2\/categories?post=63473"},{"taxonomy":"post_tag","embeddable":true,"href":"https:\/\/canal7slp.tv\/2022\/wp-json\/wp\/v2\/tags?post=63473"}],"curies":[{"name":"wp","href":"https:\/\/api.w.org\/{rel}","templated":true}]}}