{"id":63471,"date":"2022-06-14T04:00:28","date_gmt":"2022-06-14T10:00:28","guid":{"rendered":"https:\/\/canal7slp.tv\/2022\/?p=63471"},"modified":"2022-06-14T04:00:28","modified_gmt":"2022-06-14T10:00:28","slug":"alcaldesa-de-soledad-se-pronuncia-a-favor-de-reinstaurar-el-operativo-mochila-segura","status":"publish","type":"post","link":"https:\/\/canal7slp.tv\/2022\/alcaldesa-de-soledad-se-pronuncia-a-favor-de-reinstaurar-el-operativo-mochila-segura\/","title":{"rendered":"Alcaldesa de Soledad se pronuncia a favor de reinstaurar el operativo \u201cMochila Segura\u201d."},"content":{"rendered":"<p style=\"text-align: justify;\">SGS.- Entrevistada al t\u00e9rmino del arranque formal del programa \u201cEscuela Segura, Sigamos Adelante\u201d la presidenta municipal de Soledad de Graciano S\u00e1nchez Leonor Cervantes Noyola, se pronunci\u00f3 por el regreso del operativo \u201cMochila Segura\u201d que fue implementado hace alg\u00fan tiempo como una medida de revisi\u00f3n\u00a0 a la entrada de los planteles escolares.<\/p>\n<p style=\"text-align: justify;\">La alcaldesa se\u00f1al\u00f3 lo anterior al decir que se han tenido\u00a0 reportes de situaciones de riesgo en algunos de las escuelas pertenecientes a este municipio, al comentar que lo mejor es realizar acciones preventivas que lamentar situaciones desagradables.<\/p>\n<p style=\"text-align: justify;\">Sin embargo, la alcaldesa soledense se\u00f1al\u00f3 que de realizarse este operativo lo llevar\u00edan a cabo\u00a0 maestros y padres de familia, y que las autoridades solo estar\u00edan para apoyar en alguna situaci\u00f3n extraordinaria, en caso de que as\u00ed se requiriera.<\/p>\n<p style=\"text-align: justify;\">Por: Claudio Ibarra<\/p>\n","protected":false},"excerpt":{"rendered":"<p>SGS.- Entrevistada al t\u00e9rmino del arranque formal del programa \u201cEscuela Segura, Sigamos Adelante\u201d la presidenta municipal de Soledad de Graciano S\u00e1nchez Leonor Cervantes Noyola, se pronunci\u00f3 por el regreso del operativo \u201cMochila Segura\u201d que fue implementado hace alg\u00fan tiempo como una medida de revisi\u00f3n\u00a0 a la entrada de los planteles escolares. La alcaldesa se\u00f1al\u00f3 lo anterior al decir que se han tenido\u00a0 reportes de situaciones de riesgo en algunos de las escuelas pertenecientes a este municipio, al comentar que lo mejor es realizar acciones preventivas que lamentar situaciones desagradables. Sin embargo, la alcaldesa soledense se\u00f1al\u00f3 que de realizarse este operativo [&hellip;]<\/p>\n","protected":false},"author":2,"featured_media":63503,"comment_status":"closed","ping_status":"closed","sticky":false,"template":"","format":"video","meta":{"footnotes":""},"categories":[512,5,45],"tags":[],"class_list":["post-63471","post","type-post","status-publish","format-video","has-post-thumbnail","hentry","category-ayosgs","category-destacadas","category-localesyregionales","post_format-post-format-video","post--single"],"yoast_head":"<!-- This site is optimized with the Yoast SEO plugin v27.4 - https:\/\/yoast.com\/product\/yoast-seo-wordpress\/ -->\n<title>Alcaldesa de Soledad se pronuncia a favor de reinstaurar el operativo \u201cMochila Segura\u201d. - Canal 7 SLP - 2022<\/title>\n<meta name=\"robots\" content=\"index, follow, max-snippet:-1, max-image-preview:large, max-video-preview:-1\" \/>\n<link rel=\"canonical\" href=\"https:\/\/canal7slp.tv\/2022\/alcaldesa-de-soledad-se-pronuncia-a-favor-de-reinstaurar-el-operativo-mochila-segura\/\" \/>\n<meta property=\"og:locale\" content=\"es_ES\" \/>\n<meta property=\"og:type\" content=\"article\" \/>\n<meta property=\"og:title\" content=\"Alcaldesa de Soledad se pronuncia a favor de reinstaurar el operativo \u201cMochila Segura\u201d. - Canal 7 SLP - 2022\" \/>\n<meta property=\"og:description\" content=\"SGS.- Entrevistada al t\u00e9rmino del arranque formal del programa \u201cEscuela Segura, Sigamos Adelante\u201d la presidenta municipal de Soledad de Graciano S\u00e1nchez Leonor Cervantes Noyola, se pronunci\u00f3 por el regreso del operativo \u201cMochila Segura\u201d que fue implementado hace alg\u00fan tiempo como una medida de revisi\u00f3n\u00a0 a la entrada de los planteles escolares. La alcaldesa se\u00f1al\u00f3 lo anterior al decir que se han tenido\u00a0 reportes de situaciones de riesgo en algunos de las escuelas pertenecientes a este municipio, al comentar que lo mejor es realizar acciones preventivas que lamentar situaciones desagradables. Sin embargo, la alcaldesa soledense se\u00f1al\u00f3 que de realizarse este operativo [&hellip;]\" \/>\n<meta property=\"og:url\" content=\"https:\/\/canal7slp.tv\/2022\/alcaldesa-de-soledad-se-pronuncia-a-favor-de-reinstaurar-el-operativo-mochila-segura\/\" \/>\n<meta property=\"og:site_name\" content=\"Canal 7 SLP - 2022\" \/>\n<meta property=\"article:publisher\" content=\"https:\/\/www.facebook.com\/noticieroscanalsiete\" \/>\n<meta property=\"article:published_time\" content=\"2022-06-14T10:00:28+00:00\" \/>\n<meta property=\"og:image\" content=\"https:\/\/canal7slp.tv\/2022\/wp-content\/uploads\/2022\/06\/Claudio02Mochilas.jpg\" \/>\n\t<meta property=\"og:image:width\" content=\"888\" \/>\n\t<meta property=\"og:image:height\" content=\"500\" \/>\n\t<meta property=\"og:image:type\" content=\"image\/jpeg\" \/>\n<meta name=\"author\" content=\"Edici\u00f3n Web\" \/>\n<meta name=\"twitter:card\" content=\"summary_large_image\" \/>\n<meta name=\"twitter:creator\" content=\"@NOTICIEROS7\" \/>\n<meta name=\"twitter:site\" content=\"@NOTICIEROS7\" \/>\n<meta name=\"twitter:label1\" content=\"Escrito por\" \/>\n\t<meta name=\"twitter:data1\" content=\"Edici\u00f3n Web\" \/>\n\t<meta name=\"twitter:label2\" content=\"Tiempo de lectura\" \/>\n\t<meta name=\"twitter:data2\" content=\"1 minuto\" \/>\n<script type=\"application\/ld+json\" class=\"yoast-schema-graph\">{\"@context\":\"https:\\\/\\\/schema.org\",\"@graph\":[{\"@type\":\"Article\",\"@id\":\"https:\\\/\\\/canal7slp.tv\\\/2022\\\/alcaldesa-de-soledad-se-pronuncia-a-favor-de-reinstaurar-el-operativo-mochila-segura\\\/#article\",\"isPartOf\":{\"@id\":\"https:\\\/\\\/canal7slp.tv\\\/2022\\\/alcaldesa-de-soledad-se-pronuncia-a-favor-de-reinstaurar-el-operativo-mochila-segura\\\/\"},\"author\":{\"name\":\"Edici\u00f3n Web\",\"@id\":\"https:\\\/\\\/canal7slp.tv\\\/2022\\\/#\\\/schema\\\/person\\\/429704152a21f5f856ce29aa69a238da\"},\"headline\":\"Alcaldesa de Soledad se pronuncia a favor de reinstaurar el operativo \u201cMochila Segura\u201d.\",\"datePublished\":\"2022-06-14T10:00:28+00:00\",\"mainEntityOfPage\":{\"@id\":\"https:\\\/\\\/canal7slp.tv\\\/2022\\\/alcaldesa-de-soledad-se-pronuncia-a-favor-de-reinstaurar-el-operativo-mochila-segura\\\/\"},\"wordCount\":154,\"publisher\":{\"@id\":\"https:\\\/\\\/canal7slp.tv\\\/2022\\\/#organization\"},\"image\":{\"@id\":\"https:\\\/\\\/canal7slp.tv\\\/2022\\\/alcaldesa-de-soledad-se-pronuncia-a-favor-de-reinstaurar-el-operativo-mochila-segura\\\/#primaryimage\"},\"thumbnailUrl\":\"https:\\\/\\\/canal7slp.tv\\\/2022\\\/wp-content\\\/uploads\\\/2022\\\/06\\\/Claudio02Mochilas.jpg\",\"articleSection\":[\"AYOSGS\",\"DESTACADAS\",\"LOCALES Y REGIONALES\"],\"inLanguage\":\"es\"},{\"@type\":\"WebPage\",\"@id\":\"https:\\\/\\\/canal7slp.tv\\\/2022\\\/alcaldesa-de-soledad-se-pronuncia-a-favor-de-reinstaurar-el-operativo-mochila-segura\\\/\",\"url\":\"https:\\\/\\\/canal7slp.tv\\\/2022\\\/alcaldesa-de-soledad-se-pronuncia-a-favor-de-reinstaurar-el-operativo-mochila-segura\\\/\",\"name\":\"Alcaldesa de Soledad se pronuncia a favor de reinstaurar el operativo \u201cMochila Segura\u201d. - Canal 7 SLP - 2022\",\"isPartOf\":{\"@id\":\"https:\\\/\\\/canal7slp.tv\\\/2022\\\/#website\"},\"primaryImageOfPage\":{\"@id\":\"https:\\\/\\\/canal7slp.tv\\\/2022\\\/alcaldesa-de-soledad-se-pronuncia-a-favor-de-reinstaurar-el-operativo-mochila-segura\\\/#primaryimage\"},\"image\":{\"@id\":\"https:\\\/\\\/canal7slp.tv\\\/2022\\\/alcaldesa-de-soledad-se-pronuncia-a-favor-de-reinstaurar-el-operativo-mochila-segura\\\/#primaryimage\"},\"thumbnailUrl\":\"https:\\\/\\\/canal7slp.tv\\\/2022\\\/wp-content\\\/uploads\\\/2022\\\/06\\\/Claudio02Mochilas.jpg\",\"datePublished\":\"2022-06-14T10:00:28+00:00\",\"breadcrumb\":{\"@id\":\"https:\\\/\\\/canal7slp.tv\\\/2022\\\/alcaldesa-de-soledad-se-pronuncia-a-favor-de-reinstaurar-el-operativo-mochila-segura\\\/#breadcrumb\"},\"inLanguage\":\"es\",\"potentialAction\":[{\"@type\":\"ReadAction\",\"target\":[\"https:\\\/\\\/canal7slp.tv\\\/2022\\\/alcaldesa-de-soledad-se-pronuncia-a-favor-de-reinstaurar-el-operativo-mochila-segura\\\/\"]}]},{\"@type\":\"ImageObject\",\"inLanguage\":\"es\",\"@id\":\"https:\\\/\\\/canal7slp.tv\\\/2022\\\/alcaldesa-de-soledad-se-pronuncia-a-favor-de-reinstaurar-el-operativo-mochila-segura\\\/#primaryimage\",\"url\":\"https:\\\/\\\/canal7slp.tv\\\/2022\\\/wp-content\\\/uploads\\\/2022\\\/06\\\/Claudio02Mochilas.jpg\",\"contentUrl\":\"https:\\\/\\\/canal7slp.tv\\\/2022\\\/wp-content\\\/uploads\\\/2022\\\/06\\\/Claudio02Mochilas.jpg\",\"width\":888,\"height\":500},{\"@type\":\"BreadcrumbList\",\"@id\":\"https:\\\/\\\/canal7slp.tv\\\/2022\\\/alcaldesa-de-soledad-se-pronuncia-a-favor-de-reinstaurar-el-operativo-mochila-segura\\\/#breadcrumb\",\"itemListElement\":[{\"@type\":\"ListItem\",\"position\":1,\"name\":\"Portada\",\"item\":\"https:\\\/\\\/canal7slp.tv\\\/2022\\\/\"},{\"@type\":\"ListItem\",\"position\":2,\"name\":\"Alcaldesa de Soledad se pronuncia a favor de reinstaurar el operativo \u201cMochila Segura\u201d.\"}]},{\"@type\":\"WebSite\",\"@id\":\"https:\\\/\\\/canal7slp.tv\\\/2022\\\/#website\",\"url\":\"https:\\\/\\\/canal7slp.tv\\\/2022\\\/\",\"name\":\"N7 - Noticieros Canal 7\",\"description\":\"Somos Televisi\u00f3n\",\"publisher\":{\"@id\":\"https:\\\/\\\/canal7slp.tv\\\/2022\\\/#organization\"},\"potentialAction\":[{\"@type\":\"SearchAction\",\"target\":{\"@type\":\"EntryPoint\",\"urlTemplate\":\"https:\\\/\\\/canal7slp.tv\\\/2022\\\/?s={search_term_string}\"},\"query-input\":{\"@type\":\"PropertyValueSpecification\",\"valueRequired\":true,\"valueName\":\"search_term_string\"}}],\"inLanguage\":\"es\"},{\"@type\":\"Organization\",\"@id\":\"https:\\\/\\\/canal7slp.tv\\\/2022\\\/#organization\",\"name\":\"Noticieros Canal 7\",\"url\":\"https:\\\/\\\/canal7slp.tv\\\/2022\\\/\",\"logo\":{\"@type\":\"ImageObject\",\"inLanguage\":\"es\",\"@id\":\"https:\\\/\\\/canal7slp.tv\\\/2022\\\/#\\\/schema\\\/logo\\\/image\\\/\",\"url\":\"https:\\\/\\\/canal7slp.tv\\\/2022\\\/wp-content\\\/uploads\\\/2021\\\/01\\\/logo-noticieros@2x.png\",\"contentUrl\":\"https:\\\/\\\/canal7slp.tv\\\/2022\\\/wp-content\\\/uploads\\\/2021\\\/01\\\/logo-noticieros@2x.png\",\"width\":1017,\"height\":268,\"caption\":\"Noticieros Canal 7\"},\"image\":{\"@id\":\"https:\\\/\\\/canal7slp.tv\\\/2022\\\/#\\\/schema\\\/logo\\\/image\\\/\"},\"sameAs\":[\"https:\\\/\\\/www.facebook.com\\\/noticieroscanalsiete\",\"https:\\\/\\\/x.com\\\/NOTICIEROS7\",\"https:\\\/\\\/www.instagram.com\\\/canal7_slp\",\"https:\\\/\\\/www.youtube.com\\\/channel\\\/UCliiYs-gP3JfJeqdPrNdd5A\"]},{\"@type\":\"Person\",\"@id\":\"https:\\\/\\\/canal7slp.tv\\\/2022\\\/#\\\/schema\\\/person\\\/429704152a21f5f856ce29aa69a238da\",\"name\":\"Edici\u00f3n Web\",\"image\":{\"@type\":\"ImageObject\",\"inLanguage\":\"es\",\"@id\":\"https:\\\/\\\/secure.gravatar.com\\\/avatar\\\/eee448fc3f7164808013b816ba91ac7e43bbe82a70bebac296f8bc6f0addaa1a?s=96&d=mm&r=g\",\"url\":\"https:\\\/\\\/secure.gravatar.com\\\/avatar\\\/eee448fc3f7164808013b816ba91ac7e43bbe82a70bebac296f8bc6f0addaa1a?s=96&d=mm&r=g\",\"contentUrl\":\"https:\\\/\\\/secure.gravatar.com\\\/avatar\\\/eee448fc3f7164808013b816ba91ac7e43bbe82a70bebac296f8bc6f0addaa1a?s=96&d=mm&r=g\",\"caption\":\"Edici\u00f3n Web\"},\"url\":\"https:\\\/\\\/canal7slp.tv\\\/2022\\\/author\\\/edicionweb\\\/\"}]}<\/script>\n<!-- \/ Yoast SEO plugin. -->","yoast_head_json":{"title":"Alcaldesa de Soledad se pronuncia a favor de reinstaurar el operativo \u201cMochila Segura\u201d. - Canal 7 SLP - 2022","robots":{"index":"index","follow":"follow","max-snippet":"max-snippet:-1","max-image-preview":"max-image-preview:large","max-video-preview":"max-video-preview:-1"},"canonical":"https:\/\/canal7slp.tv\/2022\/alcaldesa-de-soledad-se-pronuncia-a-favor-de-reinstaurar-el-operativo-mochila-segura\/","og_locale":"es_ES","og_type":"article","og_title":"Alcaldesa de Soledad se pronuncia a favor de reinstaurar el operativo \u201cMochila Segura\u201d. - Canal 7 SLP - 2022","og_description":"SGS.- Entrevistada al t\u00e9rmino del arranque formal del programa \u201cEscuela Segura, Sigamos Adelante\u201d la presidenta municipal de Soledad de Graciano S\u00e1nchez Leonor Cervantes Noyola, se pronunci\u00f3 por el regreso del operativo \u201cMochila Segura\u201d que fue implementado hace alg\u00fan tiempo como una medida de revisi\u00f3n\u00a0 a la entrada de los planteles escolares. La alcaldesa se\u00f1al\u00f3 lo anterior al decir que se han tenido\u00a0 reportes de situaciones de riesgo en algunos de las escuelas pertenecientes a este municipio, al comentar que lo mejor es realizar acciones preventivas que lamentar situaciones desagradables. Sin embargo, la alcaldesa soledense se\u00f1al\u00f3 que de realizarse este operativo [&hellip;]","og_url":"https:\/\/canal7slp.tv\/2022\/alcaldesa-de-soledad-se-pronuncia-a-favor-de-reinstaurar-el-operativo-mochila-segura\/","og_site_name":"Canal 7 SLP - 2022","article_publisher":"https:\/\/www.facebook.com\/noticieroscanalsiete","article_published_time":"2022-06-14T10:00:28+00:00","og_image":[{"width":888,"height":500,"url":"https:\/\/canal7slp.tv\/2022\/wp-content\/uploads\/2022\/06\/Claudio02Mochilas.jpg","type":"image\/jpeg"}],"author":"Edici\u00f3n Web","twitter_card":"summary_large_image","twitter_creator":"@NOTICIEROS7","twitter_site":"@NOTICIEROS7","twitter_misc":{"Escrito por":"Edici\u00f3n Web","Tiempo de lectura":"1 minuto"},"schema":{"@context":"https:\/\/schema.org","@graph":[{"@type":"Article","@id":"https:\/\/canal7slp.tv\/2022\/alcaldesa-de-soledad-se-pronuncia-a-favor-de-reinstaurar-el-operativo-mochila-segura\/#article","isPartOf":{"@id":"https:\/\/canal7slp.tv\/2022\/alcaldesa-de-soledad-se-pronuncia-a-favor-de-reinstaurar-el-operativo-mochila-segura\/"},"author":{"name":"Edici\u00f3n Web","@id":"https:\/\/canal7slp.tv\/2022\/#\/schema\/person\/429704152a21f5f856ce29aa69a238da"},"headline":"Alcaldesa de Soledad se pronuncia a favor de reinstaurar el operativo \u201cMochila Segura\u201d.","datePublished":"2022-06-14T10:00:28+00:00","mainEntityOfPage":{"@id":"https:\/\/canal7slp.tv\/2022\/alcaldesa-de-soledad-se-pronuncia-a-favor-de-reinstaurar-el-operativo-mochila-segura\/"},"wordCount":154,"publisher":{"@id":"https:\/\/canal7slp.tv\/2022\/#organization"},"image":{"@id":"https:\/\/canal7slp.tv\/2022\/alcaldesa-de-soledad-se-pronuncia-a-favor-de-reinstaurar-el-operativo-mochila-segura\/#primaryimage"},"thumbnailUrl":"https:\/\/canal7slp.tv\/2022\/wp-content\/uploads\/2022\/06\/Claudio02Mochilas.jpg","articleSection":["AYOSGS","DESTACADAS","LOCALES Y REGIONALES"],"inLanguage":"es"},{"@type":"WebPage","@id":"https:\/\/canal7slp.tv\/2022\/alcaldesa-de-soledad-se-pronuncia-a-favor-de-reinstaurar-el-operativo-mochila-segura\/","url":"https:\/\/canal7slp.tv\/2022\/alcaldesa-de-soledad-se-pronuncia-a-favor-de-reinstaurar-el-operativo-mochila-segura\/","name":"Alcaldesa de Soledad se pronuncia a favor de reinstaurar el operativo \u201cMochila Segura\u201d. - Canal 7 SLP - 2022","isPartOf":{"@id":"https:\/\/canal7slp.tv\/2022\/#website"},"primaryImageOfPage":{"@id":"https:\/\/canal7slp.tv\/2022\/alcaldesa-de-soledad-se-pronuncia-a-favor-de-reinstaurar-el-operativo-mochila-segura\/#primaryimage"},"image":{"@id":"https:\/\/canal7slp.tv\/2022\/alcaldesa-de-soledad-se-pronuncia-a-favor-de-reinstaurar-el-operativo-mochila-segura\/#primaryimage"},"thumbnailUrl":"https:\/\/canal7slp.tv\/2022\/wp-content\/uploads\/2022\/06\/Claudio02Mochilas.jpg","datePublished":"2022-06-14T10:00:28+00:00","breadcrumb":{"@id":"https:\/\/canal7slp.tv\/2022\/alcaldesa-de-soledad-se-pronuncia-a-favor-de-reinstaurar-el-operativo-mochila-segura\/#breadcrumb"},"inLanguage":"es","potentialAction":[{"@type":"ReadAction","target":["https:\/\/canal7slp.tv\/2022\/alcaldesa-de-soledad-se-pronuncia-a-favor-de-reinstaurar-el-operativo-mochila-segura\/"]}]},{"@type":"ImageObject","inLanguage":"es","@id":"https:\/\/canal7slp.tv\/2022\/alcaldesa-de-soledad-se-pronuncia-a-favor-de-reinstaurar-el-operativo-mochila-segura\/#primaryimage","url":"https:\/\/canal7slp.tv\/2022\/wp-content\/uploads\/2022\/06\/Claudio02Mochilas.jpg","contentUrl":"https:\/\/canal7slp.tv\/2022\/wp-content\/uploads\/2022\/06\/Claudio02Mochilas.jpg","width":888,"height":500},{"@type":"BreadcrumbList","@id":"https:\/\/canal7slp.tv\/2022\/alcaldesa-de-soledad-se-pronuncia-a-favor-de-reinstaurar-el-operativo-mochila-segura\/#breadcrumb","itemListElement":[{"@type":"ListItem","position":1,"name":"Portada","item":"https:\/\/canal7slp.tv\/2022\/"},{"@type":"ListItem","position":2,"name":"Alcaldesa de Soledad se pronuncia a favor de reinstaurar el operativo \u201cMochila Segura\u201d."}]},{"@type":"WebSite","@id":"https:\/\/canal7slp.tv\/2022\/#website","url":"https:\/\/canal7slp.tv\/2022\/","name":"N7 - Noticieros Canal 7","description":"Somos Televisi\u00f3n","publisher":{"@id":"https:\/\/canal7slp.tv\/2022\/#organization"},"potentialAction":[{"@type":"SearchAction","target":{"@type":"EntryPoint","urlTemplate":"https:\/\/canal7slp.tv\/2022\/?s={search_term_string}"},"query-input":{"@type":"PropertyValueSpecification","valueRequired":true,"valueName":"search_term_string"}}],"inLanguage":"es"},{"@type":"Organization","@id":"https:\/\/canal7slp.tv\/2022\/#organization","name":"Noticieros Canal 7","url":"https:\/\/canal7slp.tv\/2022\/","logo":{"@type":"ImageObject","inLanguage":"es","@id":"https:\/\/canal7slp.tv\/2022\/#\/schema\/logo\/image\/","url":"https:\/\/canal7slp.tv\/2022\/wp-content\/uploads\/2021\/01\/logo-noticieros@2x.png","contentUrl":"https:\/\/canal7slp.tv\/2022\/wp-content\/uploads\/2021\/01\/logo-noticieros@2x.png","width":1017,"height":268,"caption":"Noticieros Canal 7"},"image":{"@id":"https:\/\/canal7slp.tv\/2022\/#\/schema\/logo\/image\/"},"sameAs":["https:\/\/www.facebook.com\/noticieroscanalsiete","https:\/\/x.com\/NOTICIEROS7","https:\/\/www.instagram.com\/canal7_slp","https:\/\/www.youtube.com\/channel\/UCliiYs-gP3JfJeqdPrNdd5A"]},{"@type":"Person","@id":"https:\/\/canal7slp.tv\/2022\/#\/schema\/person\/429704152a21f5f856ce29aa69a238da","name":"Edici\u00f3n Web","image":{"@type":"ImageObject","inLanguage":"es","@id":"https:\/\/secure.gravatar.com\/avatar\/eee448fc3f7164808013b816ba91ac7e43bbe82a70bebac296f8bc6f0addaa1a?s=96&d=mm&r=g","url":"https:\/\/secure.gravatar.com\/avatar\/eee448fc3f7164808013b816ba91ac7e43bbe82a70bebac296f8bc6f0addaa1a?s=96&d=mm&r=g","contentUrl":"https:\/\/secure.gravatar.com\/avatar\/eee448fc3f7164808013b816ba91ac7e43bbe82a70bebac296f8bc6f0addaa1a?s=96&d=mm&r=g","caption":"Edici\u00f3n Web"},"url":"https:\/\/canal7slp.tv\/2022\/author\/edicionweb\/"}]}},"amp_enabled":true,"_links":{"self":[{"href":"https:\/\/canal7slp.tv\/2022\/wp-json\/wp\/v2\/posts\/63471","targetHints":{"allow":["GET"]}}],"collection":[{"href":"https:\/\/canal7slp.tv\/2022\/wp-json\/wp\/v2\/posts"}],"about":[{"href":"https:\/\/canal7slp.tv\/2022\/wp-json\/wp\/v2\/types\/post"}],"author":[{"embeddable":true,"href":"https:\/\/canal7slp.tv\/2022\/wp-json\/wp\/v2\/users\/2"}],"replies":[{"embeddable":true,"href":"https:\/\/canal7slp.tv\/2022\/wp-json\/wp\/v2\/comments?post=63471"}],"version-history":[{"count":3,"href":"https:\/\/canal7slp.tv\/2022\/wp-json\/wp\/v2\/posts\/63471\/revisions"}],"predecessor-version":[{"id":63504,"href":"https:\/\/canal7slp.tv\/2022\/wp-json\/wp\/v2\/posts\/63471\/revisions\/63504"}],"wp:featuredmedia":[{"embeddable":true,"href":"https:\/\/canal7slp.tv\/2022\/wp-json\/wp\/v2\/media\/63503"}],"wp:attachment":[{"href":"https:\/\/canal7slp.tv\/2022\/wp-json\/wp\/v2\/media?parent=63471"}],"wp:term":[{"taxonomy":"category","embeddable":true,"href":"https:\/\/canal7slp.tv\/2022\/wp-json\/wp\/v2\/categories?post=63471"},{"taxonomy":"post_tag","embeddable":true,"href":"https:\/\/canal7slp.tv\/2022\/wp-json\/wp\/v2\/tags?post=63471"}],"curies":[{"name":"wp","href":"https:\/\/api.w.org\/{rel}","templated":true}]}}