{"id":63459,"date":"2022-06-13T15:58:53","date_gmt":"2022-06-13T21:58:53","guid":{"rendered":"https:\/\/canal7slp.tv\/2022\/?p=63459"},"modified":"2022-06-13T15:58:53","modified_gmt":"2022-06-13T21:58:53","slug":"un-potosino-entre-los-siete-cuerpos-sin-vida-encontrados-en-aquismon-senala-la-fgeslp","status":"publish","type":"post","link":"https:\/\/canal7slp.tv\/2022\/un-potosino-entre-los-siete-cuerpos-sin-vida-encontrados-en-aquismon-senala-la-fgeslp\/","title":{"rendered":"Un potosino entre los siete cuerpos sin vida encontrados en Aquism\u00f3n, se\u00f1ala la FGESLP."},"content":{"rendered":"<p style=\"text-align: justify;\">SLP.- El titular de la Fiscal\u00eda General del Estado de San Luis Potos\u00ed, Jos\u00e9 Luis Ru\u00edz Contreras, inform\u00f3 que entre los siete cuerpos sin vida encontrados en la comunidad de El Jabal\u00ed en el municipio de Aquism\u00f3n, se encuentra un potosino.<\/p>\n<p style=\"text-align: justify;\">Hasta el momento ya se conoce la identidad de cuatro de ellos y tres que contin\u00faan sin ser identificados: dos de las victimas son originarios de Tamaulipas, uno de Hidalgo y el que resid\u00eda en San Luis Potos\u00ed.<\/p>\n<p style=\"text-align: justify;\">De hecho, el funcionario detall\u00f3 que los occisos no presentan huellas de tortura o de alguna otra arma.<\/p>\n<p style=\"text-align: justify;\">\u00abNo te puedo decir si es delincuencia organizada o no, lo cierto es que en cuanto a la causa de muerte contrario a lo que algunos medios de comunicaci\u00f3n refirieron de personas ejecutadas o personas violentadas, los j\u00f3venes, los masculinos no tienen ninguna lesi\u00f3n por arma blanca, no tienen ninguna lesi\u00f3n por arma de fuego, no est\u00e1n torturados, simplemente y lamentablemente mueren por supresi\u00f3n de las v\u00edas a\u00e9reas, es decir, por asfixia\u00bb, expuso.<\/p>\n<p style=\"text-align: justify;\">Tambi\u00e9n mencion\u00f3 que el lugar donde fueron encontrados los cuerpos, no es el mismo donde perdieron la vida.<\/p>\n<p style=\"text-align: justify;\">\u00abEl lugar es el lugar del hallazgo, ah\u00ed no murieron como se refiere en su momento por parte de algunos compa\u00f1eros secretarios o autoridades ni c\u00f3mo lo refer\u00eda en mi bolet\u00edn; ese es el lugar del hallazgo simplemente, no es el lugar de la muerte pues nuestro diagn\u00f3stico permite establecerlo de esa manera\u00bb, culmin\u00f3.<\/p>\n<p style=\"text-align: justify;\">Por: Jos\u00e9 Luis V\u00e1zquez<\/p>\n","protected":false},"excerpt":{"rendered":"<p>SLP.- El titular de la Fiscal\u00eda General del Estado de San Luis Potos\u00ed, Jos\u00e9 Luis Ru\u00edz Contreras, inform\u00f3 que entre los siete cuerpos sin vida encontrados en la comunidad de El Jabal\u00ed en el municipio de Aquism\u00f3n, se encuentra un potosino. Hasta el momento ya se conoce la identidad de cuatro de ellos y tres que contin\u00faan sin ser identificados: dos de las victimas son originarios de Tamaulipas, uno de Hidalgo y el que resid\u00eda en San Luis Potos\u00ed. De hecho, el funcionario detall\u00f3 que los occisos no presentan huellas de tortura o de alguna otra arma. \u00abNo te puedo [&hellip;]<\/p>\n","protected":false},"author":2,"featured_media":63484,"comment_status":"closed","ping_status":"closed","sticky":false,"template":"","format":"video","meta":{"footnotes":""},"categories":[5,45],"tags":[],"class_list":["post-63459","post","type-post","status-publish","format-video","has-post-thumbnail","hentry","category-destacadas","category-localesyregionales","post_format-post-format-video","post--single"],"yoast_head":"<!-- This site is optimized with the Yoast SEO plugin v27.4 - https:\/\/yoast.com\/product\/yoast-seo-wordpress\/ -->\n<title>Un potosino entre los siete cuerpos sin vida encontrados en Aquism\u00f3n, se\u00f1ala la FGESLP. - Canal 7 SLP - 2022<\/title>\n<meta name=\"robots\" content=\"index, follow, max-snippet:-1, max-image-preview:large, max-video-preview:-1\" \/>\n<link rel=\"canonical\" href=\"https:\/\/canal7slp.tv\/2022\/un-potosino-entre-los-siete-cuerpos-sin-vida-encontrados-en-aquismon-senala-la-fgeslp\/\" \/>\n<meta property=\"og:locale\" content=\"es_ES\" \/>\n<meta property=\"og:type\" content=\"article\" \/>\n<meta property=\"og:title\" content=\"Un potosino entre los siete cuerpos sin vida encontrados en Aquism\u00f3n, se\u00f1ala la FGESLP. - Canal 7 SLP - 2022\" \/>\n<meta property=\"og:description\" content=\"SLP.- El titular de la Fiscal\u00eda General del Estado de San Luis Potos\u00ed, Jos\u00e9 Luis Ru\u00edz Contreras, inform\u00f3 que entre los siete cuerpos sin vida encontrados en la comunidad de El Jabal\u00ed en el municipio de Aquism\u00f3n, se encuentra un potosino. Hasta el momento ya se conoce la identidad de cuatro de ellos y tres que contin\u00faan sin ser identificados: dos de las victimas son originarios de Tamaulipas, uno de Hidalgo y el que resid\u00eda en San Luis Potos\u00ed. De hecho, el funcionario detall\u00f3 que los occisos no presentan huellas de tortura o de alguna otra arma. \u00abNo te puedo [&hellip;]\" \/>\n<meta property=\"og:url\" content=\"https:\/\/canal7slp.tv\/2022\/un-potosino-entre-los-siete-cuerpos-sin-vida-encontrados-en-aquismon-senala-la-fgeslp\/\" \/>\n<meta property=\"og:site_name\" content=\"Canal 7 SLP - 2022\" \/>\n<meta property=\"article:publisher\" content=\"https:\/\/www.facebook.com\/noticieroscanalsiete\" \/>\n<meta property=\"article:published_time\" content=\"2022-06-13T21:58:53+00:00\" \/>\n<meta property=\"og:image\" content=\"https:\/\/canal7slp.tv\/2022\/wp-content\/uploads\/2022\/06\/Vazquez02Aquismon.jpg\" \/>\n\t<meta property=\"og:image:width\" content=\"888\" \/>\n\t<meta property=\"og:image:height\" content=\"500\" \/>\n\t<meta property=\"og:image:type\" content=\"image\/jpeg\" \/>\n<meta name=\"author\" content=\"Edici\u00f3n Web\" \/>\n<meta name=\"twitter:card\" content=\"summary_large_image\" \/>\n<meta name=\"twitter:creator\" content=\"@NOTICIEROS7\" \/>\n<meta name=\"twitter:site\" content=\"@NOTICIEROS7\" \/>\n<meta name=\"twitter:label1\" content=\"Escrito por\" \/>\n\t<meta name=\"twitter:data1\" content=\"Edici\u00f3n Web\" \/>\n\t<meta name=\"twitter:label2\" content=\"Tiempo de lectura\" \/>\n\t<meta name=\"twitter:data2\" content=\"2 minutos\" \/>\n<script type=\"application\/ld+json\" class=\"yoast-schema-graph\">{\"@context\":\"https:\\\/\\\/schema.org\",\"@graph\":[{\"@type\":\"Article\",\"@id\":\"https:\\\/\\\/canal7slp.tv\\\/2022\\\/un-potosino-entre-los-siete-cuerpos-sin-vida-encontrados-en-aquismon-senala-la-fgeslp\\\/#article\",\"isPartOf\":{\"@id\":\"https:\\\/\\\/canal7slp.tv\\\/2022\\\/un-potosino-entre-los-siete-cuerpos-sin-vida-encontrados-en-aquismon-senala-la-fgeslp\\\/\"},\"author\":{\"name\":\"Edici\u00f3n Web\",\"@id\":\"https:\\\/\\\/canal7slp.tv\\\/2022\\\/#\\\/schema\\\/person\\\/429704152a21f5f856ce29aa69a238da\"},\"headline\":\"Un potosino entre los siete cuerpos sin vida encontrados en Aquism\u00f3n, se\u00f1ala la FGESLP.\",\"datePublished\":\"2022-06-13T21:58:53+00:00\",\"mainEntityOfPage\":{\"@id\":\"https:\\\/\\\/canal7slp.tv\\\/2022\\\/un-potosino-entre-los-siete-cuerpos-sin-vida-encontrados-en-aquismon-senala-la-fgeslp\\\/\"},\"wordCount\":283,\"publisher\":{\"@id\":\"https:\\\/\\\/canal7slp.tv\\\/2022\\\/#organization\"},\"image\":{\"@id\":\"https:\\\/\\\/canal7slp.tv\\\/2022\\\/un-potosino-entre-los-siete-cuerpos-sin-vida-encontrados-en-aquismon-senala-la-fgeslp\\\/#primaryimage\"},\"thumbnailUrl\":\"https:\\\/\\\/canal7slp.tv\\\/2022\\\/wp-content\\\/uploads\\\/2022\\\/06\\\/Vazquez02Aquismon.jpg\",\"articleSection\":[\"DESTACADAS\",\"LOCALES Y REGIONALES\"],\"inLanguage\":\"es\"},{\"@type\":\"WebPage\",\"@id\":\"https:\\\/\\\/canal7slp.tv\\\/2022\\\/un-potosino-entre-los-siete-cuerpos-sin-vida-encontrados-en-aquismon-senala-la-fgeslp\\\/\",\"url\":\"https:\\\/\\\/canal7slp.tv\\\/2022\\\/un-potosino-entre-los-siete-cuerpos-sin-vida-encontrados-en-aquismon-senala-la-fgeslp\\\/\",\"name\":\"Un potosino entre los siete cuerpos sin vida encontrados en Aquism\u00f3n, se\u00f1ala la FGESLP. - Canal 7 SLP - 2022\",\"isPartOf\":{\"@id\":\"https:\\\/\\\/canal7slp.tv\\\/2022\\\/#website\"},\"primaryImageOfPage\":{\"@id\":\"https:\\\/\\\/canal7slp.tv\\\/2022\\\/un-potosino-entre-los-siete-cuerpos-sin-vida-encontrados-en-aquismon-senala-la-fgeslp\\\/#primaryimage\"},\"image\":{\"@id\":\"https:\\\/\\\/canal7slp.tv\\\/2022\\\/un-potosino-entre-los-siete-cuerpos-sin-vida-encontrados-en-aquismon-senala-la-fgeslp\\\/#primaryimage\"},\"thumbnailUrl\":\"https:\\\/\\\/canal7slp.tv\\\/2022\\\/wp-content\\\/uploads\\\/2022\\\/06\\\/Vazquez02Aquismon.jpg\",\"datePublished\":\"2022-06-13T21:58:53+00:00\",\"breadcrumb\":{\"@id\":\"https:\\\/\\\/canal7slp.tv\\\/2022\\\/un-potosino-entre-los-siete-cuerpos-sin-vida-encontrados-en-aquismon-senala-la-fgeslp\\\/#breadcrumb\"},\"inLanguage\":\"es\",\"potentialAction\":[{\"@type\":\"ReadAction\",\"target\":[\"https:\\\/\\\/canal7slp.tv\\\/2022\\\/un-potosino-entre-los-siete-cuerpos-sin-vida-encontrados-en-aquismon-senala-la-fgeslp\\\/\"]}]},{\"@type\":\"ImageObject\",\"inLanguage\":\"es\",\"@id\":\"https:\\\/\\\/canal7slp.tv\\\/2022\\\/un-potosino-entre-los-siete-cuerpos-sin-vida-encontrados-en-aquismon-senala-la-fgeslp\\\/#primaryimage\",\"url\":\"https:\\\/\\\/canal7slp.tv\\\/2022\\\/wp-content\\\/uploads\\\/2022\\\/06\\\/Vazquez02Aquismon.jpg\",\"contentUrl\":\"https:\\\/\\\/canal7slp.tv\\\/2022\\\/wp-content\\\/uploads\\\/2022\\\/06\\\/Vazquez02Aquismon.jpg\",\"width\":888,\"height\":500},{\"@type\":\"BreadcrumbList\",\"@id\":\"https:\\\/\\\/canal7slp.tv\\\/2022\\\/un-potosino-entre-los-siete-cuerpos-sin-vida-encontrados-en-aquismon-senala-la-fgeslp\\\/#breadcrumb\",\"itemListElement\":[{\"@type\":\"ListItem\",\"position\":1,\"name\":\"Portada\",\"item\":\"https:\\\/\\\/canal7slp.tv\\\/2022\\\/\"},{\"@type\":\"ListItem\",\"position\":2,\"name\":\"Un potosino entre los siete cuerpos sin vida encontrados en Aquism\u00f3n, se\u00f1ala la FGESLP.\"}]},{\"@type\":\"WebSite\",\"@id\":\"https:\\\/\\\/canal7slp.tv\\\/2022\\\/#website\",\"url\":\"https:\\\/\\\/canal7slp.tv\\\/2022\\\/\",\"name\":\"N7 - Noticieros Canal 7\",\"description\":\"Somos Televisi\u00f3n\",\"publisher\":{\"@id\":\"https:\\\/\\\/canal7slp.tv\\\/2022\\\/#organization\"},\"potentialAction\":[{\"@type\":\"SearchAction\",\"target\":{\"@type\":\"EntryPoint\",\"urlTemplate\":\"https:\\\/\\\/canal7slp.tv\\\/2022\\\/?s={search_term_string}\"},\"query-input\":{\"@type\":\"PropertyValueSpecification\",\"valueRequired\":true,\"valueName\":\"search_term_string\"}}],\"inLanguage\":\"es\"},{\"@type\":\"Organization\",\"@id\":\"https:\\\/\\\/canal7slp.tv\\\/2022\\\/#organization\",\"name\":\"Noticieros Canal 7\",\"url\":\"https:\\\/\\\/canal7slp.tv\\\/2022\\\/\",\"logo\":{\"@type\":\"ImageObject\",\"inLanguage\":\"es\",\"@id\":\"https:\\\/\\\/canal7slp.tv\\\/2022\\\/#\\\/schema\\\/logo\\\/image\\\/\",\"url\":\"https:\\\/\\\/canal7slp.tv\\\/2022\\\/wp-content\\\/uploads\\\/2021\\\/01\\\/logo-noticieros@2x.png\",\"contentUrl\":\"https:\\\/\\\/canal7slp.tv\\\/2022\\\/wp-content\\\/uploads\\\/2021\\\/01\\\/logo-noticieros@2x.png\",\"width\":1017,\"height\":268,\"caption\":\"Noticieros Canal 7\"},\"image\":{\"@id\":\"https:\\\/\\\/canal7slp.tv\\\/2022\\\/#\\\/schema\\\/logo\\\/image\\\/\"},\"sameAs\":[\"https:\\\/\\\/www.facebook.com\\\/noticieroscanalsiete\",\"https:\\\/\\\/x.com\\\/NOTICIEROS7\",\"https:\\\/\\\/www.instagram.com\\\/canal7_slp\",\"https:\\\/\\\/www.youtube.com\\\/channel\\\/UCliiYs-gP3JfJeqdPrNdd5A\"]},{\"@type\":\"Person\",\"@id\":\"https:\\\/\\\/canal7slp.tv\\\/2022\\\/#\\\/schema\\\/person\\\/429704152a21f5f856ce29aa69a238da\",\"name\":\"Edici\u00f3n Web\",\"image\":{\"@type\":\"ImageObject\",\"inLanguage\":\"es\",\"@id\":\"https:\\\/\\\/secure.gravatar.com\\\/avatar\\\/eee448fc3f7164808013b816ba91ac7e43bbe82a70bebac296f8bc6f0addaa1a?s=96&d=mm&r=g\",\"url\":\"https:\\\/\\\/secure.gravatar.com\\\/avatar\\\/eee448fc3f7164808013b816ba91ac7e43bbe82a70bebac296f8bc6f0addaa1a?s=96&d=mm&r=g\",\"contentUrl\":\"https:\\\/\\\/secure.gravatar.com\\\/avatar\\\/eee448fc3f7164808013b816ba91ac7e43bbe82a70bebac296f8bc6f0addaa1a?s=96&d=mm&r=g\",\"caption\":\"Edici\u00f3n Web\"},\"url\":\"https:\\\/\\\/canal7slp.tv\\\/2022\\\/author\\\/edicionweb\\\/\"}]}<\/script>\n<!-- \/ Yoast SEO plugin. -->","yoast_head_json":{"title":"Un potosino entre los siete cuerpos sin vida encontrados en Aquism\u00f3n, se\u00f1ala la FGESLP. - Canal 7 SLP - 2022","robots":{"index":"index","follow":"follow","max-snippet":"max-snippet:-1","max-image-preview":"max-image-preview:large","max-video-preview":"max-video-preview:-1"},"canonical":"https:\/\/canal7slp.tv\/2022\/un-potosino-entre-los-siete-cuerpos-sin-vida-encontrados-en-aquismon-senala-la-fgeslp\/","og_locale":"es_ES","og_type":"article","og_title":"Un potosino entre los siete cuerpos sin vida encontrados en Aquism\u00f3n, se\u00f1ala la FGESLP. - Canal 7 SLP - 2022","og_description":"SLP.- El titular de la Fiscal\u00eda General del Estado de San Luis Potos\u00ed, Jos\u00e9 Luis Ru\u00edz Contreras, inform\u00f3 que entre los siete cuerpos sin vida encontrados en la comunidad de El Jabal\u00ed en el municipio de Aquism\u00f3n, se encuentra un potosino. Hasta el momento ya se conoce la identidad de cuatro de ellos y tres que contin\u00faan sin ser identificados: dos de las victimas son originarios de Tamaulipas, uno de Hidalgo y el que resid\u00eda en San Luis Potos\u00ed. De hecho, el funcionario detall\u00f3 que los occisos no presentan huellas de tortura o de alguna otra arma. \u00abNo te puedo [&hellip;]","og_url":"https:\/\/canal7slp.tv\/2022\/un-potosino-entre-los-siete-cuerpos-sin-vida-encontrados-en-aquismon-senala-la-fgeslp\/","og_site_name":"Canal 7 SLP - 2022","article_publisher":"https:\/\/www.facebook.com\/noticieroscanalsiete","article_published_time":"2022-06-13T21:58:53+00:00","og_image":[{"width":888,"height":500,"url":"https:\/\/canal7slp.tv\/2022\/wp-content\/uploads\/2022\/06\/Vazquez02Aquismon.jpg","type":"image\/jpeg"}],"author":"Edici\u00f3n Web","twitter_card":"summary_large_image","twitter_creator":"@NOTICIEROS7","twitter_site":"@NOTICIEROS7","twitter_misc":{"Escrito por":"Edici\u00f3n Web","Tiempo de lectura":"2 minutos"},"schema":{"@context":"https:\/\/schema.org","@graph":[{"@type":"Article","@id":"https:\/\/canal7slp.tv\/2022\/un-potosino-entre-los-siete-cuerpos-sin-vida-encontrados-en-aquismon-senala-la-fgeslp\/#article","isPartOf":{"@id":"https:\/\/canal7slp.tv\/2022\/un-potosino-entre-los-siete-cuerpos-sin-vida-encontrados-en-aquismon-senala-la-fgeslp\/"},"author":{"name":"Edici\u00f3n Web","@id":"https:\/\/canal7slp.tv\/2022\/#\/schema\/person\/429704152a21f5f856ce29aa69a238da"},"headline":"Un potosino entre los siete cuerpos sin vida encontrados en Aquism\u00f3n, se\u00f1ala la FGESLP.","datePublished":"2022-06-13T21:58:53+00:00","mainEntityOfPage":{"@id":"https:\/\/canal7slp.tv\/2022\/un-potosino-entre-los-siete-cuerpos-sin-vida-encontrados-en-aquismon-senala-la-fgeslp\/"},"wordCount":283,"publisher":{"@id":"https:\/\/canal7slp.tv\/2022\/#organization"},"image":{"@id":"https:\/\/canal7slp.tv\/2022\/un-potosino-entre-los-siete-cuerpos-sin-vida-encontrados-en-aquismon-senala-la-fgeslp\/#primaryimage"},"thumbnailUrl":"https:\/\/canal7slp.tv\/2022\/wp-content\/uploads\/2022\/06\/Vazquez02Aquismon.jpg","articleSection":["DESTACADAS","LOCALES Y REGIONALES"],"inLanguage":"es"},{"@type":"WebPage","@id":"https:\/\/canal7slp.tv\/2022\/un-potosino-entre-los-siete-cuerpos-sin-vida-encontrados-en-aquismon-senala-la-fgeslp\/","url":"https:\/\/canal7slp.tv\/2022\/un-potosino-entre-los-siete-cuerpos-sin-vida-encontrados-en-aquismon-senala-la-fgeslp\/","name":"Un potosino entre los siete cuerpos sin vida encontrados en Aquism\u00f3n, se\u00f1ala la FGESLP. - Canal 7 SLP - 2022","isPartOf":{"@id":"https:\/\/canal7slp.tv\/2022\/#website"},"primaryImageOfPage":{"@id":"https:\/\/canal7slp.tv\/2022\/un-potosino-entre-los-siete-cuerpos-sin-vida-encontrados-en-aquismon-senala-la-fgeslp\/#primaryimage"},"image":{"@id":"https:\/\/canal7slp.tv\/2022\/un-potosino-entre-los-siete-cuerpos-sin-vida-encontrados-en-aquismon-senala-la-fgeslp\/#primaryimage"},"thumbnailUrl":"https:\/\/canal7slp.tv\/2022\/wp-content\/uploads\/2022\/06\/Vazquez02Aquismon.jpg","datePublished":"2022-06-13T21:58:53+00:00","breadcrumb":{"@id":"https:\/\/canal7slp.tv\/2022\/un-potosino-entre-los-siete-cuerpos-sin-vida-encontrados-en-aquismon-senala-la-fgeslp\/#breadcrumb"},"inLanguage":"es","potentialAction":[{"@type":"ReadAction","target":["https:\/\/canal7slp.tv\/2022\/un-potosino-entre-los-siete-cuerpos-sin-vida-encontrados-en-aquismon-senala-la-fgeslp\/"]}]},{"@type":"ImageObject","inLanguage":"es","@id":"https:\/\/canal7slp.tv\/2022\/un-potosino-entre-los-siete-cuerpos-sin-vida-encontrados-en-aquismon-senala-la-fgeslp\/#primaryimage","url":"https:\/\/canal7slp.tv\/2022\/wp-content\/uploads\/2022\/06\/Vazquez02Aquismon.jpg","contentUrl":"https:\/\/canal7slp.tv\/2022\/wp-content\/uploads\/2022\/06\/Vazquez02Aquismon.jpg","width":888,"height":500},{"@type":"BreadcrumbList","@id":"https:\/\/canal7slp.tv\/2022\/un-potosino-entre-los-siete-cuerpos-sin-vida-encontrados-en-aquismon-senala-la-fgeslp\/#breadcrumb","itemListElement":[{"@type":"ListItem","position":1,"name":"Portada","item":"https:\/\/canal7slp.tv\/2022\/"},{"@type":"ListItem","position":2,"name":"Un potosino entre los siete cuerpos sin vida encontrados en Aquism\u00f3n, se\u00f1ala la FGESLP."}]},{"@type":"WebSite","@id":"https:\/\/canal7slp.tv\/2022\/#website","url":"https:\/\/canal7slp.tv\/2022\/","name":"N7 - Noticieros Canal 7","description":"Somos Televisi\u00f3n","publisher":{"@id":"https:\/\/canal7slp.tv\/2022\/#organization"},"potentialAction":[{"@type":"SearchAction","target":{"@type":"EntryPoint","urlTemplate":"https:\/\/canal7slp.tv\/2022\/?s={search_term_string}"},"query-input":{"@type":"PropertyValueSpecification","valueRequired":true,"valueName":"search_term_string"}}],"inLanguage":"es"},{"@type":"Organization","@id":"https:\/\/canal7slp.tv\/2022\/#organization","name":"Noticieros Canal 7","url":"https:\/\/canal7slp.tv\/2022\/","logo":{"@type":"ImageObject","inLanguage":"es","@id":"https:\/\/canal7slp.tv\/2022\/#\/schema\/logo\/image\/","url":"https:\/\/canal7slp.tv\/2022\/wp-content\/uploads\/2021\/01\/logo-noticieros@2x.png","contentUrl":"https:\/\/canal7slp.tv\/2022\/wp-content\/uploads\/2021\/01\/logo-noticieros@2x.png","width":1017,"height":268,"caption":"Noticieros Canal 7"},"image":{"@id":"https:\/\/canal7slp.tv\/2022\/#\/schema\/logo\/image\/"},"sameAs":["https:\/\/www.facebook.com\/noticieroscanalsiete","https:\/\/x.com\/NOTICIEROS7","https:\/\/www.instagram.com\/canal7_slp","https:\/\/www.youtube.com\/channel\/UCliiYs-gP3JfJeqdPrNdd5A"]},{"@type":"Person","@id":"https:\/\/canal7slp.tv\/2022\/#\/schema\/person\/429704152a21f5f856ce29aa69a238da","name":"Edici\u00f3n Web","image":{"@type":"ImageObject","inLanguage":"es","@id":"https:\/\/secure.gravatar.com\/avatar\/eee448fc3f7164808013b816ba91ac7e43bbe82a70bebac296f8bc6f0addaa1a?s=96&d=mm&r=g","url":"https:\/\/secure.gravatar.com\/avatar\/eee448fc3f7164808013b816ba91ac7e43bbe82a70bebac296f8bc6f0addaa1a?s=96&d=mm&r=g","contentUrl":"https:\/\/secure.gravatar.com\/avatar\/eee448fc3f7164808013b816ba91ac7e43bbe82a70bebac296f8bc6f0addaa1a?s=96&d=mm&r=g","caption":"Edici\u00f3n Web"},"url":"https:\/\/canal7slp.tv\/2022\/author\/edicionweb\/"}]}},"amp_enabled":true,"_links":{"self":[{"href":"https:\/\/canal7slp.tv\/2022\/wp-json\/wp\/v2\/posts\/63459","targetHints":{"allow":["GET"]}}],"collection":[{"href":"https:\/\/canal7slp.tv\/2022\/wp-json\/wp\/v2\/posts"}],"about":[{"href":"https:\/\/canal7slp.tv\/2022\/wp-json\/wp\/v2\/types\/post"}],"author":[{"embeddable":true,"href":"https:\/\/canal7slp.tv\/2022\/wp-json\/wp\/v2\/users\/2"}],"replies":[{"embeddable":true,"href":"https:\/\/canal7slp.tv\/2022\/wp-json\/wp\/v2\/comments?post=63459"}],"version-history":[{"count":3,"href":"https:\/\/canal7slp.tv\/2022\/wp-json\/wp\/v2\/posts\/63459\/revisions"}],"predecessor-version":[{"id":63485,"href":"https:\/\/canal7slp.tv\/2022\/wp-json\/wp\/v2\/posts\/63459\/revisions\/63485"}],"wp:featuredmedia":[{"embeddable":true,"href":"https:\/\/canal7slp.tv\/2022\/wp-json\/wp\/v2\/media\/63484"}],"wp:attachment":[{"href":"https:\/\/canal7slp.tv\/2022\/wp-json\/wp\/v2\/media?parent=63459"}],"wp:term":[{"taxonomy":"category","embeddable":true,"href":"https:\/\/canal7slp.tv\/2022\/wp-json\/wp\/v2\/categories?post=63459"},{"taxonomy":"post_tag","embeddable":true,"href":"https:\/\/canal7slp.tv\/2022\/wp-json\/wp\/v2\/tags?post=63459"}],"curies":[{"name":"wp","href":"https:\/\/api.w.org\/{rel}","templated":true}]}}