{"id":63458,"date":"2022-06-13T15:51:37","date_gmt":"2022-06-13T21:51:37","guid":{"rendered":"https:\/\/canal7slp.tv\/2022\/?p=63458"},"modified":"2022-06-13T15:51:37","modified_gmt":"2022-06-13T21:51:37","slug":"no-nos-importa-dice-gallardo-sobre-resolucion-del-tepjf-que-lo-sanciona-por-violar-veda-electoral-2","status":"publish","type":"post","link":"https:\/\/canal7slp.tv\/2022\/no-nos-importa-dice-gallardo-sobre-resolucion-del-tepjf-que-lo-sanciona-por-violar-veda-electoral-2\/","title":{"rendered":"\u201cNo nos importa\u201d, dice Gallardo sobre resoluci\u00f3n del TEPJF que lo sanciona por violar veda electoral."},"content":{"rendered":"<p style=\"text-align: justify;\">SLP.- El gobernador del Estado de San Luis Potos\u00ed, Jos\u00e9 Ricardo Gallardo Cardona, se mostr\u00f3 despreocupado por la resoluci\u00f3n del Tribunal Electoral del Poder Judicial de la Federaci\u00f3n que lo sanciona por haber violado la veda electoral.<\/p>\n<p style=\"text-align: justify;\">\u00abEs normal, es parte de la grilla pol\u00edtica, nosotros vamos a seguir firmando desplegados cuando creamos que debemos de seguirlos firmando, todos los gobernadores ayer nos reunimos en la Ciudad de M\u00e9xico y precisamente vimos algunos temas, entre ellos este y bueno la verdad es que no nos importa, no estamos infringiendo la ley\u00bb, dijo.<\/p>\n<p style=\"text-align: justify;\">Se\u00f1al\u00f3 que en su cargo como mandatario estatal nunca ha apoyado al partido de Morena, por lo que la determinaci\u00f3n del tribunal es incorrecta.<\/p>\n<p style=\"text-align: justify;\">\u00abEn el caso de San Luis Potos\u00ed yo no estaba d\u00e1ndole logros a Morena yo soy del Partido Verde y a final de cuentas me sancionan de la misma manera como si fuera de Morena, entonces, son cosas que son incorrectas, sin embargo, las acataremos sabiendo que est\u00e1n mal hechos\u00bb, agreg\u00f3.<\/p>\n<p style=\"text-align: justify;\">Gallardo Cardona dijo no desconocer la sentencia que se le adjudic\u00f3, pero aclar\u00f3 que ser\u00e1 el Congreso del Estado quien determine la sanci\u00f3n que se le aplicar\u00e1.<\/p>\n<p style=\"text-align: justify;\">\u00abNo la desconozco y no debemos de desconocerlas, a todas las instituciones hay que reconocerlas aunque se equivoquen&#8230; Yo voy a seguir trabajando y voy a seguir haciendo mis desplegados que tenga que hacer y que sea el congreso el que sancione lo que tenga que sancionar\u00bb, termin\u00f3.<\/p>\n<p style=\"text-align: justify;\">Por: Jos\u00e9 Luis V\u00e1zquez<\/p>\n","protected":false},"excerpt":{"rendered":"<p>SLP.- El gobernador del Estado de San Luis Potos\u00ed, Jos\u00e9 Ricardo Gallardo Cardona, se mostr\u00f3 despreocupado por la resoluci\u00f3n del Tribunal Electoral del Poder Judicial de la Federaci\u00f3n que lo sanciona por haber violado la veda electoral. \u00abEs normal, es parte de la grilla pol\u00edtica, nosotros vamos a seguir firmando desplegados cuando creamos que debemos de seguirlos firmando, todos los gobernadores ayer nos reunimos en la Ciudad de M\u00e9xico y precisamente vimos algunos temas, entre ellos este y bueno la verdad es que no nos importa, no estamos infringiendo la ley\u00bb, dijo. Se\u00f1al\u00f3 que en su cargo como mandatario estatal [&hellip;]<\/p>\n","protected":false},"author":2,"featured_media":63482,"comment_status":"closed","ping_status":"closed","sticky":false,"template":"","format":"video","meta":{"footnotes":""},"categories":[5,510,45],"tags":[],"class_list":["post-63458","post","type-post","status-publish","format-video","has-post-thumbnail","hentry","category-destacadas","category-gobedoslp","category-localesyregionales","post_format-post-format-video","post--single"],"yoast_head":"<!-- This site is optimized with the Yoast SEO plugin v27.4 - https:\/\/yoast.com\/product\/yoast-seo-wordpress\/ -->\n<title>\u201cNo nos importa\u201d, dice Gallardo sobre resoluci\u00f3n del TEPJF que lo sanciona por violar veda electoral. - Canal 7 SLP - 2022<\/title>\n<meta name=\"robots\" content=\"index, follow, max-snippet:-1, max-image-preview:large, max-video-preview:-1\" \/>\n<link rel=\"canonical\" href=\"https:\/\/canal7slp.tv\/2022\/no-nos-importa-dice-gallardo-sobre-resolucion-del-tepjf-que-lo-sanciona-por-violar-veda-electoral-2\/\" \/>\n<meta property=\"og:locale\" content=\"es_ES\" \/>\n<meta property=\"og:type\" content=\"article\" \/>\n<meta property=\"og:title\" content=\"\u201cNo nos importa\u201d, dice Gallardo sobre resoluci\u00f3n del TEPJF que lo sanciona por violar veda electoral. - Canal 7 SLP - 2022\" \/>\n<meta property=\"og:description\" content=\"SLP.- El gobernador del Estado de San Luis Potos\u00ed, Jos\u00e9 Ricardo Gallardo Cardona, se mostr\u00f3 despreocupado por la resoluci\u00f3n del Tribunal Electoral del Poder Judicial de la Federaci\u00f3n que lo sanciona por haber violado la veda electoral. \u00abEs normal, es parte de la grilla pol\u00edtica, nosotros vamos a seguir firmando desplegados cuando creamos que debemos de seguirlos firmando, todos los gobernadores ayer nos reunimos en la Ciudad de M\u00e9xico y precisamente vimos algunos temas, entre ellos este y bueno la verdad es que no nos importa, no estamos infringiendo la ley\u00bb, dijo. Se\u00f1al\u00f3 que en su cargo como mandatario estatal [&hellip;]\" \/>\n<meta property=\"og:url\" content=\"https:\/\/canal7slp.tv\/2022\/no-nos-importa-dice-gallardo-sobre-resolucion-del-tepjf-que-lo-sanciona-por-violar-veda-electoral-2\/\" \/>\n<meta property=\"og:site_name\" content=\"Canal 7 SLP - 2022\" \/>\n<meta property=\"article:publisher\" content=\"https:\/\/www.facebook.com\/noticieroscanalsiete\" \/>\n<meta property=\"article:published_time\" content=\"2022-06-13T21:51:37+00:00\" \/>\n<meta property=\"og:image\" content=\"https:\/\/canal7slp.tv\/2022\/wp-content\/uploads\/2022\/06\/Vazquez01Sancion.jpg\" \/>\n\t<meta property=\"og:image:width\" content=\"888\" \/>\n\t<meta property=\"og:image:height\" content=\"500\" \/>\n\t<meta property=\"og:image:type\" content=\"image\/jpeg\" \/>\n<meta name=\"author\" content=\"Edici\u00f3n Web\" \/>\n<meta name=\"twitter:card\" content=\"summary_large_image\" \/>\n<meta name=\"twitter:creator\" content=\"@NOTICIEROS7\" \/>\n<meta name=\"twitter:site\" content=\"@NOTICIEROS7\" \/>\n<meta name=\"twitter:label1\" content=\"Escrito por\" \/>\n\t<meta name=\"twitter:data1\" content=\"Edici\u00f3n Web\" \/>\n\t<meta name=\"twitter:label2\" content=\"Tiempo de lectura\" \/>\n\t<meta name=\"twitter:data2\" content=\"1 minuto\" \/>\n<script type=\"application\/ld+json\" class=\"yoast-schema-graph\">{\"@context\":\"https:\\\/\\\/schema.org\",\"@graph\":[{\"@type\":\"Article\",\"@id\":\"https:\\\/\\\/canal7slp.tv\\\/2022\\\/no-nos-importa-dice-gallardo-sobre-resolucion-del-tepjf-que-lo-sanciona-por-violar-veda-electoral-2\\\/#article\",\"isPartOf\":{\"@id\":\"https:\\\/\\\/canal7slp.tv\\\/2022\\\/no-nos-importa-dice-gallardo-sobre-resolucion-del-tepjf-que-lo-sanciona-por-violar-veda-electoral-2\\\/\"},\"author\":{\"name\":\"Edici\u00f3n Web\",\"@id\":\"https:\\\/\\\/canal7slp.tv\\\/2022\\\/#\\\/schema\\\/person\\\/429704152a21f5f856ce29aa69a238da\"},\"headline\":\"\u201cNo nos importa\u201d, dice Gallardo sobre resoluci\u00f3n del TEPJF que lo sanciona por violar veda electoral.\",\"datePublished\":\"2022-06-13T21:51:37+00:00\",\"mainEntityOfPage\":{\"@id\":\"https:\\\/\\\/canal7slp.tv\\\/2022\\\/no-nos-importa-dice-gallardo-sobre-resolucion-del-tepjf-que-lo-sanciona-por-violar-veda-electoral-2\\\/\"},\"wordCount\":274,\"publisher\":{\"@id\":\"https:\\\/\\\/canal7slp.tv\\\/2022\\\/#organization\"},\"image\":{\"@id\":\"https:\\\/\\\/canal7slp.tv\\\/2022\\\/no-nos-importa-dice-gallardo-sobre-resolucion-del-tepjf-que-lo-sanciona-por-violar-veda-electoral-2\\\/#primaryimage\"},\"thumbnailUrl\":\"https:\\\/\\\/canal7slp.tv\\\/2022\\\/wp-content\\\/uploads\\\/2022\\\/06\\\/Vazquez01Sancion.jpg\",\"articleSection\":[\"DESTACADAS\",\"GOBEDOSLP\",\"LOCALES Y REGIONALES\"],\"inLanguage\":\"es\"},{\"@type\":\"WebPage\",\"@id\":\"https:\\\/\\\/canal7slp.tv\\\/2022\\\/no-nos-importa-dice-gallardo-sobre-resolucion-del-tepjf-que-lo-sanciona-por-violar-veda-electoral-2\\\/\",\"url\":\"https:\\\/\\\/canal7slp.tv\\\/2022\\\/no-nos-importa-dice-gallardo-sobre-resolucion-del-tepjf-que-lo-sanciona-por-violar-veda-electoral-2\\\/\",\"name\":\"\u201cNo nos importa\u201d, dice Gallardo sobre resoluci\u00f3n del TEPJF que lo sanciona por violar veda electoral. - Canal 7 SLP - 2022\",\"isPartOf\":{\"@id\":\"https:\\\/\\\/canal7slp.tv\\\/2022\\\/#website\"},\"primaryImageOfPage\":{\"@id\":\"https:\\\/\\\/canal7slp.tv\\\/2022\\\/no-nos-importa-dice-gallardo-sobre-resolucion-del-tepjf-que-lo-sanciona-por-violar-veda-electoral-2\\\/#primaryimage\"},\"image\":{\"@id\":\"https:\\\/\\\/canal7slp.tv\\\/2022\\\/no-nos-importa-dice-gallardo-sobre-resolucion-del-tepjf-que-lo-sanciona-por-violar-veda-electoral-2\\\/#primaryimage\"},\"thumbnailUrl\":\"https:\\\/\\\/canal7slp.tv\\\/2022\\\/wp-content\\\/uploads\\\/2022\\\/06\\\/Vazquez01Sancion.jpg\",\"datePublished\":\"2022-06-13T21:51:37+00:00\",\"breadcrumb\":{\"@id\":\"https:\\\/\\\/canal7slp.tv\\\/2022\\\/no-nos-importa-dice-gallardo-sobre-resolucion-del-tepjf-que-lo-sanciona-por-violar-veda-electoral-2\\\/#breadcrumb\"},\"inLanguage\":\"es\",\"potentialAction\":[{\"@type\":\"ReadAction\",\"target\":[\"https:\\\/\\\/canal7slp.tv\\\/2022\\\/no-nos-importa-dice-gallardo-sobre-resolucion-del-tepjf-que-lo-sanciona-por-violar-veda-electoral-2\\\/\"]}]},{\"@type\":\"ImageObject\",\"inLanguage\":\"es\",\"@id\":\"https:\\\/\\\/canal7slp.tv\\\/2022\\\/no-nos-importa-dice-gallardo-sobre-resolucion-del-tepjf-que-lo-sanciona-por-violar-veda-electoral-2\\\/#primaryimage\",\"url\":\"https:\\\/\\\/canal7slp.tv\\\/2022\\\/wp-content\\\/uploads\\\/2022\\\/06\\\/Vazquez01Sancion.jpg\",\"contentUrl\":\"https:\\\/\\\/canal7slp.tv\\\/2022\\\/wp-content\\\/uploads\\\/2022\\\/06\\\/Vazquez01Sancion.jpg\",\"width\":888,\"height\":500},{\"@type\":\"BreadcrumbList\",\"@id\":\"https:\\\/\\\/canal7slp.tv\\\/2022\\\/no-nos-importa-dice-gallardo-sobre-resolucion-del-tepjf-que-lo-sanciona-por-violar-veda-electoral-2\\\/#breadcrumb\",\"itemListElement\":[{\"@type\":\"ListItem\",\"position\":1,\"name\":\"Portada\",\"item\":\"https:\\\/\\\/canal7slp.tv\\\/2022\\\/\"},{\"@type\":\"ListItem\",\"position\":2,\"name\":\"\u201cNo nos importa\u201d, dice Gallardo sobre resoluci\u00f3n del TEPJF que lo sanciona por violar veda electoral.\"}]},{\"@type\":\"WebSite\",\"@id\":\"https:\\\/\\\/canal7slp.tv\\\/2022\\\/#website\",\"url\":\"https:\\\/\\\/canal7slp.tv\\\/2022\\\/\",\"name\":\"N7 - Noticieros Canal 7\",\"description\":\"Somos Televisi\u00f3n\",\"publisher\":{\"@id\":\"https:\\\/\\\/canal7slp.tv\\\/2022\\\/#organization\"},\"potentialAction\":[{\"@type\":\"SearchAction\",\"target\":{\"@type\":\"EntryPoint\",\"urlTemplate\":\"https:\\\/\\\/canal7slp.tv\\\/2022\\\/?s={search_term_string}\"},\"query-input\":{\"@type\":\"PropertyValueSpecification\",\"valueRequired\":true,\"valueName\":\"search_term_string\"}}],\"inLanguage\":\"es\"},{\"@type\":\"Organization\",\"@id\":\"https:\\\/\\\/canal7slp.tv\\\/2022\\\/#organization\",\"name\":\"Noticieros Canal 7\",\"url\":\"https:\\\/\\\/canal7slp.tv\\\/2022\\\/\",\"logo\":{\"@type\":\"ImageObject\",\"inLanguage\":\"es\",\"@id\":\"https:\\\/\\\/canal7slp.tv\\\/2022\\\/#\\\/schema\\\/logo\\\/image\\\/\",\"url\":\"https:\\\/\\\/canal7slp.tv\\\/2022\\\/wp-content\\\/uploads\\\/2021\\\/01\\\/logo-noticieros@2x.png\",\"contentUrl\":\"https:\\\/\\\/canal7slp.tv\\\/2022\\\/wp-content\\\/uploads\\\/2021\\\/01\\\/logo-noticieros@2x.png\",\"width\":1017,\"height\":268,\"caption\":\"Noticieros Canal 7\"},\"image\":{\"@id\":\"https:\\\/\\\/canal7slp.tv\\\/2022\\\/#\\\/schema\\\/logo\\\/image\\\/\"},\"sameAs\":[\"https:\\\/\\\/www.facebook.com\\\/noticieroscanalsiete\",\"https:\\\/\\\/x.com\\\/NOTICIEROS7\",\"https:\\\/\\\/www.instagram.com\\\/canal7_slp\",\"https:\\\/\\\/www.youtube.com\\\/channel\\\/UCliiYs-gP3JfJeqdPrNdd5A\"]},{\"@type\":\"Person\",\"@id\":\"https:\\\/\\\/canal7slp.tv\\\/2022\\\/#\\\/schema\\\/person\\\/429704152a21f5f856ce29aa69a238da\",\"name\":\"Edici\u00f3n Web\",\"image\":{\"@type\":\"ImageObject\",\"inLanguage\":\"es\",\"@id\":\"https:\\\/\\\/secure.gravatar.com\\\/avatar\\\/eee448fc3f7164808013b816ba91ac7e43bbe82a70bebac296f8bc6f0addaa1a?s=96&d=mm&r=g\",\"url\":\"https:\\\/\\\/secure.gravatar.com\\\/avatar\\\/eee448fc3f7164808013b816ba91ac7e43bbe82a70bebac296f8bc6f0addaa1a?s=96&d=mm&r=g\",\"contentUrl\":\"https:\\\/\\\/secure.gravatar.com\\\/avatar\\\/eee448fc3f7164808013b816ba91ac7e43bbe82a70bebac296f8bc6f0addaa1a?s=96&d=mm&r=g\",\"caption\":\"Edici\u00f3n Web\"},\"url\":\"https:\\\/\\\/canal7slp.tv\\\/2022\\\/author\\\/edicionweb\\\/\"}]}<\/script>\n<!-- \/ Yoast SEO plugin. -->","yoast_head_json":{"title":"\u201cNo nos importa\u201d, dice Gallardo sobre resoluci\u00f3n del TEPJF que lo sanciona por violar veda electoral. - Canal 7 SLP - 2022","robots":{"index":"index","follow":"follow","max-snippet":"max-snippet:-1","max-image-preview":"max-image-preview:large","max-video-preview":"max-video-preview:-1"},"canonical":"https:\/\/canal7slp.tv\/2022\/no-nos-importa-dice-gallardo-sobre-resolucion-del-tepjf-que-lo-sanciona-por-violar-veda-electoral-2\/","og_locale":"es_ES","og_type":"article","og_title":"\u201cNo nos importa\u201d, dice Gallardo sobre resoluci\u00f3n del TEPJF que lo sanciona por violar veda electoral. - Canal 7 SLP - 2022","og_description":"SLP.- El gobernador del Estado de San Luis Potos\u00ed, Jos\u00e9 Ricardo Gallardo Cardona, se mostr\u00f3 despreocupado por la resoluci\u00f3n del Tribunal Electoral del Poder Judicial de la Federaci\u00f3n que lo sanciona por haber violado la veda electoral. \u00abEs normal, es parte de la grilla pol\u00edtica, nosotros vamos a seguir firmando desplegados cuando creamos que debemos de seguirlos firmando, todos los gobernadores ayer nos reunimos en la Ciudad de M\u00e9xico y precisamente vimos algunos temas, entre ellos este y bueno la verdad es que no nos importa, no estamos infringiendo la ley\u00bb, dijo. Se\u00f1al\u00f3 que en su cargo como mandatario estatal [&hellip;]","og_url":"https:\/\/canal7slp.tv\/2022\/no-nos-importa-dice-gallardo-sobre-resolucion-del-tepjf-que-lo-sanciona-por-violar-veda-electoral-2\/","og_site_name":"Canal 7 SLP - 2022","article_publisher":"https:\/\/www.facebook.com\/noticieroscanalsiete","article_published_time":"2022-06-13T21:51:37+00:00","og_image":[{"width":888,"height":500,"url":"https:\/\/canal7slp.tv\/2022\/wp-content\/uploads\/2022\/06\/Vazquez01Sancion.jpg","type":"image\/jpeg"}],"author":"Edici\u00f3n Web","twitter_card":"summary_large_image","twitter_creator":"@NOTICIEROS7","twitter_site":"@NOTICIEROS7","twitter_misc":{"Escrito por":"Edici\u00f3n Web","Tiempo de lectura":"1 minuto"},"schema":{"@context":"https:\/\/schema.org","@graph":[{"@type":"Article","@id":"https:\/\/canal7slp.tv\/2022\/no-nos-importa-dice-gallardo-sobre-resolucion-del-tepjf-que-lo-sanciona-por-violar-veda-electoral-2\/#article","isPartOf":{"@id":"https:\/\/canal7slp.tv\/2022\/no-nos-importa-dice-gallardo-sobre-resolucion-del-tepjf-que-lo-sanciona-por-violar-veda-electoral-2\/"},"author":{"name":"Edici\u00f3n Web","@id":"https:\/\/canal7slp.tv\/2022\/#\/schema\/person\/429704152a21f5f856ce29aa69a238da"},"headline":"\u201cNo nos importa\u201d, dice Gallardo sobre resoluci\u00f3n del TEPJF que lo sanciona por violar veda electoral.","datePublished":"2022-06-13T21:51:37+00:00","mainEntityOfPage":{"@id":"https:\/\/canal7slp.tv\/2022\/no-nos-importa-dice-gallardo-sobre-resolucion-del-tepjf-que-lo-sanciona-por-violar-veda-electoral-2\/"},"wordCount":274,"publisher":{"@id":"https:\/\/canal7slp.tv\/2022\/#organization"},"image":{"@id":"https:\/\/canal7slp.tv\/2022\/no-nos-importa-dice-gallardo-sobre-resolucion-del-tepjf-que-lo-sanciona-por-violar-veda-electoral-2\/#primaryimage"},"thumbnailUrl":"https:\/\/canal7slp.tv\/2022\/wp-content\/uploads\/2022\/06\/Vazquez01Sancion.jpg","articleSection":["DESTACADAS","GOBEDOSLP","LOCALES Y REGIONALES"],"inLanguage":"es"},{"@type":"WebPage","@id":"https:\/\/canal7slp.tv\/2022\/no-nos-importa-dice-gallardo-sobre-resolucion-del-tepjf-que-lo-sanciona-por-violar-veda-electoral-2\/","url":"https:\/\/canal7slp.tv\/2022\/no-nos-importa-dice-gallardo-sobre-resolucion-del-tepjf-que-lo-sanciona-por-violar-veda-electoral-2\/","name":"\u201cNo nos importa\u201d, dice Gallardo sobre resoluci\u00f3n del TEPJF que lo sanciona por violar veda electoral. - Canal 7 SLP - 2022","isPartOf":{"@id":"https:\/\/canal7slp.tv\/2022\/#website"},"primaryImageOfPage":{"@id":"https:\/\/canal7slp.tv\/2022\/no-nos-importa-dice-gallardo-sobre-resolucion-del-tepjf-que-lo-sanciona-por-violar-veda-electoral-2\/#primaryimage"},"image":{"@id":"https:\/\/canal7slp.tv\/2022\/no-nos-importa-dice-gallardo-sobre-resolucion-del-tepjf-que-lo-sanciona-por-violar-veda-electoral-2\/#primaryimage"},"thumbnailUrl":"https:\/\/canal7slp.tv\/2022\/wp-content\/uploads\/2022\/06\/Vazquez01Sancion.jpg","datePublished":"2022-06-13T21:51:37+00:00","breadcrumb":{"@id":"https:\/\/canal7slp.tv\/2022\/no-nos-importa-dice-gallardo-sobre-resolucion-del-tepjf-que-lo-sanciona-por-violar-veda-electoral-2\/#breadcrumb"},"inLanguage":"es","potentialAction":[{"@type":"ReadAction","target":["https:\/\/canal7slp.tv\/2022\/no-nos-importa-dice-gallardo-sobre-resolucion-del-tepjf-que-lo-sanciona-por-violar-veda-electoral-2\/"]}]},{"@type":"ImageObject","inLanguage":"es","@id":"https:\/\/canal7slp.tv\/2022\/no-nos-importa-dice-gallardo-sobre-resolucion-del-tepjf-que-lo-sanciona-por-violar-veda-electoral-2\/#primaryimage","url":"https:\/\/canal7slp.tv\/2022\/wp-content\/uploads\/2022\/06\/Vazquez01Sancion.jpg","contentUrl":"https:\/\/canal7slp.tv\/2022\/wp-content\/uploads\/2022\/06\/Vazquez01Sancion.jpg","width":888,"height":500},{"@type":"BreadcrumbList","@id":"https:\/\/canal7slp.tv\/2022\/no-nos-importa-dice-gallardo-sobre-resolucion-del-tepjf-que-lo-sanciona-por-violar-veda-electoral-2\/#breadcrumb","itemListElement":[{"@type":"ListItem","position":1,"name":"Portada","item":"https:\/\/canal7slp.tv\/2022\/"},{"@type":"ListItem","position":2,"name":"\u201cNo nos importa\u201d, dice Gallardo sobre resoluci\u00f3n del TEPJF que lo sanciona por violar veda electoral."}]},{"@type":"WebSite","@id":"https:\/\/canal7slp.tv\/2022\/#website","url":"https:\/\/canal7slp.tv\/2022\/","name":"N7 - Noticieros Canal 7","description":"Somos Televisi\u00f3n","publisher":{"@id":"https:\/\/canal7slp.tv\/2022\/#organization"},"potentialAction":[{"@type":"SearchAction","target":{"@type":"EntryPoint","urlTemplate":"https:\/\/canal7slp.tv\/2022\/?s={search_term_string}"},"query-input":{"@type":"PropertyValueSpecification","valueRequired":true,"valueName":"search_term_string"}}],"inLanguage":"es"},{"@type":"Organization","@id":"https:\/\/canal7slp.tv\/2022\/#organization","name":"Noticieros Canal 7","url":"https:\/\/canal7slp.tv\/2022\/","logo":{"@type":"ImageObject","inLanguage":"es","@id":"https:\/\/canal7slp.tv\/2022\/#\/schema\/logo\/image\/","url":"https:\/\/canal7slp.tv\/2022\/wp-content\/uploads\/2021\/01\/logo-noticieros@2x.png","contentUrl":"https:\/\/canal7slp.tv\/2022\/wp-content\/uploads\/2021\/01\/logo-noticieros@2x.png","width":1017,"height":268,"caption":"Noticieros Canal 7"},"image":{"@id":"https:\/\/canal7slp.tv\/2022\/#\/schema\/logo\/image\/"},"sameAs":["https:\/\/www.facebook.com\/noticieroscanalsiete","https:\/\/x.com\/NOTICIEROS7","https:\/\/www.instagram.com\/canal7_slp","https:\/\/www.youtube.com\/channel\/UCliiYs-gP3JfJeqdPrNdd5A"]},{"@type":"Person","@id":"https:\/\/canal7slp.tv\/2022\/#\/schema\/person\/429704152a21f5f856ce29aa69a238da","name":"Edici\u00f3n Web","image":{"@type":"ImageObject","inLanguage":"es","@id":"https:\/\/secure.gravatar.com\/avatar\/eee448fc3f7164808013b816ba91ac7e43bbe82a70bebac296f8bc6f0addaa1a?s=96&d=mm&r=g","url":"https:\/\/secure.gravatar.com\/avatar\/eee448fc3f7164808013b816ba91ac7e43bbe82a70bebac296f8bc6f0addaa1a?s=96&d=mm&r=g","contentUrl":"https:\/\/secure.gravatar.com\/avatar\/eee448fc3f7164808013b816ba91ac7e43bbe82a70bebac296f8bc6f0addaa1a?s=96&d=mm&r=g","caption":"Edici\u00f3n Web"},"url":"https:\/\/canal7slp.tv\/2022\/author\/edicionweb\/"}]}},"amp_enabled":true,"_links":{"self":[{"href":"https:\/\/canal7slp.tv\/2022\/wp-json\/wp\/v2\/posts\/63458","targetHints":{"allow":["GET"]}}],"collection":[{"href":"https:\/\/canal7slp.tv\/2022\/wp-json\/wp\/v2\/posts"}],"about":[{"href":"https:\/\/canal7slp.tv\/2022\/wp-json\/wp\/v2\/types\/post"}],"author":[{"embeddable":true,"href":"https:\/\/canal7slp.tv\/2022\/wp-json\/wp\/v2\/users\/2"}],"replies":[{"embeddable":true,"href":"https:\/\/canal7slp.tv\/2022\/wp-json\/wp\/v2\/comments?post=63458"}],"version-history":[{"count":3,"href":"https:\/\/canal7slp.tv\/2022\/wp-json\/wp\/v2\/posts\/63458\/revisions"}],"predecessor-version":[{"id":63483,"href":"https:\/\/canal7slp.tv\/2022\/wp-json\/wp\/v2\/posts\/63458\/revisions\/63483"}],"wp:featuredmedia":[{"embeddable":true,"href":"https:\/\/canal7slp.tv\/2022\/wp-json\/wp\/v2\/media\/63482"}],"wp:attachment":[{"href":"https:\/\/canal7slp.tv\/2022\/wp-json\/wp\/v2\/media?parent=63458"}],"wp:term":[{"taxonomy":"category","embeddable":true,"href":"https:\/\/canal7slp.tv\/2022\/wp-json\/wp\/v2\/categories?post=63458"},{"taxonomy":"post_tag","embeddable":true,"href":"https:\/\/canal7slp.tv\/2022\/wp-json\/wp\/v2\/tags?post=63458"}],"curies":[{"name":"wp","href":"https:\/\/api.w.org\/{rel}","templated":true}]}}