{"id":63437,"date":"2022-06-13T14:48:46","date_gmt":"2022-06-13T20:48:46","guid":{"rendered":"https:\/\/canal7slp.tv\/2022\/?p=63437"},"modified":"2022-06-13T14:48:46","modified_gmt":"2022-06-13T20:48:46","slug":"triste-amanecer-en-veracruz-mueren-tres-menores-de-edad-tras-incendiarse-su-hogar","status":"publish","type":"post","link":"https:\/\/canal7slp.tv\/2022\/triste-amanecer-en-veracruz-mueren-tres-menores-de-edad-tras-incendiarse-su-hogar\/","title":{"rendered":"Triste amanecer en Veracruz, mueren tres menores de edad tras incendiarse su hogar"},"content":{"rendered":"<p style=\"text-align: justify;\">C\u00f3rdoba.- Cerca de las 5:30 de la ma\u00f1ana, una casa en el municipio de C\u00f3rdoba se incendio, dejando un saldo de tres menores de edad muertos y la madre de los mismos con heridas de gravedad.<\/p>\n<p style=\"text-align: justify;\">De acuerdo con los informes policiales, las llamas se propagaron r\u00e1pidamente por la casa, ya que estaba construida con madera y laminas de zinc.<\/p>\n<p style=\"text-align: justify;\">Cabe se\u00f1alar que los vecinos solicitaron la intervenci\u00f3n de los bomberos. No obstante, los lugare\u00f1os se organizaron para intentar apagar el fuego.<\/p>\n<p style=\"text-align: justify;\">Se presumen que las menores murieron intoxicados.<\/p>\n<p style=\"text-align: justify;\">Hasta el momento se desconocen las causas del incendio.<\/p>\n","protected":false},"excerpt":{"rendered":"<p>C\u00f3rdoba.- Cerca de las 5:30 de la ma\u00f1ana, una casa en el municipio de C\u00f3rdoba se incendio, dejando un saldo de tres menores de edad muertos y la madre de los mismos con heridas de gravedad. De acuerdo con los informes policiales, las llamas se propagaron r\u00e1pidamente por la casa, ya que estaba construida con madera y laminas de zinc. Cabe se\u00f1alar que los vecinos solicitaron la intervenci\u00f3n de los bomberos. No obstante, los lugare\u00f1os se organizaron para intentar apagar el fuego. Se presumen que las menores murieron intoxicados. Hasta el momento se desconocen las causas del incendio.<\/p>\n","protected":false},"author":2,"featured_media":63447,"comment_status":"closed","ping_status":"closed","sticky":false,"template":"","format":"standard","meta":{"footnotes":""},"categories":[46],"tags":[],"class_list":["post-63437","post","type-post","status-publish","format-standard","has-post-thumbnail","hentry","category-nacional","post--single"],"yoast_head":"<!-- This site is optimized with the Yoast SEO plugin v27.5 - https:\/\/yoast.com\/product\/yoast-seo-wordpress\/ -->\n<title>Triste amanecer en Veracruz, mueren tres menores de edad tras incendiarse su hogar - Canal 7 SLP - 2022<\/title>\n<meta name=\"robots\" content=\"index, follow, max-snippet:-1, max-image-preview:large, max-video-preview:-1\" \/>\n<link rel=\"canonical\" href=\"https:\/\/canal7slp.tv\/2022\/triste-amanecer-en-veracruz-mueren-tres-menores-de-edad-tras-incendiarse-su-hogar\/\" \/>\n<meta property=\"og:locale\" content=\"es_ES\" \/>\n<meta property=\"og:type\" content=\"article\" \/>\n<meta property=\"og:title\" content=\"Triste amanecer en Veracruz, mueren tres menores de edad tras incendiarse su hogar - Canal 7 SLP - 2022\" \/>\n<meta property=\"og:description\" content=\"C\u00f3rdoba.- Cerca de las 5:30 de la ma\u00f1ana, una casa en el municipio de C\u00f3rdoba se incendio, dejando un saldo de tres menores de edad muertos y la madre de los mismos con heridas de gravedad. De acuerdo con los informes policiales, las llamas se propagaron r\u00e1pidamente por la casa, ya que estaba construida con madera y laminas de zinc. Cabe se\u00f1alar que los vecinos solicitaron la intervenci\u00f3n de los bomberos. No obstante, los lugare\u00f1os se organizaron para intentar apagar el fuego. Se presumen que las menores murieron intoxicados. Hasta el momento se desconocen las causas del incendio.\" \/>\n<meta property=\"og:url\" content=\"https:\/\/canal7slp.tv\/2022\/triste-amanecer-en-veracruz-mueren-tres-menores-de-edad-tras-incendiarse-su-hogar\/\" \/>\n<meta property=\"og:site_name\" content=\"Canal 7 SLP - 2022\" \/>\n<meta property=\"article:publisher\" content=\"https:\/\/www.facebook.com\/noticieroscanalsiete\" \/>\n<meta property=\"article:published_time\" content=\"2022-06-13T20:48:46+00:00\" \/>\n<meta property=\"og:image\" content=\"https:\/\/canal7slp.tv\/2022\/wp-content\/uploads\/2022\/06\/04-8.jpg\" \/>\n\t<meta property=\"og:image:width\" content=\"1280\" \/>\n\t<meta property=\"og:image:height\" content=\"720\" \/>\n\t<meta property=\"og:image:type\" content=\"image\/jpeg\" \/>\n<meta name=\"author\" content=\"Edici\u00f3n Web\" \/>\n<meta name=\"twitter:card\" content=\"summary_large_image\" \/>\n<meta name=\"twitter:creator\" content=\"@NOTICIEROS7\" \/>\n<meta name=\"twitter:site\" content=\"@NOTICIEROS7\" \/>\n<meta name=\"twitter:label1\" content=\"Escrito por\" \/>\n\t<meta name=\"twitter:data1\" content=\"Edici\u00f3n Web\" \/>\n\t<meta name=\"twitter:label2\" content=\"Tiempo de lectura\" \/>\n\t<meta name=\"twitter:data2\" content=\"1 minuto\" \/>\n<script type=\"application\/ld+json\" class=\"yoast-schema-graph\">{\"@context\":\"https:\\\/\\\/schema.org\",\"@graph\":[{\"@type\":\"Article\",\"@id\":\"https:\\\/\\\/canal7slp.tv\\\/2022\\\/triste-amanecer-en-veracruz-mueren-tres-menores-de-edad-tras-incendiarse-su-hogar\\\/#article\",\"isPartOf\":{\"@id\":\"https:\\\/\\\/canal7slp.tv\\\/2022\\\/triste-amanecer-en-veracruz-mueren-tres-menores-de-edad-tras-incendiarse-su-hogar\\\/\"},\"author\":{\"name\":\"Edici\u00f3n Web\",\"@id\":\"https:\\\/\\\/canal7slp.tv\\\/2022\\\/#\\\/schema\\\/person\\\/429704152a21f5f856ce29aa69a238da\"},\"headline\":\"Triste amanecer en Veracruz, mueren tres menores de edad tras incendiarse su hogar\",\"datePublished\":\"2022-06-13T20:48:46+00:00\",\"mainEntityOfPage\":{\"@id\":\"https:\\\/\\\/canal7slp.tv\\\/2022\\\/triste-amanecer-en-veracruz-mueren-tres-menores-de-edad-tras-incendiarse-su-hogar\\\/\"},\"wordCount\":118,\"publisher\":{\"@id\":\"https:\\\/\\\/canal7slp.tv\\\/2022\\\/#organization\"},\"image\":{\"@id\":\"https:\\\/\\\/canal7slp.tv\\\/2022\\\/triste-amanecer-en-veracruz-mueren-tres-menores-de-edad-tras-incendiarse-su-hogar\\\/#primaryimage\"},\"thumbnailUrl\":\"https:\\\/\\\/canal7slp.tv\\\/2022\\\/wp-content\\\/uploads\\\/2022\\\/06\\\/04-8.jpg\",\"articleSection\":[\"NACIONALES\"],\"inLanguage\":\"es\"},{\"@type\":\"WebPage\",\"@id\":\"https:\\\/\\\/canal7slp.tv\\\/2022\\\/triste-amanecer-en-veracruz-mueren-tres-menores-de-edad-tras-incendiarse-su-hogar\\\/\",\"url\":\"https:\\\/\\\/canal7slp.tv\\\/2022\\\/triste-amanecer-en-veracruz-mueren-tres-menores-de-edad-tras-incendiarse-su-hogar\\\/\",\"name\":\"Triste amanecer en Veracruz, mueren tres menores de edad tras incendiarse su hogar - Canal 7 SLP - 2022\",\"isPartOf\":{\"@id\":\"https:\\\/\\\/canal7slp.tv\\\/2022\\\/#website\"},\"primaryImageOfPage\":{\"@id\":\"https:\\\/\\\/canal7slp.tv\\\/2022\\\/triste-amanecer-en-veracruz-mueren-tres-menores-de-edad-tras-incendiarse-su-hogar\\\/#primaryimage\"},\"image\":{\"@id\":\"https:\\\/\\\/canal7slp.tv\\\/2022\\\/triste-amanecer-en-veracruz-mueren-tres-menores-de-edad-tras-incendiarse-su-hogar\\\/#primaryimage\"},\"thumbnailUrl\":\"https:\\\/\\\/canal7slp.tv\\\/2022\\\/wp-content\\\/uploads\\\/2022\\\/06\\\/04-8.jpg\",\"datePublished\":\"2022-06-13T20:48:46+00:00\",\"breadcrumb\":{\"@id\":\"https:\\\/\\\/canal7slp.tv\\\/2022\\\/triste-amanecer-en-veracruz-mueren-tres-menores-de-edad-tras-incendiarse-su-hogar\\\/#breadcrumb\"},\"inLanguage\":\"es\",\"potentialAction\":[{\"@type\":\"ReadAction\",\"target\":[\"https:\\\/\\\/canal7slp.tv\\\/2022\\\/triste-amanecer-en-veracruz-mueren-tres-menores-de-edad-tras-incendiarse-su-hogar\\\/\"]}]},{\"@type\":\"ImageObject\",\"inLanguage\":\"es\",\"@id\":\"https:\\\/\\\/canal7slp.tv\\\/2022\\\/triste-amanecer-en-veracruz-mueren-tres-menores-de-edad-tras-incendiarse-su-hogar\\\/#primaryimage\",\"url\":\"https:\\\/\\\/canal7slp.tv\\\/2022\\\/wp-content\\\/uploads\\\/2022\\\/06\\\/04-8.jpg\",\"contentUrl\":\"https:\\\/\\\/canal7slp.tv\\\/2022\\\/wp-content\\\/uploads\\\/2022\\\/06\\\/04-8.jpg\",\"width\":1280,\"height\":720},{\"@type\":\"BreadcrumbList\",\"@id\":\"https:\\\/\\\/canal7slp.tv\\\/2022\\\/triste-amanecer-en-veracruz-mueren-tres-menores-de-edad-tras-incendiarse-su-hogar\\\/#breadcrumb\",\"itemListElement\":[{\"@type\":\"ListItem\",\"position\":1,\"name\":\"Portada\",\"item\":\"https:\\\/\\\/canal7slp.tv\\\/2022\\\/\"},{\"@type\":\"ListItem\",\"position\":2,\"name\":\"Triste amanecer en Veracruz, mueren tres menores de edad tras incendiarse su hogar\"}]},{\"@type\":\"WebSite\",\"@id\":\"https:\\\/\\\/canal7slp.tv\\\/2022\\\/#website\",\"url\":\"https:\\\/\\\/canal7slp.tv\\\/2022\\\/\",\"name\":\"N7 - Noticieros Canal 7\",\"description\":\"Somos Televisi\u00f3n\",\"publisher\":{\"@id\":\"https:\\\/\\\/canal7slp.tv\\\/2022\\\/#organization\"},\"potentialAction\":[{\"@type\":\"SearchAction\",\"target\":{\"@type\":\"EntryPoint\",\"urlTemplate\":\"https:\\\/\\\/canal7slp.tv\\\/2022\\\/?s={search_term_string}\"},\"query-input\":{\"@type\":\"PropertyValueSpecification\",\"valueRequired\":true,\"valueName\":\"search_term_string\"}}],\"inLanguage\":\"es\"},{\"@type\":\"Organization\",\"@id\":\"https:\\\/\\\/canal7slp.tv\\\/2022\\\/#organization\",\"name\":\"Noticieros Canal 7\",\"url\":\"https:\\\/\\\/canal7slp.tv\\\/2022\\\/\",\"logo\":{\"@type\":\"ImageObject\",\"inLanguage\":\"es\",\"@id\":\"https:\\\/\\\/canal7slp.tv\\\/2022\\\/#\\\/schema\\\/logo\\\/image\\\/\",\"url\":\"https:\\\/\\\/canal7slp.tv\\\/2022\\\/wp-content\\\/uploads\\\/2021\\\/01\\\/logo-noticieros@2x.png\",\"contentUrl\":\"https:\\\/\\\/canal7slp.tv\\\/2022\\\/wp-content\\\/uploads\\\/2021\\\/01\\\/logo-noticieros@2x.png\",\"width\":1017,\"height\":268,\"caption\":\"Noticieros Canal 7\"},\"image\":{\"@id\":\"https:\\\/\\\/canal7slp.tv\\\/2022\\\/#\\\/schema\\\/logo\\\/image\\\/\"},\"sameAs\":[\"https:\\\/\\\/www.facebook.com\\\/noticieroscanalsiete\",\"https:\\\/\\\/x.com\\\/NOTICIEROS7\",\"https:\\\/\\\/www.instagram.com\\\/canal7_slp\",\"https:\\\/\\\/www.youtube.com\\\/channel\\\/UCliiYs-gP3JfJeqdPrNdd5A\"]},{\"@type\":\"Person\",\"@id\":\"https:\\\/\\\/canal7slp.tv\\\/2022\\\/#\\\/schema\\\/person\\\/429704152a21f5f856ce29aa69a238da\",\"name\":\"Edici\u00f3n Web\",\"image\":{\"@type\":\"ImageObject\",\"inLanguage\":\"es\",\"@id\":\"https:\\\/\\\/secure.gravatar.com\\\/avatar\\\/eee448fc3f7164808013b816ba91ac7e43bbe82a70bebac296f8bc6f0addaa1a?s=96&d=mm&r=g\",\"url\":\"https:\\\/\\\/secure.gravatar.com\\\/avatar\\\/eee448fc3f7164808013b816ba91ac7e43bbe82a70bebac296f8bc6f0addaa1a?s=96&d=mm&r=g\",\"contentUrl\":\"https:\\\/\\\/secure.gravatar.com\\\/avatar\\\/eee448fc3f7164808013b816ba91ac7e43bbe82a70bebac296f8bc6f0addaa1a?s=96&d=mm&r=g\",\"caption\":\"Edici\u00f3n Web\"},\"url\":\"https:\\\/\\\/canal7slp.tv\\\/2022\\\/author\\\/edicionweb\\\/\"}]}<\/script>\n<!-- \/ Yoast SEO plugin. -->","yoast_head_json":{"title":"Triste amanecer en Veracruz, mueren tres menores de edad tras incendiarse su hogar - Canal 7 SLP - 2022","robots":{"index":"index","follow":"follow","max-snippet":"max-snippet:-1","max-image-preview":"max-image-preview:large","max-video-preview":"max-video-preview:-1"},"canonical":"https:\/\/canal7slp.tv\/2022\/triste-amanecer-en-veracruz-mueren-tres-menores-de-edad-tras-incendiarse-su-hogar\/","og_locale":"es_ES","og_type":"article","og_title":"Triste amanecer en Veracruz, mueren tres menores de edad tras incendiarse su hogar - Canal 7 SLP - 2022","og_description":"C\u00f3rdoba.- Cerca de las 5:30 de la ma\u00f1ana, una casa en el municipio de C\u00f3rdoba se incendio, dejando un saldo de tres menores de edad muertos y la madre de los mismos con heridas de gravedad. De acuerdo con los informes policiales, las llamas se propagaron r\u00e1pidamente por la casa, ya que estaba construida con madera y laminas de zinc. Cabe se\u00f1alar que los vecinos solicitaron la intervenci\u00f3n de los bomberos. No obstante, los lugare\u00f1os se organizaron para intentar apagar el fuego. Se presumen que las menores murieron intoxicados. Hasta el momento se desconocen las causas del incendio.","og_url":"https:\/\/canal7slp.tv\/2022\/triste-amanecer-en-veracruz-mueren-tres-menores-de-edad-tras-incendiarse-su-hogar\/","og_site_name":"Canal 7 SLP - 2022","article_publisher":"https:\/\/www.facebook.com\/noticieroscanalsiete","article_published_time":"2022-06-13T20:48:46+00:00","og_image":[{"width":1280,"height":720,"url":"https:\/\/canal7slp.tv\/2022\/wp-content\/uploads\/2022\/06\/04-8.jpg","type":"image\/jpeg"}],"author":"Edici\u00f3n Web","twitter_card":"summary_large_image","twitter_creator":"@NOTICIEROS7","twitter_site":"@NOTICIEROS7","twitter_misc":{"Escrito por":"Edici\u00f3n Web","Tiempo de lectura":"1 minuto"},"schema":{"@context":"https:\/\/schema.org","@graph":[{"@type":"Article","@id":"https:\/\/canal7slp.tv\/2022\/triste-amanecer-en-veracruz-mueren-tres-menores-de-edad-tras-incendiarse-su-hogar\/#article","isPartOf":{"@id":"https:\/\/canal7slp.tv\/2022\/triste-amanecer-en-veracruz-mueren-tres-menores-de-edad-tras-incendiarse-su-hogar\/"},"author":{"name":"Edici\u00f3n Web","@id":"https:\/\/canal7slp.tv\/2022\/#\/schema\/person\/429704152a21f5f856ce29aa69a238da"},"headline":"Triste amanecer en Veracruz, mueren tres menores de edad tras incendiarse su hogar","datePublished":"2022-06-13T20:48:46+00:00","mainEntityOfPage":{"@id":"https:\/\/canal7slp.tv\/2022\/triste-amanecer-en-veracruz-mueren-tres-menores-de-edad-tras-incendiarse-su-hogar\/"},"wordCount":118,"publisher":{"@id":"https:\/\/canal7slp.tv\/2022\/#organization"},"image":{"@id":"https:\/\/canal7slp.tv\/2022\/triste-amanecer-en-veracruz-mueren-tres-menores-de-edad-tras-incendiarse-su-hogar\/#primaryimage"},"thumbnailUrl":"https:\/\/canal7slp.tv\/2022\/wp-content\/uploads\/2022\/06\/04-8.jpg","articleSection":["NACIONALES"],"inLanguage":"es"},{"@type":"WebPage","@id":"https:\/\/canal7slp.tv\/2022\/triste-amanecer-en-veracruz-mueren-tres-menores-de-edad-tras-incendiarse-su-hogar\/","url":"https:\/\/canal7slp.tv\/2022\/triste-amanecer-en-veracruz-mueren-tres-menores-de-edad-tras-incendiarse-su-hogar\/","name":"Triste amanecer en Veracruz, mueren tres menores de edad tras incendiarse su hogar - Canal 7 SLP - 2022","isPartOf":{"@id":"https:\/\/canal7slp.tv\/2022\/#website"},"primaryImageOfPage":{"@id":"https:\/\/canal7slp.tv\/2022\/triste-amanecer-en-veracruz-mueren-tres-menores-de-edad-tras-incendiarse-su-hogar\/#primaryimage"},"image":{"@id":"https:\/\/canal7slp.tv\/2022\/triste-amanecer-en-veracruz-mueren-tres-menores-de-edad-tras-incendiarse-su-hogar\/#primaryimage"},"thumbnailUrl":"https:\/\/canal7slp.tv\/2022\/wp-content\/uploads\/2022\/06\/04-8.jpg","datePublished":"2022-06-13T20:48:46+00:00","breadcrumb":{"@id":"https:\/\/canal7slp.tv\/2022\/triste-amanecer-en-veracruz-mueren-tres-menores-de-edad-tras-incendiarse-su-hogar\/#breadcrumb"},"inLanguage":"es","potentialAction":[{"@type":"ReadAction","target":["https:\/\/canal7slp.tv\/2022\/triste-amanecer-en-veracruz-mueren-tres-menores-de-edad-tras-incendiarse-su-hogar\/"]}]},{"@type":"ImageObject","inLanguage":"es","@id":"https:\/\/canal7slp.tv\/2022\/triste-amanecer-en-veracruz-mueren-tres-menores-de-edad-tras-incendiarse-su-hogar\/#primaryimage","url":"https:\/\/canal7slp.tv\/2022\/wp-content\/uploads\/2022\/06\/04-8.jpg","contentUrl":"https:\/\/canal7slp.tv\/2022\/wp-content\/uploads\/2022\/06\/04-8.jpg","width":1280,"height":720},{"@type":"BreadcrumbList","@id":"https:\/\/canal7slp.tv\/2022\/triste-amanecer-en-veracruz-mueren-tres-menores-de-edad-tras-incendiarse-su-hogar\/#breadcrumb","itemListElement":[{"@type":"ListItem","position":1,"name":"Portada","item":"https:\/\/canal7slp.tv\/2022\/"},{"@type":"ListItem","position":2,"name":"Triste amanecer en Veracruz, mueren tres menores de edad tras incendiarse su hogar"}]},{"@type":"WebSite","@id":"https:\/\/canal7slp.tv\/2022\/#website","url":"https:\/\/canal7slp.tv\/2022\/","name":"N7 - Noticieros Canal 7","description":"Somos Televisi\u00f3n","publisher":{"@id":"https:\/\/canal7slp.tv\/2022\/#organization"},"potentialAction":[{"@type":"SearchAction","target":{"@type":"EntryPoint","urlTemplate":"https:\/\/canal7slp.tv\/2022\/?s={search_term_string}"},"query-input":{"@type":"PropertyValueSpecification","valueRequired":true,"valueName":"search_term_string"}}],"inLanguage":"es"},{"@type":"Organization","@id":"https:\/\/canal7slp.tv\/2022\/#organization","name":"Noticieros Canal 7","url":"https:\/\/canal7slp.tv\/2022\/","logo":{"@type":"ImageObject","inLanguage":"es","@id":"https:\/\/canal7slp.tv\/2022\/#\/schema\/logo\/image\/","url":"https:\/\/canal7slp.tv\/2022\/wp-content\/uploads\/2021\/01\/logo-noticieros@2x.png","contentUrl":"https:\/\/canal7slp.tv\/2022\/wp-content\/uploads\/2021\/01\/logo-noticieros@2x.png","width":1017,"height":268,"caption":"Noticieros Canal 7"},"image":{"@id":"https:\/\/canal7slp.tv\/2022\/#\/schema\/logo\/image\/"},"sameAs":["https:\/\/www.facebook.com\/noticieroscanalsiete","https:\/\/x.com\/NOTICIEROS7","https:\/\/www.instagram.com\/canal7_slp","https:\/\/www.youtube.com\/channel\/UCliiYs-gP3JfJeqdPrNdd5A"]},{"@type":"Person","@id":"https:\/\/canal7slp.tv\/2022\/#\/schema\/person\/429704152a21f5f856ce29aa69a238da","name":"Edici\u00f3n Web","image":{"@type":"ImageObject","inLanguage":"es","@id":"https:\/\/secure.gravatar.com\/avatar\/eee448fc3f7164808013b816ba91ac7e43bbe82a70bebac296f8bc6f0addaa1a?s=96&d=mm&r=g","url":"https:\/\/secure.gravatar.com\/avatar\/eee448fc3f7164808013b816ba91ac7e43bbe82a70bebac296f8bc6f0addaa1a?s=96&d=mm&r=g","contentUrl":"https:\/\/secure.gravatar.com\/avatar\/eee448fc3f7164808013b816ba91ac7e43bbe82a70bebac296f8bc6f0addaa1a?s=96&d=mm&r=g","caption":"Edici\u00f3n Web"},"url":"https:\/\/canal7slp.tv\/2022\/author\/edicionweb\/"}]}},"amp_enabled":true,"_links":{"self":[{"href":"https:\/\/canal7slp.tv\/2022\/wp-json\/wp\/v2\/posts\/63437","targetHints":{"allow":["GET"]}}],"collection":[{"href":"https:\/\/canal7slp.tv\/2022\/wp-json\/wp\/v2\/posts"}],"about":[{"href":"https:\/\/canal7slp.tv\/2022\/wp-json\/wp\/v2\/types\/post"}],"author":[{"embeddable":true,"href":"https:\/\/canal7slp.tv\/2022\/wp-json\/wp\/v2\/users\/2"}],"replies":[{"embeddable":true,"href":"https:\/\/canal7slp.tv\/2022\/wp-json\/wp\/v2\/comments?post=63437"}],"version-history":[{"count":2,"href":"https:\/\/canal7slp.tv\/2022\/wp-json\/wp\/v2\/posts\/63437\/revisions"}],"predecessor-version":[{"id":63453,"href":"https:\/\/canal7slp.tv\/2022\/wp-json\/wp\/v2\/posts\/63437\/revisions\/63453"}],"wp:featuredmedia":[{"embeddable":true,"href":"https:\/\/canal7slp.tv\/2022\/wp-json\/wp\/v2\/media\/63447"}],"wp:attachment":[{"href":"https:\/\/canal7slp.tv\/2022\/wp-json\/wp\/v2\/media?parent=63437"}],"wp:term":[{"taxonomy":"category","embeddable":true,"href":"https:\/\/canal7slp.tv\/2022\/wp-json\/wp\/v2\/categories?post=63437"},{"taxonomy":"post_tag","embeddable":true,"href":"https:\/\/canal7slp.tv\/2022\/wp-json\/wp\/v2\/tags?post=63437"}],"curies":[{"name":"wp","href":"https:\/\/api.w.org\/{rel}","templated":true}]}}