{"id":63421,"date":"2022-06-13T12:59:08","date_gmt":"2022-06-13T18:59:08","guid":{"rendered":"https:\/\/canal7slp.tv\/2022\/?p=63421"},"modified":"2022-06-13T12:59:08","modified_gmt":"2022-06-13T18:59:08","slug":"equipo-potosino-de-ciclismo-con-gran-actuacion-en-la-vuelta-a-colombia","status":"publish","type":"post","link":"https:\/\/canal7slp.tv\/2022\/equipo-potosino-de-ciclismo-con-gran-actuacion-en-la-vuelta-a-colombia\/","title":{"rendered":"Equipo potosino de ciclismo con gran actuaci\u00f3n en La Vuelta a Colombia."},"content":{"rendered":"<p style=\"text-align: justify;\">SLP.- Al concluir la Vuelta Colombia, carrera que vino de menos a m\u00e1s para la escuadra continental potosina quien en la \u00faltima etapa busc\u00f3 remontar el tiempo al l\u00edder en una Contra Reloj Individual de poco menos de 123.4 kil\u00f3metros de recorrido entre las localidades de Paipa y Tunja.<\/p>\n<p style=\"text-align: justify;\">Evento sumamente complicado de diez d\u00edas que present\u00f3 un total de 73 abandonos entre ellos cuatro del equipo tunero, en la \u00faltima etapa llegando ubicados en las posiciones 11 para Heiner Parra,17 Edgar Cadena y Eduardo Corte 69, buscaron mejorar su lugar en la tabla general en una contrarreloj larga donde los tiempos eran sumamente complicados de bajar puesto que el mejor estaba en una hora con un segundo, una barra muy alta de alcanzar.<\/p>\n<p style=\"text-align: justify;\">Poco a poco fueron llegando los 103 competidores que terminaron activos la vuelta, el primero ser\u00eda Eduardo Corte con un crono de 01:0\u00b4:29\u00b4\u00b4-56, posteriormente lo hac\u00eda Edgar Cadena marcando 01:04\u00b458\u00b4\u00b433 y al final Heiner Parra 01:09\u00b458\u00b4\u00b4-48.<\/p>\n<p style=\"text-align: justify;\">Un final sumamente desgastante para las piernas de los competidores quienes dieron lo \u00faltimo que ten\u00edan en esta vuelta dejando como mejor posicionado de la etapa para el equipo potosino a Edgar Cadena en el doceavo lugar y primero de la Sub-23.<\/p>\n<p style=\"text-align: justify;\">En general una gran vuelta para el equipo siendo protagonistas en cada una de sus diez etapas dejando al final la clasificaci\u00f3n general con Heiner Parra en lugar 14 mientras que Edgar Cadena en 15, en la Sub 23 Cadena se proclama subcampe\u00f3n y por equipos se finaliza en el lugar 11.<\/p>\n","protected":false},"excerpt":{"rendered":"<p>SLP.- Al concluir la Vuelta Colombia, carrera que vino de menos a m\u00e1s para la escuadra continental potosina quien en la \u00faltima etapa busc\u00f3 remontar el tiempo al l\u00edder en una Contra Reloj Individual de poco menos de 123.4 kil\u00f3metros de recorrido entre las localidades de Paipa y Tunja. Evento sumamente complicado de diez d\u00edas que present\u00f3 un total de 73 abandonos entre ellos cuatro del equipo tunero, en la \u00faltima etapa llegando ubicados en las posiciones 11 para Heiner Parra,17 Edgar Cadena y Eduardo Corte 69, buscaron mejorar su lugar en la tabla general en una contrarreloj larga donde [&hellip;]<\/p>\n","protected":false},"author":2,"featured_media":63430,"comment_status":"closed","ping_status":"closed","sticky":false,"template":"","format":"video","meta":{"footnotes":""},"categories":[7,5],"tags":[],"class_list":["post-63421","post","type-post","status-publish","format-video","has-post-thumbnail","hentry","category-deportes","category-destacadas","post_format-post-format-video","post--single"],"yoast_head":"<!-- This site is optimized with the Yoast SEO plugin v27.5 - https:\/\/yoast.com\/product\/yoast-seo-wordpress\/ -->\n<title>Equipo potosino de ciclismo con gran actuaci\u00f3n en La Vuelta a Colombia. - Canal 7 SLP - 2022<\/title>\n<meta name=\"robots\" content=\"index, follow, max-snippet:-1, max-image-preview:large, max-video-preview:-1\" \/>\n<link rel=\"canonical\" href=\"https:\/\/canal7slp.tv\/2022\/equipo-potosino-de-ciclismo-con-gran-actuacion-en-la-vuelta-a-colombia\/\" \/>\n<meta property=\"og:locale\" content=\"es_ES\" \/>\n<meta property=\"og:type\" content=\"article\" \/>\n<meta property=\"og:title\" content=\"Equipo potosino de ciclismo con gran actuaci\u00f3n en La Vuelta a Colombia. - Canal 7 SLP - 2022\" \/>\n<meta property=\"og:description\" content=\"SLP.- Al concluir la Vuelta Colombia, carrera que vino de menos a m\u00e1s para la escuadra continental potosina quien en la \u00faltima etapa busc\u00f3 remontar el tiempo al l\u00edder en una Contra Reloj Individual de poco menos de 123.4 kil\u00f3metros de recorrido entre las localidades de Paipa y Tunja. Evento sumamente complicado de diez d\u00edas que present\u00f3 un total de 73 abandonos entre ellos cuatro del equipo tunero, en la \u00faltima etapa llegando ubicados en las posiciones 11 para Heiner Parra,17 Edgar Cadena y Eduardo Corte 69, buscaron mejorar su lugar en la tabla general en una contrarreloj larga donde [&hellip;]\" \/>\n<meta property=\"og:url\" content=\"https:\/\/canal7slp.tv\/2022\/equipo-potosino-de-ciclismo-con-gran-actuacion-en-la-vuelta-a-colombia\/\" \/>\n<meta property=\"og:site_name\" content=\"Canal 7 SLP - 2022\" \/>\n<meta property=\"article:publisher\" content=\"https:\/\/www.facebook.com\/noticieroscanalsiete\" \/>\n<meta property=\"article:published_time\" content=\"2022-06-13T18:59:08+00:00\" \/>\n<meta property=\"og:image\" content=\"https:\/\/canal7slp.tv\/2022\/wp-content\/uploads\/2022\/06\/Froi03Ciclismo.jpg\" \/>\n\t<meta property=\"og:image:width\" content=\"888\" \/>\n\t<meta property=\"og:image:height\" content=\"500\" \/>\n\t<meta property=\"og:image:type\" content=\"image\/jpeg\" \/>\n<meta name=\"author\" content=\"Edici\u00f3n Web\" \/>\n<meta name=\"twitter:card\" content=\"summary_large_image\" \/>\n<meta name=\"twitter:creator\" content=\"@NOTICIEROS7\" \/>\n<meta name=\"twitter:site\" content=\"@NOTICIEROS7\" \/>\n<meta name=\"twitter:label1\" content=\"Escrito por\" \/>\n\t<meta name=\"twitter:data1\" content=\"Edici\u00f3n Web\" \/>\n\t<meta name=\"twitter:label2\" content=\"Tiempo de lectura\" \/>\n\t<meta name=\"twitter:data2\" content=\"2 minutos\" \/>\n<script type=\"application\/ld+json\" class=\"yoast-schema-graph\">{\"@context\":\"https:\\\/\\\/schema.org\",\"@graph\":[{\"@type\":\"Article\",\"@id\":\"https:\\\/\\\/canal7slp.tv\\\/2022\\\/equipo-potosino-de-ciclismo-con-gran-actuacion-en-la-vuelta-a-colombia\\\/#article\",\"isPartOf\":{\"@id\":\"https:\\\/\\\/canal7slp.tv\\\/2022\\\/equipo-potosino-de-ciclismo-con-gran-actuacion-en-la-vuelta-a-colombia\\\/\"},\"author\":{\"name\":\"Edici\u00f3n Web\",\"@id\":\"https:\\\/\\\/canal7slp.tv\\\/2022\\\/#\\\/schema\\\/person\\\/429704152a21f5f856ce29aa69a238da\"},\"headline\":\"Equipo potosino de ciclismo con gran actuaci\u00f3n en La Vuelta a Colombia.\",\"datePublished\":\"2022-06-13T18:59:08+00:00\",\"mainEntityOfPage\":{\"@id\":\"https:\\\/\\\/canal7slp.tv\\\/2022\\\/equipo-potosino-de-ciclismo-con-gran-actuacion-en-la-vuelta-a-colombia\\\/\"},\"wordCount\":267,\"publisher\":{\"@id\":\"https:\\\/\\\/canal7slp.tv\\\/2022\\\/#organization\"},\"image\":{\"@id\":\"https:\\\/\\\/canal7slp.tv\\\/2022\\\/equipo-potosino-de-ciclismo-con-gran-actuacion-en-la-vuelta-a-colombia\\\/#primaryimage\"},\"thumbnailUrl\":\"https:\\\/\\\/canal7slp.tv\\\/2022\\\/wp-content\\\/uploads\\\/2022\\\/06\\\/Froi03Ciclismo.jpg\",\"articleSection\":[\"DEPORTES\",\"DESTACADAS\"],\"inLanguage\":\"es\"},{\"@type\":\"WebPage\",\"@id\":\"https:\\\/\\\/canal7slp.tv\\\/2022\\\/equipo-potosino-de-ciclismo-con-gran-actuacion-en-la-vuelta-a-colombia\\\/\",\"url\":\"https:\\\/\\\/canal7slp.tv\\\/2022\\\/equipo-potosino-de-ciclismo-con-gran-actuacion-en-la-vuelta-a-colombia\\\/\",\"name\":\"Equipo potosino de ciclismo con gran actuaci\u00f3n en La Vuelta a Colombia. - Canal 7 SLP - 2022\",\"isPartOf\":{\"@id\":\"https:\\\/\\\/canal7slp.tv\\\/2022\\\/#website\"},\"primaryImageOfPage\":{\"@id\":\"https:\\\/\\\/canal7slp.tv\\\/2022\\\/equipo-potosino-de-ciclismo-con-gran-actuacion-en-la-vuelta-a-colombia\\\/#primaryimage\"},\"image\":{\"@id\":\"https:\\\/\\\/canal7slp.tv\\\/2022\\\/equipo-potosino-de-ciclismo-con-gran-actuacion-en-la-vuelta-a-colombia\\\/#primaryimage\"},\"thumbnailUrl\":\"https:\\\/\\\/canal7slp.tv\\\/2022\\\/wp-content\\\/uploads\\\/2022\\\/06\\\/Froi03Ciclismo.jpg\",\"datePublished\":\"2022-06-13T18:59:08+00:00\",\"breadcrumb\":{\"@id\":\"https:\\\/\\\/canal7slp.tv\\\/2022\\\/equipo-potosino-de-ciclismo-con-gran-actuacion-en-la-vuelta-a-colombia\\\/#breadcrumb\"},\"inLanguage\":\"es\",\"potentialAction\":[{\"@type\":\"ReadAction\",\"target\":[\"https:\\\/\\\/canal7slp.tv\\\/2022\\\/equipo-potosino-de-ciclismo-con-gran-actuacion-en-la-vuelta-a-colombia\\\/\"]}]},{\"@type\":\"ImageObject\",\"inLanguage\":\"es\",\"@id\":\"https:\\\/\\\/canal7slp.tv\\\/2022\\\/equipo-potosino-de-ciclismo-con-gran-actuacion-en-la-vuelta-a-colombia\\\/#primaryimage\",\"url\":\"https:\\\/\\\/canal7slp.tv\\\/2022\\\/wp-content\\\/uploads\\\/2022\\\/06\\\/Froi03Ciclismo.jpg\",\"contentUrl\":\"https:\\\/\\\/canal7slp.tv\\\/2022\\\/wp-content\\\/uploads\\\/2022\\\/06\\\/Froi03Ciclismo.jpg\",\"width\":888,\"height\":500},{\"@type\":\"BreadcrumbList\",\"@id\":\"https:\\\/\\\/canal7slp.tv\\\/2022\\\/equipo-potosino-de-ciclismo-con-gran-actuacion-en-la-vuelta-a-colombia\\\/#breadcrumb\",\"itemListElement\":[{\"@type\":\"ListItem\",\"position\":1,\"name\":\"Portada\",\"item\":\"https:\\\/\\\/canal7slp.tv\\\/2022\\\/\"},{\"@type\":\"ListItem\",\"position\":2,\"name\":\"Equipo potosino de ciclismo con gran actuaci\u00f3n en La Vuelta a Colombia.\"}]},{\"@type\":\"WebSite\",\"@id\":\"https:\\\/\\\/canal7slp.tv\\\/2022\\\/#website\",\"url\":\"https:\\\/\\\/canal7slp.tv\\\/2022\\\/\",\"name\":\"N7 - Noticieros Canal 7\",\"description\":\"Somos Televisi\u00f3n\",\"publisher\":{\"@id\":\"https:\\\/\\\/canal7slp.tv\\\/2022\\\/#organization\"},\"potentialAction\":[{\"@type\":\"SearchAction\",\"target\":{\"@type\":\"EntryPoint\",\"urlTemplate\":\"https:\\\/\\\/canal7slp.tv\\\/2022\\\/?s={search_term_string}\"},\"query-input\":{\"@type\":\"PropertyValueSpecification\",\"valueRequired\":true,\"valueName\":\"search_term_string\"}}],\"inLanguage\":\"es\"},{\"@type\":\"Organization\",\"@id\":\"https:\\\/\\\/canal7slp.tv\\\/2022\\\/#organization\",\"name\":\"Noticieros Canal 7\",\"url\":\"https:\\\/\\\/canal7slp.tv\\\/2022\\\/\",\"logo\":{\"@type\":\"ImageObject\",\"inLanguage\":\"es\",\"@id\":\"https:\\\/\\\/canal7slp.tv\\\/2022\\\/#\\\/schema\\\/logo\\\/image\\\/\",\"url\":\"https:\\\/\\\/canal7slp.tv\\\/2022\\\/wp-content\\\/uploads\\\/2021\\\/01\\\/logo-noticieros@2x.png\",\"contentUrl\":\"https:\\\/\\\/canal7slp.tv\\\/2022\\\/wp-content\\\/uploads\\\/2021\\\/01\\\/logo-noticieros@2x.png\",\"width\":1017,\"height\":268,\"caption\":\"Noticieros Canal 7\"},\"image\":{\"@id\":\"https:\\\/\\\/canal7slp.tv\\\/2022\\\/#\\\/schema\\\/logo\\\/image\\\/\"},\"sameAs\":[\"https:\\\/\\\/www.facebook.com\\\/noticieroscanalsiete\",\"https:\\\/\\\/x.com\\\/NOTICIEROS7\",\"https:\\\/\\\/www.instagram.com\\\/canal7_slp\",\"https:\\\/\\\/www.youtube.com\\\/channel\\\/UCliiYs-gP3JfJeqdPrNdd5A\"]},{\"@type\":\"Person\",\"@id\":\"https:\\\/\\\/canal7slp.tv\\\/2022\\\/#\\\/schema\\\/person\\\/429704152a21f5f856ce29aa69a238da\",\"name\":\"Edici\u00f3n Web\",\"image\":{\"@type\":\"ImageObject\",\"inLanguage\":\"es\",\"@id\":\"https:\\\/\\\/secure.gravatar.com\\\/avatar\\\/eee448fc3f7164808013b816ba91ac7e43bbe82a70bebac296f8bc6f0addaa1a?s=96&d=mm&r=g\",\"url\":\"https:\\\/\\\/secure.gravatar.com\\\/avatar\\\/eee448fc3f7164808013b816ba91ac7e43bbe82a70bebac296f8bc6f0addaa1a?s=96&d=mm&r=g\",\"contentUrl\":\"https:\\\/\\\/secure.gravatar.com\\\/avatar\\\/eee448fc3f7164808013b816ba91ac7e43bbe82a70bebac296f8bc6f0addaa1a?s=96&d=mm&r=g\",\"caption\":\"Edici\u00f3n Web\"},\"url\":\"https:\\\/\\\/canal7slp.tv\\\/2022\\\/author\\\/edicionweb\\\/\"}]}<\/script>\n<!-- \/ Yoast SEO plugin. -->","yoast_head_json":{"title":"Equipo potosino de ciclismo con gran actuaci\u00f3n en La Vuelta a Colombia. - Canal 7 SLP - 2022","robots":{"index":"index","follow":"follow","max-snippet":"max-snippet:-1","max-image-preview":"max-image-preview:large","max-video-preview":"max-video-preview:-1"},"canonical":"https:\/\/canal7slp.tv\/2022\/equipo-potosino-de-ciclismo-con-gran-actuacion-en-la-vuelta-a-colombia\/","og_locale":"es_ES","og_type":"article","og_title":"Equipo potosino de ciclismo con gran actuaci\u00f3n en La Vuelta a Colombia. - Canal 7 SLP - 2022","og_description":"SLP.- Al concluir la Vuelta Colombia, carrera que vino de menos a m\u00e1s para la escuadra continental potosina quien en la \u00faltima etapa busc\u00f3 remontar el tiempo al l\u00edder en una Contra Reloj Individual de poco menos de 123.4 kil\u00f3metros de recorrido entre las localidades de Paipa y Tunja. Evento sumamente complicado de diez d\u00edas que present\u00f3 un total de 73 abandonos entre ellos cuatro del equipo tunero, en la \u00faltima etapa llegando ubicados en las posiciones 11 para Heiner Parra,17 Edgar Cadena y Eduardo Corte 69, buscaron mejorar su lugar en la tabla general en una contrarreloj larga donde [&hellip;]","og_url":"https:\/\/canal7slp.tv\/2022\/equipo-potosino-de-ciclismo-con-gran-actuacion-en-la-vuelta-a-colombia\/","og_site_name":"Canal 7 SLP - 2022","article_publisher":"https:\/\/www.facebook.com\/noticieroscanalsiete","article_published_time":"2022-06-13T18:59:08+00:00","og_image":[{"width":888,"height":500,"url":"https:\/\/canal7slp.tv\/2022\/wp-content\/uploads\/2022\/06\/Froi03Ciclismo.jpg","type":"image\/jpeg"}],"author":"Edici\u00f3n Web","twitter_card":"summary_large_image","twitter_creator":"@NOTICIEROS7","twitter_site":"@NOTICIEROS7","twitter_misc":{"Escrito por":"Edici\u00f3n Web","Tiempo de lectura":"2 minutos"},"schema":{"@context":"https:\/\/schema.org","@graph":[{"@type":"Article","@id":"https:\/\/canal7slp.tv\/2022\/equipo-potosino-de-ciclismo-con-gran-actuacion-en-la-vuelta-a-colombia\/#article","isPartOf":{"@id":"https:\/\/canal7slp.tv\/2022\/equipo-potosino-de-ciclismo-con-gran-actuacion-en-la-vuelta-a-colombia\/"},"author":{"name":"Edici\u00f3n Web","@id":"https:\/\/canal7slp.tv\/2022\/#\/schema\/person\/429704152a21f5f856ce29aa69a238da"},"headline":"Equipo potosino de ciclismo con gran actuaci\u00f3n en La Vuelta a Colombia.","datePublished":"2022-06-13T18:59:08+00:00","mainEntityOfPage":{"@id":"https:\/\/canal7slp.tv\/2022\/equipo-potosino-de-ciclismo-con-gran-actuacion-en-la-vuelta-a-colombia\/"},"wordCount":267,"publisher":{"@id":"https:\/\/canal7slp.tv\/2022\/#organization"},"image":{"@id":"https:\/\/canal7slp.tv\/2022\/equipo-potosino-de-ciclismo-con-gran-actuacion-en-la-vuelta-a-colombia\/#primaryimage"},"thumbnailUrl":"https:\/\/canal7slp.tv\/2022\/wp-content\/uploads\/2022\/06\/Froi03Ciclismo.jpg","articleSection":["DEPORTES","DESTACADAS"],"inLanguage":"es"},{"@type":"WebPage","@id":"https:\/\/canal7slp.tv\/2022\/equipo-potosino-de-ciclismo-con-gran-actuacion-en-la-vuelta-a-colombia\/","url":"https:\/\/canal7slp.tv\/2022\/equipo-potosino-de-ciclismo-con-gran-actuacion-en-la-vuelta-a-colombia\/","name":"Equipo potosino de ciclismo con gran actuaci\u00f3n en La Vuelta a Colombia. - Canal 7 SLP - 2022","isPartOf":{"@id":"https:\/\/canal7slp.tv\/2022\/#website"},"primaryImageOfPage":{"@id":"https:\/\/canal7slp.tv\/2022\/equipo-potosino-de-ciclismo-con-gran-actuacion-en-la-vuelta-a-colombia\/#primaryimage"},"image":{"@id":"https:\/\/canal7slp.tv\/2022\/equipo-potosino-de-ciclismo-con-gran-actuacion-en-la-vuelta-a-colombia\/#primaryimage"},"thumbnailUrl":"https:\/\/canal7slp.tv\/2022\/wp-content\/uploads\/2022\/06\/Froi03Ciclismo.jpg","datePublished":"2022-06-13T18:59:08+00:00","breadcrumb":{"@id":"https:\/\/canal7slp.tv\/2022\/equipo-potosino-de-ciclismo-con-gran-actuacion-en-la-vuelta-a-colombia\/#breadcrumb"},"inLanguage":"es","potentialAction":[{"@type":"ReadAction","target":["https:\/\/canal7slp.tv\/2022\/equipo-potosino-de-ciclismo-con-gran-actuacion-en-la-vuelta-a-colombia\/"]}]},{"@type":"ImageObject","inLanguage":"es","@id":"https:\/\/canal7slp.tv\/2022\/equipo-potosino-de-ciclismo-con-gran-actuacion-en-la-vuelta-a-colombia\/#primaryimage","url":"https:\/\/canal7slp.tv\/2022\/wp-content\/uploads\/2022\/06\/Froi03Ciclismo.jpg","contentUrl":"https:\/\/canal7slp.tv\/2022\/wp-content\/uploads\/2022\/06\/Froi03Ciclismo.jpg","width":888,"height":500},{"@type":"BreadcrumbList","@id":"https:\/\/canal7slp.tv\/2022\/equipo-potosino-de-ciclismo-con-gran-actuacion-en-la-vuelta-a-colombia\/#breadcrumb","itemListElement":[{"@type":"ListItem","position":1,"name":"Portada","item":"https:\/\/canal7slp.tv\/2022\/"},{"@type":"ListItem","position":2,"name":"Equipo potosino de ciclismo con gran actuaci\u00f3n en La Vuelta a Colombia."}]},{"@type":"WebSite","@id":"https:\/\/canal7slp.tv\/2022\/#website","url":"https:\/\/canal7slp.tv\/2022\/","name":"N7 - Noticieros Canal 7","description":"Somos Televisi\u00f3n","publisher":{"@id":"https:\/\/canal7slp.tv\/2022\/#organization"},"potentialAction":[{"@type":"SearchAction","target":{"@type":"EntryPoint","urlTemplate":"https:\/\/canal7slp.tv\/2022\/?s={search_term_string}"},"query-input":{"@type":"PropertyValueSpecification","valueRequired":true,"valueName":"search_term_string"}}],"inLanguage":"es"},{"@type":"Organization","@id":"https:\/\/canal7slp.tv\/2022\/#organization","name":"Noticieros Canal 7","url":"https:\/\/canal7slp.tv\/2022\/","logo":{"@type":"ImageObject","inLanguage":"es","@id":"https:\/\/canal7slp.tv\/2022\/#\/schema\/logo\/image\/","url":"https:\/\/canal7slp.tv\/2022\/wp-content\/uploads\/2021\/01\/logo-noticieros@2x.png","contentUrl":"https:\/\/canal7slp.tv\/2022\/wp-content\/uploads\/2021\/01\/logo-noticieros@2x.png","width":1017,"height":268,"caption":"Noticieros Canal 7"},"image":{"@id":"https:\/\/canal7slp.tv\/2022\/#\/schema\/logo\/image\/"},"sameAs":["https:\/\/www.facebook.com\/noticieroscanalsiete","https:\/\/x.com\/NOTICIEROS7","https:\/\/www.instagram.com\/canal7_slp","https:\/\/www.youtube.com\/channel\/UCliiYs-gP3JfJeqdPrNdd5A"]},{"@type":"Person","@id":"https:\/\/canal7slp.tv\/2022\/#\/schema\/person\/429704152a21f5f856ce29aa69a238da","name":"Edici\u00f3n Web","image":{"@type":"ImageObject","inLanguage":"es","@id":"https:\/\/secure.gravatar.com\/avatar\/eee448fc3f7164808013b816ba91ac7e43bbe82a70bebac296f8bc6f0addaa1a?s=96&d=mm&r=g","url":"https:\/\/secure.gravatar.com\/avatar\/eee448fc3f7164808013b816ba91ac7e43bbe82a70bebac296f8bc6f0addaa1a?s=96&d=mm&r=g","contentUrl":"https:\/\/secure.gravatar.com\/avatar\/eee448fc3f7164808013b816ba91ac7e43bbe82a70bebac296f8bc6f0addaa1a?s=96&d=mm&r=g","caption":"Edici\u00f3n Web"},"url":"https:\/\/canal7slp.tv\/2022\/author\/edicionweb\/"}]}},"amp_enabled":true,"_links":{"self":[{"href":"https:\/\/canal7slp.tv\/2022\/wp-json\/wp\/v2\/posts\/63421","targetHints":{"allow":["GET"]}}],"collection":[{"href":"https:\/\/canal7slp.tv\/2022\/wp-json\/wp\/v2\/posts"}],"about":[{"href":"https:\/\/canal7slp.tv\/2022\/wp-json\/wp\/v2\/types\/post"}],"author":[{"embeddable":true,"href":"https:\/\/canal7slp.tv\/2022\/wp-json\/wp\/v2\/users\/2"}],"replies":[{"embeddable":true,"href":"https:\/\/canal7slp.tv\/2022\/wp-json\/wp\/v2\/comments?post=63421"}],"version-history":[{"count":2,"href":"https:\/\/canal7slp.tv\/2022\/wp-json\/wp\/v2\/posts\/63421\/revisions"}],"predecessor-version":[{"id":63431,"href":"https:\/\/canal7slp.tv\/2022\/wp-json\/wp\/v2\/posts\/63421\/revisions\/63431"}],"wp:featuredmedia":[{"embeddable":true,"href":"https:\/\/canal7slp.tv\/2022\/wp-json\/wp\/v2\/media\/63430"}],"wp:attachment":[{"href":"https:\/\/canal7slp.tv\/2022\/wp-json\/wp\/v2\/media?parent=63421"}],"wp:term":[{"taxonomy":"category","embeddable":true,"href":"https:\/\/canal7slp.tv\/2022\/wp-json\/wp\/v2\/categories?post=63421"},{"taxonomy":"post_tag","embeddable":true,"href":"https:\/\/canal7slp.tv\/2022\/wp-json\/wp\/v2\/tags?post=63421"}],"curies":[{"name":"wp","href":"https:\/\/api.w.org\/{rel}","templated":true}]}}