{"id":63412,"date":"2022-06-13T12:40:58","date_gmt":"2022-06-13T18:40:58","guid":{"rendered":"https:\/\/canal7slp.tv\/2022\/?p=63412"},"modified":"2022-06-13T12:42:13","modified_gmt":"2022-06-13T18:42:13","slug":"un-potosino-entre-los-cuerpos-encontrados-en-el-municipio-de-aquismon","status":"publish","type":"post","link":"https:\/\/canal7slp.tv\/2022\/un-potosino-entre-los-cuerpos-encontrados-en-el-municipio-de-aquismon\/","title":{"rendered":"Un potosino entre los cuerpos encontrados en el municipio de Aquism\u00f3n"},"content":{"rendered":"<div style=\"text-align: justify;\">SLP.-\u00a0El titular de la Fiscal\u00eda General del Estado de San Luis Potos\u00ed, Jos\u00e9 Luis Ru\u00edz Contreras, inform\u00f3 que entre los siete cuerpos sin vida encontrados en la comunidad de El Jabal\u00ed del municipio de Aquism\u00f3n, se encuentra un potosino.<\/div>\n<div style=\"text-align: justify;\"><\/div>\n<div style=\"text-align: justify;\">Seg\u00fan refiere, hasta el momento ya se conoce la identidad de cuatro de ellos y tres que contin\u00faan sin ser identificados: dos de las victimas son originarios de Tamaulipas, uno de Hidalgo y el que resid\u00eda en San Luis Potos\u00ed.<\/div>\n<div style=\"text-align: justify;\"><\/div>\n<div style=\"text-align: justify;\">De hecho, el funcionario detall\u00f3 que los occisos no presentan huellas de tortura o de alguna otra arma.<\/div>\n<div style=\"text-align: justify;\"><\/div>\n<div style=\"text-align: justify;\">\u00abNo te puedo decir si es delincuencia organizada o no,\u00a0 lo cierto es que en cuanto a la causa de muerte contrario a lo que algunos medios de comunicaci\u00f3n refirieron de personas ejecutadas o personas violentadas, los j\u00f3venes, los masculinos no tienen ninguna lesi\u00f3n por arma blanca, no tienen ninguna lesi\u00f3n por arma de fuego, no est\u00e1n torturados, simplemente y lamentablemente mueren por supresi\u00f3n de las v\u00edas a\u00e9reas, es decir, por asfixia\u00bb, expulso.<\/div>\n<div style=\"text-align: justify;\"><\/div>\n<div style=\"text-align: justify;\">Tambi\u00e9n mencion\u00f3 que el lugar donde fueron encontrados los cuerpos, no es el mismo donde perdieron la vida.<\/div>\n<div style=\"text-align: justify;\"><\/div>\n<div style=\"text-align: justify;\">\u00abEl lugar es el lugar del hallazgo, ah\u00ed no murieron como se refiere en su momento por parte de algunos compa\u00f1eros secretarios o autoridades ni c\u00f3mo lo refer\u00eda en mi bolet\u00edn; ese es el lugar del hallazgo simplemente, no es el lugar de la muerte pues nuestro diagn\u00f3stico permite establecerlo de esa manera\u00bb, culmin\u00f3.<\/div>\n","protected":false},"excerpt":{"rendered":"<p>SLP.-\u00a0El titular de la Fiscal\u00eda General del Estado de San Luis Potos\u00ed, Jos\u00e9 Luis Ru\u00edz Contreras, inform\u00f3 que entre los siete cuerpos sin vida encontrados en la comunidad de El Jabal\u00ed del municipio de Aquism\u00f3n, se encuentra un potosino. Seg\u00fan refiere, hasta el momento ya se conoce la identidad de cuatro de ellos y tres que contin\u00faan sin ser identificados: dos de las victimas son originarios de Tamaulipas, uno de Hidalgo y el que resid\u00eda en San Luis Potos\u00ed. De hecho, el funcionario detall\u00f3 que los occisos no presentan huellas de tortura o de alguna otra arma. \u00abNo te puedo [&hellip;]<\/p>\n","protected":false},"author":2,"featured_media":63414,"comment_status":"closed","ping_status":"closed","sticky":false,"template":"","format":"standard","meta":{"footnotes":""},"categories":[1],"tags":[],"class_list":["post-63412","post","type-post","status-publish","format-standard","has-post-thumbnail","hentry","category-uncategorized","post--single"],"yoast_head":"<!-- This site is optimized with the Yoast SEO plugin v27.5 - https:\/\/yoast.com\/product\/yoast-seo-wordpress\/ -->\n<title>Un potosino entre los cuerpos encontrados en el municipio de Aquism\u00f3n - Canal 7 SLP - 2022<\/title>\n<meta name=\"robots\" content=\"index, follow, max-snippet:-1, max-image-preview:large, max-video-preview:-1\" \/>\n<link rel=\"canonical\" href=\"https:\/\/canal7slp.tv\/2022\/un-potosino-entre-los-cuerpos-encontrados-en-el-municipio-de-aquismon\/\" \/>\n<meta property=\"og:locale\" content=\"es_ES\" \/>\n<meta property=\"og:type\" content=\"article\" \/>\n<meta property=\"og:title\" content=\"Un potosino entre los cuerpos encontrados en el municipio de Aquism\u00f3n - Canal 7 SLP - 2022\" \/>\n<meta property=\"og:description\" content=\"SLP.-\u00a0El titular de la Fiscal\u00eda General del Estado de San Luis Potos\u00ed, Jos\u00e9 Luis Ru\u00edz Contreras, inform\u00f3 que entre los siete cuerpos sin vida encontrados en la comunidad de El Jabal\u00ed del municipio de Aquism\u00f3n, se encuentra un potosino. Seg\u00fan refiere, hasta el momento ya se conoce la identidad de cuatro de ellos y tres que contin\u00faan sin ser identificados: dos de las victimas son originarios de Tamaulipas, uno de Hidalgo y el que resid\u00eda en San Luis Potos\u00ed. De hecho, el funcionario detall\u00f3 que los occisos no presentan huellas de tortura o de alguna otra arma. \u00abNo te puedo [&hellip;]\" \/>\n<meta property=\"og:url\" content=\"https:\/\/canal7slp.tv\/2022\/un-potosino-entre-los-cuerpos-encontrados-en-el-municipio-de-aquismon\/\" \/>\n<meta property=\"og:site_name\" content=\"Canal 7 SLP - 2022\" \/>\n<meta property=\"article:publisher\" content=\"https:\/\/www.facebook.com\/noticieroscanalsiete\" \/>\n<meta property=\"article:published_time\" content=\"2022-06-13T18:40:58+00:00\" \/>\n<meta property=\"article:modified_time\" content=\"2022-06-13T18:42:13+00:00\" \/>\n<meta property=\"og:image\" content=\"https:\/\/canal7slp.tv\/2022\/wp-content\/uploads\/2022\/06\/cuerpos.jpg\" \/>\n\t<meta property=\"og:image:width\" content=\"1080\" \/>\n\t<meta property=\"og:image:height\" content=\"492\" \/>\n\t<meta property=\"og:image:type\" content=\"image\/jpeg\" \/>\n<meta name=\"author\" content=\"Edici\u00f3n Web\" \/>\n<meta name=\"twitter:card\" content=\"summary_large_image\" \/>\n<meta name=\"twitter:creator\" content=\"@NOTICIEROS7\" \/>\n<meta name=\"twitter:site\" content=\"@NOTICIEROS7\" \/>\n<meta name=\"twitter:label1\" content=\"Escrito por\" \/>\n\t<meta name=\"twitter:data1\" content=\"Edici\u00f3n Web\" \/>\n\t<meta name=\"twitter:label2\" content=\"Tiempo de lectura\" \/>\n\t<meta name=\"twitter:data2\" content=\"1 minuto\" \/>\n<script type=\"application\/ld+json\" class=\"yoast-schema-graph\">{\"@context\":\"https:\\\/\\\/schema.org\",\"@graph\":[{\"@type\":\"Article\",\"@id\":\"https:\\\/\\\/canal7slp.tv\\\/2022\\\/un-potosino-entre-los-cuerpos-encontrados-en-el-municipio-de-aquismon\\\/#article\",\"isPartOf\":{\"@id\":\"https:\\\/\\\/canal7slp.tv\\\/2022\\\/un-potosino-entre-los-cuerpos-encontrados-en-el-municipio-de-aquismon\\\/\"},\"author\":{\"name\":\"Edici\u00f3n Web\",\"@id\":\"https:\\\/\\\/canal7slp.tv\\\/2022\\\/#\\\/schema\\\/person\\\/429704152a21f5f856ce29aa69a238da\"},\"headline\":\"Un potosino entre los cuerpos encontrados en el municipio de Aquism\u00f3n\",\"datePublished\":\"2022-06-13T18:40:58+00:00\",\"dateModified\":\"2022-06-13T18:42:13+00:00\",\"mainEntityOfPage\":{\"@id\":\"https:\\\/\\\/canal7slp.tv\\\/2022\\\/un-potosino-entre-los-cuerpos-encontrados-en-el-municipio-de-aquismon\\\/\"},\"wordCount\":276,\"publisher\":{\"@id\":\"https:\\\/\\\/canal7slp.tv\\\/2022\\\/#organization\"},\"image\":{\"@id\":\"https:\\\/\\\/canal7slp.tv\\\/2022\\\/un-potosino-entre-los-cuerpos-encontrados-en-el-municipio-de-aquismon\\\/#primaryimage\"},\"thumbnailUrl\":\"https:\\\/\\\/canal7slp.tv\\\/2022\\\/wp-content\\\/uploads\\\/2022\\\/06\\\/cuerpos.jpg\",\"articleSection\":[\"Uncategorized\"],\"inLanguage\":\"es\"},{\"@type\":\"WebPage\",\"@id\":\"https:\\\/\\\/canal7slp.tv\\\/2022\\\/un-potosino-entre-los-cuerpos-encontrados-en-el-municipio-de-aquismon\\\/\",\"url\":\"https:\\\/\\\/canal7slp.tv\\\/2022\\\/un-potosino-entre-los-cuerpos-encontrados-en-el-municipio-de-aquismon\\\/\",\"name\":\"Un potosino entre los cuerpos encontrados en el municipio de Aquism\u00f3n - Canal 7 SLP - 2022\",\"isPartOf\":{\"@id\":\"https:\\\/\\\/canal7slp.tv\\\/2022\\\/#website\"},\"primaryImageOfPage\":{\"@id\":\"https:\\\/\\\/canal7slp.tv\\\/2022\\\/un-potosino-entre-los-cuerpos-encontrados-en-el-municipio-de-aquismon\\\/#primaryimage\"},\"image\":{\"@id\":\"https:\\\/\\\/canal7slp.tv\\\/2022\\\/un-potosino-entre-los-cuerpos-encontrados-en-el-municipio-de-aquismon\\\/#primaryimage\"},\"thumbnailUrl\":\"https:\\\/\\\/canal7slp.tv\\\/2022\\\/wp-content\\\/uploads\\\/2022\\\/06\\\/cuerpos.jpg\",\"datePublished\":\"2022-06-13T18:40:58+00:00\",\"dateModified\":\"2022-06-13T18:42:13+00:00\",\"breadcrumb\":{\"@id\":\"https:\\\/\\\/canal7slp.tv\\\/2022\\\/un-potosino-entre-los-cuerpos-encontrados-en-el-municipio-de-aquismon\\\/#breadcrumb\"},\"inLanguage\":\"es\",\"potentialAction\":[{\"@type\":\"ReadAction\",\"target\":[\"https:\\\/\\\/canal7slp.tv\\\/2022\\\/un-potosino-entre-los-cuerpos-encontrados-en-el-municipio-de-aquismon\\\/\"]}]},{\"@type\":\"ImageObject\",\"inLanguage\":\"es\",\"@id\":\"https:\\\/\\\/canal7slp.tv\\\/2022\\\/un-potosino-entre-los-cuerpos-encontrados-en-el-municipio-de-aquismon\\\/#primaryimage\",\"url\":\"https:\\\/\\\/canal7slp.tv\\\/2022\\\/wp-content\\\/uploads\\\/2022\\\/06\\\/cuerpos.jpg\",\"contentUrl\":\"https:\\\/\\\/canal7slp.tv\\\/2022\\\/wp-content\\\/uploads\\\/2022\\\/06\\\/cuerpos.jpg\",\"width\":1080,\"height\":492},{\"@type\":\"BreadcrumbList\",\"@id\":\"https:\\\/\\\/canal7slp.tv\\\/2022\\\/un-potosino-entre-los-cuerpos-encontrados-en-el-municipio-de-aquismon\\\/#breadcrumb\",\"itemListElement\":[{\"@type\":\"ListItem\",\"position\":1,\"name\":\"Portada\",\"item\":\"https:\\\/\\\/canal7slp.tv\\\/2022\\\/\"},{\"@type\":\"ListItem\",\"position\":2,\"name\":\"Un potosino entre los cuerpos encontrados en el municipio de Aquism\u00f3n\"}]},{\"@type\":\"WebSite\",\"@id\":\"https:\\\/\\\/canal7slp.tv\\\/2022\\\/#website\",\"url\":\"https:\\\/\\\/canal7slp.tv\\\/2022\\\/\",\"name\":\"N7 - Noticieros Canal 7\",\"description\":\"Somos Televisi\u00f3n\",\"publisher\":{\"@id\":\"https:\\\/\\\/canal7slp.tv\\\/2022\\\/#organization\"},\"potentialAction\":[{\"@type\":\"SearchAction\",\"target\":{\"@type\":\"EntryPoint\",\"urlTemplate\":\"https:\\\/\\\/canal7slp.tv\\\/2022\\\/?s={search_term_string}\"},\"query-input\":{\"@type\":\"PropertyValueSpecification\",\"valueRequired\":true,\"valueName\":\"search_term_string\"}}],\"inLanguage\":\"es\"},{\"@type\":\"Organization\",\"@id\":\"https:\\\/\\\/canal7slp.tv\\\/2022\\\/#organization\",\"name\":\"Noticieros Canal 7\",\"url\":\"https:\\\/\\\/canal7slp.tv\\\/2022\\\/\",\"logo\":{\"@type\":\"ImageObject\",\"inLanguage\":\"es\",\"@id\":\"https:\\\/\\\/canal7slp.tv\\\/2022\\\/#\\\/schema\\\/logo\\\/image\\\/\",\"url\":\"https:\\\/\\\/canal7slp.tv\\\/2022\\\/wp-content\\\/uploads\\\/2021\\\/01\\\/logo-noticieros@2x.png\",\"contentUrl\":\"https:\\\/\\\/canal7slp.tv\\\/2022\\\/wp-content\\\/uploads\\\/2021\\\/01\\\/logo-noticieros@2x.png\",\"width\":1017,\"height\":268,\"caption\":\"Noticieros Canal 7\"},\"image\":{\"@id\":\"https:\\\/\\\/canal7slp.tv\\\/2022\\\/#\\\/schema\\\/logo\\\/image\\\/\"},\"sameAs\":[\"https:\\\/\\\/www.facebook.com\\\/noticieroscanalsiete\",\"https:\\\/\\\/x.com\\\/NOTICIEROS7\",\"https:\\\/\\\/www.instagram.com\\\/canal7_slp\",\"https:\\\/\\\/www.youtube.com\\\/channel\\\/UCliiYs-gP3JfJeqdPrNdd5A\"]},{\"@type\":\"Person\",\"@id\":\"https:\\\/\\\/canal7slp.tv\\\/2022\\\/#\\\/schema\\\/person\\\/429704152a21f5f856ce29aa69a238da\",\"name\":\"Edici\u00f3n Web\",\"image\":{\"@type\":\"ImageObject\",\"inLanguage\":\"es\",\"@id\":\"https:\\\/\\\/secure.gravatar.com\\\/avatar\\\/eee448fc3f7164808013b816ba91ac7e43bbe82a70bebac296f8bc6f0addaa1a?s=96&d=mm&r=g\",\"url\":\"https:\\\/\\\/secure.gravatar.com\\\/avatar\\\/eee448fc3f7164808013b816ba91ac7e43bbe82a70bebac296f8bc6f0addaa1a?s=96&d=mm&r=g\",\"contentUrl\":\"https:\\\/\\\/secure.gravatar.com\\\/avatar\\\/eee448fc3f7164808013b816ba91ac7e43bbe82a70bebac296f8bc6f0addaa1a?s=96&d=mm&r=g\",\"caption\":\"Edici\u00f3n Web\"},\"url\":\"https:\\\/\\\/canal7slp.tv\\\/2022\\\/author\\\/edicionweb\\\/\"}]}<\/script>\n<!-- \/ Yoast SEO plugin. -->","yoast_head_json":{"title":"Un potosino entre los cuerpos encontrados en el municipio de Aquism\u00f3n - Canal 7 SLP - 2022","robots":{"index":"index","follow":"follow","max-snippet":"max-snippet:-1","max-image-preview":"max-image-preview:large","max-video-preview":"max-video-preview:-1"},"canonical":"https:\/\/canal7slp.tv\/2022\/un-potosino-entre-los-cuerpos-encontrados-en-el-municipio-de-aquismon\/","og_locale":"es_ES","og_type":"article","og_title":"Un potosino entre los cuerpos encontrados en el municipio de Aquism\u00f3n - Canal 7 SLP - 2022","og_description":"SLP.-\u00a0El titular de la Fiscal\u00eda General del Estado de San Luis Potos\u00ed, Jos\u00e9 Luis Ru\u00edz Contreras, inform\u00f3 que entre los siete cuerpos sin vida encontrados en la comunidad de El Jabal\u00ed del municipio de Aquism\u00f3n, se encuentra un potosino. Seg\u00fan refiere, hasta el momento ya se conoce la identidad de cuatro de ellos y tres que contin\u00faan sin ser identificados: dos de las victimas son originarios de Tamaulipas, uno de Hidalgo y el que resid\u00eda en San Luis Potos\u00ed. De hecho, el funcionario detall\u00f3 que los occisos no presentan huellas de tortura o de alguna otra arma. \u00abNo te puedo [&hellip;]","og_url":"https:\/\/canal7slp.tv\/2022\/un-potosino-entre-los-cuerpos-encontrados-en-el-municipio-de-aquismon\/","og_site_name":"Canal 7 SLP - 2022","article_publisher":"https:\/\/www.facebook.com\/noticieroscanalsiete","article_published_time":"2022-06-13T18:40:58+00:00","article_modified_time":"2022-06-13T18:42:13+00:00","og_image":[{"width":1080,"height":492,"url":"https:\/\/canal7slp.tv\/2022\/wp-content\/uploads\/2022\/06\/cuerpos.jpg","type":"image\/jpeg"}],"author":"Edici\u00f3n Web","twitter_card":"summary_large_image","twitter_creator":"@NOTICIEROS7","twitter_site":"@NOTICIEROS7","twitter_misc":{"Escrito por":"Edici\u00f3n Web","Tiempo de lectura":"1 minuto"},"schema":{"@context":"https:\/\/schema.org","@graph":[{"@type":"Article","@id":"https:\/\/canal7slp.tv\/2022\/un-potosino-entre-los-cuerpos-encontrados-en-el-municipio-de-aquismon\/#article","isPartOf":{"@id":"https:\/\/canal7slp.tv\/2022\/un-potosino-entre-los-cuerpos-encontrados-en-el-municipio-de-aquismon\/"},"author":{"name":"Edici\u00f3n Web","@id":"https:\/\/canal7slp.tv\/2022\/#\/schema\/person\/429704152a21f5f856ce29aa69a238da"},"headline":"Un potosino entre los cuerpos encontrados en el municipio de Aquism\u00f3n","datePublished":"2022-06-13T18:40:58+00:00","dateModified":"2022-06-13T18:42:13+00:00","mainEntityOfPage":{"@id":"https:\/\/canal7slp.tv\/2022\/un-potosino-entre-los-cuerpos-encontrados-en-el-municipio-de-aquismon\/"},"wordCount":276,"publisher":{"@id":"https:\/\/canal7slp.tv\/2022\/#organization"},"image":{"@id":"https:\/\/canal7slp.tv\/2022\/un-potosino-entre-los-cuerpos-encontrados-en-el-municipio-de-aquismon\/#primaryimage"},"thumbnailUrl":"https:\/\/canal7slp.tv\/2022\/wp-content\/uploads\/2022\/06\/cuerpos.jpg","articleSection":["Uncategorized"],"inLanguage":"es"},{"@type":"WebPage","@id":"https:\/\/canal7slp.tv\/2022\/un-potosino-entre-los-cuerpos-encontrados-en-el-municipio-de-aquismon\/","url":"https:\/\/canal7slp.tv\/2022\/un-potosino-entre-los-cuerpos-encontrados-en-el-municipio-de-aquismon\/","name":"Un potosino entre los cuerpos encontrados en el municipio de Aquism\u00f3n - Canal 7 SLP - 2022","isPartOf":{"@id":"https:\/\/canal7slp.tv\/2022\/#website"},"primaryImageOfPage":{"@id":"https:\/\/canal7slp.tv\/2022\/un-potosino-entre-los-cuerpos-encontrados-en-el-municipio-de-aquismon\/#primaryimage"},"image":{"@id":"https:\/\/canal7slp.tv\/2022\/un-potosino-entre-los-cuerpos-encontrados-en-el-municipio-de-aquismon\/#primaryimage"},"thumbnailUrl":"https:\/\/canal7slp.tv\/2022\/wp-content\/uploads\/2022\/06\/cuerpos.jpg","datePublished":"2022-06-13T18:40:58+00:00","dateModified":"2022-06-13T18:42:13+00:00","breadcrumb":{"@id":"https:\/\/canal7slp.tv\/2022\/un-potosino-entre-los-cuerpos-encontrados-en-el-municipio-de-aquismon\/#breadcrumb"},"inLanguage":"es","potentialAction":[{"@type":"ReadAction","target":["https:\/\/canal7slp.tv\/2022\/un-potosino-entre-los-cuerpos-encontrados-en-el-municipio-de-aquismon\/"]}]},{"@type":"ImageObject","inLanguage":"es","@id":"https:\/\/canal7slp.tv\/2022\/un-potosino-entre-los-cuerpos-encontrados-en-el-municipio-de-aquismon\/#primaryimage","url":"https:\/\/canal7slp.tv\/2022\/wp-content\/uploads\/2022\/06\/cuerpos.jpg","contentUrl":"https:\/\/canal7slp.tv\/2022\/wp-content\/uploads\/2022\/06\/cuerpos.jpg","width":1080,"height":492},{"@type":"BreadcrumbList","@id":"https:\/\/canal7slp.tv\/2022\/un-potosino-entre-los-cuerpos-encontrados-en-el-municipio-de-aquismon\/#breadcrumb","itemListElement":[{"@type":"ListItem","position":1,"name":"Portada","item":"https:\/\/canal7slp.tv\/2022\/"},{"@type":"ListItem","position":2,"name":"Un potosino entre los cuerpos encontrados en el municipio de Aquism\u00f3n"}]},{"@type":"WebSite","@id":"https:\/\/canal7slp.tv\/2022\/#website","url":"https:\/\/canal7slp.tv\/2022\/","name":"N7 - Noticieros Canal 7","description":"Somos Televisi\u00f3n","publisher":{"@id":"https:\/\/canal7slp.tv\/2022\/#organization"},"potentialAction":[{"@type":"SearchAction","target":{"@type":"EntryPoint","urlTemplate":"https:\/\/canal7slp.tv\/2022\/?s={search_term_string}"},"query-input":{"@type":"PropertyValueSpecification","valueRequired":true,"valueName":"search_term_string"}}],"inLanguage":"es"},{"@type":"Organization","@id":"https:\/\/canal7slp.tv\/2022\/#organization","name":"Noticieros Canal 7","url":"https:\/\/canal7slp.tv\/2022\/","logo":{"@type":"ImageObject","inLanguage":"es","@id":"https:\/\/canal7slp.tv\/2022\/#\/schema\/logo\/image\/","url":"https:\/\/canal7slp.tv\/2022\/wp-content\/uploads\/2021\/01\/logo-noticieros@2x.png","contentUrl":"https:\/\/canal7slp.tv\/2022\/wp-content\/uploads\/2021\/01\/logo-noticieros@2x.png","width":1017,"height":268,"caption":"Noticieros Canal 7"},"image":{"@id":"https:\/\/canal7slp.tv\/2022\/#\/schema\/logo\/image\/"},"sameAs":["https:\/\/www.facebook.com\/noticieroscanalsiete","https:\/\/x.com\/NOTICIEROS7","https:\/\/www.instagram.com\/canal7_slp","https:\/\/www.youtube.com\/channel\/UCliiYs-gP3JfJeqdPrNdd5A"]},{"@type":"Person","@id":"https:\/\/canal7slp.tv\/2022\/#\/schema\/person\/429704152a21f5f856ce29aa69a238da","name":"Edici\u00f3n Web","image":{"@type":"ImageObject","inLanguage":"es","@id":"https:\/\/secure.gravatar.com\/avatar\/eee448fc3f7164808013b816ba91ac7e43bbe82a70bebac296f8bc6f0addaa1a?s=96&d=mm&r=g","url":"https:\/\/secure.gravatar.com\/avatar\/eee448fc3f7164808013b816ba91ac7e43bbe82a70bebac296f8bc6f0addaa1a?s=96&d=mm&r=g","contentUrl":"https:\/\/secure.gravatar.com\/avatar\/eee448fc3f7164808013b816ba91ac7e43bbe82a70bebac296f8bc6f0addaa1a?s=96&d=mm&r=g","caption":"Edici\u00f3n Web"},"url":"https:\/\/canal7slp.tv\/2022\/author\/edicionweb\/"}]}},"amp_enabled":true,"_links":{"self":[{"href":"https:\/\/canal7slp.tv\/2022\/wp-json\/wp\/v2\/posts\/63412","targetHints":{"allow":["GET"]}}],"collection":[{"href":"https:\/\/canal7slp.tv\/2022\/wp-json\/wp\/v2\/posts"}],"about":[{"href":"https:\/\/canal7slp.tv\/2022\/wp-json\/wp\/v2\/types\/post"}],"author":[{"embeddable":true,"href":"https:\/\/canal7slp.tv\/2022\/wp-json\/wp\/v2\/users\/2"}],"replies":[{"embeddable":true,"href":"https:\/\/canal7slp.tv\/2022\/wp-json\/wp\/v2\/comments?post=63412"}],"version-history":[{"count":2,"href":"https:\/\/canal7slp.tv\/2022\/wp-json\/wp\/v2\/posts\/63412\/revisions"}],"predecessor-version":[{"id":63418,"href":"https:\/\/canal7slp.tv\/2022\/wp-json\/wp\/v2\/posts\/63412\/revisions\/63418"}],"wp:featuredmedia":[{"embeddable":true,"href":"https:\/\/canal7slp.tv\/2022\/wp-json\/wp\/v2\/media\/63414"}],"wp:attachment":[{"href":"https:\/\/canal7slp.tv\/2022\/wp-json\/wp\/v2\/media?parent=63412"}],"wp:term":[{"taxonomy":"category","embeddable":true,"href":"https:\/\/canal7slp.tv\/2022\/wp-json\/wp\/v2\/categories?post=63412"},{"taxonomy":"post_tag","embeddable":true,"href":"https:\/\/canal7slp.tv\/2022\/wp-json\/wp\/v2\/tags?post=63412"}],"curies":[{"name":"wp","href":"https:\/\/api.w.org\/{rel}","templated":true}]}}