{"id":63383,"date":"2022-06-12T20:27:07","date_gmt":"2022-06-13T02:27:07","guid":{"rendered":"https:\/\/canal7slp.tv\/2022\/?p=63383"},"modified":"2022-06-12T20:27:07","modified_gmt":"2022-06-13T02:27:07","slug":"la-secretaria-de-marina-armada-de-mexico-participara-en-el-ejercicio-multinacional-rimpac-2022","status":"publish","type":"post","link":"https:\/\/canal7slp.tv\/2022\/la-secretaria-de-marina-armada-de-mexico-participara-en-el-ejercicio-multinacional-rimpac-2022\/","title":{"rendered":"La Secretar\u00eda de Marina-Armada de M\u00e9xico participar\u00e1 en el ejercicio multinacional \u00abRIMPAC 2022\u00bb"},"content":{"rendered":"<p style=\"text-align: justify;\">Ciudad de M\u00e9xico.\u2013 Con el firme objetivo de incrementar las capacidades para mantener la seguridad y defensa en los mares mexicanos, la Secretar\u00eda de Marina-Armada de M\u00e9xico informa que hoy zarparon los Buques ARM \u201cJU\u00c1REZ\u201d (POLA 101) y ARM \u201cUSUMACINTA\u201d (A 412), pertenecientes a la Fuerza Naval del Pac\u00edfico, para participar en la 28\u00aa edici\u00f3n del Ejercicio Multinacional \u201cRIMPAC 2022\u201d, el cual se llevar\u00e1 a cabo del 29 de junio al 4 de agosto del a\u00f1o en curso, en inmediaciones de las islas de Haw\u00e1i, en Estados Unidos de Am\u00e9rica.<\/p>\n<p style=\"text-align: justify;\">RIMPAC (del acr\u00f3nimo en ingl\u00e9s Rim of the Pacific) es el ejercicio multinacional mar\u00edtimo m\u00e1s grande e importante a nivel mundial, organizado por la Tercera Flota del Pac\u00edfico de la Armada de los Estados Unidos de Am\u00e9rica, con el fin de promover la estabilidad y seguridad mar\u00edtima regional en el Oc\u00e9ano Pac\u00edfico, fomentar y mantener las relaciones de cooperacio\u0301n internacional, as\u00ed como mejorar la interoperatividad y permitir el intercambio militar profesional, para que cada fuerza participante incremente su adiestramiento y fortalezca lazos internacionales.<\/p>\n<p style=\"text-align: justify;\">Cabe destacar que esta edici\u00f3n ser\u00e1 la m\u00e1s grande ejecutada y brindar\u00e1 una oportunidad \u00fanica de capacitaci\u00f3n para fortalecer la industria mar\u00edtima internacional, as\u00ed como mejorar la capacidad y preparaci\u00f3n de las Fuerzas Armadas de los diferentes pa\u00edses. Asimismo, contar\u00e1 con la participaci\u00f3n de 26 naciones, 38 unidades de superficie, cuatro submarinos, nueve fuerzas terrestres, m\u00e1s de 170 aeronaves y aproximadamente 25 mil elementos.<\/p>\n<p style=\"text-align: justify;\">Resalta adem\u00e1s la participaci\u00f3n de la Armada de M\u00e9xico con un helic\u00f3ptero tipo Panther, equipos de B\u00fasqueda y Rescate; B\u00fasqueda, Localizaci\u00f3n y Neutralizaci\u00f3n de Artefactos Explosivos; Sanidad Naval; Reconocimiento; Trabajos Submarinos, as\u00ed como una compa\u00f1\u00eda de Infanter\u00eda de Marina, sumando as\u00ed 378 elementos navales, al mando del Contralmirante CG. DEM. Gabriel Alberto B\u00e1ez L\u00f3pez, Comandante de la Fuerza de Tarea \u201cRIMPAC 2022\u201d.<\/p>\n<p style=\"text-align: justify;\">Entre los ejercicios que se llevar\u00e1n a cabo, destacan los de mitigaci\u00f3n de desastres y ayuda humanitaria, operaciones de guerra de superficie; antisubmarina, y antia\u00e9rea, operaciones anfibias, expedicionarias y de reconocimiento, adem\u00e1s de entrenamientos de cooperaci\u00f3n con oportunidad de fomentar la formaci\u00f3n de alto nivel para las fuerzas mar\u00edtimas internacionales.<\/p>\n<p style=\"text-align: justify;\">Los pa\u00edses participantes en este ejercicio son Alemania, Australia, Brun\u00e9i, Canad\u00e1, Chile, Colombia, Corea del Sur, Dinamarca, Ecuador, Estados Unidos de Am\u00e9rica, Filipinas, Francia, India, Indonesia, Israel, Jap\u00f3n, Malasia, Nueva Zelanda, Pa\u00edses Bajos, Per\u00fa, Reino Unido, Singapur, Sri Lanka, Tailandia y Tonga.<\/p>\n<p style=\"text-align: justify;\">Es importante mencionar que al participar en estos ejercicios multinacionales, la Armada de M\u00e9xico incrementa sus capacidades y nivel de adiestramiento, as\u00ed como su interoperatividad e interoperabilidad, mediante el entrenamiento y aprendizaje de nuevas t\u00e9cnicas; aunado a que la interacci\u00f3n multinacional, permite reforzar los lazos de amistad y entendimiento entre los pa\u00edses participantes.<\/p>\n<p style=\"text-align: justify;\">La Secretar\u00eda de Marina-Armada de M\u00e9xico se encuentra preparada y capacitada para desempe\u00f1arse en el Ejercicio Multinacional \u201cRIMPAC 2022\u201d, con los m\u00e1s altos valores de Honor, Deber, Lealtad y Patriotismo que permiten a los marinos navales participar con \u00edmpetu Para Servir a M\u00e9xico.<\/p>\n","protected":false},"excerpt":{"rendered":"<p>Ciudad de M\u00e9xico.\u2013 Con el firme objetivo de incrementar las capacidades para mantener la seguridad y defensa en los mares mexicanos, la Secretar\u00eda de Marina-Armada de M\u00e9xico informa que hoy zarparon los Buques ARM \u201cJU\u00c1REZ\u201d (POLA 101) y ARM \u201cUSUMACINTA\u201d (A 412), pertenecientes a la Fuerza Naval del Pac\u00edfico, para participar en la 28\u00aa edici\u00f3n del Ejercicio Multinacional \u201cRIMPAC 2022\u201d, el cual se llevar\u00e1 a cabo del 29 de junio al 4 de agosto del a\u00f1o en curso, en inmediaciones de las islas de Haw\u00e1i, en Estados Unidos de Am\u00e9rica. RIMPAC (del acr\u00f3nimo en ingl\u00e9s Rim of the Pacific) es [&hellip;]<\/p>\n","protected":false},"author":2,"featured_media":63385,"comment_status":"closed","ping_status":"closed","sticky":false,"template":"","format":"standard","meta":{"footnotes":""},"categories":[46],"tags":[],"class_list":["post-63383","post","type-post","status-publish","format-standard","has-post-thumbnail","hentry","category-nacional","post--single"],"yoast_head":"<!-- This site is optimized with the Yoast SEO plugin v27.5 - https:\/\/yoast.com\/product\/yoast-seo-wordpress\/ -->\n<title>La Secretar\u00eda de Marina-Armada de M\u00e9xico participar\u00e1 en el ejercicio multinacional &quot;RIMPAC 2022&quot; - Canal 7 SLP - 2022<\/title>\n<meta name=\"robots\" content=\"index, follow, max-snippet:-1, max-image-preview:large, max-video-preview:-1\" \/>\n<link rel=\"canonical\" href=\"https:\/\/canal7slp.tv\/2022\/la-secretaria-de-marina-armada-de-mexico-participara-en-el-ejercicio-multinacional-rimpac-2022\/\" \/>\n<meta property=\"og:locale\" content=\"es_ES\" \/>\n<meta property=\"og:type\" content=\"article\" \/>\n<meta property=\"og:title\" content=\"La Secretar\u00eda de Marina-Armada de M\u00e9xico participar\u00e1 en el ejercicio multinacional &quot;RIMPAC 2022&quot; - Canal 7 SLP - 2022\" \/>\n<meta property=\"og:description\" content=\"Ciudad de M\u00e9xico.\u2013 Con el firme objetivo de incrementar las capacidades para mantener la seguridad y defensa en los mares mexicanos, la Secretar\u00eda de Marina-Armada de M\u00e9xico informa que hoy zarparon los Buques ARM \u201cJU\u00c1REZ\u201d (POLA 101) y ARM \u201cUSUMACINTA\u201d (A 412), pertenecientes a la Fuerza Naval del Pac\u00edfico, para participar en la 28\u00aa edici\u00f3n del Ejercicio Multinacional \u201cRIMPAC 2022\u201d, el cual se llevar\u00e1 a cabo del 29 de junio al 4 de agosto del a\u00f1o en curso, en inmediaciones de las islas de Haw\u00e1i, en Estados Unidos de Am\u00e9rica. RIMPAC (del acr\u00f3nimo en ingl\u00e9s Rim of the Pacific) es [&hellip;]\" \/>\n<meta property=\"og:url\" content=\"https:\/\/canal7slp.tv\/2022\/la-secretaria-de-marina-armada-de-mexico-participara-en-el-ejercicio-multinacional-rimpac-2022\/\" \/>\n<meta property=\"og:site_name\" content=\"Canal 7 SLP - 2022\" \/>\n<meta property=\"article:publisher\" content=\"https:\/\/www.facebook.com\/noticieroscanalsiete\" \/>\n<meta property=\"article:published_time\" content=\"2022-06-13T02:27:07+00:00\" \/>\n<meta property=\"og:image\" content=\"https:\/\/canal7slp.tv\/2022\/wp-content\/uploads\/2022\/06\/rimpac.jpg\" \/>\n\t<meta property=\"og:image:width\" content=\"1280\" \/>\n\t<meta property=\"og:image:height\" content=\"853\" \/>\n\t<meta property=\"og:image:type\" content=\"image\/jpeg\" \/>\n<meta name=\"author\" content=\"Edici\u00f3n Web\" \/>\n<meta name=\"twitter:card\" content=\"summary_large_image\" \/>\n<meta name=\"twitter:creator\" content=\"@NOTICIEROS7\" \/>\n<meta name=\"twitter:site\" content=\"@NOTICIEROS7\" \/>\n<meta name=\"twitter:label1\" content=\"Escrito por\" \/>\n\t<meta name=\"twitter:data1\" content=\"Edici\u00f3n Web\" \/>\n\t<meta name=\"twitter:label2\" content=\"Tiempo de lectura\" \/>\n\t<meta name=\"twitter:data2\" content=\"3 minutos\" \/>\n<script type=\"application\/ld+json\" class=\"yoast-schema-graph\">{\"@context\":\"https:\\\/\\\/schema.org\",\"@graph\":[{\"@type\":\"Article\",\"@id\":\"https:\\\/\\\/canal7slp.tv\\\/2022\\\/la-secretaria-de-marina-armada-de-mexico-participara-en-el-ejercicio-multinacional-rimpac-2022\\\/#article\",\"isPartOf\":{\"@id\":\"https:\\\/\\\/canal7slp.tv\\\/2022\\\/la-secretaria-de-marina-armada-de-mexico-participara-en-el-ejercicio-multinacional-rimpac-2022\\\/\"},\"author\":{\"name\":\"Edici\u00f3n Web\",\"@id\":\"https:\\\/\\\/canal7slp.tv\\\/2022\\\/#\\\/schema\\\/person\\\/429704152a21f5f856ce29aa69a238da\"},\"headline\":\"La Secretar\u00eda de Marina-Armada de M\u00e9xico participar\u00e1 en el ejercicio multinacional \u00abRIMPAC 2022\u00bb\",\"datePublished\":\"2022-06-13T02:27:07+00:00\",\"mainEntityOfPage\":{\"@id\":\"https:\\\/\\\/canal7slp.tv\\\/2022\\\/la-secretaria-de-marina-armada-de-mexico-participara-en-el-ejercicio-multinacional-rimpac-2022\\\/\"},\"wordCount\":548,\"publisher\":{\"@id\":\"https:\\\/\\\/canal7slp.tv\\\/2022\\\/#organization\"},\"image\":{\"@id\":\"https:\\\/\\\/canal7slp.tv\\\/2022\\\/la-secretaria-de-marina-armada-de-mexico-participara-en-el-ejercicio-multinacional-rimpac-2022\\\/#primaryimage\"},\"thumbnailUrl\":\"https:\\\/\\\/canal7slp.tv\\\/2022\\\/wp-content\\\/uploads\\\/2022\\\/06\\\/rimpac.jpg\",\"articleSection\":[\"NACIONALES\"],\"inLanguage\":\"es\"},{\"@type\":\"WebPage\",\"@id\":\"https:\\\/\\\/canal7slp.tv\\\/2022\\\/la-secretaria-de-marina-armada-de-mexico-participara-en-el-ejercicio-multinacional-rimpac-2022\\\/\",\"url\":\"https:\\\/\\\/canal7slp.tv\\\/2022\\\/la-secretaria-de-marina-armada-de-mexico-participara-en-el-ejercicio-multinacional-rimpac-2022\\\/\",\"name\":\"La Secretar\u00eda de Marina-Armada de M\u00e9xico participar\u00e1 en el ejercicio multinacional \\\"RIMPAC 2022\\\" - Canal 7 SLP - 2022\",\"isPartOf\":{\"@id\":\"https:\\\/\\\/canal7slp.tv\\\/2022\\\/#website\"},\"primaryImageOfPage\":{\"@id\":\"https:\\\/\\\/canal7slp.tv\\\/2022\\\/la-secretaria-de-marina-armada-de-mexico-participara-en-el-ejercicio-multinacional-rimpac-2022\\\/#primaryimage\"},\"image\":{\"@id\":\"https:\\\/\\\/canal7slp.tv\\\/2022\\\/la-secretaria-de-marina-armada-de-mexico-participara-en-el-ejercicio-multinacional-rimpac-2022\\\/#primaryimage\"},\"thumbnailUrl\":\"https:\\\/\\\/canal7slp.tv\\\/2022\\\/wp-content\\\/uploads\\\/2022\\\/06\\\/rimpac.jpg\",\"datePublished\":\"2022-06-13T02:27:07+00:00\",\"breadcrumb\":{\"@id\":\"https:\\\/\\\/canal7slp.tv\\\/2022\\\/la-secretaria-de-marina-armada-de-mexico-participara-en-el-ejercicio-multinacional-rimpac-2022\\\/#breadcrumb\"},\"inLanguage\":\"es\",\"potentialAction\":[{\"@type\":\"ReadAction\",\"target\":[\"https:\\\/\\\/canal7slp.tv\\\/2022\\\/la-secretaria-de-marina-armada-de-mexico-participara-en-el-ejercicio-multinacional-rimpac-2022\\\/\"]}]},{\"@type\":\"ImageObject\",\"inLanguage\":\"es\",\"@id\":\"https:\\\/\\\/canal7slp.tv\\\/2022\\\/la-secretaria-de-marina-armada-de-mexico-participara-en-el-ejercicio-multinacional-rimpac-2022\\\/#primaryimage\",\"url\":\"https:\\\/\\\/canal7slp.tv\\\/2022\\\/wp-content\\\/uploads\\\/2022\\\/06\\\/rimpac.jpg\",\"contentUrl\":\"https:\\\/\\\/canal7slp.tv\\\/2022\\\/wp-content\\\/uploads\\\/2022\\\/06\\\/rimpac.jpg\",\"width\":1280,\"height\":853},{\"@type\":\"BreadcrumbList\",\"@id\":\"https:\\\/\\\/canal7slp.tv\\\/2022\\\/la-secretaria-de-marina-armada-de-mexico-participara-en-el-ejercicio-multinacional-rimpac-2022\\\/#breadcrumb\",\"itemListElement\":[{\"@type\":\"ListItem\",\"position\":1,\"name\":\"Portada\",\"item\":\"https:\\\/\\\/canal7slp.tv\\\/2022\\\/\"},{\"@type\":\"ListItem\",\"position\":2,\"name\":\"La Secretar\u00eda de Marina-Armada de M\u00e9xico participar\u00e1 en el ejercicio multinacional &#8220;RIMPAC 2022&#8221;\"}]},{\"@type\":\"WebSite\",\"@id\":\"https:\\\/\\\/canal7slp.tv\\\/2022\\\/#website\",\"url\":\"https:\\\/\\\/canal7slp.tv\\\/2022\\\/\",\"name\":\"N7 - Noticieros Canal 7\",\"description\":\"Somos Televisi\u00f3n\",\"publisher\":{\"@id\":\"https:\\\/\\\/canal7slp.tv\\\/2022\\\/#organization\"},\"potentialAction\":[{\"@type\":\"SearchAction\",\"target\":{\"@type\":\"EntryPoint\",\"urlTemplate\":\"https:\\\/\\\/canal7slp.tv\\\/2022\\\/?s={search_term_string}\"},\"query-input\":{\"@type\":\"PropertyValueSpecification\",\"valueRequired\":true,\"valueName\":\"search_term_string\"}}],\"inLanguage\":\"es\"},{\"@type\":\"Organization\",\"@id\":\"https:\\\/\\\/canal7slp.tv\\\/2022\\\/#organization\",\"name\":\"Noticieros Canal 7\",\"url\":\"https:\\\/\\\/canal7slp.tv\\\/2022\\\/\",\"logo\":{\"@type\":\"ImageObject\",\"inLanguage\":\"es\",\"@id\":\"https:\\\/\\\/canal7slp.tv\\\/2022\\\/#\\\/schema\\\/logo\\\/image\\\/\",\"url\":\"https:\\\/\\\/canal7slp.tv\\\/2022\\\/wp-content\\\/uploads\\\/2021\\\/01\\\/logo-noticieros@2x.png\",\"contentUrl\":\"https:\\\/\\\/canal7slp.tv\\\/2022\\\/wp-content\\\/uploads\\\/2021\\\/01\\\/logo-noticieros@2x.png\",\"width\":1017,\"height\":268,\"caption\":\"Noticieros Canal 7\"},\"image\":{\"@id\":\"https:\\\/\\\/canal7slp.tv\\\/2022\\\/#\\\/schema\\\/logo\\\/image\\\/\"},\"sameAs\":[\"https:\\\/\\\/www.facebook.com\\\/noticieroscanalsiete\",\"https:\\\/\\\/x.com\\\/NOTICIEROS7\",\"https:\\\/\\\/www.instagram.com\\\/canal7_slp\",\"https:\\\/\\\/www.youtube.com\\\/channel\\\/UCliiYs-gP3JfJeqdPrNdd5A\"]},{\"@type\":\"Person\",\"@id\":\"https:\\\/\\\/canal7slp.tv\\\/2022\\\/#\\\/schema\\\/person\\\/429704152a21f5f856ce29aa69a238da\",\"name\":\"Edici\u00f3n Web\",\"image\":{\"@type\":\"ImageObject\",\"inLanguage\":\"es\",\"@id\":\"https:\\\/\\\/secure.gravatar.com\\\/avatar\\\/eee448fc3f7164808013b816ba91ac7e43bbe82a70bebac296f8bc6f0addaa1a?s=96&d=mm&r=g\",\"url\":\"https:\\\/\\\/secure.gravatar.com\\\/avatar\\\/eee448fc3f7164808013b816ba91ac7e43bbe82a70bebac296f8bc6f0addaa1a?s=96&d=mm&r=g\",\"contentUrl\":\"https:\\\/\\\/secure.gravatar.com\\\/avatar\\\/eee448fc3f7164808013b816ba91ac7e43bbe82a70bebac296f8bc6f0addaa1a?s=96&d=mm&r=g\",\"caption\":\"Edici\u00f3n Web\"},\"url\":\"https:\\\/\\\/canal7slp.tv\\\/2022\\\/author\\\/edicionweb\\\/\"}]}<\/script>\n<!-- \/ Yoast SEO plugin. -->","yoast_head_json":{"title":"La Secretar\u00eda de Marina-Armada de M\u00e9xico participar\u00e1 en el ejercicio multinacional \"RIMPAC 2022\" - Canal 7 SLP - 2022","robots":{"index":"index","follow":"follow","max-snippet":"max-snippet:-1","max-image-preview":"max-image-preview:large","max-video-preview":"max-video-preview:-1"},"canonical":"https:\/\/canal7slp.tv\/2022\/la-secretaria-de-marina-armada-de-mexico-participara-en-el-ejercicio-multinacional-rimpac-2022\/","og_locale":"es_ES","og_type":"article","og_title":"La Secretar\u00eda de Marina-Armada de M\u00e9xico participar\u00e1 en el ejercicio multinacional \"RIMPAC 2022\" - Canal 7 SLP - 2022","og_description":"Ciudad de M\u00e9xico.\u2013 Con el firme objetivo de incrementar las capacidades para mantener la seguridad y defensa en los mares mexicanos, la Secretar\u00eda de Marina-Armada de M\u00e9xico informa que hoy zarparon los Buques ARM \u201cJU\u00c1REZ\u201d (POLA 101) y ARM \u201cUSUMACINTA\u201d (A 412), pertenecientes a la Fuerza Naval del Pac\u00edfico, para participar en la 28\u00aa edici\u00f3n del Ejercicio Multinacional \u201cRIMPAC 2022\u201d, el cual se llevar\u00e1 a cabo del 29 de junio al 4 de agosto del a\u00f1o en curso, en inmediaciones de las islas de Haw\u00e1i, en Estados Unidos de Am\u00e9rica. RIMPAC (del acr\u00f3nimo en ingl\u00e9s Rim of the Pacific) es [&hellip;]","og_url":"https:\/\/canal7slp.tv\/2022\/la-secretaria-de-marina-armada-de-mexico-participara-en-el-ejercicio-multinacional-rimpac-2022\/","og_site_name":"Canal 7 SLP - 2022","article_publisher":"https:\/\/www.facebook.com\/noticieroscanalsiete","article_published_time":"2022-06-13T02:27:07+00:00","og_image":[{"width":1280,"height":853,"url":"https:\/\/canal7slp.tv\/2022\/wp-content\/uploads\/2022\/06\/rimpac.jpg","type":"image\/jpeg"}],"author":"Edici\u00f3n Web","twitter_card":"summary_large_image","twitter_creator":"@NOTICIEROS7","twitter_site":"@NOTICIEROS7","twitter_misc":{"Escrito por":"Edici\u00f3n Web","Tiempo de lectura":"3 minutos"},"schema":{"@context":"https:\/\/schema.org","@graph":[{"@type":"Article","@id":"https:\/\/canal7slp.tv\/2022\/la-secretaria-de-marina-armada-de-mexico-participara-en-el-ejercicio-multinacional-rimpac-2022\/#article","isPartOf":{"@id":"https:\/\/canal7slp.tv\/2022\/la-secretaria-de-marina-armada-de-mexico-participara-en-el-ejercicio-multinacional-rimpac-2022\/"},"author":{"name":"Edici\u00f3n Web","@id":"https:\/\/canal7slp.tv\/2022\/#\/schema\/person\/429704152a21f5f856ce29aa69a238da"},"headline":"La Secretar\u00eda de Marina-Armada de M\u00e9xico participar\u00e1 en el ejercicio multinacional \u00abRIMPAC 2022\u00bb","datePublished":"2022-06-13T02:27:07+00:00","mainEntityOfPage":{"@id":"https:\/\/canal7slp.tv\/2022\/la-secretaria-de-marina-armada-de-mexico-participara-en-el-ejercicio-multinacional-rimpac-2022\/"},"wordCount":548,"publisher":{"@id":"https:\/\/canal7slp.tv\/2022\/#organization"},"image":{"@id":"https:\/\/canal7slp.tv\/2022\/la-secretaria-de-marina-armada-de-mexico-participara-en-el-ejercicio-multinacional-rimpac-2022\/#primaryimage"},"thumbnailUrl":"https:\/\/canal7slp.tv\/2022\/wp-content\/uploads\/2022\/06\/rimpac.jpg","articleSection":["NACIONALES"],"inLanguage":"es"},{"@type":"WebPage","@id":"https:\/\/canal7slp.tv\/2022\/la-secretaria-de-marina-armada-de-mexico-participara-en-el-ejercicio-multinacional-rimpac-2022\/","url":"https:\/\/canal7slp.tv\/2022\/la-secretaria-de-marina-armada-de-mexico-participara-en-el-ejercicio-multinacional-rimpac-2022\/","name":"La Secretar\u00eda de Marina-Armada de M\u00e9xico participar\u00e1 en el ejercicio multinacional \"RIMPAC 2022\" - Canal 7 SLP - 2022","isPartOf":{"@id":"https:\/\/canal7slp.tv\/2022\/#website"},"primaryImageOfPage":{"@id":"https:\/\/canal7slp.tv\/2022\/la-secretaria-de-marina-armada-de-mexico-participara-en-el-ejercicio-multinacional-rimpac-2022\/#primaryimage"},"image":{"@id":"https:\/\/canal7slp.tv\/2022\/la-secretaria-de-marina-armada-de-mexico-participara-en-el-ejercicio-multinacional-rimpac-2022\/#primaryimage"},"thumbnailUrl":"https:\/\/canal7slp.tv\/2022\/wp-content\/uploads\/2022\/06\/rimpac.jpg","datePublished":"2022-06-13T02:27:07+00:00","breadcrumb":{"@id":"https:\/\/canal7slp.tv\/2022\/la-secretaria-de-marina-armada-de-mexico-participara-en-el-ejercicio-multinacional-rimpac-2022\/#breadcrumb"},"inLanguage":"es","potentialAction":[{"@type":"ReadAction","target":["https:\/\/canal7slp.tv\/2022\/la-secretaria-de-marina-armada-de-mexico-participara-en-el-ejercicio-multinacional-rimpac-2022\/"]}]},{"@type":"ImageObject","inLanguage":"es","@id":"https:\/\/canal7slp.tv\/2022\/la-secretaria-de-marina-armada-de-mexico-participara-en-el-ejercicio-multinacional-rimpac-2022\/#primaryimage","url":"https:\/\/canal7slp.tv\/2022\/wp-content\/uploads\/2022\/06\/rimpac.jpg","contentUrl":"https:\/\/canal7slp.tv\/2022\/wp-content\/uploads\/2022\/06\/rimpac.jpg","width":1280,"height":853},{"@type":"BreadcrumbList","@id":"https:\/\/canal7slp.tv\/2022\/la-secretaria-de-marina-armada-de-mexico-participara-en-el-ejercicio-multinacional-rimpac-2022\/#breadcrumb","itemListElement":[{"@type":"ListItem","position":1,"name":"Portada","item":"https:\/\/canal7slp.tv\/2022\/"},{"@type":"ListItem","position":2,"name":"La Secretar\u00eda de Marina-Armada de M\u00e9xico participar\u00e1 en el ejercicio multinacional &#8220;RIMPAC 2022&#8221;"}]},{"@type":"WebSite","@id":"https:\/\/canal7slp.tv\/2022\/#website","url":"https:\/\/canal7slp.tv\/2022\/","name":"N7 - Noticieros Canal 7","description":"Somos Televisi\u00f3n","publisher":{"@id":"https:\/\/canal7slp.tv\/2022\/#organization"},"potentialAction":[{"@type":"SearchAction","target":{"@type":"EntryPoint","urlTemplate":"https:\/\/canal7slp.tv\/2022\/?s={search_term_string}"},"query-input":{"@type":"PropertyValueSpecification","valueRequired":true,"valueName":"search_term_string"}}],"inLanguage":"es"},{"@type":"Organization","@id":"https:\/\/canal7slp.tv\/2022\/#organization","name":"Noticieros Canal 7","url":"https:\/\/canal7slp.tv\/2022\/","logo":{"@type":"ImageObject","inLanguage":"es","@id":"https:\/\/canal7slp.tv\/2022\/#\/schema\/logo\/image\/","url":"https:\/\/canal7slp.tv\/2022\/wp-content\/uploads\/2021\/01\/logo-noticieros@2x.png","contentUrl":"https:\/\/canal7slp.tv\/2022\/wp-content\/uploads\/2021\/01\/logo-noticieros@2x.png","width":1017,"height":268,"caption":"Noticieros Canal 7"},"image":{"@id":"https:\/\/canal7slp.tv\/2022\/#\/schema\/logo\/image\/"},"sameAs":["https:\/\/www.facebook.com\/noticieroscanalsiete","https:\/\/x.com\/NOTICIEROS7","https:\/\/www.instagram.com\/canal7_slp","https:\/\/www.youtube.com\/channel\/UCliiYs-gP3JfJeqdPrNdd5A"]},{"@type":"Person","@id":"https:\/\/canal7slp.tv\/2022\/#\/schema\/person\/429704152a21f5f856ce29aa69a238da","name":"Edici\u00f3n Web","image":{"@type":"ImageObject","inLanguage":"es","@id":"https:\/\/secure.gravatar.com\/avatar\/eee448fc3f7164808013b816ba91ac7e43bbe82a70bebac296f8bc6f0addaa1a?s=96&d=mm&r=g","url":"https:\/\/secure.gravatar.com\/avatar\/eee448fc3f7164808013b816ba91ac7e43bbe82a70bebac296f8bc6f0addaa1a?s=96&d=mm&r=g","contentUrl":"https:\/\/secure.gravatar.com\/avatar\/eee448fc3f7164808013b816ba91ac7e43bbe82a70bebac296f8bc6f0addaa1a?s=96&d=mm&r=g","caption":"Edici\u00f3n Web"},"url":"https:\/\/canal7slp.tv\/2022\/author\/edicionweb\/"}]}},"amp_enabled":true,"_links":{"self":[{"href":"https:\/\/canal7slp.tv\/2022\/wp-json\/wp\/v2\/posts\/63383","targetHints":{"allow":["GET"]}}],"collection":[{"href":"https:\/\/canal7slp.tv\/2022\/wp-json\/wp\/v2\/posts"}],"about":[{"href":"https:\/\/canal7slp.tv\/2022\/wp-json\/wp\/v2\/types\/post"}],"author":[{"embeddable":true,"href":"https:\/\/canal7slp.tv\/2022\/wp-json\/wp\/v2\/users\/2"}],"replies":[{"embeddable":true,"href":"https:\/\/canal7slp.tv\/2022\/wp-json\/wp\/v2\/comments?post=63383"}],"version-history":[{"count":2,"href":"https:\/\/canal7slp.tv\/2022\/wp-json\/wp\/v2\/posts\/63383\/revisions"}],"predecessor-version":[{"id":63386,"href":"https:\/\/canal7slp.tv\/2022\/wp-json\/wp\/v2\/posts\/63383\/revisions\/63386"}],"wp:featuredmedia":[{"embeddable":true,"href":"https:\/\/canal7slp.tv\/2022\/wp-json\/wp\/v2\/media\/63385"}],"wp:attachment":[{"href":"https:\/\/canal7slp.tv\/2022\/wp-json\/wp\/v2\/media?parent=63383"}],"wp:term":[{"taxonomy":"category","embeddable":true,"href":"https:\/\/canal7slp.tv\/2022\/wp-json\/wp\/v2\/categories?post=63383"},{"taxonomy":"post_tag","embeddable":true,"href":"https:\/\/canal7slp.tv\/2022\/wp-json\/wp\/v2\/tags?post=63383"}],"curies":[{"name":"wp","href":"https:\/\/api.w.org\/{rel}","templated":true}]}}