{"id":63379,"date":"2022-06-12T20:19:38","date_gmt":"2022-06-13T02:19:38","guid":{"rendered":"https:\/\/canal7slp.tv\/2022\/?p=63379"},"modified":"2022-06-12T20:19:38","modified_gmt":"2022-06-13T02:19:38","slug":"ante-granizada-colapsa-techo-de-supermercado-en-cdmx","status":"publish","type":"post","link":"https:\/\/canal7slp.tv\/2022\/ante-granizada-colapsa-techo-de-supermercado-en-cdmx\/","title":{"rendered":"Ante granizada colapsa techo de supermercado en CDMX"},"content":{"rendered":"<p style=\"text-align: justify;\">CDMX.-\u00a0Ante la fuerte lluvia y ca\u00edda de granizo registrada este domingo, el techo de un centro comercial colaps\u00f3 en la Ciudad de M\u00e9xico.<\/p>\n<div style=\"width: 720px;\" class=\"wp-video\"><video class=\"wp-video-shortcode\" id=\"video-63379-1\" width=\"720\" height=\"1280\" preload=\"metadata\" controls=\"controls\"><source type=\"video\/mp4\" src=\"https:\/\/canal7slp.tv\/2022\/wp-content\/uploads\/2022\/06\/xLm988Ua8eIYqUms.mp4?_=1\" \/><a href=\"https:\/\/canal7slp.tv\/2022\/wp-content\/uploads\/2022\/06\/xLm988Ua8eIYqUms.mp4\">https:\/\/canal7slp.tv\/2022\/wp-content\/uploads\/2022\/06\/xLm988Ua8eIYqUms.mp4<\/a><\/video><\/div>\n<p style=\"text-align: justify;\">De forma preliminar trascendi\u00f3 que dos personas resultaron lesionadas. Sin embargo ello no ha sido confirmado por autoridades o bien, fuentes oficiales.<\/p>\n<p style=\"text-align: justify;\">Al parecer el granizo se acumul\u00f3 en una parte del techo y las l\u00e1minas cedieron.<\/p>\n<p style=\"text-align: justify;\">La tienda de autoservicio se ubica en avenida Revoluci\u00f3n, correspondiente a Mixcoac, de la alcald\u00eda Benito Ju\u00e1rez.<\/p>\n","protected":false},"excerpt":{"rendered":"<p>CDMX.-\u00a0Ante la fuerte lluvia y ca\u00edda de granizo registrada este domingo, el techo de un centro comercial colaps\u00f3 en la Ciudad de M\u00e9xico. De forma preliminar trascendi\u00f3 que dos personas resultaron lesionadas. Sin embargo ello no ha sido confirmado por autoridades o bien, fuentes oficiales. Al parecer el granizo se acumul\u00f3 en una parte del techo y las l\u00e1minas cedieron. La tienda de autoservicio se ubica en avenida Revoluci\u00f3n, correspondiente a Mixcoac, de la alcald\u00eda Benito Ju\u00e1rez.<\/p>\n","protected":false},"author":2,"featured_media":63381,"comment_status":"closed","ping_status":"closed","sticky":false,"template":"","format":"standard","meta":{"footnotes":""},"categories":[46],"tags":[],"class_list":["post-63379","post","type-post","status-publish","format-standard","has-post-thumbnail","hentry","category-nacional","post--single"],"yoast_head":"<!-- This site is optimized with the Yoast SEO plugin v27.5 - https:\/\/yoast.com\/product\/yoast-seo-wordpress\/ -->\n<title>Ante granizada colapsa techo de supermercado en CDMX - Canal 7 SLP - 2022<\/title>\n<meta name=\"robots\" content=\"index, follow, max-snippet:-1, max-image-preview:large, max-video-preview:-1\" \/>\n<link rel=\"canonical\" href=\"https:\/\/canal7slp.tv\/2022\/ante-granizada-colapsa-techo-de-supermercado-en-cdmx\/\" \/>\n<meta property=\"og:locale\" content=\"es_ES\" \/>\n<meta property=\"og:type\" content=\"article\" \/>\n<meta property=\"og:title\" content=\"Ante granizada colapsa techo de supermercado en CDMX - Canal 7 SLP - 2022\" \/>\n<meta property=\"og:description\" content=\"CDMX.-\u00a0Ante la fuerte lluvia y ca\u00edda de granizo registrada este domingo, el techo de un centro comercial colaps\u00f3 en la Ciudad de M\u00e9xico. De forma preliminar trascendi\u00f3 que dos personas resultaron lesionadas. Sin embargo ello no ha sido confirmado por autoridades o bien, fuentes oficiales. Al parecer el granizo se acumul\u00f3 en una parte del techo y las l\u00e1minas cedieron. La tienda de autoservicio se ubica en avenida Revoluci\u00f3n, correspondiente a Mixcoac, de la alcald\u00eda Benito Ju\u00e1rez.\" \/>\n<meta property=\"og:url\" content=\"https:\/\/canal7slp.tv\/2022\/ante-granizada-colapsa-techo-de-supermercado-en-cdmx\/\" \/>\n<meta property=\"og:site_name\" content=\"Canal 7 SLP - 2022\" \/>\n<meta property=\"article:publisher\" content=\"https:\/\/www.facebook.com\/noticieroscanalsiete\" \/>\n<meta property=\"article:published_time\" content=\"2022-06-13T02:19:38+00:00\" \/>\n<meta property=\"og:image\" content=\"https:\/\/canal7slp.tv\/2022\/wp-content\/uploads\/2022\/06\/descarga-1024x728.png\" \/>\n\t<meta property=\"og:image:width\" content=\"1024\" \/>\n\t<meta property=\"og:image:height\" content=\"728\" \/>\n\t<meta property=\"og:image:type\" content=\"image\/png\" \/>\n<meta name=\"author\" content=\"Edici\u00f3n Web\" \/>\n<meta name=\"twitter:card\" content=\"summary_large_image\" \/>\n<meta name=\"twitter:creator\" content=\"@NOTICIEROS7\" \/>\n<meta name=\"twitter:site\" content=\"@NOTICIEROS7\" \/>\n<meta name=\"twitter:label1\" content=\"Escrito por\" \/>\n\t<meta name=\"twitter:data1\" content=\"Edici\u00f3n Web\" \/>\n\t<meta name=\"twitter:label2\" content=\"Tiempo de lectura\" \/>\n\t<meta name=\"twitter:data2\" content=\"1 minuto\" \/>\n<script type=\"application\/ld+json\" class=\"yoast-schema-graph\">{\"@context\":\"https:\\\/\\\/schema.org\",\"@graph\":[{\"@type\":\"Article\",\"@id\":\"https:\\\/\\\/canal7slp.tv\\\/2022\\\/ante-granizada-colapsa-techo-de-supermercado-en-cdmx\\\/#article\",\"isPartOf\":{\"@id\":\"https:\\\/\\\/canal7slp.tv\\\/2022\\\/ante-granizada-colapsa-techo-de-supermercado-en-cdmx\\\/\"},\"author\":{\"name\":\"Edici\u00f3n Web\",\"@id\":\"https:\\\/\\\/canal7slp.tv\\\/2022\\\/#\\\/schema\\\/person\\\/429704152a21f5f856ce29aa69a238da\"},\"headline\":\"Ante granizada colapsa techo de supermercado en CDMX\",\"datePublished\":\"2022-06-13T02:19:38+00:00\",\"mainEntityOfPage\":{\"@id\":\"https:\\\/\\\/canal7slp.tv\\\/2022\\\/ante-granizada-colapsa-techo-de-supermercado-en-cdmx\\\/\"},\"wordCount\":108,\"publisher\":{\"@id\":\"https:\\\/\\\/canal7slp.tv\\\/2022\\\/#organization\"},\"image\":{\"@id\":\"https:\\\/\\\/canal7slp.tv\\\/2022\\\/ante-granizada-colapsa-techo-de-supermercado-en-cdmx\\\/#primaryimage\"},\"thumbnailUrl\":\"https:\\\/\\\/canal7slp.tv\\\/2022\\\/wp-content\\\/uploads\\\/2022\\\/06\\\/descarga.png\",\"articleSection\":[\"NACIONALES\"],\"inLanguage\":\"es\"},{\"@type\":\"WebPage\",\"@id\":\"https:\\\/\\\/canal7slp.tv\\\/2022\\\/ante-granizada-colapsa-techo-de-supermercado-en-cdmx\\\/\",\"url\":\"https:\\\/\\\/canal7slp.tv\\\/2022\\\/ante-granizada-colapsa-techo-de-supermercado-en-cdmx\\\/\",\"name\":\"Ante granizada colapsa techo de supermercado en CDMX - Canal 7 SLP - 2022\",\"isPartOf\":{\"@id\":\"https:\\\/\\\/canal7slp.tv\\\/2022\\\/#website\"},\"primaryImageOfPage\":{\"@id\":\"https:\\\/\\\/canal7slp.tv\\\/2022\\\/ante-granizada-colapsa-techo-de-supermercado-en-cdmx\\\/#primaryimage\"},\"image\":{\"@id\":\"https:\\\/\\\/canal7slp.tv\\\/2022\\\/ante-granizada-colapsa-techo-de-supermercado-en-cdmx\\\/#primaryimage\"},\"thumbnailUrl\":\"https:\\\/\\\/canal7slp.tv\\\/2022\\\/wp-content\\\/uploads\\\/2022\\\/06\\\/descarga.png\",\"datePublished\":\"2022-06-13T02:19:38+00:00\",\"breadcrumb\":{\"@id\":\"https:\\\/\\\/canal7slp.tv\\\/2022\\\/ante-granizada-colapsa-techo-de-supermercado-en-cdmx\\\/#breadcrumb\"},\"inLanguage\":\"es\",\"potentialAction\":[{\"@type\":\"ReadAction\",\"target\":[\"https:\\\/\\\/canal7slp.tv\\\/2022\\\/ante-granizada-colapsa-techo-de-supermercado-en-cdmx\\\/\"]}]},{\"@type\":\"ImageObject\",\"inLanguage\":\"es\",\"@id\":\"https:\\\/\\\/canal7slp.tv\\\/2022\\\/ante-granizada-colapsa-techo-de-supermercado-en-cdmx\\\/#primaryimage\",\"url\":\"https:\\\/\\\/canal7slp.tv\\\/2022\\\/wp-content\\\/uploads\\\/2022\\\/06\\\/descarga.png\",\"contentUrl\":\"https:\\\/\\\/canal7slp.tv\\\/2022\\\/wp-content\\\/uploads\\\/2022\\\/06\\\/descarga.png\",\"width\":1800,\"height\":1280},{\"@type\":\"BreadcrumbList\",\"@id\":\"https:\\\/\\\/canal7slp.tv\\\/2022\\\/ante-granizada-colapsa-techo-de-supermercado-en-cdmx\\\/#breadcrumb\",\"itemListElement\":[{\"@type\":\"ListItem\",\"position\":1,\"name\":\"Portada\",\"item\":\"https:\\\/\\\/canal7slp.tv\\\/2022\\\/\"},{\"@type\":\"ListItem\",\"position\":2,\"name\":\"Ante granizada colapsa techo de supermercado en CDMX\"}]},{\"@type\":\"WebSite\",\"@id\":\"https:\\\/\\\/canal7slp.tv\\\/2022\\\/#website\",\"url\":\"https:\\\/\\\/canal7slp.tv\\\/2022\\\/\",\"name\":\"N7 - Noticieros Canal 7\",\"description\":\"Somos Televisi\u00f3n\",\"publisher\":{\"@id\":\"https:\\\/\\\/canal7slp.tv\\\/2022\\\/#organization\"},\"potentialAction\":[{\"@type\":\"SearchAction\",\"target\":{\"@type\":\"EntryPoint\",\"urlTemplate\":\"https:\\\/\\\/canal7slp.tv\\\/2022\\\/?s={search_term_string}\"},\"query-input\":{\"@type\":\"PropertyValueSpecification\",\"valueRequired\":true,\"valueName\":\"search_term_string\"}}],\"inLanguage\":\"es\"},{\"@type\":\"Organization\",\"@id\":\"https:\\\/\\\/canal7slp.tv\\\/2022\\\/#organization\",\"name\":\"Noticieros Canal 7\",\"url\":\"https:\\\/\\\/canal7slp.tv\\\/2022\\\/\",\"logo\":{\"@type\":\"ImageObject\",\"inLanguage\":\"es\",\"@id\":\"https:\\\/\\\/canal7slp.tv\\\/2022\\\/#\\\/schema\\\/logo\\\/image\\\/\",\"url\":\"https:\\\/\\\/canal7slp.tv\\\/2022\\\/wp-content\\\/uploads\\\/2021\\\/01\\\/logo-noticieros@2x.png\",\"contentUrl\":\"https:\\\/\\\/canal7slp.tv\\\/2022\\\/wp-content\\\/uploads\\\/2021\\\/01\\\/logo-noticieros@2x.png\",\"width\":1017,\"height\":268,\"caption\":\"Noticieros Canal 7\"},\"image\":{\"@id\":\"https:\\\/\\\/canal7slp.tv\\\/2022\\\/#\\\/schema\\\/logo\\\/image\\\/\"},\"sameAs\":[\"https:\\\/\\\/www.facebook.com\\\/noticieroscanalsiete\",\"https:\\\/\\\/x.com\\\/NOTICIEROS7\",\"https:\\\/\\\/www.instagram.com\\\/canal7_slp\",\"https:\\\/\\\/www.youtube.com\\\/channel\\\/UCliiYs-gP3JfJeqdPrNdd5A\"]},{\"@type\":\"Person\",\"@id\":\"https:\\\/\\\/canal7slp.tv\\\/2022\\\/#\\\/schema\\\/person\\\/429704152a21f5f856ce29aa69a238da\",\"name\":\"Edici\u00f3n Web\",\"image\":{\"@type\":\"ImageObject\",\"inLanguage\":\"es\",\"@id\":\"https:\\\/\\\/secure.gravatar.com\\\/avatar\\\/eee448fc3f7164808013b816ba91ac7e43bbe82a70bebac296f8bc6f0addaa1a?s=96&d=mm&r=g\",\"url\":\"https:\\\/\\\/secure.gravatar.com\\\/avatar\\\/eee448fc3f7164808013b816ba91ac7e43bbe82a70bebac296f8bc6f0addaa1a?s=96&d=mm&r=g\",\"contentUrl\":\"https:\\\/\\\/secure.gravatar.com\\\/avatar\\\/eee448fc3f7164808013b816ba91ac7e43bbe82a70bebac296f8bc6f0addaa1a?s=96&d=mm&r=g\",\"caption\":\"Edici\u00f3n Web\"},\"url\":\"https:\\\/\\\/canal7slp.tv\\\/2022\\\/author\\\/edicionweb\\\/\"}]}<\/script>\n<!-- \/ Yoast SEO plugin. -->","yoast_head_json":{"title":"Ante granizada colapsa techo de supermercado en CDMX - Canal 7 SLP - 2022","robots":{"index":"index","follow":"follow","max-snippet":"max-snippet:-1","max-image-preview":"max-image-preview:large","max-video-preview":"max-video-preview:-1"},"canonical":"https:\/\/canal7slp.tv\/2022\/ante-granizada-colapsa-techo-de-supermercado-en-cdmx\/","og_locale":"es_ES","og_type":"article","og_title":"Ante granizada colapsa techo de supermercado en CDMX - Canal 7 SLP - 2022","og_description":"CDMX.-\u00a0Ante la fuerte lluvia y ca\u00edda de granizo registrada este domingo, el techo de un centro comercial colaps\u00f3 en la Ciudad de M\u00e9xico. De forma preliminar trascendi\u00f3 que dos personas resultaron lesionadas. Sin embargo ello no ha sido confirmado por autoridades o bien, fuentes oficiales. Al parecer el granizo se acumul\u00f3 en una parte del techo y las l\u00e1minas cedieron. La tienda de autoservicio se ubica en avenida Revoluci\u00f3n, correspondiente a Mixcoac, de la alcald\u00eda Benito Ju\u00e1rez.","og_url":"https:\/\/canal7slp.tv\/2022\/ante-granizada-colapsa-techo-de-supermercado-en-cdmx\/","og_site_name":"Canal 7 SLP - 2022","article_publisher":"https:\/\/www.facebook.com\/noticieroscanalsiete","article_published_time":"2022-06-13T02:19:38+00:00","og_image":[{"width":1024,"height":728,"url":"https:\/\/canal7slp.tv\/2022\/wp-content\/uploads\/2022\/06\/descarga-1024x728.png","type":"image\/png"}],"author":"Edici\u00f3n Web","twitter_card":"summary_large_image","twitter_creator":"@NOTICIEROS7","twitter_site":"@NOTICIEROS7","twitter_misc":{"Escrito por":"Edici\u00f3n Web","Tiempo de lectura":"1 minuto"},"schema":{"@context":"https:\/\/schema.org","@graph":[{"@type":"Article","@id":"https:\/\/canal7slp.tv\/2022\/ante-granizada-colapsa-techo-de-supermercado-en-cdmx\/#article","isPartOf":{"@id":"https:\/\/canal7slp.tv\/2022\/ante-granizada-colapsa-techo-de-supermercado-en-cdmx\/"},"author":{"name":"Edici\u00f3n Web","@id":"https:\/\/canal7slp.tv\/2022\/#\/schema\/person\/429704152a21f5f856ce29aa69a238da"},"headline":"Ante granizada colapsa techo de supermercado en CDMX","datePublished":"2022-06-13T02:19:38+00:00","mainEntityOfPage":{"@id":"https:\/\/canal7slp.tv\/2022\/ante-granizada-colapsa-techo-de-supermercado-en-cdmx\/"},"wordCount":108,"publisher":{"@id":"https:\/\/canal7slp.tv\/2022\/#organization"},"image":{"@id":"https:\/\/canal7slp.tv\/2022\/ante-granizada-colapsa-techo-de-supermercado-en-cdmx\/#primaryimage"},"thumbnailUrl":"https:\/\/canal7slp.tv\/2022\/wp-content\/uploads\/2022\/06\/descarga.png","articleSection":["NACIONALES"],"inLanguage":"es"},{"@type":"WebPage","@id":"https:\/\/canal7slp.tv\/2022\/ante-granizada-colapsa-techo-de-supermercado-en-cdmx\/","url":"https:\/\/canal7slp.tv\/2022\/ante-granizada-colapsa-techo-de-supermercado-en-cdmx\/","name":"Ante granizada colapsa techo de supermercado en CDMX - Canal 7 SLP - 2022","isPartOf":{"@id":"https:\/\/canal7slp.tv\/2022\/#website"},"primaryImageOfPage":{"@id":"https:\/\/canal7slp.tv\/2022\/ante-granizada-colapsa-techo-de-supermercado-en-cdmx\/#primaryimage"},"image":{"@id":"https:\/\/canal7slp.tv\/2022\/ante-granizada-colapsa-techo-de-supermercado-en-cdmx\/#primaryimage"},"thumbnailUrl":"https:\/\/canal7slp.tv\/2022\/wp-content\/uploads\/2022\/06\/descarga.png","datePublished":"2022-06-13T02:19:38+00:00","breadcrumb":{"@id":"https:\/\/canal7slp.tv\/2022\/ante-granizada-colapsa-techo-de-supermercado-en-cdmx\/#breadcrumb"},"inLanguage":"es","potentialAction":[{"@type":"ReadAction","target":["https:\/\/canal7slp.tv\/2022\/ante-granizada-colapsa-techo-de-supermercado-en-cdmx\/"]}]},{"@type":"ImageObject","inLanguage":"es","@id":"https:\/\/canal7slp.tv\/2022\/ante-granizada-colapsa-techo-de-supermercado-en-cdmx\/#primaryimage","url":"https:\/\/canal7slp.tv\/2022\/wp-content\/uploads\/2022\/06\/descarga.png","contentUrl":"https:\/\/canal7slp.tv\/2022\/wp-content\/uploads\/2022\/06\/descarga.png","width":1800,"height":1280},{"@type":"BreadcrumbList","@id":"https:\/\/canal7slp.tv\/2022\/ante-granizada-colapsa-techo-de-supermercado-en-cdmx\/#breadcrumb","itemListElement":[{"@type":"ListItem","position":1,"name":"Portada","item":"https:\/\/canal7slp.tv\/2022\/"},{"@type":"ListItem","position":2,"name":"Ante granizada colapsa techo de supermercado en CDMX"}]},{"@type":"WebSite","@id":"https:\/\/canal7slp.tv\/2022\/#website","url":"https:\/\/canal7slp.tv\/2022\/","name":"N7 - Noticieros Canal 7","description":"Somos Televisi\u00f3n","publisher":{"@id":"https:\/\/canal7slp.tv\/2022\/#organization"},"potentialAction":[{"@type":"SearchAction","target":{"@type":"EntryPoint","urlTemplate":"https:\/\/canal7slp.tv\/2022\/?s={search_term_string}"},"query-input":{"@type":"PropertyValueSpecification","valueRequired":true,"valueName":"search_term_string"}}],"inLanguage":"es"},{"@type":"Organization","@id":"https:\/\/canal7slp.tv\/2022\/#organization","name":"Noticieros Canal 7","url":"https:\/\/canal7slp.tv\/2022\/","logo":{"@type":"ImageObject","inLanguage":"es","@id":"https:\/\/canal7slp.tv\/2022\/#\/schema\/logo\/image\/","url":"https:\/\/canal7slp.tv\/2022\/wp-content\/uploads\/2021\/01\/logo-noticieros@2x.png","contentUrl":"https:\/\/canal7slp.tv\/2022\/wp-content\/uploads\/2021\/01\/logo-noticieros@2x.png","width":1017,"height":268,"caption":"Noticieros Canal 7"},"image":{"@id":"https:\/\/canal7slp.tv\/2022\/#\/schema\/logo\/image\/"},"sameAs":["https:\/\/www.facebook.com\/noticieroscanalsiete","https:\/\/x.com\/NOTICIEROS7","https:\/\/www.instagram.com\/canal7_slp","https:\/\/www.youtube.com\/channel\/UCliiYs-gP3JfJeqdPrNdd5A"]},{"@type":"Person","@id":"https:\/\/canal7slp.tv\/2022\/#\/schema\/person\/429704152a21f5f856ce29aa69a238da","name":"Edici\u00f3n Web","image":{"@type":"ImageObject","inLanguage":"es","@id":"https:\/\/secure.gravatar.com\/avatar\/eee448fc3f7164808013b816ba91ac7e43bbe82a70bebac296f8bc6f0addaa1a?s=96&d=mm&r=g","url":"https:\/\/secure.gravatar.com\/avatar\/eee448fc3f7164808013b816ba91ac7e43bbe82a70bebac296f8bc6f0addaa1a?s=96&d=mm&r=g","contentUrl":"https:\/\/secure.gravatar.com\/avatar\/eee448fc3f7164808013b816ba91ac7e43bbe82a70bebac296f8bc6f0addaa1a?s=96&d=mm&r=g","caption":"Edici\u00f3n Web"},"url":"https:\/\/canal7slp.tv\/2022\/author\/edicionweb\/"}]}},"amp_enabled":true,"_links":{"self":[{"href":"https:\/\/canal7slp.tv\/2022\/wp-json\/wp\/v2\/posts\/63379","targetHints":{"allow":["GET"]}}],"collection":[{"href":"https:\/\/canal7slp.tv\/2022\/wp-json\/wp\/v2\/posts"}],"about":[{"href":"https:\/\/canal7slp.tv\/2022\/wp-json\/wp\/v2\/types\/post"}],"author":[{"embeddable":true,"href":"https:\/\/canal7slp.tv\/2022\/wp-json\/wp\/v2\/users\/2"}],"replies":[{"embeddable":true,"href":"https:\/\/canal7slp.tv\/2022\/wp-json\/wp\/v2\/comments?post=63379"}],"version-history":[{"count":1,"href":"https:\/\/canal7slp.tv\/2022\/wp-json\/wp\/v2\/posts\/63379\/revisions"}],"predecessor-version":[{"id":63382,"href":"https:\/\/canal7slp.tv\/2022\/wp-json\/wp\/v2\/posts\/63379\/revisions\/63382"}],"wp:featuredmedia":[{"embeddable":true,"href":"https:\/\/canal7slp.tv\/2022\/wp-json\/wp\/v2\/media\/63381"}],"wp:attachment":[{"href":"https:\/\/canal7slp.tv\/2022\/wp-json\/wp\/v2\/media?parent=63379"}],"wp:term":[{"taxonomy":"category","embeddable":true,"href":"https:\/\/canal7slp.tv\/2022\/wp-json\/wp\/v2\/categories?post=63379"},{"taxonomy":"post_tag","embeddable":true,"href":"https:\/\/canal7slp.tv\/2022\/wp-json\/wp\/v2\/tags?post=63379"}],"curies":[{"name":"wp","href":"https:\/\/api.w.org\/{rel}","templated":true}]}}