{"id":63376,"date":"2022-06-12T18:06:58","date_gmt":"2022-06-13T00:06:58","guid":{"rendered":"https:\/\/canal7slp.tv\/2022\/?p=63376"},"modified":"2022-06-12T18:06:58","modified_gmt":"2022-06-13T00:06:58","slug":"por-falta-de-recursos-el-panorama-para-la-infraestructura-educativa-es-desalentador-advierten-autoridades-de-villa-de-la-paz","status":"publish","type":"post","link":"https:\/\/canal7slp.tv\/2022\/por-falta-de-recursos-el-panorama-para-la-infraestructura-educativa-es-desalentador-advierten-autoridades-de-villa-de-la-paz\/","title":{"rendered":"Por falta de recursos, el panorama para la infraestructura educativa es desalentador, advierten autoridades de Villa de la Paz."},"content":{"rendered":"<p style=\"text-align: justify;\">Villa de la Paz.- En entrevista para Noticieros Canal Siete, el Presidente Municipal de Villa de la Paz, habl\u00f3 sobre las gestiones que se han estado realizando, con el objetivo de generar m\u00e1s apoyos de infraestructura hacia las escuelas del municipio.<\/p>\n<p style=\"text-align: justify;\">\u201cEstamos todos los presidentes queremos aportar un poquito, porque lo que nos informaron es que se qued\u00f3 muy adeudado (el Gobierno del Estado), por tal motivo no hay muchas obras por parte de la Secretar\u00eda de Educaci\u00f3n\u201d, dijo.<\/p>\n<p style=\"text-align: justify;\">Armando Torres coment\u00f3 sobre las gestiones que se han realizado a nivel federal, de la mano con el Delegado Federal de la Secretar\u00eda del Bienestar, Jes\u00fas Guill\u00e9n Mart\u00ednez, \u201cse entregaron 18 apoyos, estamos hablando de siete millones de pesos, que llegan para 18 escuelas de Villa de la Paz, muy contento de que el Gobierno Federal haya puesto los ojos tambi\u00e9n en este municipio, ahorita hay que trabajar para que todos alcancen\u201d.<\/p>\n<p style=\"text-align: justify;\">Tras ser cuestionado sobre los apoyos educativos por parte del Gobierno del Estado, coment\u00f3 al respecto, \u201cno, todav\u00eda no nos llega, de hecho, estamos esperando las negociaciones con SEDESORE, para lo que es infraestructura de Villa de la Paz, se han retrasado un poquito los tiempos y comprendemos y sabemos que, en una transici\u00f3n de gobierno, las finanzas quedan bailando\u201d.<\/p>\n<p style=\"text-align: justify;\">Al final, Armando Torres, vislumbr\u00f3 un futuro complicado para la infraestructura educativa en su municipio, \u201cvamos a tratar de apoyar y gestionar, a esperar como viene el gobierno estatal, ya tuvimos un acercamiento con el licenciado Juan Carlos Torres Cedillo, las cosas no son muy alentadoras, pero vamos a seguir ech\u00e1ndole ganas\u201d.<\/p>\n<p style=\"text-align: justify;\">Por: Jes\u00fas Valencia<\/p>\n","protected":false},"excerpt":{"rendered":"<p>Villa de la Paz.- En entrevista para Noticieros Canal Siete, el Presidente Municipal de Villa de la Paz, habl\u00f3 sobre las gestiones que se han estado realizando, con el objetivo de generar m\u00e1s apoyos de infraestructura hacia las escuelas del municipio. \u201cEstamos todos los presidentes queremos aportar un poquito, porque lo que nos informaron es que se qued\u00f3 muy adeudado (el Gobierno del Estado), por tal motivo no hay muchas obras por parte de la Secretar\u00eda de Educaci\u00f3n\u201d, dijo. Armando Torres coment\u00f3 sobre las gestiones que se han realizado a nivel federal, de la mano con el Delegado Federal de [&hellip;]<\/p>\n","protected":false},"author":2,"featured_media":63377,"comment_status":"closed","ping_status":"closed","sticky":false,"template":"","format":"video","meta":{"footnotes":""},"categories":[5,43],"tags":[],"class_list":["post-63376","post","type-post","status-publish","format-video","has-post-thumbnail","hentry","category-destacadas","category-interior","post_format-post-format-video","post--single"],"yoast_head":"<!-- This site is optimized with the Yoast SEO plugin v27.5 - https:\/\/yoast.com\/product\/yoast-seo-wordpress\/ -->\n<title>Por falta de recursos, el panorama para la infraestructura educativa es desalentador, advierten autoridades de Villa de la Paz. - Canal 7 SLP - 2022<\/title>\n<meta name=\"robots\" content=\"index, follow, max-snippet:-1, max-image-preview:large, max-video-preview:-1\" \/>\n<link rel=\"canonical\" href=\"https:\/\/canal7slp.tv\/2022\/por-falta-de-recursos-el-panorama-para-la-infraestructura-educativa-es-desalentador-advierten-autoridades-de-villa-de-la-paz\/\" \/>\n<meta property=\"og:locale\" content=\"es_ES\" \/>\n<meta property=\"og:type\" content=\"article\" \/>\n<meta property=\"og:title\" content=\"Por falta de recursos, el panorama para la infraestructura educativa es desalentador, advierten autoridades de Villa de la Paz. - Canal 7 SLP - 2022\" \/>\n<meta property=\"og:description\" content=\"Villa de la Paz.- En entrevista para Noticieros Canal Siete, el Presidente Municipal de Villa de la Paz, habl\u00f3 sobre las gestiones que se han estado realizando, con el objetivo de generar m\u00e1s apoyos de infraestructura hacia las escuelas del municipio. \u201cEstamos todos los presidentes queremos aportar un poquito, porque lo que nos informaron es que se qued\u00f3 muy adeudado (el Gobierno del Estado), por tal motivo no hay muchas obras por parte de la Secretar\u00eda de Educaci\u00f3n\u201d, dijo. Armando Torres coment\u00f3 sobre las gestiones que se han realizado a nivel federal, de la mano con el Delegado Federal de [&hellip;]\" \/>\n<meta property=\"og:url\" content=\"https:\/\/canal7slp.tv\/2022\/por-falta-de-recursos-el-panorama-para-la-infraestructura-educativa-es-desalentador-advierten-autoridades-de-villa-de-la-paz\/\" \/>\n<meta property=\"og:site_name\" content=\"Canal 7 SLP - 2022\" \/>\n<meta property=\"article:publisher\" content=\"https:\/\/www.facebook.com\/noticieroscanalsiete\" \/>\n<meta property=\"article:published_time\" content=\"2022-06-13T00:06:58+00:00\" \/>\n<meta property=\"og:image\" content=\"https:\/\/canal7slp.tv\/2022\/wp-content\/uploads\/2022\/06\/Valencia01Infraestructura.jpg\" \/>\n\t<meta property=\"og:image:width\" content=\"854\" \/>\n\t<meta property=\"og:image:height\" content=\"480\" \/>\n\t<meta property=\"og:image:type\" content=\"image\/jpeg\" \/>\n<meta name=\"author\" content=\"Edici\u00f3n Web\" \/>\n<meta name=\"twitter:card\" content=\"summary_large_image\" \/>\n<meta name=\"twitter:creator\" content=\"@NOTICIEROS7\" \/>\n<meta name=\"twitter:site\" content=\"@NOTICIEROS7\" \/>\n<meta name=\"twitter:label1\" content=\"Escrito por\" \/>\n\t<meta name=\"twitter:data1\" content=\"Edici\u00f3n Web\" \/>\n\t<meta name=\"twitter:label2\" content=\"Tiempo de lectura\" \/>\n\t<meta name=\"twitter:data2\" content=\"2 minutos\" \/>\n<script type=\"application\/ld+json\" class=\"yoast-schema-graph\">{\"@context\":\"https:\\\/\\\/schema.org\",\"@graph\":[{\"@type\":\"Article\",\"@id\":\"https:\\\/\\\/canal7slp.tv\\\/2022\\\/por-falta-de-recursos-el-panorama-para-la-infraestructura-educativa-es-desalentador-advierten-autoridades-de-villa-de-la-paz\\\/#article\",\"isPartOf\":{\"@id\":\"https:\\\/\\\/canal7slp.tv\\\/2022\\\/por-falta-de-recursos-el-panorama-para-la-infraestructura-educativa-es-desalentador-advierten-autoridades-de-villa-de-la-paz\\\/\"},\"author\":{\"name\":\"Edici\u00f3n Web\",\"@id\":\"https:\\\/\\\/canal7slp.tv\\\/2022\\\/#\\\/schema\\\/person\\\/429704152a21f5f856ce29aa69a238da\"},\"headline\":\"Por falta de recursos, el panorama para la infraestructura educativa es desalentador, advierten autoridades de Villa de la Paz.\",\"datePublished\":\"2022-06-13T00:06:58+00:00\",\"mainEntityOfPage\":{\"@id\":\"https:\\\/\\\/canal7slp.tv\\\/2022\\\/por-falta-de-recursos-el-panorama-para-la-infraestructura-educativa-es-desalentador-advierten-autoridades-de-villa-de-la-paz\\\/\"},\"wordCount\":296,\"publisher\":{\"@id\":\"https:\\\/\\\/canal7slp.tv\\\/2022\\\/#organization\"},\"image\":{\"@id\":\"https:\\\/\\\/canal7slp.tv\\\/2022\\\/por-falta-de-recursos-el-panorama-para-la-infraestructura-educativa-es-desalentador-advierten-autoridades-de-villa-de-la-paz\\\/#primaryimage\"},\"thumbnailUrl\":\"https:\\\/\\\/canal7slp.tv\\\/2022\\\/wp-content\\\/uploads\\\/2022\\\/06\\\/Valencia01Infraestructura.jpg\",\"articleSection\":[\"DESTACADAS\",\"INTERIOR DEL ESTADO\"],\"inLanguage\":\"es\"},{\"@type\":\"WebPage\",\"@id\":\"https:\\\/\\\/canal7slp.tv\\\/2022\\\/por-falta-de-recursos-el-panorama-para-la-infraestructura-educativa-es-desalentador-advierten-autoridades-de-villa-de-la-paz\\\/\",\"url\":\"https:\\\/\\\/canal7slp.tv\\\/2022\\\/por-falta-de-recursos-el-panorama-para-la-infraestructura-educativa-es-desalentador-advierten-autoridades-de-villa-de-la-paz\\\/\",\"name\":\"Por falta de recursos, el panorama para la infraestructura educativa es desalentador, advierten autoridades de Villa de la Paz. - Canal 7 SLP - 2022\",\"isPartOf\":{\"@id\":\"https:\\\/\\\/canal7slp.tv\\\/2022\\\/#website\"},\"primaryImageOfPage\":{\"@id\":\"https:\\\/\\\/canal7slp.tv\\\/2022\\\/por-falta-de-recursos-el-panorama-para-la-infraestructura-educativa-es-desalentador-advierten-autoridades-de-villa-de-la-paz\\\/#primaryimage\"},\"image\":{\"@id\":\"https:\\\/\\\/canal7slp.tv\\\/2022\\\/por-falta-de-recursos-el-panorama-para-la-infraestructura-educativa-es-desalentador-advierten-autoridades-de-villa-de-la-paz\\\/#primaryimage\"},\"thumbnailUrl\":\"https:\\\/\\\/canal7slp.tv\\\/2022\\\/wp-content\\\/uploads\\\/2022\\\/06\\\/Valencia01Infraestructura.jpg\",\"datePublished\":\"2022-06-13T00:06:58+00:00\",\"breadcrumb\":{\"@id\":\"https:\\\/\\\/canal7slp.tv\\\/2022\\\/por-falta-de-recursos-el-panorama-para-la-infraestructura-educativa-es-desalentador-advierten-autoridades-de-villa-de-la-paz\\\/#breadcrumb\"},\"inLanguage\":\"es\",\"potentialAction\":[{\"@type\":\"ReadAction\",\"target\":[\"https:\\\/\\\/canal7slp.tv\\\/2022\\\/por-falta-de-recursos-el-panorama-para-la-infraestructura-educativa-es-desalentador-advierten-autoridades-de-villa-de-la-paz\\\/\"]}]},{\"@type\":\"ImageObject\",\"inLanguage\":\"es\",\"@id\":\"https:\\\/\\\/canal7slp.tv\\\/2022\\\/por-falta-de-recursos-el-panorama-para-la-infraestructura-educativa-es-desalentador-advierten-autoridades-de-villa-de-la-paz\\\/#primaryimage\",\"url\":\"https:\\\/\\\/canal7slp.tv\\\/2022\\\/wp-content\\\/uploads\\\/2022\\\/06\\\/Valencia01Infraestructura.jpg\",\"contentUrl\":\"https:\\\/\\\/canal7slp.tv\\\/2022\\\/wp-content\\\/uploads\\\/2022\\\/06\\\/Valencia01Infraestructura.jpg\",\"width\":854,\"height\":480},{\"@type\":\"BreadcrumbList\",\"@id\":\"https:\\\/\\\/canal7slp.tv\\\/2022\\\/por-falta-de-recursos-el-panorama-para-la-infraestructura-educativa-es-desalentador-advierten-autoridades-de-villa-de-la-paz\\\/#breadcrumb\",\"itemListElement\":[{\"@type\":\"ListItem\",\"position\":1,\"name\":\"Portada\",\"item\":\"https:\\\/\\\/canal7slp.tv\\\/2022\\\/\"},{\"@type\":\"ListItem\",\"position\":2,\"name\":\"Por falta de recursos, el panorama para la infraestructura educativa es desalentador, advierten autoridades de Villa de la Paz.\"}]},{\"@type\":\"WebSite\",\"@id\":\"https:\\\/\\\/canal7slp.tv\\\/2022\\\/#website\",\"url\":\"https:\\\/\\\/canal7slp.tv\\\/2022\\\/\",\"name\":\"N7 - Noticieros Canal 7\",\"description\":\"Somos Televisi\u00f3n\",\"publisher\":{\"@id\":\"https:\\\/\\\/canal7slp.tv\\\/2022\\\/#organization\"},\"potentialAction\":[{\"@type\":\"SearchAction\",\"target\":{\"@type\":\"EntryPoint\",\"urlTemplate\":\"https:\\\/\\\/canal7slp.tv\\\/2022\\\/?s={search_term_string}\"},\"query-input\":{\"@type\":\"PropertyValueSpecification\",\"valueRequired\":true,\"valueName\":\"search_term_string\"}}],\"inLanguage\":\"es\"},{\"@type\":\"Organization\",\"@id\":\"https:\\\/\\\/canal7slp.tv\\\/2022\\\/#organization\",\"name\":\"Noticieros Canal 7\",\"url\":\"https:\\\/\\\/canal7slp.tv\\\/2022\\\/\",\"logo\":{\"@type\":\"ImageObject\",\"inLanguage\":\"es\",\"@id\":\"https:\\\/\\\/canal7slp.tv\\\/2022\\\/#\\\/schema\\\/logo\\\/image\\\/\",\"url\":\"https:\\\/\\\/canal7slp.tv\\\/2022\\\/wp-content\\\/uploads\\\/2021\\\/01\\\/logo-noticieros@2x.png\",\"contentUrl\":\"https:\\\/\\\/canal7slp.tv\\\/2022\\\/wp-content\\\/uploads\\\/2021\\\/01\\\/logo-noticieros@2x.png\",\"width\":1017,\"height\":268,\"caption\":\"Noticieros Canal 7\"},\"image\":{\"@id\":\"https:\\\/\\\/canal7slp.tv\\\/2022\\\/#\\\/schema\\\/logo\\\/image\\\/\"},\"sameAs\":[\"https:\\\/\\\/www.facebook.com\\\/noticieroscanalsiete\",\"https:\\\/\\\/x.com\\\/NOTICIEROS7\",\"https:\\\/\\\/www.instagram.com\\\/canal7_slp\",\"https:\\\/\\\/www.youtube.com\\\/channel\\\/UCliiYs-gP3JfJeqdPrNdd5A\"]},{\"@type\":\"Person\",\"@id\":\"https:\\\/\\\/canal7slp.tv\\\/2022\\\/#\\\/schema\\\/person\\\/429704152a21f5f856ce29aa69a238da\",\"name\":\"Edici\u00f3n Web\",\"image\":{\"@type\":\"ImageObject\",\"inLanguage\":\"es\",\"@id\":\"https:\\\/\\\/secure.gravatar.com\\\/avatar\\\/eee448fc3f7164808013b816ba91ac7e43bbe82a70bebac296f8bc6f0addaa1a?s=96&d=mm&r=g\",\"url\":\"https:\\\/\\\/secure.gravatar.com\\\/avatar\\\/eee448fc3f7164808013b816ba91ac7e43bbe82a70bebac296f8bc6f0addaa1a?s=96&d=mm&r=g\",\"contentUrl\":\"https:\\\/\\\/secure.gravatar.com\\\/avatar\\\/eee448fc3f7164808013b816ba91ac7e43bbe82a70bebac296f8bc6f0addaa1a?s=96&d=mm&r=g\",\"caption\":\"Edici\u00f3n Web\"},\"url\":\"https:\\\/\\\/canal7slp.tv\\\/2022\\\/author\\\/edicionweb\\\/\"}]}<\/script>\n<!-- \/ Yoast SEO plugin. -->","yoast_head_json":{"title":"Por falta de recursos, el panorama para la infraestructura educativa es desalentador, advierten autoridades de Villa de la Paz. - Canal 7 SLP - 2022","robots":{"index":"index","follow":"follow","max-snippet":"max-snippet:-1","max-image-preview":"max-image-preview:large","max-video-preview":"max-video-preview:-1"},"canonical":"https:\/\/canal7slp.tv\/2022\/por-falta-de-recursos-el-panorama-para-la-infraestructura-educativa-es-desalentador-advierten-autoridades-de-villa-de-la-paz\/","og_locale":"es_ES","og_type":"article","og_title":"Por falta de recursos, el panorama para la infraestructura educativa es desalentador, advierten autoridades de Villa de la Paz. - Canal 7 SLP - 2022","og_description":"Villa de la Paz.- En entrevista para Noticieros Canal Siete, el Presidente Municipal de Villa de la Paz, habl\u00f3 sobre las gestiones que se han estado realizando, con el objetivo de generar m\u00e1s apoyos de infraestructura hacia las escuelas del municipio. \u201cEstamos todos los presidentes queremos aportar un poquito, porque lo que nos informaron es que se qued\u00f3 muy adeudado (el Gobierno del Estado), por tal motivo no hay muchas obras por parte de la Secretar\u00eda de Educaci\u00f3n\u201d, dijo. Armando Torres coment\u00f3 sobre las gestiones que se han realizado a nivel federal, de la mano con el Delegado Federal de [&hellip;]","og_url":"https:\/\/canal7slp.tv\/2022\/por-falta-de-recursos-el-panorama-para-la-infraestructura-educativa-es-desalentador-advierten-autoridades-de-villa-de-la-paz\/","og_site_name":"Canal 7 SLP - 2022","article_publisher":"https:\/\/www.facebook.com\/noticieroscanalsiete","article_published_time":"2022-06-13T00:06:58+00:00","og_image":[{"width":854,"height":480,"url":"https:\/\/canal7slp.tv\/2022\/wp-content\/uploads\/2022\/06\/Valencia01Infraestructura.jpg","type":"image\/jpeg"}],"author":"Edici\u00f3n Web","twitter_card":"summary_large_image","twitter_creator":"@NOTICIEROS7","twitter_site":"@NOTICIEROS7","twitter_misc":{"Escrito por":"Edici\u00f3n Web","Tiempo de lectura":"2 minutos"},"schema":{"@context":"https:\/\/schema.org","@graph":[{"@type":"Article","@id":"https:\/\/canal7slp.tv\/2022\/por-falta-de-recursos-el-panorama-para-la-infraestructura-educativa-es-desalentador-advierten-autoridades-de-villa-de-la-paz\/#article","isPartOf":{"@id":"https:\/\/canal7slp.tv\/2022\/por-falta-de-recursos-el-panorama-para-la-infraestructura-educativa-es-desalentador-advierten-autoridades-de-villa-de-la-paz\/"},"author":{"name":"Edici\u00f3n Web","@id":"https:\/\/canal7slp.tv\/2022\/#\/schema\/person\/429704152a21f5f856ce29aa69a238da"},"headline":"Por falta de recursos, el panorama para la infraestructura educativa es desalentador, advierten autoridades de Villa de la Paz.","datePublished":"2022-06-13T00:06:58+00:00","mainEntityOfPage":{"@id":"https:\/\/canal7slp.tv\/2022\/por-falta-de-recursos-el-panorama-para-la-infraestructura-educativa-es-desalentador-advierten-autoridades-de-villa-de-la-paz\/"},"wordCount":296,"publisher":{"@id":"https:\/\/canal7slp.tv\/2022\/#organization"},"image":{"@id":"https:\/\/canal7slp.tv\/2022\/por-falta-de-recursos-el-panorama-para-la-infraestructura-educativa-es-desalentador-advierten-autoridades-de-villa-de-la-paz\/#primaryimage"},"thumbnailUrl":"https:\/\/canal7slp.tv\/2022\/wp-content\/uploads\/2022\/06\/Valencia01Infraestructura.jpg","articleSection":["DESTACADAS","INTERIOR DEL ESTADO"],"inLanguage":"es"},{"@type":"WebPage","@id":"https:\/\/canal7slp.tv\/2022\/por-falta-de-recursos-el-panorama-para-la-infraestructura-educativa-es-desalentador-advierten-autoridades-de-villa-de-la-paz\/","url":"https:\/\/canal7slp.tv\/2022\/por-falta-de-recursos-el-panorama-para-la-infraestructura-educativa-es-desalentador-advierten-autoridades-de-villa-de-la-paz\/","name":"Por falta de recursos, el panorama para la infraestructura educativa es desalentador, advierten autoridades de Villa de la Paz. - Canal 7 SLP - 2022","isPartOf":{"@id":"https:\/\/canal7slp.tv\/2022\/#website"},"primaryImageOfPage":{"@id":"https:\/\/canal7slp.tv\/2022\/por-falta-de-recursos-el-panorama-para-la-infraestructura-educativa-es-desalentador-advierten-autoridades-de-villa-de-la-paz\/#primaryimage"},"image":{"@id":"https:\/\/canal7slp.tv\/2022\/por-falta-de-recursos-el-panorama-para-la-infraestructura-educativa-es-desalentador-advierten-autoridades-de-villa-de-la-paz\/#primaryimage"},"thumbnailUrl":"https:\/\/canal7slp.tv\/2022\/wp-content\/uploads\/2022\/06\/Valencia01Infraestructura.jpg","datePublished":"2022-06-13T00:06:58+00:00","breadcrumb":{"@id":"https:\/\/canal7slp.tv\/2022\/por-falta-de-recursos-el-panorama-para-la-infraestructura-educativa-es-desalentador-advierten-autoridades-de-villa-de-la-paz\/#breadcrumb"},"inLanguage":"es","potentialAction":[{"@type":"ReadAction","target":["https:\/\/canal7slp.tv\/2022\/por-falta-de-recursos-el-panorama-para-la-infraestructura-educativa-es-desalentador-advierten-autoridades-de-villa-de-la-paz\/"]}]},{"@type":"ImageObject","inLanguage":"es","@id":"https:\/\/canal7slp.tv\/2022\/por-falta-de-recursos-el-panorama-para-la-infraestructura-educativa-es-desalentador-advierten-autoridades-de-villa-de-la-paz\/#primaryimage","url":"https:\/\/canal7slp.tv\/2022\/wp-content\/uploads\/2022\/06\/Valencia01Infraestructura.jpg","contentUrl":"https:\/\/canal7slp.tv\/2022\/wp-content\/uploads\/2022\/06\/Valencia01Infraestructura.jpg","width":854,"height":480},{"@type":"BreadcrumbList","@id":"https:\/\/canal7slp.tv\/2022\/por-falta-de-recursos-el-panorama-para-la-infraestructura-educativa-es-desalentador-advierten-autoridades-de-villa-de-la-paz\/#breadcrumb","itemListElement":[{"@type":"ListItem","position":1,"name":"Portada","item":"https:\/\/canal7slp.tv\/2022\/"},{"@type":"ListItem","position":2,"name":"Por falta de recursos, el panorama para la infraestructura educativa es desalentador, advierten autoridades de Villa de la Paz."}]},{"@type":"WebSite","@id":"https:\/\/canal7slp.tv\/2022\/#website","url":"https:\/\/canal7slp.tv\/2022\/","name":"N7 - Noticieros Canal 7","description":"Somos Televisi\u00f3n","publisher":{"@id":"https:\/\/canal7slp.tv\/2022\/#organization"},"potentialAction":[{"@type":"SearchAction","target":{"@type":"EntryPoint","urlTemplate":"https:\/\/canal7slp.tv\/2022\/?s={search_term_string}"},"query-input":{"@type":"PropertyValueSpecification","valueRequired":true,"valueName":"search_term_string"}}],"inLanguage":"es"},{"@type":"Organization","@id":"https:\/\/canal7slp.tv\/2022\/#organization","name":"Noticieros Canal 7","url":"https:\/\/canal7slp.tv\/2022\/","logo":{"@type":"ImageObject","inLanguage":"es","@id":"https:\/\/canal7slp.tv\/2022\/#\/schema\/logo\/image\/","url":"https:\/\/canal7slp.tv\/2022\/wp-content\/uploads\/2021\/01\/logo-noticieros@2x.png","contentUrl":"https:\/\/canal7slp.tv\/2022\/wp-content\/uploads\/2021\/01\/logo-noticieros@2x.png","width":1017,"height":268,"caption":"Noticieros Canal 7"},"image":{"@id":"https:\/\/canal7slp.tv\/2022\/#\/schema\/logo\/image\/"},"sameAs":["https:\/\/www.facebook.com\/noticieroscanalsiete","https:\/\/x.com\/NOTICIEROS7","https:\/\/www.instagram.com\/canal7_slp","https:\/\/www.youtube.com\/channel\/UCliiYs-gP3JfJeqdPrNdd5A"]},{"@type":"Person","@id":"https:\/\/canal7slp.tv\/2022\/#\/schema\/person\/429704152a21f5f856ce29aa69a238da","name":"Edici\u00f3n Web","image":{"@type":"ImageObject","inLanguage":"es","@id":"https:\/\/secure.gravatar.com\/avatar\/eee448fc3f7164808013b816ba91ac7e43bbe82a70bebac296f8bc6f0addaa1a?s=96&d=mm&r=g","url":"https:\/\/secure.gravatar.com\/avatar\/eee448fc3f7164808013b816ba91ac7e43bbe82a70bebac296f8bc6f0addaa1a?s=96&d=mm&r=g","contentUrl":"https:\/\/secure.gravatar.com\/avatar\/eee448fc3f7164808013b816ba91ac7e43bbe82a70bebac296f8bc6f0addaa1a?s=96&d=mm&r=g","caption":"Edici\u00f3n Web"},"url":"https:\/\/canal7slp.tv\/2022\/author\/edicionweb\/"}]}},"amp_enabled":true,"_links":{"self":[{"href":"https:\/\/canal7slp.tv\/2022\/wp-json\/wp\/v2\/posts\/63376","targetHints":{"allow":["GET"]}}],"collection":[{"href":"https:\/\/canal7slp.tv\/2022\/wp-json\/wp\/v2\/posts"}],"about":[{"href":"https:\/\/canal7slp.tv\/2022\/wp-json\/wp\/v2\/types\/post"}],"author":[{"embeddable":true,"href":"https:\/\/canal7slp.tv\/2022\/wp-json\/wp\/v2\/users\/2"}],"replies":[{"embeddable":true,"href":"https:\/\/canal7slp.tv\/2022\/wp-json\/wp\/v2\/comments?post=63376"}],"version-history":[{"count":1,"href":"https:\/\/canal7slp.tv\/2022\/wp-json\/wp\/v2\/posts\/63376\/revisions"}],"predecessor-version":[{"id":63378,"href":"https:\/\/canal7slp.tv\/2022\/wp-json\/wp\/v2\/posts\/63376\/revisions\/63378"}],"wp:featuredmedia":[{"embeddable":true,"href":"https:\/\/canal7slp.tv\/2022\/wp-json\/wp\/v2\/media\/63377"}],"wp:attachment":[{"href":"https:\/\/canal7slp.tv\/2022\/wp-json\/wp\/v2\/media?parent=63376"}],"wp:term":[{"taxonomy":"category","embeddable":true,"href":"https:\/\/canal7slp.tv\/2022\/wp-json\/wp\/v2\/categories?post=63376"},{"taxonomy":"post_tag","embeddable":true,"href":"https:\/\/canal7slp.tv\/2022\/wp-json\/wp\/v2\/tags?post=63376"}],"curies":[{"name":"wp","href":"https:\/\/api.w.org\/{rel}","templated":true}]}}