{"id":63372,"date":"2022-06-12T18:00:28","date_gmt":"2022-06-13T00:00:28","guid":{"rendered":"https:\/\/canal7slp.tv\/2022\/?p=63372"},"modified":"2022-06-12T18:00:28","modified_gmt":"2022-06-13T00:00:28","slug":"convoy-de-25-camionetas-con-hombres-armados-pasa-frente-el-ejercito-en-guerrero","status":"publish","type":"post","link":"https:\/\/canal7slp.tv\/2022\/convoy-de-25-camionetas-con-hombres-armados-pasa-frente-el-ejercito-en-guerrero\/","title":{"rendered":"Convoy de 25 camionetas con hombres armados pasa frente el ej\u00e9rcito en Guerrero"},"content":{"rendered":"<p style=\"text-align: justify;\">Guerrero.-\u00a0Un convoy de hombres armados a bordo de aproximadamente 25 camionetas pas\u00f3 frente el Ej\u00e9rcito, sin que se les dijera algo.<\/p>\n<div style=\"width: 320px;\" class=\"wp-video\"><video class=\"wp-video-shortcode\" id=\"video-63372-1\" width=\"320\" height=\"580\" preload=\"metadata\" controls=\"controls\"><source type=\"video\/mp4\" src=\"https:\/\/canal7slp.tv\/2022\/wp-content\/uploads\/2022\/06\/WhatsApp-Video-2022-06-12-at-6.51.19-PM.mp4?_=1\" \/><a href=\"https:\/\/canal7slp.tv\/2022\/wp-content\/uploads\/2022\/06\/WhatsApp-Video-2022-06-12-at-6.51.19-PM.mp4\">https:\/\/canal7slp.tv\/2022\/wp-content\/uploads\/2022\/06\/WhatsApp-Video-2022-06-12-at-6.51.19-PM.mp4<\/a><\/video><\/div>\n<p>&nbsp;<\/p>\n<p style=\"text-align: justify;\">En redes sociales se comparte el video en el que se observa a los individuos con armas de alto calibre y uniformes tipo militar.<\/p>\n<p style=\"text-align: justify;\">En tanto los soldados les observan al pasar.<\/p>\n<p style=\"text-align: justify;\">Previamente un enfrentamiento entre grupos armados en Tecoanapa, Guerrero dej\u00f3 como saldo una persona muerta en una estaci\u00f3n de servicio.<\/p>\n<p style=\"text-align: justify;\">De acuerdo con los reportes, este fin de semana se registr\u00f3 el incidente sobre la carretera federal Florencio Villarreal-Tierra Colorada.<\/p>\n<p style=\"text-align: justify;\">Al parecer agentes estatales se trasladaron al sitio para respaldar a polic\u00edas municipales.<\/p>\n<p style=\"text-align: justify;\">No obstante, en el camino se encontraron con cerca de 300 miembros de la Uni\u00f3n de Pueblos y Organizaciones del Estado de Guerrero (UPOEG).<\/p>\n<p style=\"text-align: justify;\">Trascendi\u00f3 que los integrantes de dicha agrupaci\u00f3n les quitaron algunos celulares e impidieron su paso.<\/p>\n<p style=\"text-align: justify;\">Por lo que abandonaron la zona.<\/p>\n","protected":false},"excerpt":{"rendered":"<p>Guerrero.-\u00a0Un convoy de hombres armados a bordo de aproximadamente 25 camionetas pas\u00f3 frente el Ej\u00e9rcito, sin que se les dijera algo. &nbsp; En redes sociales se comparte el video en el que se observa a los individuos con armas de alto calibre y uniformes tipo militar. En tanto los soldados les observan al pasar. Previamente un enfrentamiento entre grupos armados en Tecoanapa, Guerrero dej\u00f3 como saldo una persona muerta en una estaci\u00f3n de servicio. De acuerdo con los reportes, este fin de semana se registr\u00f3 el incidente sobre la carretera federal Florencio Villarreal-Tierra Colorada. Al parecer agentes estatales se trasladaron [&hellip;]<\/p>\n","protected":false},"author":2,"featured_media":63374,"comment_status":"closed","ping_status":"closed","sticky":false,"template":"","format":"standard","meta":{"footnotes":""},"categories":[48],"tags":[],"class_list":["post-63372","post","type-post","status-publish","format-standard","has-post-thumbnail","hentry","category-reporte7","post--single"],"yoast_head":"<!-- This site is optimized with the Yoast SEO plugin v27.5 - https:\/\/yoast.com\/product\/yoast-seo-wordpress\/ -->\n<title>Convoy de 25 camionetas con hombres armados pasa frente el ej\u00e9rcito en Guerrero - Canal 7 SLP - 2022<\/title>\n<meta name=\"robots\" content=\"index, follow, max-snippet:-1, max-image-preview:large, max-video-preview:-1\" \/>\n<link rel=\"canonical\" href=\"https:\/\/canal7slp.tv\/2022\/convoy-de-25-camionetas-con-hombres-armados-pasa-frente-el-ejercito-en-guerrero\/\" \/>\n<meta property=\"og:locale\" content=\"es_ES\" \/>\n<meta property=\"og:type\" content=\"article\" \/>\n<meta property=\"og:title\" content=\"Convoy de 25 camionetas con hombres armados pasa frente el ej\u00e9rcito en Guerrero - Canal 7 SLP - 2022\" \/>\n<meta property=\"og:description\" content=\"Guerrero.-\u00a0Un convoy de hombres armados a bordo de aproximadamente 25 camionetas pas\u00f3 frente el Ej\u00e9rcito, sin que se les dijera algo. &nbsp; En redes sociales se comparte el video en el que se observa a los individuos con armas de alto calibre y uniformes tipo militar. En tanto los soldados les observan al pasar. Previamente un enfrentamiento entre grupos armados en Tecoanapa, Guerrero dej\u00f3 como saldo una persona muerta en una estaci\u00f3n de servicio. De acuerdo con los reportes, este fin de semana se registr\u00f3 el incidente sobre la carretera federal Florencio Villarreal-Tierra Colorada. Al parecer agentes estatales se trasladaron [&hellip;]\" \/>\n<meta property=\"og:url\" content=\"https:\/\/canal7slp.tv\/2022\/convoy-de-25-camionetas-con-hombres-armados-pasa-frente-el-ejercito-en-guerrero\/\" \/>\n<meta property=\"og:site_name\" content=\"Canal 7 SLP - 2022\" \/>\n<meta property=\"article:publisher\" content=\"https:\/\/www.facebook.com\/noticieroscanalsiete\" \/>\n<meta property=\"article:published_time\" content=\"2022-06-13T00:00:28+00:00\" \/>\n<meta property=\"og:image\" content=\"https:\/\/canal7slp.tv\/2022\/wp-content\/uploads\/2022\/06\/ConvoyB.png\" \/>\n\t<meta property=\"og:image:width\" content=\"800\" \/>\n\t<meta property=\"og:image:height\" content=\"580\" \/>\n\t<meta property=\"og:image:type\" content=\"image\/png\" \/>\n<meta name=\"author\" content=\"Edici\u00f3n Web\" \/>\n<meta name=\"twitter:card\" content=\"summary_large_image\" \/>\n<meta name=\"twitter:creator\" content=\"@NOTICIEROS7\" \/>\n<meta name=\"twitter:site\" content=\"@NOTICIEROS7\" \/>\n<meta name=\"twitter:label1\" content=\"Escrito por\" \/>\n\t<meta name=\"twitter:data1\" content=\"Edici\u00f3n Web\" \/>\n\t<meta name=\"twitter:label2\" content=\"Tiempo de lectura\" \/>\n\t<meta name=\"twitter:data2\" content=\"1 minuto\" \/>\n<script type=\"application\/ld+json\" class=\"yoast-schema-graph\">{\"@context\":\"https:\\\/\\\/schema.org\",\"@graph\":[{\"@type\":\"Article\",\"@id\":\"https:\\\/\\\/canal7slp.tv\\\/2022\\\/convoy-de-25-camionetas-con-hombres-armados-pasa-frente-el-ejercito-en-guerrero\\\/#article\",\"isPartOf\":{\"@id\":\"https:\\\/\\\/canal7slp.tv\\\/2022\\\/convoy-de-25-camionetas-con-hombres-armados-pasa-frente-el-ejercito-en-guerrero\\\/\"},\"author\":{\"name\":\"Edici\u00f3n Web\",\"@id\":\"https:\\\/\\\/canal7slp.tv\\\/2022\\\/#\\\/schema\\\/person\\\/429704152a21f5f856ce29aa69a238da\"},\"headline\":\"Convoy de 25 camionetas con hombres armados pasa frente el ej\u00e9rcito en Guerrero\",\"datePublished\":\"2022-06-13T00:00:28+00:00\",\"mainEntityOfPage\":{\"@id\":\"https:\\\/\\\/canal7slp.tv\\\/2022\\\/convoy-de-25-camionetas-con-hombres-armados-pasa-frente-el-ejercito-en-guerrero\\\/\"},\"wordCount\":187,\"publisher\":{\"@id\":\"https:\\\/\\\/canal7slp.tv\\\/2022\\\/#organization\"},\"image\":{\"@id\":\"https:\\\/\\\/canal7slp.tv\\\/2022\\\/convoy-de-25-camionetas-con-hombres-armados-pasa-frente-el-ejercito-en-guerrero\\\/#primaryimage\"},\"thumbnailUrl\":\"https:\\\/\\\/canal7slp.tv\\\/2022\\\/wp-content\\\/uploads\\\/2022\\\/06\\\/ConvoyB.png\",\"articleSection\":[\"REPORTE 7\"],\"inLanguage\":\"es\"},{\"@type\":\"WebPage\",\"@id\":\"https:\\\/\\\/canal7slp.tv\\\/2022\\\/convoy-de-25-camionetas-con-hombres-armados-pasa-frente-el-ejercito-en-guerrero\\\/\",\"url\":\"https:\\\/\\\/canal7slp.tv\\\/2022\\\/convoy-de-25-camionetas-con-hombres-armados-pasa-frente-el-ejercito-en-guerrero\\\/\",\"name\":\"Convoy de 25 camionetas con hombres armados pasa frente el ej\u00e9rcito en Guerrero - Canal 7 SLP - 2022\",\"isPartOf\":{\"@id\":\"https:\\\/\\\/canal7slp.tv\\\/2022\\\/#website\"},\"primaryImageOfPage\":{\"@id\":\"https:\\\/\\\/canal7slp.tv\\\/2022\\\/convoy-de-25-camionetas-con-hombres-armados-pasa-frente-el-ejercito-en-guerrero\\\/#primaryimage\"},\"image\":{\"@id\":\"https:\\\/\\\/canal7slp.tv\\\/2022\\\/convoy-de-25-camionetas-con-hombres-armados-pasa-frente-el-ejercito-en-guerrero\\\/#primaryimage\"},\"thumbnailUrl\":\"https:\\\/\\\/canal7slp.tv\\\/2022\\\/wp-content\\\/uploads\\\/2022\\\/06\\\/ConvoyB.png\",\"datePublished\":\"2022-06-13T00:00:28+00:00\",\"breadcrumb\":{\"@id\":\"https:\\\/\\\/canal7slp.tv\\\/2022\\\/convoy-de-25-camionetas-con-hombres-armados-pasa-frente-el-ejercito-en-guerrero\\\/#breadcrumb\"},\"inLanguage\":\"es\",\"potentialAction\":[{\"@type\":\"ReadAction\",\"target\":[\"https:\\\/\\\/canal7slp.tv\\\/2022\\\/convoy-de-25-camionetas-con-hombres-armados-pasa-frente-el-ejercito-en-guerrero\\\/\"]}]},{\"@type\":\"ImageObject\",\"inLanguage\":\"es\",\"@id\":\"https:\\\/\\\/canal7slp.tv\\\/2022\\\/convoy-de-25-camionetas-con-hombres-armados-pasa-frente-el-ejercito-en-guerrero\\\/#primaryimage\",\"url\":\"https:\\\/\\\/canal7slp.tv\\\/2022\\\/wp-content\\\/uploads\\\/2022\\\/06\\\/ConvoyB.png\",\"contentUrl\":\"https:\\\/\\\/canal7slp.tv\\\/2022\\\/wp-content\\\/uploads\\\/2022\\\/06\\\/ConvoyB.png\",\"width\":800,\"height\":580},{\"@type\":\"BreadcrumbList\",\"@id\":\"https:\\\/\\\/canal7slp.tv\\\/2022\\\/convoy-de-25-camionetas-con-hombres-armados-pasa-frente-el-ejercito-en-guerrero\\\/#breadcrumb\",\"itemListElement\":[{\"@type\":\"ListItem\",\"position\":1,\"name\":\"Portada\",\"item\":\"https:\\\/\\\/canal7slp.tv\\\/2022\\\/\"},{\"@type\":\"ListItem\",\"position\":2,\"name\":\"Convoy de 25 camionetas con hombres armados pasa frente el ej\u00e9rcito en Guerrero\"}]},{\"@type\":\"WebSite\",\"@id\":\"https:\\\/\\\/canal7slp.tv\\\/2022\\\/#website\",\"url\":\"https:\\\/\\\/canal7slp.tv\\\/2022\\\/\",\"name\":\"N7 - Noticieros Canal 7\",\"description\":\"Somos Televisi\u00f3n\",\"publisher\":{\"@id\":\"https:\\\/\\\/canal7slp.tv\\\/2022\\\/#organization\"},\"potentialAction\":[{\"@type\":\"SearchAction\",\"target\":{\"@type\":\"EntryPoint\",\"urlTemplate\":\"https:\\\/\\\/canal7slp.tv\\\/2022\\\/?s={search_term_string}\"},\"query-input\":{\"@type\":\"PropertyValueSpecification\",\"valueRequired\":true,\"valueName\":\"search_term_string\"}}],\"inLanguage\":\"es\"},{\"@type\":\"Organization\",\"@id\":\"https:\\\/\\\/canal7slp.tv\\\/2022\\\/#organization\",\"name\":\"Noticieros Canal 7\",\"url\":\"https:\\\/\\\/canal7slp.tv\\\/2022\\\/\",\"logo\":{\"@type\":\"ImageObject\",\"inLanguage\":\"es\",\"@id\":\"https:\\\/\\\/canal7slp.tv\\\/2022\\\/#\\\/schema\\\/logo\\\/image\\\/\",\"url\":\"https:\\\/\\\/canal7slp.tv\\\/2022\\\/wp-content\\\/uploads\\\/2021\\\/01\\\/logo-noticieros@2x.png\",\"contentUrl\":\"https:\\\/\\\/canal7slp.tv\\\/2022\\\/wp-content\\\/uploads\\\/2021\\\/01\\\/logo-noticieros@2x.png\",\"width\":1017,\"height\":268,\"caption\":\"Noticieros Canal 7\"},\"image\":{\"@id\":\"https:\\\/\\\/canal7slp.tv\\\/2022\\\/#\\\/schema\\\/logo\\\/image\\\/\"},\"sameAs\":[\"https:\\\/\\\/www.facebook.com\\\/noticieroscanalsiete\",\"https:\\\/\\\/x.com\\\/NOTICIEROS7\",\"https:\\\/\\\/www.instagram.com\\\/canal7_slp\",\"https:\\\/\\\/www.youtube.com\\\/channel\\\/UCliiYs-gP3JfJeqdPrNdd5A\"]},{\"@type\":\"Person\",\"@id\":\"https:\\\/\\\/canal7slp.tv\\\/2022\\\/#\\\/schema\\\/person\\\/429704152a21f5f856ce29aa69a238da\",\"name\":\"Edici\u00f3n Web\",\"image\":{\"@type\":\"ImageObject\",\"inLanguage\":\"es\",\"@id\":\"https:\\\/\\\/secure.gravatar.com\\\/avatar\\\/eee448fc3f7164808013b816ba91ac7e43bbe82a70bebac296f8bc6f0addaa1a?s=96&d=mm&r=g\",\"url\":\"https:\\\/\\\/secure.gravatar.com\\\/avatar\\\/eee448fc3f7164808013b816ba91ac7e43bbe82a70bebac296f8bc6f0addaa1a?s=96&d=mm&r=g\",\"contentUrl\":\"https:\\\/\\\/secure.gravatar.com\\\/avatar\\\/eee448fc3f7164808013b816ba91ac7e43bbe82a70bebac296f8bc6f0addaa1a?s=96&d=mm&r=g\",\"caption\":\"Edici\u00f3n Web\"},\"url\":\"https:\\\/\\\/canal7slp.tv\\\/2022\\\/author\\\/edicionweb\\\/\"}]}<\/script>\n<!-- \/ Yoast SEO plugin. -->","yoast_head_json":{"title":"Convoy de 25 camionetas con hombres armados pasa frente el ej\u00e9rcito en Guerrero - Canal 7 SLP - 2022","robots":{"index":"index","follow":"follow","max-snippet":"max-snippet:-1","max-image-preview":"max-image-preview:large","max-video-preview":"max-video-preview:-1"},"canonical":"https:\/\/canal7slp.tv\/2022\/convoy-de-25-camionetas-con-hombres-armados-pasa-frente-el-ejercito-en-guerrero\/","og_locale":"es_ES","og_type":"article","og_title":"Convoy de 25 camionetas con hombres armados pasa frente el ej\u00e9rcito en Guerrero - Canal 7 SLP - 2022","og_description":"Guerrero.-\u00a0Un convoy de hombres armados a bordo de aproximadamente 25 camionetas pas\u00f3 frente el Ej\u00e9rcito, sin que se les dijera algo. &nbsp; En redes sociales se comparte el video en el que se observa a los individuos con armas de alto calibre y uniformes tipo militar. En tanto los soldados les observan al pasar. Previamente un enfrentamiento entre grupos armados en Tecoanapa, Guerrero dej\u00f3 como saldo una persona muerta en una estaci\u00f3n de servicio. De acuerdo con los reportes, este fin de semana se registr\u00f3 el incidente sobre la carretera federal Florencio Villarreal-Tierra Colorada. Al parecer agentes estatales se trasladaron [&hellip;]","og_url":"https:\/\/canal7slp.tv\/2022\/convoy-de-25-camionetas-con-hombres-armados-pasa-frente-el-ejercito-en-guerrero\/","og_site_name":"Canal 7 SLP - 2022","article_publisher":"https:\/\/www.facebook.com\/noticieroscanalsiete","article_published_time":"2022-06-13T00:00:28+00:00","og_image":[{"width":800,"height":580,"url":"https:\/\/canal7slp.tv\/2022\/wp-content\/uploads\/2022\/06\/ConvoyB.png","type":"image\/png"}],"author":"Edici\u00f3n Web","twitter_card":"summary_large_image","twitter_creator":"@NOTICIEROS7","twitter_site":"@NOTICIEROS7","twitter_misc":{"Escrito por":"Edici\u00f3n Web","Tiempo de lectura":"1 minuto"},"schema":{"@context":"https:\/\/schema.org","@graph":[{"@type":"Article","@id":"https:\/\/canal7slp.tv\/2022\/convoy-de-25-camionetas-con-hombres-armados-pasa-frente-el-ejercito-en-guerrero\/#article","isPartOf":{"@id":"https:\/\/canal7slp.tv\/2022\/convoy-de-25-camionetas-con-hombres-armados-pasa-frente-el-ejercito-en-guerrero\/"},"author":{"name":"Edici\u00f3n Web","@id":"https:\/\/canal7slp.tv\/2022\/#\/schema\/person\/429704152a21f5f856ce29aa69a238da"},"headline":"Convoy de 25 camionetas con hombres armados pasa frente el ej\u00e9rcito en Guerrero","datePublished":"2022-06-13T00:00:28+00:00","mainEntityOfPage":{"@id":"https:\/\/canal7slp.tv\/2022\/convoy-de-25-camionetas-con-hombres-armados-pasa-frente-el-ejercito-en-guerrero\/"},"wordCount":187,"publisher":{"@id":"https:\/\/canal7slp.tv\/2022\/#organization"},"image":{"@id":"https:\/\/canal7slp.tv\/2022\/convoy-de-25-camionetas-con-hombres-armados-pasa-frente-el-ejercito-en-guerrero\/#primaryimage"},"thumbnailUrl":"https:\/\/canal7slp.tv\/2022\/wp-content\/uploads\/2022\/06\/ConvoyB.png","articleSection":["REPORTE 7"],"inLanguage":"es"},{"@type":"WebPage","@id":"https:\/\/canal7slp.tv\/2022\/convoy-de-25-camionetas-con-hombres-armados-pasa-frente-el-ejercito-en-guerrero\/","url":"https:\/\/canal7slp.tv\/2022\/convoy-de-25-camionetas-con-hombres-armados-pasa-frente-el-ejercito-en-guerrero\/","name":"Convoy de 25 camionetas con hombres armados pasa frente el ej\u00e9rcito en Guerrero - Canal 7 SLP - 2022","isPartOf":{"@id":"https:\/\/canal7slp.tv\/2022\/#website"},"primaryImageOfPage":{"@id":"https:\/\/canal7slp.tv\/2022\/convoy-de-25-camionetas-con-hombres-armados-pasa-frente-el-ejercito-en-guerrero\/#primaryimage"},"image":{"@id":"https:\/\/canal7slp.tv\/2022\/convoy-de-25-camionetas-con-hombres-armados-pasa-frente-el-ejercito-en-guerrero\/#primaryimage"},"thumbnailUrl":"https:\/\/canal7slp.tv\/2022\/wp-content\/uploads\/2022\/06\/ConvoyB.png","datePublished":"2022-06-13T00:00:28+00:00","breadcrumb":{"@id":"https:\/\/canal7slp.tv\/2022\/convoy-de-25-camionetas-con-hombres-armados-pasa-frente-el-ejercito-en-guerrero\/#breadcrumb"},"inLanguage":"es","potentialAction":[{"@type":"ReadAction","target":["https:\/\/canal7slp.tv\/2022\/convoy-de-25-camionetas-con-hombres-armados-pasa-frente-el-ejercito-en-guerrero\/"]}]},{"@type":"ImageObject","inLanguage":"es","@id":"https:\/\/canal7slp.tv\/2022\/convoy-de-25-camionetas-con-hombres-armados-pasa-frente-el-ejercito-en-guerrero\/#primaryimage","url":"https:\/\/canal7slp.tv\/2022\/wp-content\/uploads\/2022\/06\/ConvoyB.png","contentUrl":"https:\/\/canal7slp.tv\/2022\/wp-content\/uploads\/2022\/06\/ConvoyB.png","width":800,"height":580},{"@type":"BreadcrumbList","@id":"https:\/\/canal7slp.tv\/2022\/convoy-de-25-camionetas-con-hombres-armados-pasa-frente-el-ejercito-en-guerrero\/#breadcrumb","itemListElement":[{"@type":"ListItem","position":1,"name":"Portada","item":"https:\/\/canal7slp.tv\/2022\/"},{"@type":"ListItem","position":2,"name":"Convoy de 25 camionetas con hombres armados pasa frente el ej\u00e9rcito en Guerrero"}]},{"@type":"WebSite","@id":"https:\/\/canal7slp.tv\/2022\/#website","url":"https:\/\/canal7slp.tv\/2022\/","name":"N7 - Noticieros Canal 7","description":"Somos Televisi\u00f3n","publisher":{"@id":"https:\/\/canal7slp.tv\/2022\/#organization"},"potentialAction":[{"@type":"SearchAction","target":{"@type":"EntryPoint","urlTemplate":"https:\/\/canal7slp.tv\/2022\/?s={search_term_string}"},"query-input":{"@type":"PropertyValueSpecification","valueRequired":true,"valueName":"search_term_string"}}],"inLanguage":"es"},{"@type":"Organization","@id":"https:\/\/canal7slp.tv\/2022\/#organization","name":"Noticieros Canal 7","url":"https:\/\/canal7slp.tv\/2022\/","logo":{"@type":"ImageObject","inLanguage":"es","@id":"https:\/\/canal7slp.tv\/2022\/#\/schema\/logo\/image\/","url":"https:\/\/canal7slp.tv\/2022\/wp-content\/uploads\/2021\/01\/logo-noticieros@2x.png","contentUrl":"https:\/\/canal7slp.tv\/2022\/wp-content\/uploads\/2021\/01\/logo-noticieros@2x.png","width":1017,"height":268,"caption":"Noticieros Canal 7"},"image":{"@id":"https:\/\/canal7slp.tv\/2022\/#\/schema\/logo\/image\/"},"sameAs":["https:\/\/www.facebook.com\/noticieroscanalsiete","https:\/\/x.com\/NOTICIEROS7","https:\/\/www.instagram.com\/canal7_slp","https:\/\/www.youtube.com\/channel\/UCliiYs-gP3JfJeqdPrNdd5A"]},{"@type":"Person","@id":"https:\/\/canal7slp.tv\/2022\/#\/schema\/person\/429704152a21f5f856ce29aa69a238da","name":"Edici\u00f3n Web","image":{"@type":"ImageObject","inLanguage":"es","@id":"https:\/\/secure.gravatar.com\/avatar\/eee448fc3f7164808013b816ba91ac7e43bbe82a70bebac296f8bc6f0addaa1a?s=96&d=mm&r=g","url":"https:\/\/secure.gravatar.com\/avatar\/eee448fc3f7164808013b816ba91ac7e43bbe82a70bebac296f8bc6f0addaa1a?s=96&d=mm&r=g","contentUrl":"https:\/\/secure.gravatar.com\/avatar\/eee448fc3f7164808013b816ba91ac7e43bbe82a70bebac296f8bc6f0addaa1a?s=96&d=mm&r=g","caption":"Edici\u00f3n Web"},"url":"https:\/\/canal7slp.tv\/2022\/author\/edicionweb\/"}]}},"amp_enabled":true,"_links":{"self":[{"href":"https:\/\/canal7slp.tv\/2022\/wp-json\/wp\/v2\/posts\/63372","targetHints":{"allow":["GET"]}}],"collection":[{"href":"https:\/\/canal7slp.tv\/2022\/wp-json\/wp\/v2\/posts"}],"about":[{"href":"https:\/\/canal7slp.tv\/2022\/wp-json\/wp\/v2\/types\/post"}],"author":[{"embeddable":true,"href":"https:\/\/canal7slp.tv\/2022\/wp-json\/wp\/v2\/users\/2"}],"replies":[{"embeddable":true,"href":"https:\/\/canal7slp.tv\/2022\/wp-json\/wp\/v2\/comments?post=63372"}],"version-history":[{"count":1,"href":"https:\/\/canal7slp.tv\/2022\/wp-json\/wp\/v2\/posts\/63372\/revisions"}],"predecessor-version":[{"id":63375,"href":"https:\/\/canal7slp.tv\/2022\/wp-json\/wp\/v2\/posts\/63372\/revisions\/63375"}],"wp:featuredmedia":[{"embeddable":true,"href":"https:\/\/canal7slp.tv\/2022\/wp-json\/wp\/v2\/media\/63374"}],"wp:attachment":[{"href":"https:\/\/canal7slp.tv\/2022\/wp-json\/wp\/v2\/media?parent=63372"}],"wp:term":[{"taxonomy":"category","embeddable":true,"href":"https:\/\/canal7slp.tv\/2022\/wp-json\/wp\/v2\/categories?post=63372"},{"taxonomy":"post_tag","embeddable":true,"href":"https:\/\/canal7slp.tv\/2022\/wp-json\/wp\/v2\/tags?post=63372"}],"curies":[{"name":"wp","href":"https:\/\/api.w.org\/{rel}","templated":true}]}}