{"id":63355,"date":"2022-06-12T14:40:47","date_gmt":"2022-06-12T20:40:47","guid":{"rendered":"https:\/\/canal7slp.tv\/2022\/?p=63355"},"modified":"2022-06-12T14:41:03","modified_gmt":"2022-06-12T20:41:03","slug":"dos-nuevas-fracturas-registra-el-realito-este-fin-de-semana","status":"publish","type":"post","link":"https:\/\/canal7slp.tv\/2022\/dos-nuevas-fracturas-registra-el-realito-este-fin-de-semana\/","title":{"rendered":"Dos nuevas fracturas registra El Realito este fin de semana."},"content":{"rendered":"<ul>\n<li style=\"text-align: justify;\">Una fuga se registr\u00f3 en Tierra Nueva y otra en av. Industrias, correspondiente a la capital.<\/li>\n<\/ul>\n<p style=\"text-align: justify;\">SLP.- La Comisi\u00f3n Estatal del Agua (CEA) exigi\u00f3 a la empresa Aqualia, operadora de El Realito, que sustituya todo el acueducto que transporta el agua de la presa, luego de que esta ma\u00f1ana se registraron dos fugas simult\u00e1neas que se suman a la larga lista de fallas que recurrentemente dejan sin l\u00edquido vital a m\u00e1s de 200 mil personas.<\/p>\n<p style=\"text-align: justify;\">La primera fuga ocurri\u00f3 en la caja de v\u00e1lvulas ubicada entre avenida Industrias en su cruce con avenida Dalias, en la colonia Jardines del Sur de la capital potosina.<\/p>\n<div style=\"width: 640px;\" class=\"wp-video\"><video class=\"wp-video-shortcode\" id=\"video-63355-1\" width=\"640\" height=\"352\" preload=\"metadata\" controls=\"controls\"><source type=\"video\/mp4\" src=\"https:\/\/canal7slp.tv\/2022\/wp-content\/uploads\/2022\/06\/WhatsApp-Video-2022-06-12-at-3.23.13-PM.mp4?_=1\" \/><a href=\"https:\/\/canal7slp.tv\/2022\/wp-content\/uploads\/2022\/06\/WhatsApp-Video-2022-06-12-at-3.23.13-PM.mp4\">https:\/\/canal7slp.tv\/2022\/wp-content\/uploads\/2022\/06\/WhatsApp-Video-2022-06-12-at-3.23.13-PM.mp4<\/a><\/video><\/div>\n<p style=\"text-align: justify;\">La segunda en el kil\u00f3metro 36 de la l\u00ednea de cadenamiento, a la altura de El Fuerte, en Tierra Nueva.<\/p>\n<div style=\"width: 352px;\" class=\"wp-video\"><video class=\"wp-video-shortcode\" id=\"video-63355-2\" width=\"352\" height=\"640\" preload=\"metadata\" controls=\"controls\"><source type=\"video\/mp4\" src=\"https:\/\/canal7slp.tv\/2022\/wp-content\/uploads\/2022\/06\/WhatsApp-Video-2022-06-12-at-3.23.13-PM-1.mp4?_=2\" \/><a href=\"https:\/\/canal7slp.tv\/2022\/wp-content\/uploads\/2022\/06\/WhatsApp-Video-2022-06-12-at-3.23.13-PM-1.mp4\">https:\/\/canal7slp.tv\/2022\/wp-content\/uploads\/2022\/06\/WhatsApp-Video-2022-06-12-at-3.23.13-PM-1.mp4<\/a><\/video><\/div>\n<p style=\"text-align: justify;\">Se notific\u00f3 al organismo Interapas, responsable de la distribuci\u00f3n del agua en las viviendas, para la implementaci\u00f3n del programa emergente y se pidi\u00f3 una reuni\u00f3n inmediata con los directivos de Aqualia para que la sustituci\u00f3n del tubo contemplando sea en todo el ducto.<\/p>\n<p style=\"text-align: justify;\">Desde la CEA se solicit\u00f3 a la ciudadan\u00eda tener paciencia en la resoluci\u00f3n del problema.<\/p>\n","protected":false},"excerpt":{"rendered":"<p>Una fuga se registr\u00f3 en Tierra Nueva y otra en av. Industrias, correspondiente a la capital. SLP.- La Comisi\u00f3n Estatal del Agua (CEA) exigi\u00f3 a la empresa Aqualia, operadora de El Realito, que sustituya todo el acueducto que transporta el agua de la presa, luego de que esta ma\u00f1ana se registraron dos fugas simult\u00e1neas que se suman a la larga lista de fallas que recurrentemente dejan sin l\u00edquido vital a m\u00e1s de 200 mil personas. La primera fuga ocurri\u00f3 en la caja de v\u00e1lvulas ubicada entre avenida Industrias en su cruce con avenida Dalias, en la colonia Jardines del Sur [&hellip;]<\/p>\n","protected":false},"author":2,"featured_media":63358,"comment_status":"closed","ping_status":"closed","sticky":false,"template":"","format":"standard","meta":{"footnotes":""},"categories":[45],"tags":[],"class_list":["post-63355","post","type-post","status-publish","format-standard","has-post-thumbnail","hentry","category-localesyregionales","post--single"],"yoast_head":"<!-- This site is optimized with the Yoast SEO plugin v27.5 - https:\/\/yoast.com\/product\/yoast-seo-wordpress\/ -->\n<title>Dos nuevas fracturas registra El Realito este fin de semana. - Canal 7 SLP - 2022<\/title>\n<meta name=\"robots\" content=\"index, follow, max-snippet:-1, max-image-preview:large, max-video-preview:-1\" \/>\n<link rel=\"canonical\" href=\"https:\/\/canal7slp.tv\/2022\/dos-nuevas-fracturas-registra-el-realito-este-fin-de-semana\/\" \/>\n<meta property=\"og:locale\" content=\"es_ES\" \/>\n<meta property=\"og:type\" content=\"article\" \/>\n<meta property=\"og:title\" content=\"Dos nuevas fracturas registra El Realito este fin de semana. - Canal 7 SLP - 2022\" \/>\n<meta property=\"og:description\" content=\"Una fuga se registr\u00f3 en Tierra Nueva y otra en av. Industrias, correspondiente a la capital. SLP.- La Comisi\u00f3n Estatal del Agua (CEA) exigi\u00f3 a la empresa Aqualia, operadora de El Realito, que sustituya todo el acueducto que transporta el agua de la presa, luego de que esta ma\u00f1ana se registraron dos fugas simult\u00e1neas que se suman a la larga lista de fallas que recurrentemente dejan sin l\u00edquido vital a m\u00e1s de 200 mil personas. La primera fuga ocurri\u00f3 en la caja de v\u00e1lvulas ubicada entre avenida Industrias en su cruce con avenida Dalias, en la colonia Jardines del Sur [&hellip;]\" \/>\n<meta property=\"og:url\" content=\"https:\/\/canal7slp.tv\/2022\/dos-nuevas-fracturas-registra-el-realito-este-fin-de-semana\/\" \/>\n<meta property=\"og:site_name\" content=\"Canal 7 SLP - 2022\" \/>\n<meta property=\"article:publisher\" content=\"https:\/\/www.facebook.com\/noticieroscanalsiete\" \/>\n<meta property=\"article:published_time\" content=\"2022-06-12T20:40:47+00:00\" \/>\n<meta property=\"article:modified_time\" content=\"2022-06-12T20:41:03+00:00\" \/>\n<meta property=\"og:image\" content=\"https:\/\/canal7slp.tv\/2022\/wp-content\/uploads\/2022\/06\/FugaRealitoB.png\" \/>\n\t<meta property=\"og:image:width\" content=\"880\" \/>\n\t<meta property=\"og:image:height\" content=\"640\" \/>\n\t<meta property=\"og:image:type\" content=\"image\/png\" \/>\n<meta name=\"author\" content=\"Edici\u00f3n Web\" \/>\n<meta name=\"twitter:card\" content=\"summary_large_image\" \/>\n<meta name=\"twitter:creator\" content=\"@NOTICIEROS7\" \/>\n<meta name=\"twitter:site\" content=\"@NOTICIEROS7\" \/>\n<meta name=\"twitter:label1\" content=\"Escrito por\" \/>\n\t<meta name=\"twitter:data1\" content=\"Edici\u00f3n Web\" \/>\n\t<meta name=\"twitter:label2\" content=\"Tiempo de lectura\" \/>\n\t<meta name=\"twitter:data2\" content=\"1 minuto\" \/>\n<script type=\"application\/ld+json\" class=\"yoast-schema-graph\">{\"@context\":\"https:\\\/\\\/schema.org\",\"@graph\":[{\"@type\":\"Article\",\"@id\":\"https:\\\/\\\/canal7slp.tv\\\/2022\\\/dos-nuevas-fracturas-registra-el-realito-este-fin-de-semana\\\/#article\",\"isPartOf\":{\"@id\":\"https:\\\/\\\/canal7slp.tv\\\/2022\\\/dos-nuevas-fracturas-registra-el-realito-este-fin-de-semana\\\/\"},\"author\":{\"name\":\"Edici\u00f3n Web\",\"@id\":\"https:\\\/\\\/canal7slp.tv\\\/2022\\\/#\\\/schema\\\/person\\\/429704152a21f5f856ce29aa69a238da\"},\"headline\":\"Dos nuevas fracturas registra El Realito este fin de semana.\",\"datePublished\":\"2022-06-12T20:40:47+00:00\",\"dateModified\":\"2022-06-12T20:41:03+00:00\",\"mainEntityOfPage\":{\"@id\":\"https:\\\/\\\/canal7slp.tv\\\/2022\\\/dos-nuevas-fracturas-registra-el-realito-este-fin-de-semana\\\/\"},\"wordCount\":239,\"publisher\":{\"@id\":\"https:\\\/\\\/canal7slp.tv\\\/2022\\\/#organization\"},\"image\":{\"@id\":\"https:\\\/\\\/canal7slp.tv\\\/2022\\\/dos-nuevas-fracturas-registra-el-realito-este-fin-de-semana\\\/#primaryimage\"},\"thumbnailUrl\":\"https:\\\/\\\/canal7slp.tv\\\/2022\\\/wp-content\\\/uploads\\\/2022\\\/06\\\/FugaRealitoB.png\",\"articleSection\":[\"LOCALES Y REGIONALES\"],\"inLanguage\":\"es\"},{\"@type\":\"WebPage\",\"@id\":\"https:\\\/\\\/canal7slp.tv\\\/2022\\\/dos-nuevas-fracturas-registra-el-realito-este-fin-de-semana\\\/\",\"url\":\"https:\\\/\\\/canal7slp.tv\\\/2022\\\/dos-nuevas-fracturas-registra-el-realito-este-fin-de-semana\\\/\",\"name\":\"Dos nuevas fracturas registra El Realito este fin de semana. - Canal 7 SLP - 2022\",\"isPartOf\":{\"@id\":\"https:\\\/\\\/canal7slp.tv\\\/2022\\\/#website\"},\"primaryImageOfPage\":{\"@id\":\"https:\\\/\\\/canal7slp.tv\\\/2022\\\/dos-nuevas-fracturas-registra-el-realito-este-fin-de-semana\\\/#primaryimage\"},\"image\":{\"@id\":\"https:\\\/\\\/canal7slp.tv\\\/2022\\\/dos-nuevas-fracturas-registra-el-realito-este-fin-de-semana\\\/#primaryimage\"},\"thumbnailUrl\":\"https:\\\/\\\/canal7slp.tv\\\/2022\\\/wp-content\\\/uploads\\\/2022\\\/06\\\/FugaRealitoB.png\",\"datePublished\":\"2022-06-12T20:40:47+00:00\",\"dateModified\":\"2022-06-12T20:41:03+00:00\",\"breadcrumb\":{\"@id\":\"https:\\\/\\\/canal7slp.tv\\\/2022\\\/dos-nuevas-fracturas-registra-el-realito-este-fin-de-semana\\\/#breadcrumb\"},\"inLanguage\":\"es\",\"potentialAction\":[{\"@type\":\"ReadAction\",\"target\":[\"https:\\\/\\\/canal7slp.tv\\\/2022\\\/dos-nuevas-fracturas-registra-el-realito-este-fin-de-semana\\\/\"]}]},{\"@type\":\"ImageObject\",\"inLanguage\":\"es\",\"@id\":\"https:\\\/\\\/canal7slp.tv\\\/2022\\\/dos-nuevas-fracturas-registra-el-realito-este-fin-de-semana\\\/#primaryimage\",\"url\":\"https:\\\/\\\/canal7slp.tv\\\/2022\\\/wp-content\\\/uploads\\\/2022\\\/06\\\/FugaRealitoB.png\",\"contentUrl\":\"https:\\\/\\\/canal7slp.tv\\\/2022\\\/wp-content\\\/uploads\\\/2022\\\/06\\\/FugaRealitoB.png\",\"width\":880,\"height\":640},{\"@type\":\"BreadcrumbList\",\"@id\":\"https:\\\/\\\/canal7slp.tv\\\/2022\\\/dos-nuevas-fracturas-registra-el-realito-este-fin-de-semana\\\/#breadcrumb\",\"itemListElement\":[{\"@type\":\"ListItem\",\"position\":1,\"name\":\"Portada\",\"item\":\"https:\\\/\\\/canal7slp.tv\\\/2022\\\/\"},{\"@type\":\"ListItem\",\"position\":2,\"name\":\"Dos nuevas fracturas registra El Realito este fin de semana.\"}]},{\"@type\":\"WebSite\",\"@id\":\"https:\\\/\\\/canal7slp.tv\\\/2022\\\/#website\",\"url\":\"https:\\\/\\\/canal7slp.tv\\\/2022\\\/\",\"name\":\"N7 - Noticieros Canal 7\",\"description\":\"Somos Televisi\u00f3n\",\"publisher\":{\"@id\":\"https:\\\/\\\/canal7slp.tv\\\/2022\\\/#organization\"},\"potentialAction\":[{\"@type\":\"SearchAction\",\"target\":{\"@type\":\"EntryPoint\",\"urlTemplate\":\"https:\\\/\\\/canal7slp.tv\\\/2022\\\/?s={search_term_string}\"},\"query-input\":{\"@type\":\"PropertyValueSpecification\",\"valueRequired\":true,\"valueName\":\"search_term_string\"}}],\"inLanguage\":\"es\"},{\"@type\":\"Organization\",\"@id\":\"https:\\\/\\\/canal7slp.tv\\\/2022\\\/#organization\",\"name\":\"Noticieros Canal 7\",\"url\":\"https:\\\/\\\/canal7slp.tv\\\/2022\\\/\",\"logo\":{\"@type\":\"ImageObject\",\"inLanguage\":\"es\",\"@id\":\"https:\\\/\\\/canal7slp.tv\\\/2022\\\/#\\\/schema\\\/logo\\\/image\\\/\",\"url\":\"https:\\\/\\\/canal7slp.tv\\\/2022\\\/wp-content\\\/uploads\\\/2021\\\/01\\\/logo-noticieros@2x.png\",\"contentUrl\":\"https:\\\/\\\/canal7slp.tv\\\/2022\\\/wp-content\\\/uploads\\\/2021\\\/01\\\/logo-noticieros@2x.png\",\"width\":1017,\"height\":268,\"caption\":\"Noticieros Canal 7\"},\"image\":{\"@id\":\"https:\\\/\\\/canal7slp.tv\\\/2022\\\/#\\\/schema\\\/logo\\\/image\\\/\"},\"sameAs\":[\"https:\\\/\\\/www.facebook.com\\\/noticieroscanalsiete\",\"https:\\\/\\\/x.com\\\/NOTICIEROS7\",\"https:\\\/\\\/www.instagram.com\\\/canal7_slp\",\"https:\\\/\\\/www.youtube.com\\\/channel\\\/UCliiYs-gP3JfJeqdPrNdd5A\"]},{\"@type\":\"Person\",\"@id\":\"https:\\\/\\\/canal7slp.tv\\\/2022\\\/#\\\/schema\\\/person\\\/429704152a21f5f856ce29aa69a238da\",\"name\":\"Edici\u00f3n Web\",\"image\":{\"@type\":\"ImageObject\",\"inLanguage\":\"es\",\"@id\":\"https:\\\/\\\/secure.gravatar.com\\\/avatar\\\/eee448fc3f7164808013b816ba91ac7e43bbe82a70bebac296f8bc6f0addaa1a?s=96&d=mm&r=g\",\"url\":\"https:\\\/\\\/secure.gravatar.com\\\/avatar\\\/eee448fc3f7164808013b816ba91ac7e43bbe82a70bebac296f8bc6f0addaa1a?s=96&d=mm&r=g\",\"contentUrl\":\"https:\\\/\\\/secure.gravatar.com\\\/avatar\\\/eee448fc3f7164808013b816ba91ac7e43bbe82a70bebac296f8bc6f0addaa1a?s=96&d=mm&r=g\",\"caption\":\"Edici\u00f3n Web\"},\"url\":\"https:\\\/\\\/canal7slp.tv\\\/2022\\\/author\\\/edicionweb\\\/\"}]}<\/script>\n<!-- \/ Yoast SEO plugin. -->","yoast_head_json":{"title":"Dos nuevas fracturas registra El Realito este fin de semana. - Canal 7 SLP - 2022","robots":{"index":"index","follow":"follow","max-snippet":"max-snippet:-1","max-image-preview":"max-image-preview:large","max-video-preview":"max-video-preview:-1"},"canonical":"https:\/\/canal7slp.tv\/2022\/dos-nuevas-fracturas-registra-el-realito-este-fin-de-semana\/","og_locale":"es_ES","og_type":"article","og_title":"Dos nuevas fracturas registra El Realito este fin de semana. - Canal 7 SLP - 2022","og_description":"Una fuga se registr\u00f3 en Tierra Nueva y otra en av. Industrias, correspondiente a la capital. SLP.- La Comisi\u00f3n Estatal del Agua (CEA) exigi\u00f3 a la empresa Aqualia, operadora de El Realito, que sustituya todo el acueducto que transporta el agua de la presa, luego de que esta ma\u00f1ana se registraron dos fugas simult\u00e1neas que se suman a la larga lista de fallas que recurrentemente dejan sin l\u00edquido vital a m\u00e1s de 200 mil personas. La primera fuga ocurri\u00f3 en la caja de v\u00e1lvulas ubicada entre avenida Industrias en su cruce con avenida Dalias, en la colonia Jardines del Sur [&hellip;]","og_url":"https:\/\/canal7slp.tv\/2022\/dos-nuevas-fracturas-registra-el-realito-este-fin-de-semana\/","og_site_name":"Canal 7 SLP - 2022","article_publisher":"https:\/\/www.facebook.com\/noticieroscanalsiete","article_published_time":"2022-06-12T20:40:47+00:00","article_modified_time":"2022-06-12T20:41:03+00:00","og_image":[{"width":880,"height":640,"url":"https:\/\/canal7slp.tv\/2022\/wp-content\/uploads\/2022\/06\/FugaRealitoB.png","type":"image\/png"}],"author":"Edici\u00f3n Web","twitter_card":"summary_large_image","twitter_creator":"@NOTICIEROS7","twitter_site":"@NOTICIEROS7","twitter_misc":{"Escrito por":"Edici\u00f3n Web","Tiempo de lectura":"1 minuto"},"schema":{"@context":"https:\/\/schema.org","@graph":[{"@type":"Article","@id":"https:\/\/canal7slp.tv\/2022\/dos-nuevas-fracturas-registra-el-realito-este-fin-de-semana\/#article","isPartOf":{"@id":"https:\/\/canal7slp.tv\/2022\/dos-nuevas-fracturas-registra-el-realito-este-fin-de-semana\/"},"author":{"name":"Edici\u00f3n Web","@id":"https:\/\/canal7slp.tv\/2022\/#\/schema\/person\/429704152a21f5f856ce29aa69a238da"},"headline":"Dos nuevas fracturas registra El Realito este fin de semana.","datePublished":"2022-06-12T20:40:47+00:00","dateModified":"2022-06-12T20:41:03+00:00","mainEntityOfPage":{"@id":"https:\/\/canal7slp.tv\/2022\/dos-nuevas-fracturas-registra-el-realito-este-fin-de-semana\/"},"wordCount":239,"publisher":{"@id":"https:\/\/canal7slp.tv\/2022\/#organization"},"image":{"@id":"https:\/\/canal7slp.tv\/2022\/dos-nuevas-fracturas-registra-el-realito-este-fin-de-semana\/#primaryimage"},"thumbnailUrl":"https:\/\/canal7slp.tv\/2022\/wp-content\/uploads\/2022\/06\/FugaRealitoB.png","articleSection":["LOCALES Y REGIONALES"],"inLanguage":"es"},{"@type":"WebPage","@id":"https:\/\/canal7slp.tv\/2022\/dos-nuevas-fracturas-registra-el-realito-este-fin-de-semana\/","url":"https:\/\/canal7slp.tv\/2022\/dos-nuevas-fracturas-registra-el-realito-este-fin-de-semana\/","name":"Dos nuevas fracturas registra El Realito este fin de semana. - Canal 7 SLP - 2022","isPartOf":{"@id":"https:\/\/canal7slp.tv\/2022\/#website"},"primaryImageOfPage":{"@id":"https:\/\/canal7slp.tv\/2022\/dos-nuevas-fracturas-registra-el-realito-este-fin-de-semana\/#primaryimage"},"image":{"@id":"https:\/\/canal7slp.tv\/2022\/dos-nuevas-fracturas-registra-el-realito-este-fin-de-semana\/#primaryimage"},"thumbnailUrl":"https:\/\/canal7slp.tv\/2022\/wp-content\/uploads\/2022\/06\/FugaRealitoB.png","datePublished":"2022-06-12T20:40:47+00:00","dateModified":"2022-06-12T20:41:03+00:00","breadcrumb":{"@id":"https:\/\/canal7slp.tv\/2022\/dos-nuevas-fracturas-registra-el-realito-este-fin-de-semana\/#breadcrumb"},"inLanguage":"es","potentialAction":[{"@type":"ReadAction","target":["https:\/\/canal7slp.tv\/2022\/dos-nuevas-fracturas-registra-el-realito-este-fin-de-semana\/"]}]},{"@type":"ImageObject","inLanguage":"es","@id":"https:\/\/canal7slp.tv\/2022\/dos-nuevas-fracturas-registra-el-realito-este-fin-de-semana\/#primaryimage","url":"https:\/\/canal7slp.tv\/2022\/wp-content\/uploads\/2022\/06\/FugaRealitoB.png","contentUrl":"https:\/\/canal7slp.tv\/2022\/wp-content\/uploads\/2022\/06\/FugaRealitoB.png","width":880,"height":640},{"@type":"BreadcrumbList","@id":"https:\/\/canal7slp.tv\/2022\/dos-nuevas-fracturas-registra-el-realito-este-fin-de-semana\/#breadcrumb","itemListElement":[{"@type":"ListItem","position":1,"name":"Portada","item":"https:\/\/canal7slp.tv\/2022\/"},{"@type":"ListItem","position":2,"name":"Dos nuevas fracturas registra El Realito este fin de semana."}]},{"@type":"WebSite","@id":"https:\/\/canal7slp.tv\/2022\/#website","url":"https:\/\/canal7slp.tv\/2022\/","name":"N7 - Noticieros Canal 7","description":"Somos Televisi\u00f3n","publisher":{"@id":"https:\/\/canal7slp.tv\/2022\/#organization"},"potentialAction":[{"@type":"SearchAction","target":{"@type":"EntryPoint","urlTemplate":"https:\/\/canal7slp.tv\/2022\/?s={search_term_string}"},"query-input":{"@type":"PropertyValueSpecification","valueRequired":true,"valueName":"search_term_string"}}],"inLanguage":"es"},{"@type":"Organization","@id":"https:\/\/canal7slp.tv\/2022\/#organization","name":"Noticieros Canal 7","url":"https:\/\/canal7slp.tv\/2022\/","logo":{"@type":"ImageObject","inLanguage":"es","@id":"https:\/\/canal7slp.tv\/2022\/#\/schema\/logo\/image\/","url":"https:\/\/canal7slp.tv\/2022\/wp-content\/uploads\/2021\/01\/logo-noticieros@2x.png","contentUrl":"https:\/\/canal7slp.tv\/2022\/wp-content\/uploads\/2021\/01\/logo-noticieros@2x.png","width":1017,"height":268,"caption":"Noticieros Canal 7"},"image":{"@id":"https:\/\/canal7slp.tv\/2022\/#\/schema\/logo\/image\/"},"sameAs":["https:\/\/www.facebook.com\/noticieroscanalsiete","https:\/\/x.com\/NOTICIEROS7","https:\/\/www.instagram.com\/canal7_slp","https:\/\/www.youtube.com\/channel\/UCliiYs-gP3JfJeqdPrNdd5A"]},{"@type":"Person","@id":"https:\/\/canal7slp.tv\/2022\/#\/schema\/person\/429704152a21f5f856ce29aa69a238da","name":"Edici\u00f3n Web","image":{"@type":"ImageObject","inLanguage":"es","@id":"https:\/\/secure.gravatar.com\/avatar\/eee448fc3f7164808013b816ba91ac7e43bbe82a70bebac296f8bc6f0addaa1a?s=96&d=mm&r=g","url":"https:\/\/secure.gravatar.com\/avatar\/eee448fc3f7164808013b816ba91ac7e43bbe82a70bebac296f8bc6f0addaa1a?s=96&d=mm&r=g","contentUrl":"https:\/\/secure.gravatar.com\/avatar\/eee448fc3f7164808013b816ba91ac7e43bbe82a70bebac296f8bc6f0addaa1a?s=96&d=mm&r=g","caption":"Edici\u00f3n Web"},"url":"https:\/\/canal7slp.tv\/2022\/author\/edicionweb\/"}]}},"amp_enabled":true,"_links":{"self":[{"href":"https:\/\/canal7slp.tv\/2022\/wp-json\/wp\/v2\/posts\/63355","targetHints":{"allow":["GET"]}}],"collection":[{"href":"https:\/\/canal7slp.tv\/2022\/wp-json\/wp\/v2\/posts"}],"about":[{"href":"https:\/\/canal7slp.tv\/2022\/wp-json\/wp\/v2\/types\/post"}],"author":[{"embeddable":true,"href":"https:\/\/canal7slp.tv\/2022\/wp-json\/wp\/v2\/users\/2"}],"replies":[{"embeddable":true,"href":"https:\/\/canal7slp.tv\/2022\/wp-json\/wp\/v2\/comments?post=63355"}],"version-history":[{"count":2,"href":"https:\/\/canal7slp.tv\/2022\/wp-json\/wp\/v2\/posts\/63355\/revisions"}],"predecessor-version":[{"id":63360,"href":"https:\/\/canal7slp.tv\/2022\/wp-json\/wp\/v2\/posts\/63355\/revisions\/63360"}],"wp:featuredmedia":[{"embeddable":true,"href":"https:\/\/canal7slp.tv\/2022\/wp-json\/wp\/v2\/media\/63358"}],"wp:attachment":[{"href":"https:\/\/canal7slp.tv\/2022\/wp-json\/wp\/v2\/media?parent=63355"}],"wp:term":[{"taxonomy":"category","embeddable":true,"href":"https:\/\/canal7slp.tv\/2022\/wp-json\/wp\/v2\/categories?post=63355"},{"taxonomy":"post_tag","embeddable":true,"href":"https:\/\/canal7slp.tv\/2022\/wp-json\/wp\/v2\/tags?post=63355"}],"curies":[{"name":"wp","href":"https:\/\/api.w.org\/{rel}","templated":true}]}}