{"id":63334,"date":"2022-06-12T13:06:45","date_gmt":"2022-06-12T19:06:45","guid":{"rendered":"https:\/\/canal7slp.tv\/2022\/?p=63334"},"modified":"2022-06-12T13:06:45","modified_gmt":"2022-06-12T19:06:45","slug":"autoridades-confirman-el-tercer-caso-de-viruela-del-mono-en-el-pais","status":"publish","type":"post","link":"https:\/\/canal7slp.tv\/2022\/autoridades-confirman-el-tercer-caso-de-viruela-del-mono-en-el-pais\/","title":{"rendered":"Autoridades confirman el tercer caso de Viruela del Mono en el pa\u00eds"},"content":{"rendered":"<ul style=\"text-align: justify;\">\n<li>Se tratar\u00eda del segundo en la Ciudad de M\u00e9xico<\/li>\n<\/ul>\n<p style=\"text-align: justify;\">CDMX.- La Ciudad de M\u00e9xico registr\u00f3 su segundo caso de la viruela s\u00edmica o viruela del mono, de acuerdo con el subsecretario de Salud, de la Ssa de M\u00e9xico, Hugo L\u00f3pez-Gatell Ram\u00edrez, lo confirm\u00f3, suman ya 3 casos confirmados que fueron importados.<\/p>\n<p style=\"text-align: justify;\">Hugo L\u00f3pez-Gatell inform\u00f3 a trav\u00e9s de su cuenta oficial de Twitter, que el Instituto de Diagn\u00f3stico y Referencia Epidemiol\u00f3gicos (InDRE), hab\u00eda confirmado el caso de viruela s\u00edmica, aunque el paciente se encuentra estable recibiendo la atenci\u00f3n m\u00e9dica requeridad.<\/p>\n<p style=\"text-align: justify;\">\u201cComparto que el InDRE ha confirmado un segundo caso de viruela s\u00edmica en la Ciudad de M\u00e9xico. El paciente se encuentra estable, recibe atenci\u00f3n m\u00e9dica y se establecieron las medidas de aislamiento y control\u201d.<\/p>\n","protected":false},"excerpt":{"rendered":"<p>Se tratar\u00eda del segundo en la Ciudad de M\u00e9xico CDMX.- La Ciudad de M\u00e9xico registr\u00f3 su segundo caso de la viruela s\u00edmica o viruela del mono, de acuerdo con el subsecretario de Salud, de la Ssa de M\u00e9xico, Hugo L\u00f3pez-Gatell Ram\u00edrez, lo confirm\u00f3, suman ya 3 casos confirmados que fueron importados. Hugo L\u00f3pez-Gatell inform\u00f3 a trav\u00e9s de su cuenta oficial de Twitter, que el Instituto de Diagn\u00f3stico y Referencia Epidemiol\u00f3gicos (InDRE), hab\u00eda confirmado el caso de viruela s\u00edmica, aunque el paciente se encuentra estable recibiendo la atenci\u00f3n m\u00e9dica requeridad. \u201cComparto que el InDRE ha confirmado un segundo caso de viruela [&hellip;]<\/p>\n","protected":false},"author":2,"featured_media":63346,"comment_status":"closed","ping_status":"closed","sticky":false,"template":"","format":"standard","meta":{"footnotes":""},"categories":[44],"tags":[],"class_list":["post-63334","post","type-post","status-publish","format-standard","has-post-thumbnail","hentry","category-internacional","post--single"],"yoast_head":"<!-- This site is optimized with the Yoast SEO plugin v27.5 - https:\/\/yoast.com\/product\/yoast-seo-wordpress\/ -->\n<title>Autoridades confirman el tercer caso de Viruela del Mono en el pa\u00eds - Canal 7 SLP - 2022<\/title>\n<meta name=\"robots\" content=\"index, follow, max-snippet:-1, max-image-preview:large, max-video-preview:-1\" \/>\n<link rel=\"canonical\" href=\"https:\/\/canal7slp.tv\/2022\/autoridades-confirman-el-tercer-caso-de-viruela-del-mono-en-el-pais\/\" \/>\n<meta property=\"og:locale\" content=\"es_ES\" \/>\n<meta property=\"og:type\" content=\"article\" \/>\n<meta property=\"og:title\" content=\"Autoridades confirman el tercer caso de Viruela del Mono en el pa\u00eds - Canal 7 SLP - 2022\" \/>\n<meta property=\"og:description\" content=\"Se tratar\u00eda del segundo en la Ciudad de M\u00e9xico CDMX.- La Ciudad de M\u00e9xico registr\u00f3 su segundo caso de la viruela s\u00edmica o viruela del mono, de acuerdo con el subsecretario de Salud, de la Ssa de M\u00e9xico, Hugo L\u00f3pez-Gatell Ram\u00edrez, lo confirm\u00f3, suman ya 3 casos confirmados que fueron importados. Hugo L\u00f3pez-Gatell inform\u00f3 a trav\u00e9s de su cuenta oficial de Twitter, que el Instituto de Diagn\u00f3stico y Referencia Epidemiol\u00f3gicos (InDRE), hab\u00eda confirmado el caso de viruela s\u00edmica, aunque el paciente se encuentra estable recibiendo la atenci\u00f3n m\u00e9dica requeridad. \u201cComparto que el InDRE ha confirmado un segundo caso de viruela [&hellip;]\" \/>\n<meta property=\"og:url\" content=\"https:\/\/canal7slp.tv\/2022\/autoridades-confirman-el-tercer-caso-de-viruela-del-mono-en-el-pais\/\" \/>\n<meta property=\"og:site_name\" content=\"Canal 7 SLP - 2022\" \/>\n<meta property=\"article:publisher\" content=\"https:\/\/www.facebook.com\/noticieroscanalsiete\" \/>\n<meta property=\"article:published_time\" content=\"2022-06-12T19:06:45+00:00\" \/>\n<meta property=\"og:image\" content=\"https:\/\/canal7slp.tv\/2022\/wp-content\/uploads\/2022\/06\/05-10.jpg\" \/>\n\t<meta property=\"og:image:width\" content=\"1100\" \/>\n\t<meta property=\"og:image:height\" content=\"611\" \/>\n\t<meta property=\"og:image:type\" content=\"image\/jpeg\" \/>\n<meta name=\"author\" content=\"Edici\u00f3n Web\" \/>\n<meta name=\"twitter:card\" content=\"summary_large_image\" \/>\n<meta name=\"twitter:creator\" content=\"@NOTICIEROS7\" \/>\n<meta name=\"twitter:site\" content=\"@NOTICIEROS7\" \/>\n<meta name=\"twitter:label1\" content=\"Escrito por\" \/>\n\t<meta name=\"twitter:data1\" content=\"Edici\u00f3n Web\" \/>\n\t<meta name=\"twitter:label2\" content=\"Tiempo de lectura\" \/>\n\t<meta name=\"twitter:data2\" content=\"1 minuto\" \/>\n<script type=\"application\/ld+json\" class=\"yoast-schema-graph\">{\"@context\":\"https:\\\/\\\/schema.org\",\"@graph\":[{\"@type\":\"Article\",\"@id\":\"https:\\\/\\\/canal7slp.tv\\\/2022\\\/autoridades-confirman-el-tercer-caso-de-viruela-del-mono-en-el-pais\\\/#article\",\"isPartOf\":{\"@id\":\"https:\\\/\\\/canal7slp.tv\\\/2022\\\/autoridades-confirman-el-tercer-caso-de-viruela-del-mono-en-el-pais\\\/\"},\"author\":{\"name\":\"Edici\u00f3n Web\",\"@id\":\"https:\\\/\\\/canal7slp.tv\\\/2022\\\/#\\\/schema\\\/person\\\/429704152a21f5f856ce29aa69a238da\"},\"headline\":\"Autoridades confirman el tercer caso de Viruela del Mono en el pa\u00eds\",\"datePublished\":\"2022-06-12T19:06:45+00:00\",\"mainEntityOfPage\":{\"@id\":\"https:\\\/\\\/canal7slp.tv\\\/2022\\\/autoridades-confirman-el-tercer-caso-de-viruela-del-mono-en-el-pais\\\/\"},\"wordCount\":155,\"publisher\":{\"@id\":\"https:\\\/\\\/canal7slp.tv\\\/2022\\\/#organization\"},\"image\":{\"@id\":\"https:\\\/\\\/canal7slp.tv\\\/2022\\\/autoridades-confirman-el-tercer-caso-de-viruela-del-mono-en-el-pais\\\/#primaryimage\"},\"thumbnailUrl\":\"https:\\\/\\\/canal7slp.tv\\\/2022\\\/wp-content\\\/uploads\\\/2022\\\/06\\\/05-10.jpg\",\"articleSection\":[\"INTERNACIONALES\"],\"inLanguage\":\"es\"},{\"@type\":\"WebPage\",\"@id\":\"https:\\\/\\\/canal7slp.tv\\\/2022\\\/autoridades-confirman-el-tercer-caso-de-viruela-del-mono-en-el-pais\\\/\",\"url\":\"https:\\\/\\\/canal7slp.tv\\\/2022\\\/autoridades-confirman-el-tercer-caso-de-viruela-del-mono-en-el-pais\\\/\",\"name\":\"Autoridades confirman el tercer caso de Viruela del Mono en el pa\u00eds - Canal 7 SLP - 2022\",\"isPartOf\":{\"@id\":\"https:\\\/\\\/canal7slp.tv\\\/2022\\\/#website\"},\"primaryImageOfPage\":{\"@id\":\"https:\\\/\\\/canal7slp.tv\\\/2022\\\/autoridades-confirman-el-tercer-caso-de-viruela-del-mono-en-el-pais\\\/#primaryimage\"},\"image\":{\"@id\":\"https:\\\/\\\/canal7slp.tv\\\/2022\\\/autoridades-confirman-el-tercer-caso-de-viruela-del-mono-en-el-pais\\\/#primaryimage\"},\"thumbnailUrl\":\"https:\\\/\\\/canal7slp.tv\\\/2022\\\/wp-content\\\/uploads\\\/2022\\\/06\\\/05-10.jpg\",\"datePublished\":\"2022-06-12T19:06:45+00:00\",\"breadcrumb\":{\"@id\":\"https:\\\/\\\/canal7slp.tv\\\/2022\\\/autoridades-confirman-el-tercer-caso-de-viruela-del-mono-en-el-pais\\\/#breadcrumb\"},\"inLanguage\":\"es\",\"potentialAction\":[{\"@type\":\"ReadAction\",\"target\":[\"https:\\\/\\\/canal7slp.tv\\\/2022\\\/autoridades-confirman-el-tercer-caso-de-viruela-del-mono-en-el-pais\\\/\"]}]},{\"@type\":\"ImageObject\",\"inLanguage\":\"es\",\"@id\":\"https:\\\/\\\/canal7slp.tv\\\/2022\\\/autoridades-confirman-el-tercer-caso-de-viruela-del-mono-en-el-pais\\\/#primaryimage\",\"url\":\"https:\\\/\\\/canal7slp.tv\\\/2022\\\/wp-content\\\/uploads\\\/2022\\\/06\\\/05-10.jpg\",\"contentUrl\":\"https:\\\/\\\/canal7slp.tv\\\/2022\\\/wp-content\\\/uploads\\\/2022\\\/06\\\/05-10.jpg\",\"width\":1100,\"height\":611},{\"@type\":\"BreadcrumbList\",\"@id\":\"https:\\\/\\\/canal7slp.tv\\\/2022\\\/autoridades-confirman-el-tercer-caso-de-viruela-del-mono-en-el-pais\\\/#breadcrumb\",\"itemListElement\":[{\"@type\":\"ListItem\",\"position\":1,\"name\":\"Portada\",\"item\":\"https:\\\/\\\/canal7slp.tv\\\/2022\\\/\"},{\"@type\":\"ListItem\",\"position\":2,\"name\":\"Autoridades confirman el tercer caso de Viruela del Mono en el pa\u00eds\"}]},{\"@type\":\"WebSite\",\"@id\":\"https:\\\/\\\/canal7slp.tv\\\/2022\\\/#website\",\"url\":\"https:\\\/\\\/canal7slp.tv\\\/2022\\\/\",\"name\":\"N7 - Noticieros Canal 7\",\"description\":\"Somos Televisi\u00f3n\",\"publisher\":{\"@id\":\"https:\\\/\\\/canal7slp.tv\\\/2022\\\/#organization\"},\"potentialAction\":[{\"@type\":\"SearchAction\",\"target\":{\"@type\":\"EntryPoint\",\"urlTemplate\":\"https:\\\/\\\/canal7slp.tv\\\/2022\\\/?s={search_term_string}\"},\"query-input\":{\"@type\":\"PropertyValueSpecification\",\"valueRequired\":true,\"valueName\":\"search_term_string\"}}],\"inLanguage\":\"es\"},{\"@type\":\"Organization\",\"@id\":\"https:\\\/\\\/canal7slp.tv\\\/2022\\\/#organization\",\"name\":\"Noticieros Canal 7\",\"url\":\"https:\\\/\\\/canal7slp.tv\\\/2022\\\/\",\"logo\":{\"@type\":\"ImageObject\",\"inLanguage\":\"es\",\"@id\":\"https:\\\/\\\/canal7slp.tv\\\/2022\\\/#\\\/schema\\\/logo\\\/image\\\/\",\"url\":\"https:\\\/\\\/canal7slp.tv\\\/2022\\\/wp-content\\\/uploads\\\/2021\\\/01\\\/logo-noticieros@2x.png\",\"contentUrl\":\"https:\\\/\\\/canal7slp.tv\\\/2022\\\/wp-content\\\/uploads\\\/2021\\\/01\\\/logo-noticieros@2x.png\",\"width\":1017,\"height\":268,\"caption\":\"Noticieros Canal 7\"},\"image\":{\"@id\":\"https:\\\/\\\/canal7slp.tv\\\/2022\\\/#\\\/schema\\\/logo\\\/image\\\/\"},\"sameAs\":[\"https:\\\/\\\/www.facebook.com\\\/noticieroscanalsiete\",\"https:\\\/\\\/x.com\\\/NOTICIEROS7\",\"https:\\\/\\\/www.instagram.com\\\/canal7_slp\",\"https:\\\/\\\/www.youtube.com\\\/channel\\\/UCliiYs-gP3JfJeqdPrNdd5A\"]},{\"@type\":\"Person\",\"@id\":\"https:\\\/\\\/canal7slp.tv\\\/2022\\\/#\\\/schema\\\/person\\\/429704152a21f5f856ce29aa69a238da\",\"name\":\"Edici\u00f3n Web\",\"image\":{\"@type\":\"ImageObject\",\"inLanguage\":\"es\",\"@id\":\"https:\\\/\\\/secure.gravatar.com\\\/avatar\\\/eee448fc3f7164808013b816ba91ac7e43bbe82a70bebac296f8bc6f0addaa1a?s=96&d=mm&r=g\",\"url\":\"https:\\\/\\\/secure.gravatar.com\\\/avatar\\\/eee448fc3f7164808013b816ba91ac7e43bbe82a70bebac296f8bc6f0addaa1a?s=96&d=mm&r=g\",\"contentUrl\":\"https:\\\/\\\/secure.gravatar.com\\\/avatar\\\/eee448fc3f7164808013b816ba91ac7e43bbe82a70bebac296f8bc6f0addaa1a?s=96&d=mm&r=g\",\"caption\":\"Edici\u00f3n Web\"},\"url\":\"https:\\\/\\\/canal7slp.tv\\\/2022\\\/author\\\/edicionweb\\\/\"}]}<\/script>\n<!-- \/ Yoast SEO plugin. -->","yoast_head_json":{"title":"Autoridades confirman el tercer caso de Viruela del Mono en el pa\u00eds - Canal 7 SLP - 2022","robots":{"index":"index","follow":"follow","max-snippet":"max-snippet:-1","max-image-preview":"max-image-preview:large","max-video-preview":"max-video-preview:-1"},"canonical":"https:\/\/canal7slp.tv\/2022\/autoridades-confirman-el-tercer-caso-de-viruela-del-mono-en-el-pais\/","og_locale":"es_ES","og_type":"article","og_title":"Autoridades confirman el tercer caso de Viruela del Mono en el pa\u00eds - Canal 7 SLP - 2022","og_description":"Se tratar\u00eda del segundo en la Ciudad de M\u00e9xico CDMX.- La Ciudad de M\u00e9xico registr\u00f3 su segundo caso de la viruela s\u00edmica o viruela del mono, de acuerdo con el subsecretario de Salud, de la Ssa de M\u00e9xico, Hugo L\u00f3pez-Gatell Ram\u00edrez, lo confirm\u00f3, suman ya 3 casos confirmados que fueron importados. Hugo L\u00f3pez-Gatell inform\u00f3 a trav\u00e9s de su cuenta oficial de Twitter, que el Instituto de Diagn\u00f3stico y Referencia Epidemiol\u00f3gicos (InDRE), hab\u00eda confirmado el caso de viruela s\u00edmica, aunque el paciente se encuentra estable recibiendo la atenci\u00f3n m\u00e9dica requeridad. \u201cComparto que el InDRE ha confirmado un segundo caso de viruela [&hellip;]","og_url":"https:\/\/canal7slp.tv\/2022\/autoridades-confirman-el-tercer-caso-de-viruela-del-mono-en-el-pais\/","og_site_name":"Canal 7 SLP - 2022","article_publisher":"https:\/\/www.facebook.com\/noticieroscanalsiete","article_published_time":"2022-06-12T19:06:45+00:00","og_image":[{"width":1100,"height":611,"url":"https:\/\/canal7slp.tv\/2022\/wp-content\/uploads\/2022\/06\/05-10.jpg","type":"image\/jpeg"}],"author":"Edici\u00f3n Web","twitter_card":"summary_large_image","twitter_creator":"@NOTICIEROS7","twitter_site":"@NOTICIEROS7","twitter_misc":{"Escrito por":"Edici\u00f3n Web","Tiempo de lectura":"1 minuto"},"schema":{"@context":"https:\/\/schema.org","@graph":[{"@type":"Article","@id":"https:\/\/canal7slp.tv\/2022\/autoridades-confirman-el-tercer-caso-de-viruela-del-mono-en-el-pais\/#article","isPartOf":{"@id":"https:\/\/canal7slp.tv\/2022\/autoridades-confirman-el-tercer-caso-de-viruela-del-mono-en-el-pais\/"},"author":{"name":"Edici\u00f3n Web","@id":"https:\/\/canal7slp.tv\/2022\/#\/schema\/person\/429704152a21f5f856ce29aa69a238da"},"headline":"Autoridades confirman el tercer caso de Viruela del Mono en el pa\u00eds","datePublished":"2022-06-12T19:06:45+00:00","mainEntityOfPage":{"@id":"https:\/\/canal7slp.tv\/2022\/autoridades-confirman-el-tercer-caso-de-viruela-del-mono-en-el-pais\/"},"wordCount":155,"publisher":{"@id":"https:\/\/canal7slp.tv\/2022\/#organization"},"image":{"@id":"https:\/\/canal7slp.tv\/2022\/autoridades-confirman-el-tercer-caso-de-viruela-del-mono-en-el-pais\/#primaryimage"},"thumbnailUrl":"https:\/\/canal7slp.tv\/2022\/wp-content\/uploads\/2022\/06\/05-10.jpg","articleSection":["INTERNACIONALES"],"inLanguage":"es"},{"@type":"WebPage","@id":"https:\/\/canal7slp.tv\/2022\/autoridades-confirman-el-tercer-caso-de-viruela-del-mono-en-el-pais\/","url":"https:\/\/canal7slp.tv\/2022\/autoridades-confirman-el-tercer-caso-de-viruela-del-mono-en-el-pais\/","name":"Autoridades confirman el tercer caso de Viruela del Mono en el pa\u00eds - Canal 7 SLP - 2022","isPartOf":{"@id":"https:\/\/canal7slp.tv\/2022\/#website"},"primaryImageOfPage":{"@id":"https:\/\/canal7slp.tv\/2022\/autoridades-confirman-el-tercer-caso-de-viruela-del-mono-en-el-pais\/#primaryimage"},"image":{"@id":"https:\/\/canal7slp.tv\/2022\/autoridades-confirman-el-tercer-caso-de-viruela-del-mono-en-el-pais\/#primaryimage"},"thumbnailUrl":"https:\/\/canal7slp.tv\/2022\/wp-content\/uploads\/2022\/06\/05-10.jpg","datePublished":"2022-06-12T19:06:45+00:00","breadcrumb":{"@id":"https:\/\/canal7slp.tv\/2022\/autoridades-confirman-el-tercer-caso-de-viruela-del-mono-en-el-pais\/#breadcrumb"},"inLanguage":"es","potentialAction":[{"@type":"ReadAction","target":["https:\/\/canal7slp.tv\/2022\/autoridades-confirman-el-tercer-caso-de-viruela-del-mono-en-el-pais\/"]}]},{"@type":"ImageObject","inLanguage":"es","@id":"https:\/\/canal7slp.tv\/2022\/autoridades-confirman-el-tercer-caso-de-viruela-del-mono-en-el-pais\/#primaryimage","url":"https:\/\/canal7slp.tv\/2022\/wp-content\/uploads\/2022\/06\/05-10.jpg","contentUrl":"https:\/\/canal7slp.tv\/2022\/wp-content\/uploads\/2022\/06\/05-10.jpg","width":1100,"height":611},{"@type":"BreadcrumbList","@id":"https:\/\/canal7slp.tv\/2022\/autoridades-confirman-el-tercer-caso-de-viruela-del-mono-en-el-pais\/#breadcrumb","itemListElement":[{"@type":"ListItem","position":1,"name":"Portada","item":"https:\/\/canal7slp.tv\/2022\/"},{"@type":"ListItem","position":2,"name":"Autoridades confirman el tercer caso de Viruela del Mono en el pa\u00eds"}]},{"@type":"WebSite","@id":"https:\/\/canal7slp.tv\/2022\/#website","url":"https:\/\/canal7slp.tv\/2022\/","name":"N7 - Noticieros Canal 7","description":"Somos Televisi\u00f3n","publisher":{"@id":"https:\/\/canal7slp.tv\/2022\/#organization"},"potentialAction":[{"@type":"SearchAction","target":{"@type":"EntryPoint","urlTemplate":"https:\/\/canal7slp.tv\/2022\/?s={search_term_string}"},"query-input":{"@type":"PropertyValueSpecification","valueRequired":true,"valueName":"search_term_string"}}],"inLanguage":"es"},{"@type":"Organization","@id":"https:\/\/canal7slp.tv\/2022\/#organization","name":"Noticieros Canal 7","url":"https:\/\/canal7slp.tv\/2022\/","logo":{"@type":"ImageObject","inLanguage":"es","@id":"https:\/\/canal7slp.tv\/2022\/#\/schema\/logo\/image\/","url":"https:\/\/canal7slp.tv\/2022\/wp-content\/uploads\/2021\/01\/logo-noticieros@2x.png","contentUrl":"https:\/\/canal7slp.tv\/2022\/wp-content\/uploads\/2021\/01\/logo-noticieros@2x.png","width":1017,"height":268,"caption":"Noticieros Canal 7"},"image":{"@id":"https:\/\/canal7slp.tv\/2022\/#\/schema\/logo\/image\/"},"sameAs":["https:\/\/www.facebook.com\/noticieroscanalsiete","https:\/\/x.com\/NOTICIEROS7","https:\/\/www.instagram.com\/canal7_slp","https:\/\/www.youtube.com\/channel\/UCliiYs-gP3JfJeqdPrNdd5A"]},{"@type":"Person","@id":"https:\/\/canal7slp.tv\/2022\/#\/schema\/person\/429704152a21f5f856ce29aa69a238da","name":"Edici\u00f3n Web","image":{"@type":"ImageObject","inLanguage":"es","@id":"https:\/\/secure.gravatar.com\/avatar\/eee448fc3f7164808013b816ba91ac7e43bbe82a70bebac296f8bc6f0addaa1a?s=96&d=mm&r=g","url":"https:\/\/secure.gravatar.com\/avatar\/eee448fc3f7164808013b816ba91ac7e43bbe82a70bebac296f8bc6f0addaa1a?s=96&d=mm&r=g","contentUrl":"https:\/\/secure.gravatar.com\/avatar\/eee448fc3f7164808013b816ba91ac7e43bbe82a70bebac296f8bc6f0addaa1a?s=96&d=mm&r=g","caption":"Edici\u00f3n Web"},"url":"https:\/\/canal7slp.tv\/2022\/author\/edicionweb\/"}]}},"amp_enabled":true,"_links":{"self":[{"href":"https:\/\/canal7slp.tv\/2022\/wp-json\/wp\/v2\/posts\/63334","targetHints":{"allow":["GET"]}}],"collection":[{"href":"https:\/\/canal7slp.tv\/2022\/wp-json\/wp\/v2\/posts"}],"about":[{"href":"https:\/\/canal7slp.tv\/2022\/wp-json\/wp\/v2\/types\/post"}],"author":[{"embeddable":true,"href":"https:\/\/canal7slp.tv\/2022\/wp-json\/wp\/v2\/users\/2"}],"replies":[{"embeddable":true,"href":"https:\/\/canal7slp.tv\/2022\/wp-json\/wp\/v2\/comments?post=63334"}],"version-history":[{"count":2,"href":"https:\/\/canal7slp.tv\/2022\/wp-json\/wp\/v2\/posts\/63334\/revisions"}],"predecessor-version":[{"id":63353,"href":"https:\/\/canal7slp.tv\/2022\/wp-json\/wp\/v2\/posts\/63334\/revisions\/63353"}],"wp:featuredmedia":[{"embeddable":true,"href":"https:\/\/canal7slp.tv\/2022\/wp-json\/wp\/v2\/media\/63346"}],"wp:attachment":[{"href":"https:\/\/canal7slp.tv\/2022\/wp-json\/wp\/v2\/media?parent=63334"}],"wp:term":[{"taxonomy":"category","embeddable":true,"href":"https:\/\/canal7slp.tv\/2022\/wp-json\/wp\/v2\/categories?post=63334"},{"taxonomy":"post_tag","embeddable":true,"href":"https:\/\/canal7slp.tv\/2022\/wp-json\/wp\/v2\/tags?post=63334"}],"curies":[{"name":"wp","href":"https:\/\/api.w.org\/{rel}","templated":true}]}}